{"id":2672,"global_id":"www.locansol.fr\/ca?id=2672","global_id_lineage":["www.locansol.fr\/ca?id=2672"],"author":"5","status":"publish","date":"2026-02-13 01:53:25","date_utc":"2026-02-13 00:53:25","modified":"2026-02-13 01:53:25","modified_utc":"2026-02-13 00:53:25","url":"https:\/\/www.locansol.fr\/ca\/evenement\/lassociation-fondation-antonio-machado-sinvite-a-loffice-de-tourisme\/","rest_url":"https:\/\/www.locansol.fr\/ca\/wp-json\/tribe\/events\/v1\/events\/2672","title":"L&rsquo;ASSOCIATION FONDATION ANTONIO MACHADO S&rsquo;INVITE \u00c0 L&rsquo;OFFICE DE TOURISME","description":"<p>Le jeudi 12 f\u00e9vrier 2026, de 16h \u00e0 17h30, l&rsquo;Office de tourisme de Collioure accueille une conf\u00e9rence organis\u00e9e par l&rsquo;Association Fondation Antonio Machado. L&rsquo;\u00e9v\u00e9nement, ouvert \u00e0 tous, propose une r\u00e9flexion sur la figure d&rsquo;Antonio Machado, po\u00e8te espagnol de la g\u00e9n\u00e9ration du 98, mort \u00e0 Collioure le 22 f\u00e9vrier 1939. La conf\u00e9rence, intitul\u00e9e \u00ab Antonio Machado, po\u00e9sie, guerre et exil \u00bb, est anim\u00e9e par Mercedes Cuesta et Jo\u00eblle Santa-Garcia, membres actifs de la Fondation. Elle retrace le parcours du po\u00e8te, marqu\u00e9 par une double dimension litt\u00e9raire et politique, boulevers\u00e9e par la guerre civile espagnole. Des extraits de ses po\u00e8mes seront lus lors de cette pr\u00e9sentation, offrant une approche sensible et \u00e9clairante de son \u0153uvre. Cette rencontre s&rsquo;inscrit dans une d\u00e9marche de diffusion du patrimoine culturel et humain de Machado, dont la m\u00e9moire est perp\u00e9tu\u00e9e depuis 1977 par la Fondation. Elle sera suivie d&rsquo;une visite de l&rsquo;espace Machado, install\u00e9 \u00e0 la m\u00e9diath\u00e8que de la ville. Ce lieu, situ\u00e9 rue Jules Michelet, rassemble des archives, des objets d\u00e9pos\u00e9s \u00e0 la m\u00e9moire du po\u00e8te et des expositions sur ses derniers jours \u00e0 Collioure. L&rsquo;\u00e9v\u00e9nement, gratuit, permet de d\u00e9couvrir un patrimoine litt\u00e9raire et historique de grande valeur, \u00e0 la crois\u00e9e de la France et de l\u2019Espagne. Il s\u2019adresse \u00e0 un public curieux de la litt\u00e9rature, de l\u2019histoire du XXe si\u00e8cle et de la m\u00e9moire des exil\u00e9s.<\/p>\n<p><\/p>\n<h3>R\u00e9servez votre h\u00e9bergement dans les Pyr\u00e9n\u00e9es-Orientales :<\/h3>\n<p><b>Mobil-home Locansol \u00e0 Argel\u00e8s-sur-Mer<\/b><br \/>\nTrajet le plus court : 8 km<br \/>\nTrajet le plus rapide : 14 min<\/p>\n<p><b>Chalet Locansol \u00e0 Estavar<\/b><br \/>\nTrajet le plus court : 125 km<br \/>\nTrajet le plus rapide : 1 h 56 min<\/p>","excerpt":"","slug":"lassociation-fondation-antonio-machado-sinvite-a-loffice-de-tourisme","image":{"url":"https:\/\/www.locansol.fr\/wp-content\/uploads\/2026\/02\/conference-poet-collioure-evenement.webp","id":2669,"extension":"webp","width":1920,"height":1357,"filesize":85912,"sizes":{"medium":{"width":300,"height":212,"mime-type":"image\/webp","filesize":11230,"url":"https:\/\/www.locansol.fr\/wp-content\/uploads\/2026\/02\/conference-poet-collioure-evenement-300x212.webp"},"large":{"width":1024,"height":724,"mime-type":"image\/webp","filesize":53232,"url":"https:\/\/www.locansol.fr\/wp-content\/uploads\/2026\/02\/conference-poet-collioure-evenement-1024x724.webp"},"thumbnail":{"width":150,"height":150,"mime-type":"image\/webp","filesize":5270,"url":"https:\/\/www.locansol.fr\/wp-content\/uploads\/2026\/02\/conference-poet-collioure-evenement-150x150.webp"},"medium_large":{"width":768,"height":543,"mime-type":"image\/webp","filesize":37978,"url":"https:\/\/www.locansol.fr\/wp-content\/uploads\/2026\/02\/conference-poet-collioure-evenement-768x543.webp"},"1536x1536":{"width":1536,"height":1086,"mime-type":"image\/webp","filesize":85446,"url":"https:\/\/www.locansol.fr\/wp-content\/uploads\/2026\/02\/conference-poet-collioure-evenement-1536x1086.webp"},"trp-custom-language-flag":{"width":18,"height":12,"mime-type":"image\/webp","filesize":262,"url":"https:\/\/www.locansol.fr\/wp-content\/uploads\/2026\/02\/conference-poet-collioure-evenement-18x12.webp"}}},"all_day":true,"start_date":"2026-02-12 00:00:00","start_date_details":{"year":"2026","month":"02","day":"12","hour":"00","minutes":"00","seconds":"00"},"end_date":"2026-02-12 23:59:59","end_date_details":{"year":"2026","month":"02","day":"12","hour":"23","minutes":"59","seconds":"59"},"utc_start_date":"2026-02-11 23:00:00","utc_start_date_details":{"year":"2026","month":"02","day":"11","hour":"23","minutes":"00","seconds":"00"},"utc_end_date":"2026-02-12 22:59:59","utc_end_date_details":{"year":"2026","month":"02","day":"12","hour":"22","minutes":"59","seconds":"59"},"timezone":"Europe\/Paris","timezone_abbr":"CET","cost":"","cost_details":{"currency_symbol":"","currency_code":"","currency_position":"","values":[]},"website":"https:\/\/www.locansol.fr\/ca\/evenement\/lassociation-fondation-antonio-machado-sinvite-a-loffice-de-tourisme\/","show_map":false,"show_map_link":false,"hide_from_listings":false,"sticky":false,"featured":false,"categories":[{"name":"D\u00e9bat \/ Conf\u00e9rence","slug":"debat-conference","term_group":0,"term_taxonomy_id":87,"taxonomy":"tribe_events_cat","description":"","parent":0,"count":110,"filter":"raw","id":87,"urls":{"self":"https:\/\/www.locansol.fr\/ca\/wp-json\/tribe\/events\/v1\/categories\/87","collection":"https:\/\/www.locansol.fr\/ca\/wp-json\/tribe\/events\/v1\/categories"}}],"tags":[{"name":"Pyr\u00e9n\u00e9es-Orientales","slug":"pyrenees-orientales","term_group":0,"term_taxonomy_id":76,"taxonomy":"post_tag","description":"","parent":0,"count":1417,"filter":"raw","id":76,"urls":{"self":"https:\/\/www.locansol.fr\/ca\/wp-json\/tribe\/events\/v1\/tags\/76","collection":"https:\/\/www.locansol.fr\/ca\/wp-json\/tribe\/events\/v1\/tags"}}],"venue":[],"organizer":[],"custom_fields":[],"json_ld":{"@context":"http:\/\/schema.org","@type":"Event","name":"L&rsquo;ASSOCIATION FONDATION ANTONIO MACHADO S&rsquo;INVITE \u00c0 L&rsquo;OFFICE DE TOURISME","description":"&lt;p&gt;Le jeudi 12 f\u00e9vrier 2026, de 16h \u00e0 17h30, l\\'Office de tourisme de Collioure accueille une conf\u00e9rence organis\u00e9e par l\\'Association Fondation Antonio Machado. L\\'\u00e9v\u00e9nement, ouvert \u00e0 tous, propose une r\u00e9flexion [&hellip;]&lt;\/p&gt;\\n","image":"https:\/\/www.locansol.fr\/wp-content\/uploads\/2026\/02\/conference-poet-collioure-evenement.webp","url":"https:\/\/www.locansol.fr\/ca\/evenement\/lassociation-fondation-antonio-machado-sinvite-a-loffice-de-tourisme\/","eventAttendanceMode":"https:\/\/schema.org\/OfflineEventAttendanceMode","eventStatus":"https:\/\/schema.org\/EventScheduled","startDate":"2026-02-12T00:00:00+01:00","endDate":"2026-02-12T23:59:59+01:00","performer":"Organization"},"is_virtual":false,"virtual_url":null,"virtual_video_source":""}