{"id":2739,"global_id":"www.locansol.fr\/ca?id=2739","global_id_lineage":["www.locansol.fr\/ca?id=2739"],"author":"5","status":"publish","date":"2026-02-13 01:53:28","date_utc":"2026-02-13 00:53:28","modified":"2026-02-13 01:53:28","modified_utc":"2026-02-13 00:53:28","url":"https:\/\/www.locansol.fr\/ca\/evenement\/reverie-dartistes\/","rest_url":"https:\/\/www.locansol.fr\/ca\/wp-json\/tribe\/events\/v1\/events\/2739","title":"R\u00caVERIE D\u2019ARTISTES","description":"<p>L&rsquo;exposition \u00ab R\u00eaverie d&rsquo;artistes \u00bb se tiendra du 4 au 14 f\u00e9vrier 2026 au Mus\u00e9e du Mas Carbasse, situ\u00e9 \u00e0 Saint-Est\u00e8ve (Pyr\u00e9n\u00e9es-Orientales). Organis\u00e9e par Fabrice Guiu, cette manifestation culturelle met en lumi\u00e8re les \u0153uvres de deux associations locales \u00e0 la forte ancrage artistique : le GPAR, Groupement Po\u00e9tique et Artistique du Roussillon, regroupant des peintres, sculpteurs et photographes, et le Photo Club Catalan, association affili\u00e9e \u00e0 la F\u00e9d\u00e9ration Photographique de France. Cette ann\u00e9e marque une \u00e9tape marquante pour le Photo Club Catalan, qui c\u00e9l\u00e8bre son 70e anniversaire. L&rsquo;exposition, enti\u00e8rement gratuite, propose une s\u00e9lection d&rsquo;\u0153uvres issues de ces deux collectifs, refl\u00e9tant une diversit\u00e9 de styles et de techniques \u2014 peintures, dessins, photographies, sculptures \u2014 et s&rsquo;inscrit dans une d\u00e9marche de valorisation du patrimoine artistique local. Le mus\u00e9e du Mas Carbasse, ancien mas en cayrou r\u00e9nov\u00e9 par la ville, accueille r\u00e9guli\u00e8rement des expositions de groupe, offrant un cadre chaleureux et intimiste pour les artistes et les visiteurs. L&rsquo;ouverture est pr\u00e9vue tous les jours de 15 h \u00e0 18 h 30. Le vernissage aura lieu le vendredi 6 f\u00e9vrier \u00e0 18 h 30, moment privil\u00e9gi\u00e9 pour d\u00e9couvrir les \u0153uvres dans un cadre convivial et festif.<\/p>\n<p><\/p>\n<h3>R\u00e9servez votre h\u00e9bergement dans les Pyr\u00e9n\u00e9es-Orientales :<\/h3>\n<p><b>Mobil-home Locansol \u00e0 Argel\u00e8s-sur-Mer<\/b><br \/>Trajet le plus court : 61 km<br \/>Trajet le plus rapide : 1 h 0 min<\/p>\n<p><b>Chalet Locansol \u00e0 Estavar<\/b><br \/>Trajet le plus court : 65 km<br \/>Trajet le plus rapide : 1 h 14 min<\/p>","excerpt":"","slug":"reverie-dartistes","image":{"url":"https:\/\/www.locansol.fr\/wp-content\/uploads\/2026\/02\/exposition-art-local-reverie.webp","id":2735,"extension":"webp","width":581,"height":402,"filesize":6146,"sizes":{"medium":{"width":300,"height":208,"mime-type":"image\/webp","filesize":3532,"url":"https:\/\/www.locansol.fr\/wp-content\/uploads\/2026\/02\/exposition-art-local-reverie-300x208.webp"},"thumbnail":{"width":150,"height":150,"mime-type":"image\/webp","filesize":1728,"url":"https:\/\/www.locansol.fr\/wp-content\/uploads\/2026\/02\/exposition-art-local-reverie-150x150.webp"},"trp-custom-language-flag":{"width":18,"height":12,"mime-type":"image\/webp","filesize":160,"url":"https:\/\/www.locansol.fr\/wp-content\/uploads\/2026\/02\/exposition-art-local-reverie-18x12.webp"}}},"all_day":true,"start_date":"2026-02-04 00:00:00","start_date_details":{"year":"2026","month":"02","day":"04","hour":"00","minutes":"00","seconds":"00"},"end_date":"2026-02-14 23:59:59","end_date_details":{"year":"2026","month":"02","day":"14","hour":"23","minutes":"59","seconds":"59"},"utc_start_date":"2026-02-03 23:00:00","utc_start_date_details":{"year":"2026","month":"02","day":"03","hour":"23","minutes":"00","seconds":"00"},"utc_end_date":"2026-02-14 22:59:59","utc_end_date_details":{"year":"2026","month":"02","day":"14","hour":"22","minutes":"59","seconds":"59"},"timezone":"Europe\/Paris","timezone_abbr":"CET","cost":"","cost_details":{"currency_symbol":"","currency_code":"","currency_position":"","values":[]},"website":"https:\/\/www.locansol.fr\/ca\/evenement\/reverie-dartistes\/","show_map":false,"show_map_link":false,"hide_from_listings":false,"sticky":false,"featured":false,"categories":[{"name":"\u00c9v\u00e8nement Culturel","slug":"evenement-culturel","term_group":0,"term_taxonomy_id":138,"taxonomy":"tribe_events_cat","description":"","parent":0,"count":487,"filter":"raw","id":138,"urls":{"self":"https:\/\/www.locansol.fr\/ca\/wp-json\/tribe\/events\/v1\/categories\/138","collection":"https:\/\/www.locansol.fr\/ca\/wp-json\/tribe\/events\/v1\/categories"}},{"name":"Exposition","slug":"exposition","term_group":0,"term_taxonomy_id":90,"taxonomy":"tribe_events_cat","description":"","parent":0,"count":166,"filter":"raw","id":90,"urls":{"self":"https:\/\/www.locansol.fr\/ca\/wp-json\/tribe\/events\/v1\/categories\/90","collection":"https:\/\/www.locansol.fr\/ca\/wp-json\/tribe\/events\/v1\/categories"}}],"tags":[{"name":"\u00c9v\u00e8nement culturel","slug":"evenement-culturel","term_group":0,"term_taxonomy_id":66,"taxonomy":"post_tag","description":"","parent":0,"count":1027,"filter":"raw","id":66,"urls":{"self":"https:\/\/www.locansol.fr\/ca\/wp-json\/tribe\/events\/v1\/tags\/66","collection":"https:\/\/www.locansol.fr\/ca\/wp-json\/tribe\/events\/v1\/tags"}},{"name":"Pyr\u00e9n\u00e9es-Orientales","slug":"pyrenees-orientales","term_group":0,"term_taxonomy_id":76,"taxonomy":"post_tag","description":"","parent":0,"count":1398,"filter":"raw","id":76,"urls":{"self":"https:\/\/www.locansol.fr\/ca\/wp-json\/tribe\/events\/v1\/tags\/76","collection":"https:\/\/www.locansol.fr\/ca\/wp-json\/tribe\/events\/v1\/tags"}}],"venue":{"id":2738,"author":"5","status":"publish","date":"2026-02-13 01:42:31","date_utc":"2026-02-13 00:42:31","modified":"2026-02-13 01:42:31","modified_utc":"2026-02-13 00:42:31","url":"https:\/\/www.locansol.fr\/ca\/recinte\/rue-mas-carbasse-saint-esteve\/","venue":"Rue Mas Carbasse, Saint-Est\u00e8ve","slug":"rue-mas-carbasse-saint-esteve","address":"Rue Mas Carbasse","city":"Pyr\u00e9n\u00e9es-Orientales","country":"France","json_ld":{"@type":"Place","name":"Rue Mas Carbasse, Saint-Est\u00e8ve","description":"","url":"https:\/\/www.locansol.fr\/ca\/recinte\/rue-mas-carbasse-saint-esteve\/","address":{"@type":"PostalAddress","streetAddress":"Rue Mas Carbasse","addressLocality":"Pyr\u00e9n\u00e9es-Orientales","addressCountry":"France"},"telephone":"","sameAs":""},"show_map":true,"show_map_link":true,"global_id":"www.locansol.fr\/ca?id=2738","global_id_lineage":["www.locansol.fr\/ca?id=2738"]},"organizer":[],"custom_fields":[],"json_ld":{"@context":"http:\/\/schema.org","@type":"Event","name":"R\u00caVERIE D\u2019ARTISTES","description":"&lt;p&gt;L\\'exposition \u00ab R\u00eaverie d\\'artistes \u00bb se tiendra du 4 au 14 f\u00e9vrier 2026 au Mus\u00e9e du Mas Carbasse, situ\u00e9 \u00e0 Saint-Est\u00e8ve (Pyr\u00e9n\u00e9es-Orientales). Organis\u00e9e par Fabrice Guiu, cette manifestation culturelle met [&hellip;]&lt;\/p&gt;\\n","image":"https:\/\/www.locansol.fr\/wp-content\/uploads\/2026\/02\/exposition-art-local-reverie.webp","url":"https:\/\/www.locansol.fr\/ca\/evenement\/reverie-dartistes\/","eventAttendanceMode":"https:\/\/schema.org\/OfflineEventAttendanceMode","eventStatus":"https:\/\/schema.org\/EventScheduled","startDate":"2026-02-04T00:00:00+01:00","endDate":"2026-02-14T23:59:59+01:00","location":{"@type":"Place","name":"Rue Mas Carbasse, Saint-Est\u00e8ve","description":"","url":"https:\/\/www.locansol.fr\/ca\/recinte\/rue-mas-carbasse-saint-esteve\/","address":{"@type":"PostalAddress","streetAddress":"Rue Mas Carbasse","addressLocality":"Pyr\u00e9n\u00e9es-Orientales","addressCountry":"France"},"telephone":"","sameAs":""},"performer":"Organization"},"is_virtual":false,"virtual_url":null,"virtual_video_source":""}