{"id":4221,"global_id":"www.locansol.fr\/ca?id=4221","global_id_lineage":["www.locansol.fr\/ca?id=4221"],"author":"5","status":"publish","date":"2026-02-27 16:07:27","date_utc":"2026-02-27 15:07:27","modified":"2026-02-27 16:07:30","modified_utc":"2026-02-27 15:07:30","url":"https:\/\/www.locansol.fr\/ca\/evenement\/action-et-verite\/","rest_url":"https:\/\/www.locansol.fr\/ca\/wp-json\/tribe\/events\/v1\/events\/4221","title":"ACTION ET V\u00c9RIT\u00c9","description":"<p>Du 26 f\u00e9vrier au 8 mars 2026, La Bo\u00eete \u00e0 Rire de Perpignan accueille \u00ab Action et V\u00e9rit\u00e9 \u00bb, une com\u00e9die de boulevard sign\u00e9e Stephan Dauphin. Les repr\u00e9sentations ont lieu du jeudi au samedi \u00e0 21h00 et le dimanche \u00e0 17h30. La pi\u00e8ce met en sc\u00e8ne Maxime, jeune homme sur le point de se marier, qui se r\u00e9veille avec une gueule de bois monumentale apr\u00e8s une soir\u00e9e d\u2019enterrement de vie de gar\u00e7on organis\u00e9e par son meilleur ami. La nuit a \u00e9t\u00e9 torride, mais pas avec sa future \u00e9pouse. Maxime doit alors d\u00e9m\u00ealer les \u00e9v\u00e9nements de la veille, entour\u00e9 d\u2019un secr\u00e9taire d\u2019\u00c9tat, d\u2019une drag queen, de sa future femme et de sa copine acari\u00e2tre. La v\u00e9rit\u00e9 risque de surprendre Maxime et de d\u00e9plaire fortement \u00e0 son p\u00e8re, ministre d\u00e9l\u00e9gu\u00e9 \u00e0 la famille. La pi\u00e8ce promet 1h15 de quiproquos et de situations rocambolesques, dans une ambiance rythm\u00e9e et pleine de rebondissements. Tarif : 16,00 \u20ac. \u00ab Action et V\u00e9rit\u00e9 \u00bb est une invitation \u00e0 rire et \u00e0 s\u2019\u00e9vader dans un tourbillon de mensonges et de r\u00e9v\u00e9lations. Les spectateurs appr\u00e9cieront l\u2019humour, le dynamisme des acteurs et les dialogues percutants. C\u2019est une sortie id\u00e9ale pour ceux qui aiment les com\u00e9dies de boulevard et les intrigues bien ficel\u00e9es.<\/p>\n<p><\/p>\n<h3>R\u00e9servez votre h\u00e9bergement dans les Pyr\u00e9n\u00e9es-Orientales :<\/h3>\n<p><b><a href='https:\/\/www.locansol.fr\/location-mobilhome-mediterranee\/'>Mobil-home Locansol \u00e0 Argel\u00e8s-sur-Mer<\/a><\/b><br \/>Trajet le plus court : 26 km<br \/>Trajet le plus rapide : 31 min<\/p>\n<p><b><a href='https:\/\/www.locansol.fr\/location-chalet-cerdagne\/'>Chalet Locansol \u00e0 Estavar<\/a><\/b><br \/>Trajet le plus court : 104 km<br \/>Trajet le plus rapide : 1 h 40 min<\/p>","excerpt":"","slug":"action-et-verite","image":{"url":"https:\/\/www.locansol.fr\/wp-content\/uploads\/2026\/02\/vacances-hiver-tautavel-prehistoire-5.webp","id":4217,"extension":"webp","width":600,"height":451,"filesize":37284,"sizes":{"medium":{"width":300,"height":226,"mime-type":"image\/webp","filesize":19272,"url":"https:\/\/www.locansol.fr\/wp-content\/uploads\/2026\/02\/vacances-hiver-tautavel-prehistoire-5-300x226.webp"},"thumbnail":{"width":150,"height":150,"mime-type":"image\/webp","filesize":8708,"url":"https:\/\/www.locansol.fr\/wp-content\/uploads\/2026\/02\/vacances-hiver-tautavel-prehistoire-5-150x150.webp"},"trp-custom-language-flag":{"width":16,"height":12,"mime-type":"image\/webp","filesize":226,"url":"https:\/\/www.locansol.fr\/wp-content\/uploads\/2026\/02\/vacances-hiver-tautavel-prehistoire-5-16x12.webp"}}},"all_day":true,"start_date":"2026-02-21 00:00:00","start_date_details":{"year":"2026","month":"02","day":"21","hour":"00","minutes":"00","seconds":"00"},"end_date":"2026-03-06 23:59:59","end_date_details":{"year":"2026","month":"03","day":"06","hour":"23","minutes":"59","seconds":"59"},"utc_start_date":"2026-02-20 23:00:00","utc_start_date_details":{"year":"2026","month":"02","day":"20","hour":"23","minutes":"00","seconds":"00"},"utc_end_date":"2026-03-06 22:59:59","utc_end_date_details":{"year":"2026","month":"03","day":"06","hour":"22","minutes":"59","seconds":"59"},"timezone":"Europe\/Paris","timezone_abbr":"CET","cost":"16\u20ac","cost_details":{"currency_symbol":"","currency_code":"","currency_position":"","values":["16"]},"website":"https:\/\/www.locansol.fr\/ca\/evenement\/action-et-verite\/","show_map":true,"show_map_link":false,"hide_from_listings":false,"sticky":false,"featured":false,"categories":[{"name":"\u00c9v\u00e8nement Culturel","slug":"evenement-culturel","term_group":0,"term_taxonomy_id":138,"taxonomy":"tribe_events_cat","description":"","parent":0,"count":672,"filter":"raw","id":138,"urls":{"self":"https:\/\/www.locansol.fr\/ca\/wp-json\/tribe\/events\/v1\/categories\/138","collection":"https:\/\/www.locansol.fr\/ca\/wp-json\/tribe\/events\/v1\/categories"}},{"name":"Loisirs","slug":"loisirs","term_group":0,"term_taxonomy_id":139,"taxonomy":"tribe_events_cat","description":"","parent":0,"count":225,"filter":"raw","id":139,"urls":{"self":"https:\/\/www.locansol.fr\/ca\/wp-json\/tribe\/events\/v1\/categories\/139","collection":"https:\/\/www.locansol.fr\/ca\/wp-json\/tribe\/events\/v1\/categories"}},{"name":"Pyr\u00e9n\u00e9es-Orientales","slug":"pyrenees-orientales","term_group":0,"term_taxonomy_id":169,"taxonomy":"tribe_events_cat","description":"","parent":0,"count":797,"filter":"raw","id":169,"urls":{"self":"https:\/\/www.locansol.fr\/ca\/wp-json\/tribe\/events\/v1\/categories\/169","collection":"https:\/\/www.locansol.fr\/ca\/wp-json\/tribe\/events\/v1\/categories"}},{"name":"Spectacle","slug":"spectacle","term_group":0,"term_taxonomy_id":102,"taxonomy":"tribe_events_cat","description":"","parent":0,"count":80,"filter":"raw","id":102,"urls":{"self":"https:\/\/www.locansol.fr\/ca\/wp-json\/tribe\/events\/v1\/categories\/102","collection":"https:\/\/www.locansol.fr\/ca\/wp-json\/tribe\/events\/v1\/categories"}},{"name":"Th\u00e9\u00e2tre","slug":"theatre","term_group":0,"term_taxonomy_id":103,"taxonomy":"tribe_events_cat","description":"","parent":0,"count":63,"filter":"raw","id":103,"urls":{"self":"https:\/\/www.locansol.fr\/ca\/wp-json\/tribe\/events\/v1\/categories\/103","collection":"https:\/\/www.locansol.fr\/ca\/wp-json\/tribe\/events\/v1\/categories"}}],"tags":[{"name":"\u00c9v\u00e8nement culturel","slug":"evenement-culturel","term_group":0,"term_taxonomy_id":66,"taxonomy":"post_tag","description":"","parent":0,"count":1420,"filter":"raw","id":66,"urls":{"self":"https:\/\/www.locansol.fr\/ca\/wp-json\/tribe\/events\/v1\/tags\/66","collection":"https:\/\/www.locansol.fr\/ca\/wp-json\/tribe\/events\/v1\/tags"}},{"name":"Loisirs","slug":"loisirs","term_group":0,"term_taxonomy_id":67,"taxonomy":"post_tag","description":"","parent":0,"count":469,"filter":"raw","id":67,"urls":{"self":"https:\/\/www.locansol.fr\/ca\/wp-json\/tribe\/events\/v1\/tags\/67","collection":"https:\/\/www.locansol.fr\/ca\/wp-json\/tribe\/events\/v1\/tags"}},{"name":"Pyr\u00e9n\u00e9es-Orientales","slug":"pyrenees-orientales","term_group":0,"term_taxonomy_id":76,"taxonomy":"post_tag","description":"","parent":0,"count":1840,"filter":"raw","id":76,"urls":{"self":"https:\/\/www.locansol.fr\/ca\/wp-json\/tribe\/events\/v1\/tags\/76","collection":"https:\/\/www.locansol.fr\/ca\/wp-json\/tribe\/events\/v1\/tags"}}],"venue":{"id":4220,"author":"5","status":"publish","date":"2026-02-27 16:07:25","date_utc":"2026-02-27 15:07:25","modified":"2026-02-27 16:07:25","modified_utc":"2026-02-27 15:07:25","url":"https:\/\/www.locansol.fr\/ca\/recinte\/la-boite-a-rire-113-avenue-du-palais-des-expositions-perpignan\/","venue":"La Bo\u00eete \u00e0 Rire, 113 Avenue du Palais des Expositions, Perpignan","slug":"la-boite-a-rire-113-avenue-du-palais-des-expositions-perpignan","address":"La Bo\u00eete \u00e0 Rire, 113 Avenue du Palais des Expositions","country":"France","zip":"66410","json_ld":{"@type":"Place","name":"La Bo\u00eete \u00e0 Rire, 113 Avenue du Palais des Expositions, Perpignan","description":"","url":"https:\/\/www.locansol.fr\/ca\/recinte\/la-boite-a-rire-113-avenue-du-palais-des-expositions-perpignan\/","address":{"@type":"PostalAddress","streetAddress":"La Bo\u00eete \u00e0 Rire, 113 Avenue du Palais des Expositions","postalCode":"66410","addressCountry":"France"},"telephone":"","sameAs":""},"show_map":true,"show_map_link":true,"global_id":"www.locansol.fr\/ca?id=4220","global_id_lineage":["www.locansol.fr\/ca?id=4220"]},"organizer":[],"custom_fields":[],"json_ld":{"@context":"http:\/\/schema.org","@type":"Event","name":"ACTION ET V\u00c9RIT\u00c9","description":"&lt;p&gt;Du 26 f\u00e9vrier au 8 mars 2026, La Bo\u00eete \u00e0 Rire de Perpignan accueille \u00ab Action et V\u00e9rit\u00e9 \u00bb, une com\u00e9die de boulevard sign\u00e9e Stephan Dauphin. Les repr\u00e9sentations ont lieu [&hellip;]&lt;\/p&gt;\\n","image":"https:\/\/www.locansol.fr\/wp-content\/uploads\/2026\/02\/vacances-hiver-tautavel-prehistoire-5.webp","url":"https:\/\/www.locansol.fr\/ca\/evenement\/action-et-verite\/","eventAttendanceMode":"https:\/\/schema.org\/OfflineEventAttendanceMode","eventStatus":"https:\/\/schema.org\/EventScheduled","startDate":"2026-02-21T00:00:00+01:00","endDate":"2026-03-06T23:59:59+01:00","location":{"@type":"Place","name":"La Bo\u00eete \u00e0 Rire, 113 Avenue du Palais des Expositions, Perpignan","description":"","url":"https:\/\/www.locansol.fr\/ca\/recinte\/la-boite-a-rire-113-avenue-du-palais-des-expositions-perpignan\/","address":{"@type":"PostalAddress","streetAddress":"La Bo\u00eete \u00e0 Rire, 113 Avenue du Palais des Expositions","postalCode":"66410","addressCountry":"France"},"telephone":"","sameAs":""},"offers":{"@type":"Offer","price":"16","priceCurrency":"EUR","url":"https:\/\/www.locansol.fr\/ca\/evenement\/action-et-verite\/","category":"primary","availability":"inStock","validFrom":"1970-01-01T00:00:00+00:00"},"performer":"Organization"},"is_virtual":false,"virtual_url":null,"virtual_video_source":""}