{"id":6351,"global_id":"www.locansol.fr\/ca?id=6351","global_id_lineage":["www.locansol.fr\/ca?id=6351"],"author":"5","status":"publish","date":"2026-04-22 02:12:47","date_utc":"2026-04-22 00:12:47","modified":"2026-04-22 02:12:50","modified_utc":"2026-04-22 00:12:50","url":"https:\/\/www.locansol.fr\/ca\/evenement\/la-redecouverte-dun-chef-doeuvre-monumental-les-volets-du-grand-orgue-de-la-cathedrale-de-perpignan-18\/","rest_url":"https:\/\/www.locansol.fr\/ca\/wp-json\/tribe\/events\/v1\/events\/6351","title":"\u00ab LA RED\u00c9COUVERTE D\u2019UN CHEF D\u2019\u0152UVRE MONUMENTAL \u00bb : LES VOLETS DU GRAND ORGUE DE LA CATH\u00c9DRALE DE PERPIGNAN","description":"<p>L&rsquo;exposition intitul\u00e9e \u00ab La red\u00e9couverte d&rsquo;un chef-d&rsquo;\u0153uvre monumental \u00bb se d\u00e9roulera du 24 mars au 31 mai 2026 au mus\u00e9e Hyacinthe Rigaud de Perpignan, situ\u00e9 au 21 Rue Mailly. Cette exposition mettra en lumi\u00e8re les volets du grand orgue de la cath\u00e9drale Saint-Jean-Baptiste de Perpignan, peints en 1504. Ces volets, qui mesurent 12,6 m\u00e8tres de haut sur 4,3 m\u00e8tres de large, sont parmi les ensembles picturaux les plus spectaculaires de ce type en Europe. Ils sont exceptionnels par leur qualit\u00e9 artistique, leur fonction liturgique originelle, leur anciennet\u00e9 et leurs dimensions monumentales.<\/p>\n<p>L&rsquo;exposition pr\u00e9sentera les r\u00e9sultats d&rsquo;un vaste chantier de restauration entrepris en 2022 sous l&rsquo;\u00e9gide des services de l&rsquo;\u00c9tat. Cette op\u00e9ration, \u00e0 la fois technique, patrimoniale et scientifique, a permis de mieux comprendre la mise en \u0153uvre et l&rsquo;histoire mat\u00e9rielle de ces peintures g\u00e9antes. Initialement fix\u00e9s sur le buffet de l&rsquo;orgue, les volets se d\u00e9ployaient selon le rythme du calendrier liturgique, orchestrant un dialogue entre musique, architecture et image sacr\u00e9e. Peints \u00e0 la d\u00e9trempe sur toile, les panneaux pr\u00e9sentent une riche polychromie sur leur face principale et une grisaille soign\u00e9e sur leur revers, renfor\u00e7ant ainsi leur valeur spirituelle et artistique.<\/p>\n<p>Les volets du grand orgue de la cath\u00e9drale Saint-Jean-Baptiste de Perpignan comptent parmi les ensembles picturaux les plus spectaculaires de ce type en Europe. Par leur qualit\u00e9 artistique, leur fonction liturgique originelle, leur anciennet\u00e9 et leurs dimensions monumentales, ces \u0153uvres sont exceptionnelles \u00e0 plus d\u2019un titre. Initialement fix\u00e9s sur le buffet de l\u2019orgue, les volets se d\u00e9ployaient selon le rythme du calendrier liturgique, orchestrant un dialogue entre musique, architecture et image sacr\u00e9e. Peints \u00e0 la d\u00e9trempe sur toile, les panneaux pr\u00e9sentent, sur leur face principale, une riche polychromie, et sur leur revers une grisaille de facture soign\u00e9e. Ce double dispositif visuel renforce leur valeur spirituelle autant qu\u2019artistique. Au XIXe si\u00e8cle, les volets sont d\u00e9mont\u00e9s, d\u00e9plac\u00e9s, puis fix\u00e9s aux murs de la cath\u00e9drale, au-dessus de la porte dite \u00ab de Bethl\u00e9em \u00bb, o\u00f9 leur lecture devient difficile, et leur importance, peu \u00e0 peu, oubli\u00e9e.<\/p>\n<p>L&rsquo;exposition sera l&rsquo;occasion de d\u00e9couvrir ou red\u00e9couvrir ces \u0153uvres majeures du patrimoine r\u00e9gional et europ\u00e9en. Les visiteurs pourront admirer la technique de restauration et la qualit\u00e9 artistique des volets, tout en appr\u00e9ciant leur importance historique et culturelle. Le tarif d&rsquo;entr\u00e9e est de 8,00 \u20ac.<\/p>\n<p>R\u00e9f\u00e9rences :<\/p>\n<p>Les volets du grand orgue de la cath\u00e9drale Saint-Jean-Baptiste de Perpignan expos\u00e9s au mus\u00e9e Hyacinthe Rigaud | Minist\u00e8re de la Culture<br \/>Patrimoine des P.O. : les volets d&rsquo;orgue de la cath\u00e9drale de Perpignan<br \/>Les volets du grand orgue de la cath\u00e9drale de Perpignan s&rsquo;exposent<br \/>\u00ab Un travail de restauration magnifique \u00bb : plus de quatre ans apr\u00e8s, les volets du grand orgue de la cath\u00e9drale de Perpignan retrouveront bient\u00f4t leur \u00e9crin &#8211; lindependant.fr<\/p>\n<p><\/p>\n<h3>R\u00e9servez votre h\u00e9bergement dans les Pyr\u00e9n\u00e9es-Orientales :<\/h3>\n<p><b><a href='https:\/\/www.locansol.fr\/location-mobilhome-mediterranee\/'>Mobil-home Locansol \u00e0 Argel\u00e8s-sur-Mer<\/a><\/b><br \/>Trajet le plus court : 26 km<br \/>Trajet le plus rapide : 31 min<\/p>\n<p><b><a href='https:\/\/www.locansol.fr\/location-chalet-cerdagne\/'>Chalet Locansol \u00e0 Estavar<\/a><\/b><br \/>Trajet le plus court : 104 km<br \/>Trajet le plus rapide : 1 h 40 min<\/p>","excerpt":"","slug":"la-redecouverte-dun-chef-doeuvre-monumental-les-volets-du-grand-orgue-de-la-cathedrale-de-perpignan-18","image":{"url":"https:\/\/www.locansol.fr\/wp-content\/uploads\/2026\/04\/exposition-orgue-cathedrale-perpignan.webp","id":6348,"extension":"webp","width":1024,"height":605,"filesize":45248,"sizes":{"medium":{"width":300,"height":177,"mime-type":"image\/webp","filesize":10958,"url":"https:\/\/www.locansol.fr\/wp-content\/uploads\/2026\/04\/exposition-orgue-cathedrale-perpignan-300x177.webp"},"thumbnail":{"width":150,"height":150,"mime-type":"image\/webp","filesize":4736,"url":"https:\/\/www.locansol.fr\/wp-content\/uploads\/2026\/04\/exposition-orgue-cathedrale-perpignan-150x150.webp"},"medium_large":{"width":768,"height":454,"mime-type":"image\/webp","filesize":37162,"url":"https:\/\/www.locansol.fr\/wp-content\/uploads\/2026\/04\/exposition-orgue-cathedrale-perpignan-768x454.webp"},"trp-custom-language-flag":{"width":18,"height":12,"mime-type":"image\/webp","filesize":178,"url":"https:\/\/www.locansol.fr\/wp-content\/uploads\/2026\/04\/exposition-orgue-cathedrale-perpignan-18x12.webp"}}},"all_day":true,"start_date":"2026-03-24 00:00:00","start_date_details":{"year":"2026","month":"03","day":"24","hour":"00","minutes":"00","seconds":"00"},"end_date":"2026-05-31 23:59:59","end_date_details":{"year":"2026","month":"05","day":"31","hour":"23","minutes":"59","seconds":"59"},"utc_start_date":"2026-03-23 23:00:00","utc_start_date_details":{"year":"2026","month":"03","day":"23","hour":"23","minutes":"00","seconds":"00"},"utc_end_date":"2026-05-31 21:59:59","utc_end_date_details":{"year":"2026","month":"05","day":"31","hour":"21","minutes":"59","seconds":"59"},"timezone":"Europe\/Paris","timezone_abbr":"CET","cost":"8\u20ac","cost_details":{"currency_symbol":"","currency_code":"","currency_position":"","values":["8"]},"website":"https:\/\/www.locansol.fr\/ca\/evenement\/la-redecouverte-dun-chef-doeuvre-monumental-les-volets-du-grand-orgue-de-la-cathedrale-de-perpignan-18\/","show_map":true,"show_map_link":false,"hide_from_listings":false,"sticky":false,"featured":false,"categories":[{"name":"\u00c9v\u00e8nement Culturel","slug":"evenement-culturel","term_group":0,"term_taxonomy_id":138,"taxonomy":"tribe_events_cat","description":"","parent":0,"count":465,"filter":"raw","id":138,"urls":{"self":"https:\/\/www.locansol.fr\/ca\/wp-json\/tribe\/events\/v1\/categories\/138","collection":"https:\/\/www.locansol.fr\/ca\/wp-json\/tribe\/events\/v1\/categories"}},{"name":"Exposition","slug":"exposition","term_group":0,"term_taxonomy_id":90,"taxonomy":"tribe_events_cat","description":"","parent":0,"count":147,"filter":"raw","id":90,"urls":{"self":"https:\/\/www.locansol.fr\/ca\/wp-json\/tribe\/events\/v1\/categories\/90","collection":"https:\/\/www.locansol.fr\/ca\/wp-json\/tribe\/events\/v1\/categories"}},{"name":"Peinture","slug":"peinture","term_group":0,"term_taxonomy_id":160,"taxonomy":"tribe_events_cat","description":"","parent":0,"count":90,"filter":"raw","id":160,"urls":{"self":"https:\/\/www.locansol.fr\/ca\/wp-json\/tribe\/events\/v1\/categories\/160","collection":"https:\/\/www.locansol.fr\/ca\/wp-json\/tribe\/events\/v1\/categories"}},{"name":"Pyr\u00e9n\u00e9es-Orientales","slug":"pyrenees-orientales","term_group":0,"term_taxonomy_id":169,"taxonomy":"tribe_events_cat","description":"","parent":0,"count":568,"filter":"raw","id":169,"urls":{"self":"https:\/\/www.locansol.fr\/ca\/wp-json\/tribe\/events\/v1\/categories\/169","collection":"https:\/\/www.locansol.fr\/ca\/wp-json\/tribe\/events\/v1\/categories"}}],"tags":[{"name":"\u00c9v\u00e8nement culturel","slug":"evenement-culturel","term_group":0,"term_taxonomy_id":66,"taxonomy":"post_tag","description":"","parent":0,"count":982,"filter":"raw","id":66,"urls":{"self":"https:\/\/www.locansol.fr\/ca\/wp-json\/tribe\/events\/v1\/tags\/66","collection":"https:\/\/www.locansol.fr\/ca\/wp-json\/tribe\/events\/v1\/tags"}},{"name":"Pyr\u00e9n\u00e9es-Orientales","slug":"pyrenees-orientales","term_group":0,"term_taxonomy_id":76,"taxonomy":"post_tag","description":"","parent":0,"count":1348,"filter":"raw","id":76,"urls":{"self":"https:\/\/www.locansol.fr\/ca\/wp-json\/tribe\/events\/v1\/tags\/76","collection":"https:\/\/www.locansol.fr\/ca\/wp-json\/tribe\/events\/v1\/tags"}}],"venue":{"id":3026,"author":"5","status":"publish","date":"2026-02-14 13:49:45","date_utc":"2026-02-14 12:49:45","modified":"2026-02-14 13:49:45","modified_utc":"2026-02-14 12:49:45","url":"https:\/\/www.locansol.fr\/ca\/recinte\/21-rue-mailly-perpignan\/","venue":"21 Rue Mailly, Perpignan","slug":"21-rue-mailly-perpignan","address":"21 Rue Mailly","country":"France","zip":"66410","json_ld":{"@type":"Place","name":"21 Rue Mailly, Perpignan","description":"","url":"https:\/\/www.locansol.fr\/ca\/recinte\/21-rue-mailly-perpignan\/","address":{"@type":"PostalAddress","streetAddress":"21 Rue Mailly","postalCode":"66410","addressCountry":"France"},"telephone":"","sameAs":""},"show_map":true,"show_map_link":true,"global_id":"www.locansol.fr\/ca?id=3026","global_id_lineage":["www.locansol.fr\/ca?id=3026"]},"organizer":[],"custom_fields":[],"json_ld":{"@context":"http:\/\/schema.org","@type":"Event","name":"\u00ab LA RED\u00c9COUVERTE D\u2019UN CHEF D\u2019\u0152UVRE MONUMENTAL \u00bb : LES VOLETS DU GRAND ORGUE DE LA CATH\u00c9DRALE DE PERPIGNAN","description":"&lt;p&gt;L\\'exposition intitul\u00e9e \u00ab La red\u00e9couverte d\\'un chef-d\\'\u0153uvre monumental \u00bb se d\u00e9roulera du 24 mars au 31 mai 2026 au mus\u00e9e Hyacinthe Rigaud de Perpignan, situ\u00e9 au 21 Rue Mailly. Cette [&hellip;]&lt;\/p&gt;\\n","image":"https:\/\/www.locansol.fr\/wp-content\/uploads\/2026\/04\/exposition-orgue-cathedrale-perpignan.webp","url":"https:\/\/www.locansol.fr\/ca\/evenement\/la-redecouverte-dun-chef-doeuvre-monumental-les-volets-du-grand-orgue-de-la-cathedrale-de-perpignan-18\/","eventAttendanceMode":"https:\/\/schema.org\/OfflineEventAttendanceMode","eventStatus":"https:\/\/schema.org\/EventScheduled","startDate":"2026-03-24T00:00:00+01:00","endDate":"2026-05-31T23:59:59+02:00","location":{"@type":"Place","name":"21 Rue Mailly, Perpignan","description":"","url":"https:\/\/www.locansol.fr\/ca\/recinte\/21-rue-mailly-perpignan\/","address":{"@type":"PostalAddress","streetAddress":"21 Rue Mailly","postalCode":"66410","addressCountry":"France"},"telephone":"","sameAs":""},"offers":{"@type":"Offer","price":"8","priceCurrency":"EUR","url":"https:\/\/www.locansol.fr\/ca\/evenement\/la-redecouverte-dun-chef-doeuvre-monumental-les-volets-du-grand-orgue-de-la-cathedrale-de-perpignan-18\/","category":"primary","availability":"inStock","validFrom":"1970-01-01T00:00:00+00:00"},"performer":"Organization"},"is_virtual":false,"virtual_url":null,"virtual_video_source":""}