{"id":3478,"date":"2026-02-16T16:03:16","date_gmt":"2026-02-16T15:03:16","guid":{"rendered":"https:\/\/www.locansol.fr\/exposition-mackintosh-amelie-les-bains\/"},"modified":"2026-02-16T16:03:21","modified_gmt":"2026-02-16T15:03:21","slug":"exposition-mackintosh-amelie-les-bains","status":"publish","type":"post","link":"https:\/\/www.locansol.fr\/ca\/exposition-mackintosh-amelie-les-bains\/","title":{"rendered":"Am\u00e9lie-les-Bains : D\u00e9couvrez l&rsquo;exposition Charles Rennie Mackintosh (10 f\u00e9vrier &#8211; 11 d\u00e9cembre)"},"content":{"rendered":"<p>Si vous \u00eates \u00e0 la recherche d\u2019une exp\u00e9rience culturelle unique dans la r\u00e9gion des Pyr\u00e9n\u00e9es-Orientales, ne manquez pas l\u2019exposition d\u00e9di\u00e9e \u00e0 Charles Rennie Mackintosh, un pionnier incontournable de l\u2019Art Nouveau et du modernisme. Cette exposition permanente, ouverte du 10 f\u00e9vrier au 11 d\u00e9cembre, se tient au mus\u00e9e El Casal, au c\u0153ur pittoresque du village m\u00e9di\u00e9val de Palalda, \u00e0 Am\u00e9lie-les-Bains-Palalda.<\/p>\n<p>L\u2019\u00e9v\u00e9nement met en lumi\u00e8re un chapitre m\u00e9connu et fascinant de la vie de Mackintosh, cet architecte, designer et peintre britannique n\u00e9 \u00e0 Glasgow en 1868. \u00c0 la recherche d\u2019un air plus sain pour sa sant\u00e9 et celle de son \u00e9pouse, Margaret, Mackintosh s\u2019installe \u00e0 Am\u00e9lie-les-Bains en 1923. C\u2019est dans cette r\u00e9gion du Roussillon, qu\u2019il tombe sous le charme de ses paysages et de sa lumi\u00e8re unique, et d\u00e9cide d\u2019y demeurer jusqu\u2019\u00e0 sa mort en 1928. Cette p\u00e9riode marque une \u00e9volution significative dans son \u0153uvre artistique, domin\u00e9e par des aquarelles vibrantes des paysages locaux et de sublimes travaux d&rsquo;architecture.<\/p>\n<p>Le mus\u00e9e El Casal vous propose une plong\u00e9e immersive dans l\u2019univers cr\u00e9atif de Mackintosh. Le parcours de l\u2019exposition est organis\u00e9 de mani\u00e8re \u00e0 d\u00e9voiler son g\u00e9nie \u00e0 travers une vari\u00e9t\u00e9 de supports : dessins, aquarelles, maquettes et documents d\u2019archives. Chaque \u0153uvre raconte une histoire : celle d\u2019un artiste visionnaire qui a laiss\u00e9 son empreinte durable sur l\u2019architecture et les arts d\u00e9coratifs, mais aussi un homme profond\u00e9ment marqu\u00e9 par son attache \u00e0 la r\u00e9gion.<\/p>\n<p>Perch\u00e9 dans l\u2019ambiance authentique de Palalda, le mus\u00e9e lui-m\u00eame constitue un compl\u00e9ment parfait \u00e0 cette exp\u00e9rience. Ses salles claires et ouvertes invitent \u00e0 une d\u00e9couverte enrichissante du patrimoine artistique et culturel de Mackintosh. Que vous soyez amateur d\u2019art, passionn\u00e9 de design ou simplement curieux, cette exposition s\u2019adresse \u00e0 tous les publics et promet de s\u00e9duire petits et grands.<\/p>\n<p>Infos pratiques : l\u2019exposition est accessible du mardi au dimanche, avec des horaires adapt\u00e9s pour convenir \u00e0 diff\u00e9rents agendas (mardi de 14h \u00e0 19h, et du mercredi au dimanche de 10h \u00e0 12h et de 15h \u00e0 19h). Prenez soin de noter que le mus\u00e9e est ferm\u00e9 les jours f\u00e9ri\u00e9s. Et cerise sur le g\u00e2teau : l\u2019entr\u00e9e est enti\u00e8rement gratuite, ce qui en fait une sortie culturelle accessible \u00e0 tous.<\/p>\n<p>Ne manquez pas cette occasion d\u2019explorer l\u2019h\u00e9ritage fascinant de Charles Rennie Mackintosh dans les Pyr\u00e9n\u00e9es-Orientales. Profitez de cet \u00e9v\u00e9nement pour enrichir vos connaissances tout en admirant le charme incomparable de la cit\u00e9 de Palalda.<\/p>\n<h3>Informaci\u00f3 pr\u00e0ctica<\/h3>\n<p>\ud83d\udcc5 QUAND ? Du 10 f\u00e9vrier au 11 d\u00e9cembre<br \/>\ud83d\udccd O\u00d9 ? Mus\u00e9e El Casal, Am\u00e9lie-les-Bains-Palalda<br \/>\ud83d\udcb6 COMBIEN ? Entr\u00e9e gratuite<\/p>","protected":false},"excerpt":{"rendered":"<p>D\u00e9couvrez l&rsquo;\u0153uvre de Charles Rennie Mackintosh \u00e0 Am\u00e9lie-les-Bains avec une exposition gratuite qui lui est d\u00e9di\u00e9e au mus\u00e9e El Casal, de f\u00e9vrier \u00e0 d\u00e9cembre.<\/p>","protected":false},"author":5,"featured_media":3477,"comment_status":"closed","ping_status":"open","sticky":false,"template":"","format":"standard","meta":{"_yoast_wpseo_focuskw":"Exposition Mackintosh Am\u00e9lie-les-Bains","_yoast_wpseo_title":"Exposition Charles Rennie Mackintosh Am\u00e9lie-les-Bains - D\u00e9couvrez l'Art Nouveau","_yoast_wpseo_metadesc":"Exposition Charles Rennie Mackintosh Am\u00e9lie-les-Bains. D\u00e9couvrez l'univers cr\u00e9atif de Mackintosh dans les Pyr\u00e9n\u00e9es-Orientales. Une exp\u00e9rience culturelle unique avec des aquarelles vibrantes et des travaux d'architecture. Entr\u00e9e gratuite.","_yoast_wpseo_canonical":"","_yoast_wpseo_opengraph-title":"Plongez dans l'univers de Mackintosh : Am\u00e9lie-les-Bains \u2014 Une exp\u00e9rience artistique unique","_yoast_wpseo_opengraph-description":"D\u00e9couvrez les aquarelles vibrantes et les travaux d'architecture de Mackintosh \u00e0 Am\u00e9lie-les-Bains. Une plong\u00e9e immersive dans l'univers cr\u00e9atif d'un visionnaire.","_yoast_wpseo_opengraph-image":"https:\/\/www.locansol.fr\/wp-content\/uploads\/2026\/02\/exposition-mackintosh-amelie-les-bains.webp","_yoast_wpseo_opengraph-image-id":"","_yoast_wpseo_twitter-title":"D\u00e9couvrez l'exposition Mackintosh \u00e0 Am\u00e9lie-les-Bains","_yoast_wpseo_twitter-description":"Explorez l'univers cr\u00e9atif de Mackintosh \u00e0 Am\u00e9lie-les-Bains. Une exp\u00e9rience culturelle unique et gratuite dans les Pyr\u00e9n\u00e9es-Orientales.","_yoast_wpseo_twitter-image":"https:\/\/www.locansol.fr\/wp-content\/uploads\/2026\/02\/exposition-mackintosh-amelie-les-bains.webp","_yoast_wpseo_twitter-image-id":"","yoast_primary_category":"Exposition","footnotes":""},"categories":[35],"tags":[66,76],"class_list":["post-3478","post","type-post","status-publish","format-standard","has-post-thumbnail","hentry","category-carnaval","tag-evenement-culturel","tag-pyrenees-orientales"],"yoast_head":"<!-- This site is optimized with the Yoast SEO Premium plugin v23.3 (Yoast SEO v26.9) - https:\/\/yoast.com\/product\/yoast-seo-premium-wordpress\/ -->\n<title>Exposition Charles Rennie Mackintosh Am\u00e9lie-les-Bains - D\u00e9couvrez l&#039;Art Nouveau<\/title>\n<meta name=\"description\" content=\"Exposition Charles Rennie Mackintosh Am\u00e9lie-les-Bains. D\u00e9couvrez l&#039;univers cr\u00e9atif de Mackintosh dans les Pyr\u00e9n\u00e9es-Orientales. Une exp\u00e9rience culturelle unique avec des aquarelles vibrantes et des travaux d&#039;architecture. Entr\u00e9e gratuite.\" \/>\n<meta name=\"robots\" content=\"index, follow, max-snippet:-1, max-image-preview:large, max-video-preview:-1\" \/>\n<link rel=\"canonical\" href=\"https:\/\/www.locansol.fr\/ca\/exposition-mackintosh-amelie-les-bains\/\" \/>\n<meta property=\"og:locale\" content=\"ca_ES\" \/>\n<meta property=\"og:type\" content=\"article\" \/>\n<meta property=\"og:title\" content=\"Plongez dans l&#039;univers de Mackintosh : Am\u00e9lie-les-Bains \u2014 Une exp\u00e9rience artistique unique\" \/>\n<meta property=\"og:description\" content=\"D\u00e9couvrez les aquarelles vibrantes et les travaux d&#039;architecture de Mackintosh \u00e0 Am\u00e9lie-les-Bains. Une plong\u00e9e immersive dans l&#039;univers cr\u00e9atif d&#039;un visionnaire.\" \/>\n<meta property=\"og:url\" content=\"https:\/\/www.locansol.fr\/ca\/exposition-mackintosh-amelie-les-bains\/\" \/>\n<meta property=\"og:site_name\" content=\"Locansol, louer un h\u00e9bergement dans les Pyr\u00e9n\u00e9es Orientales\" \/>\n<meta property=\"article:published_time\" content=\"2026-02-16T15:03:16+00:00\" \/>\n<meta property=\"article:modified_time\" content=\"2026-02-16T15:03:21+00:00\" \/>\n<meta property=\"og:image\" content=\"https:\/\/www.locansol.fr\/wp-content\/uploads\/2026\/02\/exposition-mackintosh-amelie-les-bains.webp\" \/>\n<meta name=\"author\" content=\"H\u00e9bergements Locansol\" \/>\n<meta name=\"twitter:card\" content=\"summary_large_image\" \/>\n<meta name=\"twitter:title\" content=\"D\u00e9couvrez l&#039;exposition Mackintosh \u00e0 Am\u00e9lie-les-Bains\" \/>\n<meta name=\"twitter:description\" content=\"Explorez l&#039;univers cr\u00e9atif de Mackintosh \u00e0 Am\u00e9lie-les-Bains. Une exp\u00e9rience culturelle unique et gratuite dans les Pyr\u00e9n\u00e9es-Orientales.\" \/>\n<meta name=\"twitter:image\" content=\"https:\/\/www.locansol.fr\/wp-content\/uploads\/2026\/02\/exposition-mackintosh-amelie-les-bains.webp\" \/>\n<meta name=\"twitter:label1\" content=\"Escrit per\" \/>\n\t<meta name=\"twitter:data1\" content=\"H\u00e9bergements Locansol\" \/>\n\t<meta name=\"twitter:label2\" content=\"Temps estimat de lectura\" \/>\n\t<meta name=\"twitter:data2\" content=\"2 minuts\" \/>\n<script type=\"application\/ld+json\" class=\"yoast-schema-graph\">{\"@context\":\"https:\/\/schema.org\",\"@graph\":[{\"@type\":\"Article\",\"@id\":\"https:\/\/www.locansol.fr\/exposition-mackintosh-amelie-les-bains\/#article\",\"isPartOf\":{\"@id\":\"https:\/\/www.locansol.fr\/exposition-mackintosh-amelie-les-bains\/\"},\"author\":{\"name\":\"H\u00e9bergements Locansol\",\"@id\":\"https:\/\/www.locansol.fr\/#\/schema\/person\/0b08d440f1ac44674c6d498107de351d\"},\"headline\":\"Am\u00e9lie-les-Bains : D\u00e9couvrez l&rsquo;exposition Charles Rennie Mackintosh (10 f\u00e9vrier &#8211; 11 d\u00e9cembre)\",\"datePublished\":\"2026-02-16T15:03:16+00:00\",\"dateModified\":\"2026-02-16T15:03:21+00:00\",\"mainEntityOfPage\":{\"@id\":\"https:\/\/www.locansol.fr\/exposition-mackintosh-amelie-les-bains\/\"},\"wordCount\":472,\"publisher\":{\"@id\":\"https:\/\/www.locansol.fr\/#organization\"},\"image\":{\"@id\":\"https:\/\/www.locansol.fr\/exposition-mackintosh-amelie-les-bains\/#primaryimage\"},\"thumbnailUrl\":\"https:\/\/www.locansol.fr\/wp-content\/uploads\/2026\/02\/exposition-mackintosh-amelie-les-bains.webp\",\"keywords\":[\"\u00c9v\u00e8nement culturel\",\"Pyr\u00e9n\u00e9es-Orientales\"],\"articleSection\":[\"Carnaval\"],\"inLanguage\":\"ca\"},{\"@type\":\"WebPage\",\"@id\":\"https:\/\/www.locansol.fr\/exposition-mackintosh-amelie-les-bains\/\",\"url\":\"https:\/\/www.locansol.fr\/exposition-mackintosh-amelie-les-bains\/\",\"name\":\"Exposition Charles Rennie Mackintosh Am\u00e9lie-les-Bains - D\u00e9couvrez l'Art Nouveau\",\"isPartOf\":{\"@id\":\"https:\/\/www.locansol.fr\/#website\"},\"primaryImageOfPage\":{\"@id\":\"https:\/\/www.locansol.fr\/exposition-mackintosh-amelie-les-bains\/#primaryimage\"},\"image\":{\"@id\":\"https:\/\/www.locansol.fr\/exposition-mackintosh-amelie-les-bains\/#primaryimage\"},\"thumbnailUrl\":\"https:\/\/www.locansol.fr\/wp-content\/uploads\/2026\/02\/exposition-mackintosh-amelie-les-bains.webp\",\"datePublished\":\"2026-02-16T15:03:16+00:00\",\"dateModified\":\"2026-02-16T15:03:21+00:00\",\"description\":\"Exposition Charles Rennie Mackintosh Am\u00e9lie-les-Bains. D\u00e9couvrez l'univers cr\u00e9atif de Mackintosh dans les Pyr\u00e9n\u00e9es-Orientales. Une exp\u00e9rience culturelle unique avec des aquarelles vibrantes et des travaux d'architecture. Entr\u00e9e gratuite.\",\"breadcrumb\":{\"@id\":\"https:\/\/www.locansol.fr\/exposition-mackintosh-amelie-les-bains\/#breadcrumb\"},\"inLanguage\":\"ca\",\"potentialAction\":[{\"@type\":\"ReadAction\",\"target\":[\"https:\/\/www.locansol.fr\/exposition-mackintosh-amelie-les-bains\/\"]}]},{\"@type\":\"ImageObject\",\"inLanguage\":\"ca\",\"@id\":\"https:\/\/www.locansol.fr\/exposition-mackintosh-amelie-les-bains\/#primaryimage\",\"url\":\"https:\/\/www.locansol.fr\/wp-content\/uploads\/2026\/02\/exposition-mackintosh-amelie-les-bains.webp\",\"contentUrl\":\"https:\/\/www.locansol.fr\/wp-content\/uploads\/2026\/02\/exposition-mackintosh-amelie-les-bains.webp\",\"width\":1440,\"height\":1920,\"caption\":\"Exposition Charles Rennie Mackintosh Am\u00e9lie-les-Bains - D\u00e9couvrez l'Art Nouveau\"},{\"@type\":\"BreadcrumbList\",\"@id\":\"https:\/\/www.locansol.fr\/exposition-mackintosh-amelie-les-bains\/#breadcrumb\",\"itemListElement\":[{\"@type\":\"ListItem\",\"position\":1,\"name\":\"Accueil\",\"item\":\"https:\/\/www.locansol.fr\/\"},{\"@type\":\"ListItem\",\"position\":2,\"name\":\"Am\u00e9lie-les-Bains : D\u00e9couvrez l&rsquo;exposition Charles Rennie Mackintosh (10 f\u00e9vrier &#8211; 11 d\u00e9cembre)\"}]},{\"@type\":\"WebSite\",\"@id\":\"https:\/\/www.locansol.fr\/#website\",\"url\":\"https:\/\/www.locansol.fr\/\",\"name\":\"Locansol, louer un h\u00e9bergement dans les Pyr\u00e9n\u00e9es-Orientales\",\"description\":\"Location Mobil-home Mer M\u00e9diterran\u00e9e &amp; Chalet de Montagne dans les Pyr\u00e9n\u00e9es Orientales (Occitanie, 66). Weekend, s\u00e9jour &amp; vacances en famille et entre amis.\",\"publisher\":{\"@id\":\"https:\/\/www.locansol.fr\/#organization\"},\"alternateName\":\"Louer un h\u00e9bergement dans les Pyr\u00e9n\u00e9es Orientales, chalet & mobil-home en Occitanie\",\"potentialAction\":[{\"@type\":\"SearchAction\",\"target\":{\"@type\":\"EntryPoint\",\"urlTemplate\":\"https:\/\/www.locansol.fr\/?s={search_term_string}\"},\"query-input\":{\"@type\":\"PropertyValueSpecification\",\"valueRequired\":true,\"valueName\":\"search_term_string\"}}],\"inLanguage\":\"ca\"},{\"@type\":\"Organization\",\"@id\":\"https:\/\/www.locansol.fr\/#organization\",\"name\":\"Location MobilHome & chalet dans les Pyr\u00e9n\u00e9es Orientales\",\"alternateName\":\"Louer un h\u00e9bergement dans les Pyr\u00e9n\u00e9es Orientales en Occitanie\",\"url\":\"https:\/\/www.locansol.fr\/\",\"logo\":{\"@type\":\"ImageObject\",\"inLanguage\":\"ca\",\"@id\":\"https:\/\/www.locansol.fr\/#\/schema\/logo\/image\/\",\"url\":\"https:\/\/www.locansol.fr\/wp-content\/uploads\/2024\/04\/AdobeStock_303324767-scaled.jpeg\",\"contentUrl\":\"https:\/\/www.locansol.fr\/wp-content\/uploads\/2024\/04\/AdobeStock_303324767-scaled.jpeg\",\"width\":2560,\"height\":1707,\"caption\":\"Location MobilHome & chalet dans les Pyr\u00e9n\u00e9es Orientales\"},\"image\":{\"@id\":\"https:\/\/www.locansol.fr\/#\/schema\/logo\/image\/\"}},{\"@type\":\"Person\",\"@id\":\"https:\/\/www.locansol.fr\/#\/schema\/person\/0b08d440f1ac44674c6d498107de351d\",\"name\":\"H\u00e9bergements Locansol\",\"image\":{\"@type\":\"ImageObject\",\"inLanguage\":\"ca\",\"@id\":\"https:\/\/www.locansol.fr\/#\/schema\/person\/image\/\",\"url\":\"https:\/\/secure.gravatar.com\/avatar\/444436b93284204f8116b6e0eb964cd3fcb811519c737232bde6dd5743c37ee5?s=96&d=mm&r=g\",\"contentUrl\":\"https:\/\/secure.gravatar.com\/avatar\/444436b93284204f8116b6e0eb964cd3fcb811519c737232bde6dd5743c37ee5?s=96&d=mm&r=g\",\"caption\":\"H\u00e9bergements Locansol\"},\"sameAs\":[\"https:\/\/www.locansol.fr\/\"],\"url\":\"https:\/\/www.locansol.fr\/ca\/author\/locansol\/\"}]}<\/script>\n<!-- \/ Yoast SEO Premium plugin. -->","yoast_head_json":{"title":"Exposition Charles Rennie Mackintosh Am\u00e9lie-les-Bains - D\u00e9couvrez l'Art Nouveau","description":"Exposition Charles Rennie Mackintosh Am\u00e9lie-les-Bains. D\u00e9couvrez l'univers cr\u00e9atif de Mackintosh dans les Pyr\u00e9n\u00e9es-Orientales. Une exp\u00e9rience culturelle unique avec des aquarelles vibrantes et des travaux d'architecture. Entr\u00e9e gratuite.","robots":{"index":"index","follow":"follow","max-snippet":"max-snippet:-1","max-image-preview":"max-image-preview:large","max-video-preview":"max-video-preview:-1"},"canonical":"https:\/\/www.locansol.fr\/ca\/exposition-mackintosh-amelie-les-bains\/","og_locale":"ca_ES","og_type":"article","og_title":"Plongez dans l'univers de Mackintosh : Am\u00e9lie-les-Bains \u2014 Une exp\u00e9rience artistique unique","og_description":"D\u00e9couvrez les aquarelles vibrantes et les travaux d'architecture de Mackintosh \u00e0 Am\u00e9lie-les-Bains. Une plong\u00e9e immersive dans l'univers cr\u00e9atif d'un visionnaire.","og_url":"https:\/\/www.locansol.fr\/ca\/exposition-mackintosh-amelie-les-bains\/","og_site_name":"Locansol, louer un h\u00e9bergement dans les Pyr\u00e9n\u00e9es Orientales","article_published_time":"2026-02-16T15:03:16+00:00","article_modified_time":"2026-02-16T15:03:21+00:00","og_image":[{"url":"https:\/\/www.locansol.fr\/wp-content\/uploads\/2026\/02\/exposition-mackintosh-amelie-les-bains.webp","type":"","width":"","height":""}],"author":"H\u00e9bergements Locansol","twitter_card":"summary_large_image","twitter_title":"D\u00e9couvrez l'exposition Mackintosh \u00e0 Am\u00e9lie-les-Bains","twitter_description":"Explorez l'univers cr\u00e9atif de Mackintosh \u00e0 Am\u00e9lie-les-Bains. Une exp\u00e9rience culturelle unique et gratuite dans les Pyr\u00e9n\u00e9es-Orientales.","twitter_image":"https:\/\/www.locansol.fr\/wp-content\/uploads\/2026\/02\/exposition-mackintosh-amelie-les-bains.webp","twitter_misc":{"Escrit per":"H\u00e9bergements Locansol","Temps estimat de lectura":"2 minuts"},"schema":{"@context":"https:\/\/schema.org","@graph":[{"@type":"Article","@id":"https:\/\/www.locansol.fr\/exposition-mackintosh-amelie-les-bains\/#article","isPartOf":{"@id":"https:\/\/www.locansol.fr\/exposition-mackintosh-amelie-les-bains\/"},"author":{"name":"H\u00e9bergements Locansol","@id":"https:\/\/www.locansol.fr\/#\/schema\/person\/0b08d440f1ac44674c6d498107de351d"},"headline":"Am\u00e9lie-les-Bains : D\u00e9couvrez l&rsquo;exposition Charles Rennie Mackintosh (10 f\u00e9vrier &#8211; 11 d\u00e9cembre)","datePublished":"2026-02-16T15:03:16+00:00","dateModified":"2026-02-16T15:03:21+00:00","mainEntityOfPage":{"@id":"https:\/\/www.locansol.fr\/exposition-mackintosh-amelie-les-bains\/"},"wordCount":472,"publisher":{"@id":"https:\/\/www.locansol.fr\/#organization"},"image":{"@id":"https:\/\/www.locansol.fr\/exposition-mackintosh-amelie-les-bains\/#primaryimage"},"thumbnailUrl":"https:\/\/www.locansol.fr\/wp-content\/uploads\/2026\/02\/exposition-mackintosh-amelie-les-bains.webp","keywords":["\u00c9v\u00e8nement culturel","Pyr\u00e9n\u00e9es-Orientales"],"articleSection":["Carnaval"],"inLanguage":"ca"},{"@type":"WebPage","@id":"https:\/\/www.locansol.fr\/exposition-mackintosh-amelie-les-bains\/","url":"https:\/\/www.locansol.fr\/exposition-mackintosh-amelie-les-bains\/","name":"Exposition Charles Rennie Mackintosh Am\u00e9lie-les-Bains - D\u00e9couvrez l'Art Nouveau","isPartOf":{"@id":"https:\/\/www.locansol.fr\/#website"},"primaryImageOfPage":{"@id":"https:\/\/www.locansol.fr\/exposition-mackintosh-amelie-les-bains\/#primaryimage"},"image":{"@id":"https:\/\/www.locansol.fr\/exposition-mackintosh-amelie-les-bains\/#primaryimage"},"thumbnailUrl":"https:\/\/www.locansol.fr\/wp-content\/uploads\/2026\/02\/exposition-mackintosh-amelie-les-bains.webp","datePublished":"2026-02-16T15:03:16+00:00","dateModified":"2026-02-16T15:03:21+00:00","description":"Exposition Charles Rennie Mackintosh Am\u00e9lie-les-Bains. D\u00e9couvrez l'univers cr\u00e9atif de Mackintosh dans les Pyr\u00e9n\u00e9es-Orientales. Une exp\u00e9rience culturelle unique avec des aquarelles vibrantes et des travaux d'architecture. Entr\u00e9e gratuite.","breadcrumb":{"@id":"https:\/\/www.locansol.fr\/exposition-mackintosh-amelie-les-bains\/#breadcrumb"},"inLanguage":"ca","potentialAction":[{"@type":"ReadAction","target":["https:\/\/www.locansol.fr\/exposition-mackintosh-amelie-les-bains\/"]}]},{"@type":"ImageObject","inLanguage":"ca","@id":"https:\/\/www.locansol.fr\/exposition-mackintosh-amelie-les-bains\/#primaryimage","url":"https:\/\/www.locansol.fr\/wp-content\/uploads\/2026\/02\/exposition-mackintosh-amelie-les-bains.webp","contentUrl":"https:\/\/www.locansol.fr\/wp-content\/uploads\/2026\/02\/exposition-mackintosh-amelie-les-bains.webp","width":1440,"height":1920,"caption":"Exposition Charles Rennie Mackintosh Am\u00e9lie-les-Bains - D\u00e9couvrez l'Art Nouveau"},{"@type":"BreadcrumbList","@id":"https:\/\/www.locansol.fr\/exposition-mackintosh-amelie-les-bains\/#breadcrumb","itemListElement":[{"@type":"ListItem","position":1,"name":"Accueil","item":"https:\/\/www.locansol.fr\/"},{"@type":"ListItem","position":2,"name":"Am\u00e9lie-les-Bains : D\u00e9couvrez l&rsquo;exposition Charles Rennie Mackintosh (10 f\u00e9vrier &#8211; 11 d\u00e9cembre)"}]},{"@type":"WebSite","@id":"https:\/\/www.locansol.fr\/#website","url":"https:\/\/www.locansol.fr\/","name":"Locansol, louer un h\u00e9bergement dans les Pyr\u00e9n\u00e9es-Orientales","description":"Location Mobil-home Mer M\u00e9diterran\u00e9e &amp; Chalet de Montagne dans les Pyr\u00e9n\u00e9es Orientales (Occitanie, 66). Weekend, s\u00e9jour &amp; vacances en famille et entre amis.","publisher":{"@id":"https:\/\/www.locansol.fr\/#organization"},"alternateName":"Louer un h\u00e9bergement dans les Pyr\u00e9n\u00e9es Orientales, chalet & mobil-home en Occitanie","potentialAction":[{"@type":"SearchAction","target":{"@type":"EntryPoint","urlTemplate":"https:\/\/www.locansol.fr\/?s={search_term_string}"},"query-input":{"@type":"PropertyValueSpecification","valueRequired":true,"valueName":"search_term_string"}}],"inLanguage":"ca"},{"@type":"Organization","@id":"https:\/\/www.locansol.fr\/#organization","name":"Location MobilHome & chalet dans les Pyr\u00e9n\u00e9es Orientales","alternateName":"Louer un h\u00e9bergement dans les Pyr\u00e9n\u00e9es Orientales en Occitanie","url":"https:\/\/www.locansol.fr\/","logo":{"@type":"ImageObject","inLanguage":"ca","@id":"https:\/\/www.locansol.fr\/#\/schema\/logo\/image\/","url":"https:\/\/www.locansol.fr\/wp-content\/uploads\/2024\/04\/AdobeStock_303324767-scaled.jpeg","contentUrl":"https:\/\/www.locansol.fr\/wp-content\/uploads\/2024\/04\/AdobeStock_303324767-scaled.jpeg","width":2560,"height":1707,"caption":"Location MobilHome & chalet dans les Pyr\u00e9n\u00e9es Orientales"},"image":{"@id":"https:\/\/www.locansol.fr\/#\/schema\/logo\/image\/"}},{"@type":"Person","@id":"https:\/\/www.locansol.fr\/#\/schema\/person\/0b08d440f1ac44674c6d498107de351d","name":"H\u00e9bergements Locansol","image":{"@type":"ImageObject","inLanguage":"ca","@id":"https:\/\/www.locansol.fr\/#\/schema\/person\/image\/","url":"https:\/\/secure.gravatar.com\/avatar\/444436b93284204f8116b6e0eb964cd3fcb811519c737232bde6dd5743c37ee5?s=96&d=mm&r=g","contentUrl":"https:\/\/secure.gravatar.com\/avatar\/444436b93284204f8116b6e0eb964cd3fcb811519c737232bde6dd5743c37ee5?s=96&d=mm&r=g","caption":"H\u00e9bergements Locansol"},"sameAs":["https:\/\/www.locansol.fr\/"],"url":"https:\/\/www.locansol.fr\/ca\/author\/locansol\/"}]}},"_links":{"self":[{"href":"https:\/\/www.locansol.fr\/ca\/wp-json\/wp\/v2\/posts\/3478","targetHints":{"allow":["GET"]}}],"collection":[{"href":"https:\/\/www.locansol.fr\/ca\/wp-json\/wp\/v2\/posts"}],"about":[{"href":"https:\/\/www.locansol.fr\/ca\/wp-json\/wp\/v2\/types\/post"}],"author":[{"embeddable":true,"href":"https:\/\/www.locansol.fr\/ca\/wp-json\/wp\/v2\/users\/5"}],"replies":[{"embeddable":true,"href":"https:\/\/www.locansol.fr\/ca\/wp-json\/wp\/v2\/comments?post=3478"}],"version-history":[{"count":1,"href":"https:\/\/www.locansol.fr\/ca\/wp-json\/wp\/v2\/posts\/3478\/revisions"}],"predecessor-version":[{"id":3479,"href":"https:\/\/www.locansol.fr\/ca\/wp-json\/wp\/v2\/posts\/3478\/revisions\/3479"}],"wp:featuredmedia":[{"embeddable":true,"href":"https:\/\/www.locansol.fr\/ca\/wp-json\/wp\/v2\/media\/3477"}],"wp:attachment":[{"href":"https:\/\/www.locansol.fr\/ca\/wp-json\/wp\/v2\/media?parent=3478"}],"wp:term":[{"taxonomy":"category","embeddable":true,"href":"https:\/\/www.locansol.fr\/ca\/wp-json\/wp\/v2\/categories?post=3478"},{"taxonomy":"post_tag","embeddable":true,"href":"https:\/\/www.locansol.fr\/ca\/wp-json\/wp\/v2\/tags?post=3478"}],"curies":[{"name":"wp","href":"https:\/\/api.w.org\/{rel}","templated":true}]}}