{"id":3662,"date":"2026-02-18T11:09:58","date_gmt":"2026-02-18T10:09:58","guid":{"rendered":"https:\/\/www.locansol.fr\/marche-local-font-romeu-terroir\/"},"modified":"2026-02-18T11:10:09","modified_gmt":"2026-02-18T10:10:09","slug":"marche-local-font-romeu-terroir","status":"publish","type":"post","link":"https:\/\/www.locansol.fr\/ca\/marche-local-font-romeu-terroir\/","title":{"rendered":"March\u00e9 local \u00e0 Font-Romeu &#8211; 11 et 18 f\u00e9vrier 2026 &#8211; D\u00e9gustez le terroir pyr\u00e9n\u00e9en !"},"content":{"rendered":"<p>Le march\u00e9 local de Font-Romeu-Odeillo-Via est un rendez-vous incontournable pour les amateurs de produits frais et de saveurs authentiques. Organis\u00e9 dans le cadre de la Winter Family Week, cet \u00e9v\u00e9nement se d\u00e9roulera les mercredis 11 et 18 f\u00e9vrier 2026, de 8h00 \u00e0 12h00, sur la charmante rue Maillol de cette ravissante commune pyr\u00e9n\u00e9enne.<\/p>\n<p>Ces matin\u00e9es, anim\u00e9es par l\u2019effervescence d\u2019un march\u00e9 hebdomadaire, offrent une immersion totale dans le patrimoine culinaire r\u00e9gional. Au programme, les visiteurs pourront fl\u00e2ner entre les \u00e9tals d\u00e9bordant de produits de saison et de fabrications artisanales. Fromages locaux onctueux, charcuteries savoureuses, confitures maison, miels parfum\u00e9s, et autres tr\u00e9sors gourmands de la r\u00e9gion pyr\u00e9n\u00e9enne vous attendent pour une explosion de saveurs. En plus des produits gastronomiques, ce march\u00e9 mettra \u00e9galement en avant des objets typiques fabriqu\u00e9s par les artisans du terroir, offrant un bel aper\u00e7u du savoir-faire traditionnel.<\/p>\n<p>Ce march\u00e9, \u00e0 l\u2019image des valeurs de la Winter Family Week, souligne l\u2019importance du lien entre consommateurs et producteurs \u00e0 travers une d\u00e9marche ax\u00e9e sur l\u2019\u00e9conomie locale et circulaire. C\u2019est l\u2019occasion d\u2019\u00e9changer directement avec les exposants, d\u2019en apprendre davantage sur leurs pratiques, et de soutenir leurs efforts pour proposer des produits de qualit\u00e9. Avec son cadre naturel unique, entour\u00e9 des impressionnants paysages des Pyr\u00e9n\u00e9es-Orientales, le march\u00e9 de Font-Romeu-Odeillo-Via est une promesse de moments chaleureux et authentiques, parfaits pour des sorties en famille ou entre amis.<\/p>\n<p>\u00c0 la fois festif et convivial, cet \u00e9v\u00e9nement est organis\u00e9 avec soin par la Mairie de Font-Romeu-Odeillo-Via. Un accueil structur\u00e9 et une s\u00e9lection m\u00e9ticuleuse des exposants assurent que chaque visiteur, qu\u2019il soit un habitant local ou un touriste curieux, puisse profiter de ce moment unique en toute s\u00e9r\u00e9nit\u00e9. Bien que les conditions m\u00e9t\u00e9orologiques puissent varier au c\u0153ur des montagnes en cette saison hivernale, le maintien du march\u00e9 est d\u2019ores et d\u00e9j\u00e0 confirm\u00e9. Avant de s\u2019y rendre, il est cependant recommand\u00e9 de consulter les derni\u00e8res informations aupr\u00e8s de l\u2019office du tourisme ou de la mairie.<\/p>\n<p>Que vous soyez en qu\u00eate de produits authentiques, d\u2019id\u00e9es cadeaux artisanales ou simplement d\u2019un moment agr\u00e9able en pleine montagne, ne manquez pas cette belle occasion. Le march\u00e9 local de la Winter Family Week vous attend avec son ambiance festive et l\u2019irr\u00e9sistible richesse du terroir pyr\u00e9n\u00e9en.<\/p>\n<h3>Informaci\u00f3 pr\u00e0ctica<\/h3>\n<p>\ud83d\udcc5 QUAND ? Mercredis 11 et 18 f\u00e9vrier 2026, de 08h00 \u00e0 12h00<br \/>\ud83d\udccd O\u00d9 ? Rue Maillol, Font-Romeu-Odeillo-Via<br \/>\ud83d\udcb6 COMBIEN ? Entr\u00e9e gratuite<\/p>","protected":false},"excerpt":{"rendered":"<p>D\u00e9couvrez le march\u00e9 local de Font-Romeu, organis\u00e9 les 11 et 18 f\u00e9vrier 2026 dans le cadre de la Winter Family Week. Produits de saison, sp\u00e9cialit\u00e9s du terroir et artisanat local vous y attendent !<\/p>","protected":false},"author":5,"featured_media":3661,"comment_status":"closed","ping_status":"open","sticky":false,"template":"","format":"standard","meta":{"_yoast_wpseo_focuskw":"March\u00e9 local Font-Romeu terroir","_yoast_wpseo_title":"March\u00e9 local \u00e0 Font-Romeu - D\u00e9gustez le terroir pyr\u00e9n\u00e9en","_yoast_wpseo_metadesc":"March\u00e9 local \u00e0 Font-Romeu : d\u00e9couvrez des produits frais et artisanaux en Pyr\u00e9n\u00e9es-Orientales. Fromages, charcuteries, confitures et plus. Une immersion dans le terroir pyr\u00e9n\u00e9en.","_yoast_wpseo_canonical":"","_yoast_wpseo_opengraph-title":"D\u00e9gustez le terroir pyr\u00e9n\u00e9en : march\u00e9 local \u00e0 Font-Romeu \u2014 saveurs authentiques et artisanat local","_yoast_wpseo_opengraph-description":"Immergez-vous dans les saveurs du march\u00e9 local \u00e0 Font-Romeu. Fromages onctueux, charcuteries savoureuses et artisanat local. Une exp\u00e9rience authentique en Pyr\u00e9n\u00e9es-Orientales.","_yoast_wpseo_opengraph-image":"https:\/\/www.locansol.fr\/wp-content\/uploads\/2026\/02\/marche-local-font-romeu-terroir.webp","_yoast_wpseo_opengraph-image-id":"","_yoast_wpseo_twitter-title":"D\u00e9gustez le terroir pyr\u00e9n\u00e9en au march\u00e9 local de Font-Romeu","_yoast_wpseo_twitter-description":"D\u00e9couvrez des produits frais et artisanaux au march\u00e9 local de Font-Romeu. Fromages, charcuteries, confitures et plus. Une immersion dans le terroir pyr\u00e9n\u00e9en.","_yoast_wpseo_twitter-image":"https:\/\/www.locansol.fr\/wp-content\/uploads\/2026\/02\/marche-local-font-romeu-terroir.webp","_yoast_wpseo_twitter-image-id":"","yoast_primary_category":"March\u00e9","footnotes":""},"categories":[50],"tags":[66,68,76],"class_list":["post-3662","post","type-post","status-publish","format-standard","has-post-thumbnail","hentry","category-marche","tag-evenement-culturel","tag-manifestation-commerciale","tag-pyrenees-orientales"],"yoast_head":"<!-- This site is optimized with the Yoast SEO Premium plugin v23.3 (Yoast SEO v26.9) - https:\/\/yoast.com\/product\/yoast-seo-premium-wordpress\/ -->\n<title>March\u00e9 local \u00e0 Font-Romeu - D\u00e9gustez le terroir pyr\u00e9n\u00e9en<\/title>\n<meta name=\"description\" content=\"March\u00e9 local \u00e0 Font-Romeu : d\u00e9couvrez des produits frais et artisanaux en Pyr\u00e9n\u00e9es-Orientales. Fromages, charcuteries, confitures et plus. Une immersion dans le terroir pyr\u00e9n\u00e9en.\" \/>\n<meta name=\"robots\" content=\"index, follow, max-snippet:-1, max-image-preview:large, max-video-preview:-1\" \/>\n<link rel=\"canonical\" href=\"https:\/\/www.locansol.fr\/ca\/marche-local-font-romeu-terroir\/\" \/>\n<meta property=\"og:locale\" content=\"ca_ES\" \/>\n<meta property=\"og:type\" content=\"article\" \/>\n<meta property=\"og:title\" content=\"D\u00e9gustez le terroir pyr\u00e9n\u00e9en : march\u00e9 local \u00e0 Font-Romeu \u2014 saveurs authentiques et artisanat local\" \/>\n<meta property=\"og:description\" content=\"Immergez-vous dans les saveurs du march\u00e9 local \u00e0 Font-Romeu. Fromages onctueux, charcuteries savoureuses et artisanat local. Une exp\u00e9rience authentique en Pyr\u00e9n\u00e9es-Orientales.\" \/>\n<meta property=\"og:url\" content=\"https:\/\/www.locansol.fr\/ca\/marche-local-font-romeu-terroir\/\" \/>\n<meta property=\"og:site_name\" content=\"Locansol, louer un h\u00e9bergement dans les Pyr\u00e9n\u00e9es Orientales\" \/>\n<meta property=\"article:published_time\" content=\"2026-02-18T10:09:58+00:00\" \/>\n<meta property=\"article:modified_time\" content=\"2026-02-18T10:10:09+00:00\" \/>\n<meta property=\"og:image\" content=\"https:\/\/www.locansol.fr\/wp-content\/uploads\/2026\/02\/marche-local-font-romeu-terroir.webp\" \/>\n<meta name=\"author\" content=\"H\u00e9bergements Locansol\" \/>\n<meta name=\"twitter:card\" content=\"summary_large_image\" \/>\n<meta name=\"twitter:title\" content=\"D\u00e9gustez le terroir pyr\u00e9n\u00e9en au march\u00e9 local de Font-Romeu\" \/>\n<meta name=\"twitter:description\" content=\"D\u00e9couvrez des produits frais et artisanaux au march\u00e9 local de Font-Romeu. Fromages, charcuteries, confitures et plus. Une immersion dans le terroir pyr\u00e9n\u00e9en.\" \/>\n<meta name=\"twitter:image\" content=\"https:\/\/www.locansol.fr\/wp-content\/uploads\/2026\/02\/marche-local-font-romeu-terroir.webp\" \/>\n<meta name=\"twitter:label1\" content=\"Escrit per\" \/>\n\t<meta name=\"twitter:data1\" content=\"H\u00e9bergements Locansol\" \/>\n\t<meta name=\"twitter:label2\" content=\"Temps estimat de lectura\" \/>\n\t<meta name=\"twitter:data2\" content=\"2 minuts\" \/>\n<script type=\"application\/ld+json\" class=\"yoast-schema-graph\">{\"@context\":\"https:\/\/schema.org\",\"@graph\":[{\"@type\":\"Article\",\"@id\":\"https:\/\/www.locansol.fr\/marche-local-font-romeu-terroir\/#article\",\"isPartOf\":{\"@id\":\"https:\/\/www.locansol.fr\/marche-local-font-romeu-terroir\/\"},\"author\":{\"name\":\"H\u00e9bergements Locansol\",\"@id\":\"https:\/\/www.locansol.fr\/#\/schema\/person\/0b08d440f1ac44674c6d498107de351d\"},\"headline\":\"March\u00e9 local \u00e0 Font-Romeu &#8211; 11 et 18 f\u00e9vrier 2026 &#8211; D\u00e9gustez le terroir pyr\u00e9n\u00e9en !\",\"datePublished\":\"2026-02-18T10:09:58+00:00\",\"dateModified\":\"2026-02-18T10:10:09+00:00\",\"mainEntityOfPage\":{\"@id\":\"https:\/\/www.locansol.fr\/marche-local-font-romeu-terroir\/\"},\"wordCount\":443,\"publisher\":{\"@id\":\"https:\/\/www.locansol.fr\/#organization\"},\"image\":{\"@id\":\"https:\/\/www.locansol.fr\/marche-local-font-romeu-terroir\/#primaryimage\"},\"thumbnailUrl\":\"https:\/\/www.locansol.fr\/wp-content\/uploads\/2026\/02\/marche-local-font-romeu-terroir.webp\",\"keywords\":[\"\u00c9v\u00e8nement culturel\",\"Manifestation commerciale\",\"Pyr\u00e9n\u00e9es-Orientales\"],\"articleSection\":[\"March\u00e9\"],\"inLanguage\":\"ca\"},{\"@type\":\"WebPage\",\"@id\":\"https:\/\/www.locansol.fr\/marche-local-font-romeu-terroir\/\",\"url\":\"https:\/\/www.locansol.fr\/marche-local-font-romeu-terroir\/\",\"name\":\"March\u00e9 local \u00e0 Font-Romeu - D\u00e9gustez le terroir pyr\u00e9n\u00e9en\",\"isPartOf\":{\"@id\":\"https:\/\/www.locansol.fr\/#website\"},\"primaryImageOfPage\":{\"@id\":\"https:\/\/www.locansol.fr\/marche-local-font-romeu-terroir\/#primaryimage\"},\"image\":{\"@id\":\"https:\/\/www.locansol.fr\/marche-local-font-romeu-terroir\/#primaryimage\"},\"thumbnailUrl\":\"https:\/\/www.locansol.fr\/wp-content\/uploads\/2026\/02\/marche-local-font-romeu-terroir.webp\",\"datePublished\":\"2026-02-18T10:09:58+00:00\",\"dateModified\":\"2026-02-18T10:10:09+00:00\",\"description\":\"March\u00e9 local \u00e0 Font-Romeu : d\u00e9couvrez des produits frais et artisanaux en Pyr\u00e9n\u00e9es-Orientales. Fromages, charcuteries, confitures et plus. Une immersion dans le terroir pyr\u00e9n\u00e9en.\",\"breadcrumb\":{\"@id\":\"https:\/\/www.locansol.fr\/marche-local-font-romeu-terroir\/#breadcrumb\"},\"inLanguage\":\"ca\",\"potentialAction\":[{\"@type\":\"ReadAction\",\"target\":[\"https:\/\/www.locansol.fr\/marche-local-font-romeu-terroir\/\"]}]},{\"@type\":\"ImageObject\",\"inLanguage\":\"ca\",\"@id\":\"https:\/\/www.locansol.fr\/marche-local-font-romeu-terroir\/#primaryimage\",\"url\":\"https:\/\/www.locansol.fr\/wp-content\/uploads\/2026\/02\/marche-local-font-romeu-terroir.webp\",\"contentUrl\":\"https:\/\/www.locansol.fr\/wp-content\/uploads\/2026\/02\/marche-local-font-romeu-terroir.webp\",\"width\":500,\"height\":643,\"caption\":\"March\u00e9 local \u00e0 Font-Romeu - D\u00e9gustez le terroir pyr\u00e9n\u00e9en\"},{\"@type\":\"BreadcrumbList\",\"@id\":\"https:\/\/www.locansol.fr\/marche-local-font-romeu-terroir\/#breadcrumb\",\"itemListElement\":[{\"@type\":\"ListItem\",\"position\":1,\"name\":\"Accueil\",\"item\":\"https:\/\/www.locansol.fr\/\"},{\"@type\":\"ListItem\",\"position\":2,\"name\":\"March\u00e9 local \u00e0 Font-Romeu &#8211; 11 et 18 f\u00e9vrier 2026 &#8211; D\u00e9gustez le terroir pyr\u00e9n\u00e9en !\"}]},{\"@type\":\"WebSite\",\"@id\":\"https:\/\/www.locansol.fr\/#website\",\"url\":\"https:\/\/www.locansol.fr\/\",\"name\":\"Locansol, louer un h\u00e9bergement dans les Pyr\u00e9n\u00e9es-Orientales\",\"description\":\"Location Mobil-home Mer M\u00e9diterran\u00e9e &amp; Chalet de Montagne dans les Pyr\u00e9n\u00e9es Orientales (Occitanie, 66). Weekend, s\u00e9jour &amp; vacances en famille et entre amis.\",\"publisher\":{\"@id\":\"https:\/\/www.locansol.fr\/#organization\"},\"alternateName\":\"Louer un h\u00e9bergement dans les Pyr\u00e9n\u00e9es Orientales, chalet & mobil-home en Occitanie\",\"potentialAction\":[{\"@type\":\"SearchAction\",\"target\":{\"@type\":\"EntryPoint\",\"urlTemplate\":\"https:\/\/www.locansol.fr\/?s={search_term_string}\"},\"query-input\":{\"@type\":\"PropertyValueSpecification\",\"valueRequired\":true,\"valueName\":\"search_term_string\"}}],\"inLanguage\":\"ca\"},{\"@type\":\"Organization\",\"@id\":\"https:\/\/www.locansol.fr\/#organization\",\"name\":\"Location MobilHome & chalet dans les Pyr\u00e9n\u00e9es Orientales\",\"alternateName\":\"Louer un h\u00e9bergement dans les Pyr\u00e9n\u00e9es Orientales en Occitanie\",\"url\":\"https:\/\/www.locansol.fr\/\",\"logo\":{\"@type\":\"ImageObject\",\"inLanguage\":\"ca\",\"@id\":\"https:\/\/www.locansol.fr\/#\/schema\/logo\/image\/\",\"url\":\"https:\/\/www.locansol.fr\/wp-content\/uploads\/2024\/04\/AdobeStock_303324767-scaled.jpeg\",\"contentUrl\":\"https:\/\/www.locansol.fr\/wp-content\/uploads\/2024\/04\/AdobeStock_303324767-scaled.jpeg\",\"width\":2560,\"height\":1707,\"caption\":\"Location MobilHome & chalet dans les Pyr\u00e9n\u00e9es Orientales\"},\"image\":{\"@id\":\"https:\/\/www.locansol.fr\/#\/schema\/logo\/image\/\"}},{\"@type\":\"Person\",\"@id\":\"https:\/\/www.locansol.fr\/#\/schema\/person\/0b08d440f1ac44674c6d498107de351d\",\"name\":\"H\u00e9bergements Locansol\",\"image\":{\"@type\":\"ImageObject\",\"inLanguage\":\"ca\",\"@id\":\"https:\/\/www.locansol.fr\/#\/schema\/person\/image\/\",\"url\":\"https:\/\/secure.gravatar.com\/avatar\/444436b93284204f8116b6e0eb964cd3fcb811519c737232bde6dd5743c37ee5?s=96&d=mm&r=g\",\"contentUrl\":\"https:\/\/secure.gravatar.com\/avatar\/444436b93284204f8116b6e0eb964cd3fcb811519c737232bde6dd5743c37ee5?s=96&d=mm&r=g\",\"caption\":\"H\u00e9bergements Locansol\"},\"sameAs\":[\"https:\/\/www.locansol.fr\/\"],\"url\":\"https:\/\/www.locansol.fr\/ca\/author\/locansol\/\"}]}<\/script>\n<!-- \/ Yoast SEO Premium plugin. -->","yoast_head_json":{"title":"March\u00e9 local \u00e0 Font-Romeu - D\u00e9gustez le terroir pyr\u00e9n\u00e9en","description":"March\u00e9 local \u00e0 Font-Romeu : d\u00e9couvrez des produits frais et artisanaux en Pyr\u00e9n\u00e9es-Orientales. Fromages, charcuteries, confitures et plus. Une immersion dans le terroir pyr\u00e9n\u00e9en.","robots":{"index":"index","follow":"follow","max-snippet":"max-snippet:-1","max-image-preview":"max-image-preview:large","max-video-preview":"max-video-preview:-1"},"canonical":"https:\/\/www.locansol.fr\/ca\/marche-local-font-romeu-terroir\/","og_locale":"ca_ES","og_type":"article","og_title":"D\u00e9gustez le terroir pyr\u00e9n\u00e9en : march\u00e9 local \u00e0 Font-Romeu \u2014 saveurs authentiques et artisanat local","og_description":"Immergez-vous dans les saveurs du march\u00e9 local \u00e0 Font-Romeu. Fromages onctueux, charcuteries savoureuses et artisanat local. Une exp\u00e9rience authentique en Pyr\u00e9n\u00e9es-Orientales.","og_url":"https:\/\/www.locansol.fr\/ca\/marche-local-font-romeu-terroir\/","og_site_name":"Locansol, louer un h\u00e9bergement dans les Pyr\u00e9n\u00e9es Orientales","article_published_time":"2026-02-18T10:09:58+00:00","article_modified_time":"2026-02-18T10:10:09+00:00","og_image":[{"url":"https:\/\/www.locansol.fr\/wp-content\/uploads\/2026\/02\/marche-local-font-romeu-terroir.webp","type":"","width":"","height":""}],"author":"H\u00e9bergements Locansol","twitter_card":"summary_large_image","twitter_title":"D\u00e9gustez le terroir pyr\u00e9n\u00e9en au march\u00e9 local de Font-Romeu","twitter_description":"D\u00e9couvrez des produits frais et artisanaux au march\u00e9 local de Font-Romeu. Fromages, charcuteries, confitures et plus. Une immersion dans le terroir pyr\u00e9n\u00e9en.","twitter_image":"https:\/\/www.locansol.fr\/wp-content\/uploads\/2026\/02\/marche-local-font-romeu-terroir.webp","twitter_misc":{"Escrit per":"H\u00e9bergements Locansol","Temps estimat de lectura":"2 minuts"},"schema":{"@context":"https:\/\/schema.org","@graph":[{"@type":"Article","@id":"https:\/\/www.locansol.fr\/marche-local-font-romeu-terroir\/#article","isPartOf":{"@id":"https:\/\/www.locansol.fr\/marche-local-font-romeu-terroir\/"},"author":{"name":"H\u00e9bergements Locansol","@id":"https:\/\/www.locansol.fr\/#\/schema\/person\/0b08d440f1ac44674c6d498107de351d"},"headline":"March\u00e9 local \u00e0 Font-Romeu &#8211; 11 et 18 f\u00e9vrier 2026 &#8211; D\u00e9gustez le terroir pyr\u00e9n\u00e9en !","datePublished":"2026-02-18T10:09:58+00:00","dateModified":"2026-02-18T10:10:09+00:00","mainEntityOfPage":{"@id":"https:\/\/www.locansol.fr\/marche-local-font-romeu-terroir\/"},"wordCount":443,"publisher":{"@id":"https:\/\/www.locansol.fr\/#organization"},"image":{"@id":"https:\/\/www.locansol.fr\/marche-local-font-romeu-terroir\/#primaryimage"},"thumbnailUrl":"https:\/\/www.locansol.fr\/wp-content\/uploads\/2026\/02\/marche-local-font-romeu-terroir.webp","keywords":["\u00c9v\u00e8nement culturel","Manifestation commerciale","Pyr\u00e9n\u00e9es-Orientales"],"articleSection":["March\u00e9"],"inLanguage":"ca"},{"@type":"WebPage","@id":"https:\/\/www.locansol.fr\/marche-local-font-romeu-terroir\/","url":"https:\/\/www.locansol.fr\/marche-local-font-romeu-terroir\/","name":"March\u00e9 local \u00e0 Font-Romeu - D\u00e9gustez le terroir pyr\u00e9n\u00e9en","isPartOf":{"@id":"https:\/\/www.locansol.fr\/#website"},"primaryImageOfPage":{"@id":"https:\/\/www.locansol.fr\/marche-local-font-romeu-terroir\/#primaryimage"},"image":{"@id":"https:\/\/www.locansol.fr\/marche-local-font-romeu-terroir\/#primaryimage"},"thumbnailUrl":"https:\/\/www.locansol.fr\/wp-content\/uploads\/2026\/02\/marche-local-font-romeu-terroir.webp","datePublished":"2026-02-18T10:09:58+00:00","dateModified":"2026-02-18T10:10:09+00:00","description":"March\u00e9 local \u00e0 Font-Romeu : d\u00e9couvrez des produits frais et artisanaux en Pyr\u00e9n\u00e9es-Orientales. Fromages, charcuteries, confitures et plus. Une immersion dans le terroir pyr\u00e9n\u00e9en.","breadcrumb":{"@id":"https:\/\/www.locansol.fr\/marche-local-font-romeu-terroir\/#breadcrumb"},"inLanguage":"ca","potentialAction":[{"@type":"ReadAction","target":["https:\/\/www.locansol.fr\/marche-local-font-romeu-terroir\/"]}]},{"@type":"ImageObject","inLanguage":"ca","@id":"https:\/\/www.locansol.fr\/marche-local-font-romeu-terroir\/#primaryimage","url":"https:\/\/www.locansol.fr\/wp-content\/uploads\/2026\/02\/marche-local-font-romeu-terroir.webp","contentUrl":"https:\/\/www.locansol.fr\/wp-content\/uploads\/2026\/02\/marche-local-font-romeu-terroir.webp","width":500,"height":643,"caption":"March\u00e9 local \u00e0 Font-Romeu - D\u00e9gustez le terroir pyr\u00e9n\u00e9en"},{"@type":"BreadcrumbList","@id":"https:\/\/www.locansol.fr\/marche-local-font-romeu-terroir\/#breadcrumb","itemListElement":[{"@type":"ListItem","position":1,"name":"Accueil","item":"https:\/\/www.locansol.fr\/"},{"@type":"ListItem","position":2,"name":"March\u00e9 local \u00e0 Font-Romeu &#8211; 11 et 18 f\u00e9vrier 2026 &#8211; D\u00e9gustez le terroir pyr\u00e9n\u00e9en !"}]},{"@type":"WebSite","@id":"https:\/\/www.locansol.fr\/#website","url":"https:\/\/www.locansol.fr\/","name":"Locansol, louer un h\u00e9bergement dans les Pyr\u00e9n\u00e9es-Orientales","description":"Location Mobil-home Mer M\u00e9diterran\u00e9e &amp; Chalet de Montagne dans les Pyr\u00e9n\u00e9es Orientales (Occitanie, 66). Weekend, s\u00e9jour &amp; vacances en famille et entre amis.","publisher":{"@id":"https:\/\/www.locansol.fr\/#organization"},"alternateName":"Louer un h\u00e9bergement dans les Pyr\u00e9n\u00e9es Orientales, chalet & mobil-home en Occitanie","potentialAction":[{"@type":"SearchAction","target":{"@type":"EntryPoint","urlTemplate":"https:\/\/www.locansol.fr\/?s={search_term_string}"},"query-input":{"@type":"PropertyValueSpecification","valueRequired":true,"valueName":"search_term_string"}}],"inLanguage":"ca"},{"@type":"Organization","@id":"https:\/\/www.locansol.fr\/#organization","name":"Location MobilHome & chalet dans les Pyr\u00e9n\u00e9es Orientales","alternateName":"Louer un h\u00e9bergement dans les Pyr\u00e9n\u00e9es Orientales en Occitanie","url":"https:\/\/www.locansol.fr\/","logo":{"@type":"ImageObject","inLanguage":"ca","@id":"https:\/\/www.locansol.fr\/#\/schema\/logo\/image\/","url":"https:\/\/www.locansol.fr\/wp-content\/uploads\/2024\/04\/AdobeStock_303324767-scaled.jpeg","contentUrl":"https:\/\/www.locansol.fr\/wp-content\/uploads\/2024\/04\/AdobeStock_303324767-scaled.jpeg","width":2560,"height":1707,"caption":"Location MobilHome & chalet dans les Pyr\u00e9n\u00e9es Orientales"},"image":{"@id":"https:\/\/www.locansol.fr\/#\/schema\/logo\/image\/"}},{"@type":"Person","@id":"https:\/\/www.locansol.fr\/#\/schema\/person\/0b08d440f1ac44674c6d498107de351d","name":"H\u00e9bergements Locansol","image":{"@type":"ImageObject","inLanguage":"ca","@id":"https:\/\/www.locansol.fr\/#\/schema\/person\/image\/","url":"https:\/\/secure.gravatar.com\/avatar\/444436b93284204f8116b6e0eb964cd3fcb811519c737232bde6dd5743c37ee5?s=96&d=mm&r=g","contentUrl":"https:\/\/secure.gravatar.com\/avatar\/444436b93284204f8116b6e0eb964cd3fcb811519c737232bde6dd5743c37ee5?s=96&d=mm&r=g","caption":"H\u00e9bergements Locansol"},"sameAs":["https:\/\/www.locansol.fr\/"],"url":"https:\/\/www.locansol.fr\/ca\/author\/locansol\/"}]}},"_links":{"self":[{"href":"https:\/\/www.locansol.fr\/ca\/wp-json\/wp\/v2\/posts\/3662","targetHints":{"allow":["GET"]}}],"collection":[{"href":"https:\/\/www.locansol.fr\/ca\/wp-json\/wp\/v2\/posts"}],"about":[{"href":"https:\/\/www.locansol.fr\/ca\/wp-json\/wp\/v2\/types\/post"}],"author":[{"embeddable":true,"href":"https:\/\/www.locansol.fr\/ca\/wp-json\/wp\/v2\/users\/5"}],"replies":[{"embeddable":true,"href":"https:\/\/www.locansol.fr\/ca\/wp-json\/wp\/v2\/comments?post=3662"}],"version-history":[{"count":1,"href":"https:\/\/www.locansol.fr\/ca\/wp-json\/wp\/v2\/posts\/3662\/revisions"}],"predecessor-version":[{"id":3663,"href":"https:\/\/www.locansol.fr\/ca\/wp-json\/wp\/v2\/posts\/3662\/revisions\/3663"}],"wp:featuredmedia":[{"embeddable":true,"href":"https:\/\/www.locansol.fr\/ca\/wp-json\/wp\/v2\/media\/3661"}],"wp:attachment":[{"href":"https:\/\/www.locansol.fr\/ca\/wp-json\/wp\/v2\/media?parent=3662"}],"wp:term":[{"taxonomy":"category","embeddable":true,"href":"https:\/\/www.locansol.fr\/ca\/wp-json\/wp\/v2\/categories?post=3662"},{"taxonomy":"post_tag","embeddable":true,"href":"https:\/\/www.locansol.fr\/ca\/wp-json\/wp\/v2\/tags?post=3662"}],"curies":[{"name":"wp","href":"https:\/\/api.w.org\/{rel}","templated":true}]}}