{"id":3759,"date":"2026-02-21T08:02:45","date_gmt":"2026-02-21T07:02:45","guid":{"rendered":"https:\/\/www.locansol.fr\/cafe-couture-sorede-atelier\/"},"modified":"2026-02-21T08:02:50","modified_gmt":"2026-02-21T07:02:50","slug":"cafe-couture-sorede-atelier","status":"publish","type":"post","link":"https:\/\/www.locansol.fr\/ca\/cafe-couture-sorede-atelier\/","title":{"rendered":"Sor\u00e8de &#8211; 21 f\u00e9vrier 2026 : Participez au Caf\u00e9-Couture et explorez votre cr\u00e9ativit\u00e9"},"content":{"rendered":"<p>Le samedi 21 f\u00e9vrier 2026, de 9h30 \u00e0 12h00, la petite commune de Sor\u00e8de accueille la 3\u00e8me \u00e9dition du tr\u00e8s attendu \u00ab Caf\u00e9-Couture \u00bb, un \u00e9v\u00e9nement organis\u00e9 par l&rsquo;association locale \u00ab J\u2019peux pas, j\u2019ai couture ! \u00bb. Cette matin\u00e9e originale se d\u00e9roulera \u00e0 la salle des f\u00eates situ\u00e9e au 32 Rue du Moulin Cassanyes.<\/p>\n<p>Le Caf\u00e9-Couture, c&rsquo;est bien plus qu&rsquo;un atelier : il s&rsquo;agit d&rsquo;un v\u00e9ritable rendez-vous convivial, pens\u00e9 autour de la passion partag\u00e9e pour la couture. Que vous soyez un expert des aiguilles ou un simple curieux, cet \u00e9v\u00e9nement est une belle opportunit\u00e9 de se retrouver avec d&rsquo;autres amateurs du fil et du tissu, dans une ambiance chaleureuse et d\u00e9tendue.<\/p>\n<p>Au programme : un espace d&rsquo;exposition pour pr\u00e9senter fi\u00e8rement vos cr\u00e9ations, un moment d&rsquo;\u00e9change autour d&rsquo;un caf\u00e9 accompagn\u00e9 de douceurs sucr\u00e9es, mais \u00e9galement un atelier th\u00e9matique, accessible sur inscription. Cette ann\u00e9e, vous pourrez d\u00e9couvrir et apprendre \u00e0 r\u00e9aliser un biais, guid\u00e9(e) par les conseils avis\u00e9s d&rsquo;une professeure de couture exp\u00e9riment\u00e9e. L&rsquo;atelier est accessible \u00e0 tous et constitue une occasion unique d&rsquo;acqu\u00e9rir de nouvelles comp\u00e9tences ou de perfectionner vos techniques. La participation est accessible au tarif de 5 \u20ac, tandis que l&rsquo;entr\u00e9e g\u00e9n\u00e9rale pour profiter de l&rsquo;ambiance conviviale, des \u00e9changes et des expositions est fix\u00e9e \u00e0 seulement 2 \u20ac.<\/p>\n<p>Profitez de cette matin\u00e9e pour faire de belles rencontres, partager vos astuces, et pourquoi pas repartir avec des id\u00e9es et projets plein la t\u00eate. Petit plus non n\u00e9gligeable : le cadre pittoresque de Sor\u00e8de entre mer et montagne saura rendre cette exp\u00e9rience encore plus agr\u00e9able.<\/p>\n<p>Ne laissez pas passer l&rsquo;occasion de d\u00e9couvrir une facette cr\u00e9ative et ludique du savoir-faire artisanal tout en passant un moment convivial ! Rejoignez le Caf\u00e9-Couture pour un samedi sous le signe de la cr\u00e9ativit\u00e9 et du partage.<\/p>\n<h3>Informaci\u00f3 pr\u00e0ctica<\/h3>\n<p>\ud83d\udcc5 QUAND ? Samedi 21 f\u00e9vrier 2026 de 9h30 \u00e0 12h00<br \/>\ud83d\udccd O\u00d9 ? 32 Rue du Moulin Cassanyes, Sor\u00e8de<br \/>\ud83d\udcb6 COMBIEN ? De 2,00 \u20ac \u00e0 5,00 \u20ac<\/p>","protected":false},"excerpt":{"rendered":"<p>Un rendez-vous chaleureux et cr\u00e9atif \u00e0 Sor\u00e8de pour tous les amateurs de couture, d\u00e9butants ou confirm\u00e9s, avec caf\u00e9, sucreries et atelier de cr\u00e9ation.<\/p>","protected":false},"author":5,"featured_media":3758,"comment_status":"closed","ping_status":"open","sticky":false,"template":"","format":"standard","meta":{"_yoast_wpseo_focuskw":"Caf\u00e9-Couture Sor\u00e8de atelier","_yoast_wpseo_title":"Caf\u00e9-Couture Sor\u00e8de : Lib\u00e9rez votre cr\u00e9ativit\u00e9 en couture","_yoast_wpseo_metadesc":"Caf\u00e9-Couture Sor\u00e8de : Rejoignez cet atelier convivial pour apprendre \u00e0 coudre un biais et partager votre passion. Tarif d\u00e8s 2\u20ac. Pyr\u00e9n\u00e9es-Orientales.","_yoast_wpseo_canonical":"","_yoast_wpseo_opengraph-title":"Savourez la cr\u00e9ativit\u00e9 : Caf\u00e9-Couture \u00e0 Sor\u00e8de \u2014 Un atelier couture unique","_yoast_wpseo_opengraph-description":"Imaginez une matin\u00e9e remplie de cr\u00e9ativit\u00e9 et de partage autour de la couture. Rejoignez le Caf\u00e9-Couture \u00e0 Sor\u00e8de et apprenez \u00e0 r\u00e9aliser un biais avec des experts.","_yoast_wpseo_opengraph-image":"https:\/\/www.locansol.fr\/wp-content\/uploads\/2026\/02\/cafe-couture-sorede-atelier.webp","_yoast_wpseo_opengraph-image-id":"","_yoast_wpseo_twitter-title":"Caf\u00e9-Couture \u00e0 Sor\u00e8de : Lib\u00e9rez votre cr\u00e9ativit\u00e9 !","_yoast_wpseo_twitter-description":"Rejoignez le Caf\u00e9-Couture \u00e0 Sor\u00e8de pour une matin\u00e9e de cr\u00e9ativit\u00e9, de partage et d'apprentissage autour de la couture. Tarif d\u00e8s 2\u20ac.","_yoast_wpseo_twitter-image":"https:\/\/www.locansol.fr\/wp-content\/uploads\/2026\/02\/cafe-couture-sorede-atelier.webp","_yoast_wpseo_twitter-image-id":"","yoast_primary_category":"Stage \/ Atelier","footnotes":""},"categories":[62],"tags":[67,76],"class_list":["post-3759","post","type-post","status-publish","format-standard","has-post-thumbnail","hentry","category-stage-atelier","tag-loisirs","tag-pyrenees-orientales"],"yoast_head":"<!-- This site is optimized with the Yoast SEO Premium plugin v23.3 (Yoast SEO v26.9) - https:\/\/yoast.com\/product\/yoast-seo-premium-wordpress\/ -->\n<title>Caf\u00e9-Couture Sor\u00e8de : Lib\u00e9rez votre cr\u00e9ativit\u00e9 en couture<\/title>\n<meta name=\"description\" content=\"Caf\u00e9-Couture Sor\u00e8de : Rejoignez cet atelier convivial pour apprendre \u00e0 coudre un biais et partager votre passion. Tarif d\u00e8s 2\u20ac. Pyr\u00e9n\u00e9es-Orientales.\" \/>\n<meta name=\"robots\" content=\"index, follow, max-snippet:-1, max-image-preview:large, max-video-preview:-1\" \/>\n<link rel=\"canonical\" href=\"https:\/\/www.locansol.fr\/ca\/cafe-couture-sorede-atelier\/\" \/>\n<meta property=\"og:locale\" content=\"ca_ES\" \/>\n<meta property=\"og:type\" content=\"article\" \/>\n<meta property=\"og:title\" content=\"Savourez la cr\u00e9ativit\u00e9 : Caf\u00e9-Couture \u00e0 Sor\u00e8de \u2014 Un atelier couture unique\" \/>\n<meta property=\"og:description\" content=\"Imaginez une matin\u00e9e remplie de cr\u00e9ativit\u00e9 et de partage autour de la couture. Rejoignez le Caf\u00e9-Couture \u00e0 Sor\u00e8de et apprenez \u00e0 r\u00e9aliser un biais avec des experts.\" \/>\n<meta property=\"og:url\" content=\"https:\/\/www.locansol.fr\/ca\/cafe-couture-sorede-atelier\/\" \/>\n<meta property=\"og:site_name\" content=\"Locansol, louer un h\u00e9bergement dans les Pyr\u00e9n\u00e9es Orientales\" \/>\n<meta property=\"article:published_time\" content=\"2026-02-21T07:02:45+00:00\" \/>\n<meta property=\"article:modified_time\" content=\"2026-02-21T07:02:50+00:00\" \/>\n<meta property=\"og:image\" content=\"https:\/\/www.locansol.fr\/wp-content\/uploads\/2026\/02\/cafe-couture-sorede-atelier.webp\" \/>\n<meta name=\"author\" content=\"H\u00e9bergements Locansol\" \/>\n<meta name=\"twitter:card\" content=\"summary_large_image\" \/>\n<meta name=\"twitter:title\" content=\"Caf\u00e9-Couture \u00e0 Sor\u00e8de : Lib\u00e9rez votre cr\u00e9ativit\u00e9 !\" \/>\n<meta name=\"twitter:description\" content=\"Rejoignez le Caf\u00e9-Couture \u00e0 Sor\u00e8de pour une matin\u00e9e de cr\u00e9ativit\u00e9, de partage et d&#039;apprentissage autour de la couture. Tarif d\u00e8s 2\u20ac.\" \/>\n<meta name=\"twitter:image\" content=\"https:\/\/www.locansol.fr\/wp-content\/uploads\/2026\/02\/cafe-couture-sorede-atelier.webp\" \/>\n<meta name=\"twitter:label1\" content=\"Escrit per\" \/>\n\t<meta name=\"twitter:data1\" content=\"H\u00e9bergements Locansol\" \/>\n\t<meta name=\"twitter:label2\" content=\"Temps estimat de lectura\" \/>\n\t<meta name=\"twitter:data2\" content=\"2 minuts\" \/>\n<script type=\"application\/ld+json\" class=\"yoast-schema-graph\">{\"@context\":\"https:\/\/schema.org\",\"@graph\":[{\"@type\":\"Article\",\"@id\":\"https:\/\/www.locansol.fr\/cafe-couture-sorede-atelier\/#article\",\"isPartOf\":{\"@id\":\"https:\/\/www.locansol.fr\/cafe-couture-sorede-atelier\/\"},\"author\":{\"name\":\"H\u00e9bergements Locansol\",\"@id\":\"https:\/\/www.locansol.fr\/#\/schema\/person\/0b08d440f1ac44674c6d498107de351d\"},\"headline\":\"Sor\u00e8de &#8211; 21 f\u00e9vrier 2026 : Participez au Caf\u00e9-Couture et explorez votre cr\u00e9ativit\u00e9\",\"datePublished\":\"2026-02-21T07:02:45+00:00\",\"dateModified\":\"2026-02-21T07:02:50+00:00\",\"mainEntityOfPage\":{\"@id\":\"https:\/\/www.locansol.fr\/cafe-couture-sorede-atelier\/\"},\"wordCount\":362,\"publisher\":{\"@id\":\"https:\/\/www.locansol.fr\/#organization\"},\"image\":{\"@id\":\"https:\/\/www.locansol.fr\/cafe-couture-sorede-atelier\/#primaryimage\"},\"thumbnailUrl\":\"https:\/\/www.locansol.fr\/wp-content\/uploads\/2026\/02\/cafe-couture-sorede-atelier.webp\",\"keywords\":[\"Loisirs\",\"Pyr\u00e9n\u00e9es-Orientales\"],\"articleSection\":[\"Stage \/ Atelier\"],\"inLanguage\":\"ca\"},{\"@type\":\"WebPage\",\"@id\":\"https:\/\/www.locansol.fr\/cafe-couture-sorede-atelier\/\",\"url\":\"https:\/\/www.locansol.fr\/cafe-couture-sorede-atelier\/\",\"name\":\"Caf\u00e9-Couture Sor\u00e8de : Lib\u00e9rez votre cr\u00e9ativit\u00e9 en couture\",\"isPartOf\":{\"@id\":\"https:\/\/www.locansol.fr\/#website\"},\"primaryImageOfPage\":{\"@id\":\"https:\/\/www.locansol.fr\/cafe-couture-sorede-atelier\/#primaryimage\"},\"image\":{\"@id\":\"https:\/\/www.locansol.fr\/cafe-couture-sorede-atelier\/#primaryimage\"},\"thumbnailUrl\":\"https:\/\/www.locansol.fr\/wp-content\/uploads\/2026\/02\/cafe-couture-sorede-atelier.webp\",\"datePublished\":\"2026-02-21T07:02:45+00:00\",\"dateModified\":\"2026-02-21T07:02:50+00:00\",\"description\":\"Caf\u00e9-Couture Sor\u00e8de : Rejoignez cet atelier convivial pour apprendre \u00e0 coudre un biais et partager votre passion. Tarif d\u00e8s 2\u20ac. Pyr\u00e9n\u00e9es-Orientales.\",\"breadcrumb\":{\"@id\":\"https:\/\/www.locansol.fr\/cafe-couture-sorede-atelier\/#breadcrumb\"},\"inLanguage\":\"ca\",\"potentialAction\":[{\"@type\":\"ReadAction\",\"target\":[\"https:\/\/www.locansol.fr\/cafe-couture-sorede-atelier\/\"]}]},{\"@type\":\"ImageObject\",\"inLanguage\":\"ca\",\"@id\":\"https:\/\/www.locansol.fr\/cafe-couture-sorede-atelier\/#primaryimage\",\"url\":\"https:\/\/www.locansol.fr\/wp-content\/uploads\/2026\/02\/cafe-couture-sorede-atelier.webp\",\"contentUrl\":\"https:\/\/www.locansol.fr\/wp-content\/uploads\/2026\/02\/cafe-couture-sorede-atelier.webp\",\"width\":1920,\"height\":1282,\"caption\":\"Caf\u00e9-Couture Sor\u00e8de : Lib\u00e9rez votre cr\u00e9ativit\u00e9 en couture\"},{\"@type\":\"BreadcrumbList\",\"@id\":\"https:\/\/www.locansol.fr\/cafe-couture-sorede-atelier\/#breadcrumb\",\"itemListElement\":[{\"@type\":\"ListItem\",\"position\":1,\"name\":\"Accueil\",\"item\":\"https:\/\/www.locansol.fr\/\"},{\"@type\":\"ListItem\",\"position\":2,\"name\":\"Sor\u00e8de &#8211; 21 f\u00e9vrier 2026 : Participez au Caf\u00e9-Couture et explorez votre cr\u00e9ativit\u00e9\"}]},{\"@type\":\"WebSite\",\"@id\":\"https:\/\/www.locansol.fr\/#website\",\"url\":\"https:\/\/www.locansol.fr\/\",\"name\":\"Locansol, louer un h\u00e9bergement dans les Pyr\u00e9n\u00e9es-Orientales\",\"description\":\"Location Mobil-home Mer M\u00e9diterran\u00e9e &amp; Chalet de Montagne dans les Pyr\u00e9n\u00e9es Orientales (Occitanie, 66). Weekend, s\u00e9jour &amp; vacances en famille et entre amis.\",\"publisher\":{\"@id\":\"https:\/\/www.locansol.fr\/#organization\"},\"alternateName\":\"Louer un h\u00e9bergement dans les Pyr\u00e9n\u00e9es Orientales, chalet & mobil-home en Occitanie\",\"potentialAction\":[{\"@type\":\"SearchAction\",\"target\":{\"@type\":\"EntryPoint\",\"urlTemplate\":\"https:\/\/www.locansol.fr\/?s={search_term_string}\"},\"query-input\":{\"@type\":\"PropertyValueSpecification\",\"valueRequired\":true,\"valueName\":\"search_term_string\"}}],\"inLanguage\":\"ca\"},{\"@type\":\"Organization\",\"@id\":\"https:\/\/www.locansol.fr\/#organization\",\"name\":\"Location MobilHome & chalet dans les Pyr\u00e9n\u00e9es Orientales\",\"alternateName\":\"Louer un h\u00e9bergement dans les Pyr\u00e9n\u00e9es Orientales en Occitanie\",\"url\":\"https:\/\/www.locansol.fr\/\",\"logo\":{\"@type\":\"ImageObject\",\"inLanguage\":\"ca\",\"@id\":\"https:\/\/www.locansol.fr\/#\/schema\/logo\/image\/\",\"url\":\"https:\/\/www.locansol.fr\/wp-content\/uploads\/2024\/04\/AdobeStock_303324767-scaled.jpeg\",\"contentUrl\":\"https:\/\/www.locansol.fr\/wp-content\/uploads\/2024\/04\/AdobeStock_303324767-scaled.jpeg\",\"width\":2560,\"height\":1707,\"caption\":\"Location MobilHome & chalet dans les Pyr\u00e9n\u00e9es Orientales\"},\"image\":{\"@id\":\"https:\/\/www.locansol.fr\/#\/schema\/logo\/image\/\"}},{\"@type\":\"Person\",\"@id\":\"https:\/\/www.locansol.fr\/#\/schema\/person\/0b08d440f1ac44674c6d498107de351d\",\"name\":\"H\u00e9bergements Locansol\",\"image\":{\"@type\":\"ImageObject\",\"inLanguage\":\"ca\",\"@id\":\"https:\/\/www.locansol.fr\/#\/schema\/person\/image\/\",\"url\":\"https:\/\/secure.gravatar.com\/avatar\/444436b93284204f8116b6e0eb964cd3fcb811519c737232bde6dd5743c37ee5?s=96&d=mm&r=g\",\"contentUrl\":\"https:\/\/secure.gravatar.com\/avatar\/444436b93284204f8116b6e0eb964cd3fcb811519c737232bde6dd5743c37ee5?s=96&d=mm&r=g\",\"caption\":\"H\u00e9bergements Locansol\"},\"sameAs\":[\"https:\/\/www.locansol.fr\/\"],\"url\":\"https:\/\/www.locansol.fr\/ca\/author\/locansol\/\"}]}<\/script>\n<!-- \/ Yoast SEO Premium plugin. -->","yoast_head_json":{"title":"Caf\u00e9-Couture Sor\u00e8de : Lib\u00e9rez votre cr\u00e9ativit\u00e9 en couture","description":"Caf\u00e9-Couture Sor\u00e8de : Rejoignez cet atelier convivial pour apprendre \u00e0 coudre un biais et partager votre passion. Tarif d\u00e8s 2\u20ac. Pyr\u00e9n\u00e9es-Orientales.","robots":{"index":"index","follow":"follow","max-snippet":"max-snippet:-1","max-image-preview":"max-image-preview:large","max-video-preview":"max-video-preview:-1"},"canonical":"https:\/\/www.locansol.fr\/ca\/cafe-couture-sorede-atelier\/","og_locale":"ca_ES","og_type":"article","og_title":"Savourez la cr\u00e9ativit\u00e9 : Caf\u00e9-Couture \u00e0 Sor\u00e8de \u2014 Un atelier couture unique","og_description":"Imaginez une matin\u00e9e remplie de cr\u00e9ativit\u00e9 et de partage autour de la couture. Rejoignez le Caf\u00e9-Couture \u00e0 Sor\u00e8de et apprenez \u00e0 r\u00e9aliser un biais avec des experts.","og_url":"https:\/\/www.locansol.fr\/ca\/cafe-couture-sorede-atelier\/","og_site_name":"Locansol, louer un h\u00e9bergement dans les Pyr\u00e9n\u00e9es Orientales","article_published_time":"2026-02-21T07:02:45+00:00","article_modified_time":"2026-02-21T07:02:50+00:00","og_image":[{"url":"https:\/\/www.locansol.fr\/wp-content\/uploads\/2026\/02\/cafe-couture-sorede-atelier.webp","type":"","width":"","height":""}],"author":"H\u00e9bergements Locansol","twitter_card":"summary_large_image","twitter_title":"Caf\u00e9-Couture \u00e0 Sor\u00e8de : Lib\u00e9rez votre cr\u00e9ativit\u00e9 !","twitter_description":"Rejoignez le Caf\u00e9-Couture \u00e0 Sor\u00e8de pour une matin\u00e9e de cr\u00e9ativit\u00e9, de partage et d'apprentissage autour de la couture. Tarif d\u00e8s 2\u20ac.","twitter_image":"https:\/\/www.locansol.fr\/wp-content\/uploads\/2026\/02\/cafe-couture-sorede-atelier.webp","twitter_misc":{"Escrit per":"H\u00e9bergements Locansol","Temps estimat de lectura":"2 minuts"},"schema":{"@context":"https:\/\/schema.org","@graph":[{"@type":"Article","@id":"https:\/\/www.locansol.fr\/cafe-couture-sorede-atelier\/#article","isPartOf":{"@id":"https:\/\/www.locansol.fr\/cafe-couture-sorede-atelier\/"},"author":{"name":"H\u00e9bergements Locansol","@id":"https:\/\/www.locansol.fr\/#\/schema\/person\/0b08d440f1ac44674c6d498107de351d"},"headline":"Sor\u00e8de &#8211; 21 f\u00e9vrier 2026 : Participez au Caf\u00e9-Couture et explorez votre cr\u00e9ativit\u00e9","datePublished":"2026-02-21T07:02:45+00:00","dateModified":"2026-02-21T07:02:50+00:00","mainEntityOfPage":{"@id":"https:\/\/www.locansol.fr\/cafe-couture-sorede-atelier\/"},"wordCount":362,"publisher":{"@id":"https:\/\/www.locansol.fr\/#organization"},"image":{"@id":"https:\/\/www.locansol.fr\/cafe-couture-sorede-atelier\/#primaryimage"},"thumbnailUrl":"https:\/\/www.locansol.fr\/wp-content\/uploads\/2026\/02\/cafe-couture-sorede-atelier.webp","keywords":["Loisirs","Pyr\u00e9n\u00e9es-Orientales"],"articleSection":["Stage \/ Atelier"],"inLanguage":"ca"},{"@type":"WebPage","@id":"https:\/\/www.locansol.fr\/cafe-couture-sorede-atelier\/","url":"https:\/\/www.locansol.fr\/cafe-couture-sorede-atelier\/","name":"Caf\u00e9-Couture Sor\u00e8de : Lib\u00e9rez votre cr\u00e9ativit\u00e9 en couture","isPartOf":{"@id":"https:\/\/www.locansol.fr\/#website"},"primaryImageOfPage":{"@id":"https:\/\/www.locansol.fr\/cafe-couture-sorede-atelier\/#primaryimage"},"image":{"@id":"https:\/\/www.locansol.fr\/cafe-couture-sorede-atelier\/#primaryimage"},"thumbnailUrl":"https:\/\/www.locansol.fr\/wp-content\/uploads\/2026\/02\/cafe-couture-sorede-atelier.webp","datePublished":"2026-02-21T07:02:45+00:00","dateModified":"2026-02-21T07:02:50+00:00","description":"Caf\u00e9-Couture Sor\u00e8de : Rejoignez cet atelier convivial pour apprendre \u00e0 coudre un biais et partager votre passion. Tarif d\u00e8s 2\u20ac. Pyr\u00e9n\u00e9es-Orientales.","breadcrumb":{"@id":"https:\/\/www.locansol.fr\/cafe-couture-sorede-atelier\/#breadcrumb"},"inLanguage":"ca","potentialAction":[{"@type":"ReadAction","target":["https:\/\/www.locansol.fr\/cafe-couture-sorede-atelier\/"]}]},{"@type":"ImageObject","inLanguage":"ca","@id":"https:\/\/www.locansol.fr\/cafe-couture-sorede-atelier\/#primaryimage","url":"https:\/\/www.locansol.fr\/wp-content\/uploads\/2026\/02\/cafe-couture-sorede-atelier.webp","contentUrl":"https:\/\/www.locansol.fr\/wp-content\/uploads\/2026\/02\/cafe-couture-sorede-atelier.webp","width":1920,"height":1282,"caption":"Caf\u00e9-Couture Sor\u00e8de : Lib\u00e9rez votre cr\u00e9ativit\u00e9 en couture"},{"@type":"BreadcrumbList","@id":"https:\/\/www.locansol.fr\/cafe-couture-sorede-atelier\/#breadcrumb","itemListElement":[{"@type":"ListItem","position":1,"name":"Accueil","item":"https:\/\/www.locansol.fr\/"},{"@type":"ListItem","position":2,"name":"Sor\u00e8de &#8211; 21 f\u00e9vrier 2026 : Participez au Caf\u00e9-Couture et explorez votre cr\u00e9ativit\u00e9"}]},{"@type":"WebSite","@id":"https:\/\/www.locansol.fr\/#website","url":"https:\/\/www.locansol.fr\/","name":"Locansol, louer un h\u00e9bergement dans les Pyr\u00e9n\u00e9es-Orientales","description":"Location Mobil-home Mer M\u00e9diterran\u00e9e &amp; Chalet de Montagne dans les Pyr\u00e9n\u00e9es Orientales (Occitanie, 66). Weekend, s\u00e9jour &amp; vacances en famille et entre amis.","publisher":{"@id":"https:\/\/www.locansol.fr\/#organization"},"alternateName":"Louer un h\u00e9bergement dans les Pyr\u00e9n\u00e9es Orientales, chalet & mobil-home en Occitanie","potentialAction":[{"@type":"SearchAction","target":{"@type":"EntryPoint","urlTemplate":"https:\/\/www.locansol.fr\/?s={search_term_string}"},"query-input":{"@type":"PropertyValueSpecification","valueRequired":true,"valueName":"search_term_string"}}],"inLanguage":"ca"},{"@type":"Organization","@id":"https:\/\/www.locansol.fr\/#organization","name":"Location MobilHome & chalet dans les Pyr\u00e9n\u00e9es Orientales","alternateName":"Louer un h\u00e9bergement dans les Pyr\u00e9n\u00e9es Orientales en Occitanie","url":"https:\/\/www.locansol.fr\/","logo":{"@type":"ImageObject","inLanguage":"ca","@id":"https:\/\/www.locansol.fr\/#\/schema\/logo\/image\/","url":"https:\/\/www.locansol.fr\/wp-content\/uploads\/2024\/04\/AdobeStock_303324767-scaled.jpeg","contentUrl":"https:\/\/www.locansol.fr\/wp-content\/uploads\/2024\/04\/AdobeStock_303324767-scaled.jpeg","width":2560,"height":1707,"caption":"Location MobilHome & chalet dans les Pyr\u00e9n\u00e9es Orientales"},"image":{"@id":"https:\/\/www.locansol.fr\/#\/schema\/logo\/image\/"}},{"@type":"Person","@id":"https:\/\/www.locansol.fr\/#\/schema\/person\/0b08d440f1ac44674c6d498107de351d","name":"H\u00e9bergements Locansol","image":{"@type":"ImageObject","inLanguage":"ca","@id":"https:\/\/www.locansol.fr\/#\/schema\/person\/image\/","url":"https:\/\/secure.gravatar.com\/avatar\/444436b93284204f8116b6e0eb964cd3fcb811519c737232bde6dd5743c37ee5?s=96&d=mm&r=g","contentUrl":"https:\/\/secure.gravatar.com\/avatar\/444436b93284204f8116b6e0eb964cd3fcb811519c737232bde6dd5743c37ee5?s=96&d=mm&r=g","caption":"H\u00e9bergements Locansol"},"sameAs":["https:\/\/www.locansol.fr\/"],"url":"https:\/\/www.locansol.fr\/ca\/author\/locansol\/"}]}},"_links":{"self":[{"href":"https:\/\/www.locansol.fr\/ca\/wp-json\/wp\/v2\/posts\/3759","targetHints":{"allow":["GET"]}}],"collection":[{"href":"https:\/\/www.locansol.fr\/ca\/wp-json\/wp\/v2\/posts"}],"about":[{"href":"https:\/\/www.locansol.fr\/ca\/wp-json\/wp\/v2\/types\/post"}],"author":[{"embeddable":true,"href":"https:\/\/www.locansol.fr\/ca\/wp-json\/wp\/v2\/users\/5"}],"replies":[{"embeddable":true,"href":"https:\/\/www.locansol.fr\/ca\/wp-json\/wp\/v2\/comments?post=3759"}],"version-history":[{"count":1,"href":"https:\/\/www.locansol.fr\/ca\/wp-json\/wp\/v2\/posts\/3759\/revisions"}],"predecessor-version":[{"id":3760,"href":"https:\/\/www.locansol.fr\/ca\/wp-json\/wp\/v2\/posts\/3759\/revisions\/3760"}],"wp:featuredmedia":[{"embeddable":true,"href":"https:\/\/www.locansol.fr\/ca\/wp-json\/wp\/v2\/media\/3758"}],"wp:attachment":[{"href":"https:\/\/www.locansol.fr\/ca\/wp-json\/wp\/v2\/media?parent=3759"}],"wp:term":[{"taxonomy":"category","embeddable":true,"href":"https:\/\/www.locansol.fr\/ca\/wp-json\/wp\/v2\/categories?post=3759"},{"taxonomy":"post_tag","embeddable":true,"href":"https:\/\/www.locansol.fr\/ca\/wp-json\/wp\/v2\/tags?post=3759"}],"curies":[{"name":"wp","href":"https:\/\/api.w.org\/{rel}","templated":true}]}}