{"id":3900,"date":"2026-02-22T20:13:29","date_gmt":"2026-02-22T19:13:29","guid":{"rendered":"https:\/\/www.locansol.fr\/vacances-hiver-musee-tautavel-2\/"},"modified":"2026-02-22T20:13:32","modified_gmt":"2026-02-22T19:13:32","slug":"vacances-hiver-musee-tautavel-2","status":"publish","type":"post","link":"https:\/\/www.locansol.fr\/ca\/vacances-hiver-musee-tautavel-2\/","title":{"rendered":"Vacances d&rsquo;hiver au Mus\u00e9e de Pr\u00e9histoire de Tautavel (21 f\u00e9vrier &#8211; 6 mars) : Immersion dans l&rsquo;histoire et la science"},"content":{"rendered":"<p>Les vacances d\u2019hiver 2026 s\u2019annoncent enrichissantes et captivantes pour les amateurs de d\u00e9couverte, les curieux de tous \u00e2ges et ceux d\u00e9sireux de s\u2019immerger dans l\u2019Histoire. Le Mus\u00e9e de Pr\u00e9histoire de Tautavel, nich\u00e9 au c\u0153ur des Pyr\u00e9n\u00e9es-Orientales, vous ouvre ses portes du 21 f\u00e9vrier au 6 mars pour un programme vari\u00e9 et passionnant.<\/p>\n<p>Prenez la direction de Tautavel, sur l\u2019Avenue L\u00e9on Jean Gr\u00e9gory, pour explorer un site d\u2019exception consacr\u00e9 \u00e0 l\u2019histoire de l\u2019humanit\u00e9. Durant cette p\u00e9riode, des activit\u00e9s ludiques et p\u00e9dagogiques sont pr\u00e9vues pour tous : stages, ateliers immersifs, visites guid\u00e9es et d\u00e9bats instructifs pour enrichir vos connaissances en pr\u00e9histoire, g\u00e9ologie, et patrimoine local. Une v\u00e9ritable opportunit\u00e9 pour les enfants de profiter de moments \u00e9ducatifs dans un cadre qui les transporte des milliers d\u2019ann\u00e9es en arri\u00e8re, tout en s\u2019amusant entre ateliers interactifs et histoires captivantes.<\/p>\n<p>L\u2019ambiance conviviale et \u00e9ducative s\u00e9duira les familles. Des professionnels passionn\u00e9s partageront leur savoir et leur enthousiasme pour faire d\u00e9couvrir les tr\u00e9sors de la Pr\u00e9histoire. Que ce soit en famille, entre amis ou en solitaire, chacun trouvera une activit\u00e9 qui lui correspond, que ce soit une conf\u00e9rence fascinante o\u00f9 les grandes questions sur l\u2019\u00e9volution humaine seront discut\u00e9es, ou un atelier pratique qui permettra de comprendre, par exemple, les techniques de taille de silex ou d\u2019allumage du feu comme le faisaient nos anc\u00eatres.<\/p>\n<p>Le mus\u00e9e propose \u00e9galement des activit\u00e9s adapt\u00e9es aux enfants pour \u00e9veiller leur imagination et leur curiosit\u00e9 scientifique. Ces activit\u00e9s pourraient bien faire na\u00eetre des vocations pour la science ou l\u2019arch\u00e9ologie ! Ce rendez-vous est une mani\u00e8re id\u00e9ale de combiner loisirs et apprentissage dans une r\u00e9gion au riche patrimoine.<\/p>\n<p>\ud83d\udcc5 Blotti au c\u0153ur des paysages \u00e9tonnants des Pyr\u00e9n\u00e9es-Orientales, le Mus\u00e9e de Pr\u00e9histoire de Tautavel est pr\u00eat \u00e0 vous accueillir et \u00e0 vous faire vivre une exp\u00e9rience inoubliable pendant les vacances d\u2019hiver. Avec un tarif d\u2019entr\u00e9e fix\u00e9 \u00e0 8 euros pour les adultes, c\u2019est une occasion \u00e0 ne pas manquer pour s\u2019immerger dans la richesse de notre pass\u00e9 et dans l\u2019incomparable atmosph\u00e8re d\u2019un village ancr\u00e9 dans son histoire.<\/p>\n<p>Que vous soyez r\u00e9sident de la r\u00e9gion ou en vacances dans le sud de la France, ne manquez pas ces deux semaines d\u2019activit\u00e9s pour un voyage exceptionnel dans le temps et l\u2019imaginaire. Alors, pr\u00eat \u00e0 remonter 450 000 ans en arri\u00e8re pour un moment unique \u00e0 la fois ludique et enrichissant ?<\/p>\n<h3>Informaci\u00f3 pr\u00e0ctica<\/h3>\n<p>\ud83d\udcc5 QUAND ? Du 21 f\u00e9vrier au 6 mars<br \/>\ud83d\udccd O\u00d9 ? Avenue L\u00e9on Jean Gr\u00e9gory, Tautavel<br \/>\ud83d\udcb6 COMBIEN ? Plein tarif : 8,00 \u20ac<\/p>","protected":false},"excerpt":{"rendered":"<p>Embarquez pour un vrai voyage dans le temps au Mus\u00e9e de Pr\u00e9histoire de Tautavel, du 21 f\u00e9vrier au 6 mars, avec des ateliers, visites et activit\u00e9s captivants pour toute la famille.<\/p>","protected":false},"author":5,"featured_media":3899,"comment_status":"closed","ping_status":"open","sticky":false,"template":"","format":"standard","meta":{"_yoast_wpseo_focuskw":"Vacances hiver Mus\u00e9e Tautavel","_yoast_wpseo_title":"Vacances d'hiver Mus\u00e9e Pr\u00e9histoire Tautavel - Activit\u00e9s familiales","_yoast_wpseo_metadesc":"Vacances d'hiver Mus\u00e9e Pr\u00e9histoire Tautavel. D\u00e9couvrez des activit\u00e9s ludiques et p\u00e9dagogiques pour toute la famille dans les Pyr\u00e9n\u00e9es-Orientales. Ateliers immersifs, visites guid\u00e9es et d\u00e9bats instructifs.","_yoast_wpseo_canonical":"","_yoast_wpseo_opengraph-title":"Voyagez dans le temps : Vacances d'hiver \u00e0 Tautavel \u2014 D\u00e9couverte pr\u00e9historique","_yoast_wpseo_opengraph-description":"Imaginez-vous marchant aux c\u00f4t\u00e9s des premiers humains. Les vacances d'hiver \u00e0 Tautavel offrent une immersion unique dans la pr\u00e9histoire avec des ateliers et des visites pour toute la famille.","_yoast_wpseo_opengraph-image":"https:\/\/www.locansol.fr\/wp-content\/uploads\/2026\/02\/vacances-hiver-musee-tautavel-1.webp","_yoast_wpseo_opengraph-image-id":"","_yoast_wpseo_twitter-title":"Vacances d'hiver \u00e0 Tautavel : d\u00e9couvrez la pr\u00e9histoire en famille !","_yoast_wpseo_twitter-description":"Passez des vacances inoubliables au Mus\u00e9e de Pr\u00e9histoire de Tautavel. Ateliers, visites et d\u00e9couvertes pour toute la famille. Pyr\u00e9n\u00e9es-Orientales.","_yoast_wpseo_twitter-image":"https:\/\/www.locansol.fr\/wp-content\/uploads\/2026\/02\/vacances-hiver-musee-tautavel-1.webp","_yoast_wpseo_twitter-image-id":"","yoast_primary_category":"Carnaval","footnotes":""},"categories":[42],"tags":[67,76],"class_list":["post-3900","post","type-post","status-publish","format-standard","has-post-thumbnail","hentry","category-excursion","tag-loisirs","tag-pyrenees-orientales"],"yoast_head":"<!-- This site is optimized with the Yoast SEO Premium plugin v23.3 (Yoast SEO v26.9) - https:\/\/yoast.com\/product\/yoast-seo-premium-wordpress\/ -->\n<title>Vacances d&#039;hiver Mus\u00e9e Pr\u00e9histoire Tautavel - Activit\u00e9s familiales<\/title>\n<meta name=\"description\" content=\"Vacances d&#039;hiver Mus\u00e9e Pr\u00e9histoire Tautavel. D\u00e9couvrez des activit\u00e9s ludiques et p\u00e9dagogiques pour toute la famille dans les Pyr\u00e9n\u00e9es-Orientales. Ateliers immersifs, visites guid\u00e9es et d\u00e9bats instructifs.\" \/>\n<meta name=\"robots\" content=\"index, follow, max-snippet:-1, max-image-preview:large, max-video-preview:-1\" \/>\n<link rel=\"canonical\" href=\"https:\/\/www.locansol.fr\/ca\/vacances-hiver-musee-tautavel-2\/\" \/>\n<meta property=\"og:locale\" content=\"ca_ES\" \/>\n<meta property=\"og:type\" content=\"article\" \/>\n<meta property=\"og:title\" content=\"Voyagez dans le temps : Vacances d&#039;hiver \u00e0 Tautavel \u2014 D\u00e9couverte pr\u00e9historique\" \/>\n<meta property=\"og:description\" content=\"Imaginez-vous marchant aux c\u00f4t\u00e9s des premiers humains. Les vacances d&#039;hiver \u00e0 Tautavel offrent une immersion unique dans la pr\u00e9histoire avec des ateliers et des visites pour toute la famille.\" \/>\n<meta property=\"og:url\" content=\"https:\/\/www.locansol.fr\/ca\/vacances-hiver-musee-tautavel-2\/\" \/>\n<meta property=\"og:site_name\" content=\"Locansol, louer un h\u00e9bergement dans les Pyr\u00e9n\u00e9es Orientales\" \/>\n<meta property=\"article:published_time\" content=\"2026-02-22T19:13:29+00:00\" \/>\n<meta property=\"article:modified_time\" content=\"2026-02-22T19:13:32+00:00\" \/>\n<meta property=\"og:image\" content=\"https:\/\/www.locansol.fr\/wp-content\/uploads\/2026\/02\/vacances-hiver-musee-tautavel-1.webp\" \/>\n<meta name=\"author\" content=\"H\u00e9bergements Locansol\" \/>\n<meta name=\"twitter:card\" content=\"summary_large_image\" \/>\n<meta name=\"twitter:title\" content=\"Vacances d&#039;hiver \u00e0 Tautavel : d\u00e9couvrez la pr\u00e9histoire en famille !\" \/>\n<meta name=\"twitter:description\" content=\"Passez des vacances inoubliables au Mus\u00e9e de Pr\u00e9histoire de Tautavel. Ateliers, visites et d\u00e9couvertes pour toute la famille. Pyr\u00e9n\u00e9es-Orientales.\" \/>\n<meta name=\"twitter:image\" content=\"https:\/\/www.locansol.fr\/wp-content\/uploads\/2026\/02\/vacances-hiver-musee-tautavel-1.webp\" \/>\n<meta name=\"twitter:label1\" content=\"Escrit per\" \/>\n\t<meta name=\"twitter:data1\" content=\"H\u00e9bergements Locansol\" \/>\n\t<meta name=\"twitter:label2\" content=\"Temps estimat de lectura\" \/>\n\t<meta name=\"twitter:data2\" content=\"2 minuts\" \/>\n<script type=\"application\/ld+json\" class=\"yoast-schema-graph\">{\"@context\":\"https:\/\/schema.org\",\"@graph\":[{\"@type\":\"Article\",\"@id\":\"https:\/\/www.locansol.fr\/vacances-hiver-musee-tautavel-2\/#article\",\"isPartOf\":{\"@id\":\"https:\/\/www.locansol.fr\/vacances-hiver-musee-tautavel-2\/\"},\"author\":{\"name\":\"H\u00e9bergements Locansol\",\"@id\":\"https:\/\/www.locansol.fr\/#\/schema\/person\/0b08d440f1ac44674c6d498107de351d\"},\"headline\":\"Vacances d&rsquo;hiver au Mus\u00e9e de Pr\u00e9histoire de Tautavel (21 f\u00e9vrier &#8211; 6 mars) : Immersion dans l&rsquo;histoire et la science\",\"datePublished\":\"2026-02-22T19:13:29+00:00\",\"dateModified\":\"2026-02-22T19:13:32+00:00\",\"mainEntityOfPage\":{\"@id\":\"https:\/\/www.locansol.fr\/vacances-hiver-musee-tautavel-2\/\"},\"wordCount\":481,\"publisher\":{\"@id\":\"https:\/\/www.locansol.fr\/#organization\"},\"image\":{\"@id\":\"https:\/\/www.locansol.fr\/vacances-hiver-musee-tautavel-2\/#primaryimage\"},\"thumbnailUrl\":\"https:\/\/www.locansol.fr\/wp-content\/uploads\/2026\/02\/vacances-hiver-musee-tautavel-1.webp\",\"keywords\":[\"Loisirs\",\"Pyr\u00e9n\u00e9es-Orientales\"],\"articleSection\":[\"Excursion\"],\"inLanguage\":\"ca\"},{\"@type\":\"WebPage\",\"@id\":\"https:\/\/www.locansol.fr\/vacances-hiver-musee-tautavel-2\/\",\"url\":\"https:\/\/www.locansol.fr\/vacances-hiver-musee-tautavel-2\/\",\"name\":\"Vacances d'hiver Mus\u00e9e Pr\u00e9histoire Tautavel - Activit\u00e9s familiales\",\"isPartOf\":{\"@id\":\"https:\/\/www.locansol.fr\/#website\"},\"primaryImageOfPage\":{\"@id\":\"https:\/\/www.locansol.fr\/vacances-hiver-musee-tautavel-2\/#primaryimage\"},\"image\":{\"@id\":\"https:\/\/www.locansol.fr\/vacances-hiver-musee-tautavel-2\/#primaryimage\"},\"thumbnailUrl\":\"https:\/\/www.locansol.fr\/wp-content\/uploads\/2026\/02\/vacances-hiver-musee-tautavel-1.webp\",\"datePublished\":\"2026-02-22T19:13:29+00:00\",\"dateModified\":\"2026-02-22T19:13:32+00:00\",\"description\":\"Vacances d'hiver Mus\u00e9e Pr\u00e9histoire Tautavel. D\u00e9couvrez des activit\u00e9s ludiques et p\u00e9dagogiques pour toute la famille dans les Pyr\u00e9n\u00e9es-Orientales. Ateliers immersifs, visites guid\u00e9es et d\u00e9bats instructifs.\",\"breadcrumb\":{\"@id\":\"https:\/\/www.locansol.fr\/vacances-hiver-musee-tautavel-2\/#breadcrumb\"},\"inLanguage\":\"ca\",\"potentialAction\":[{\"@type\":\"ReadAction\",\"target\":[\"https:\/\/www.locansol.fr\/vacances-hiver-musee-tautavel-2\/\"]}]},{\"@type\":\"ImageObject\",\"inLanguage\":\"ca\",\"@id\":\"https:\/\/www.locansol.fr\/vacances-hiver-musee-tautavel-2\/#primaryimage\",\"url\":\"https:\/\/www.locansol.fr\/wp-content\/uploads\/2026\/02\/vacances-hiver-musee-tautavel-1.webp\",\"contentUrl\":\"https:\/\/www.locansol.fr\/wp-content\/uploads\/2026\/02\/vacances-hiver-musee-tautavel-1.webp\",\"width\":936,\"height\":616,\"caption\":\"Vacances d'hiver Mus\u00e9e Pr\u00e9histoire Tautavel - Activit\u00e9s familiales\"},{\"@type\":\"BreadcrumbList\",\"@id\":\"https:\/\/www.locansol.fr\/vacances-hiver-musee-tautavel-2\/#breadcrumb\",\"itemListElement\":[{\"@type\":\"ListItem\",\"position\":1,\"name\":\"Accueil\",\"item\":\"https:\/\/www.locansol.fr\/\"},{\"@type\":\"ListItem\",\"position\":2,\"name\":\"Vacances d&rsquo;hiver au Mus\u00e9e de Pr\u00e9histoire de Tautavel (21 f\u00e9vrier &#8211; 6 mars) : Immersion dans l&rsquo;histoire et la science\"}]},{\"@type\":\"WebSite\",\"@id\":\"https:\/\/www.locansol.fr\/#website\",\"url\":\"https:\/\/www.locansol.fr\/\",\"name\":\"Locansol, louer un h\u00e9bergement dans les Pyr\u00e9n\u00e9es-Orientales\",\"description\":\"Location Mobil-home Mer M\u00e9diterran\u00e9e &amp; Chalet de Montagne dans les Pyr\u00e9n\u00e9es Orientales (Occitanie, 66). Weekend, s\u00e9jour &amp; vacances en famille et entre amis.\",\"publisher\":{\"@id\":\"https:\/\/www.locansol.fr\/#organization\"},\"alternateName\":\"Louer un h\u00e9bergement dans les Pyr\u00e9n\u00e9es Orientales, chalet & mobil-home en Occitanie\",\"potentialAction\":[{\"@type\":\"SearchAction\",\"target\":{\"@type\":\"EntryPoint\",\"urlTemplate\":\"https:\/\/www.locansol.fr\/?s={search_term_string}\"},\"query-input\":{\"@type\":\"PropertyValueSpecification\",\"valueRequired\":true,\"valueName\":\"search_term_string\"}}],\"inLanguage\":\"ca\"},{\"@type\":\"Organization\",\"@id\":\"https:\/\/www.locansol.fr\/#organization\",\"name\":\"Location MobilHome & chalet dans les Pyr\u00e9n\u00e9es Orientales\",\"alternateName\":\"Louer un h\u00e9bergement dans les Pyr\u00e9n\u00e9es Orientales en Occitanie\",\"url\":\"https:\/\/www.locansol.fr\/\",\"logo\":{\"@type\":\"ImageObject\",\"inLanguage\":\"ca\",\"@id\":\"https:\/\/www.locansol.fr\/#\/schema\/logo\/image\/\",\"url\":\"https:\/\/www.locansol.fr\/wp-content\/uploads\/2024\/04\/AdobeStock_303324767-scaled.jpeg\",\"contentUrl\":\"https:\/\/www.locansol.fr\/wp-content\/uploads\/2024\/04\/AdobeStock_303324767-scaled.jpeg\",\"width\":2560,\"height\":1707,\"caption\":\"Location MobilHome & chalet dans les Pyr\u00e9n\u00e9es Orientales\"},\"image\":{\"@id\":\"https:\/\/www.locansol.fr\/#\/schema\/logo\/image\/\"}},{\"@type\":\"Person\",\"@id\":\"https:\/\/www.locansol.fr\/#\/schema\/person\/0b08d440f1ac44674c6d498107de351d\",\"name\":\"H\u00e9bergements Locansol\",\"image\":{\"@type\":\"ImageObject\",\"inLanguage\":\"ca\",\"@id\":\"https:\/\/www.locansol.fr\/#\/schema\/person\/image\/\",\"url\":\"https:\/\/secure.gravatar.com\/avatar\/444436b93284204f8116b6e0eb964cd3fcb811519c737232bde6dd5743c37ee5?s=96&d=mm&r=g\",\"contentUrl\":\"https:\/\/secure.gravatar.com\/avatar\/444436b93284204f8116b6e0eb964cd3fcb811519c737232bde6dd5743c37ee5?s=96&d=mm&r=g\",\"caption\":\"H\u00e9bergements Locansol\"},\"sameAs\":[\"https:\/\/www.locansol.fr\/\"],\"url\":\"https:\/\/www.locansol.fr\/ca\/author\/locansol\/\"}]}<\/script>\n<!-- \/ Yoast SEO Premium plugin. -->","yoast_head_json":{"title":"Vacances d'hiver Mus\u00e9e Pr\u00e9histoire Tautavel - Activit\u00e9s familiales","description":"Vacances d'hiver Mus\u00e9e Pr\u00e9histoire Tautavel. D\u00e9couvrez des activit\u00e9s ludiques et p\u00e9dagogiques pour toute la famille dans les Pyr\u00e9n\u00e9es-Orientales. Ateliers immersifs, visites guid\u00e9es et d\u00e9bats instructifs.","robots":{"index":"index","follow":"follow","max-snippet":"max-snippet:-1","max-image-preview":"max-image-preview:large","max-video-preview":"max-video-preview:-1"},"canonical":"https:\/\/www.locansol.fr\/ca\/vacances-hiver-musee-tautavel-2\/","og_locale":"ca_ES","og_type":"article","og_title":"Voyagez dans le temps : Vacances d'hiver \u00e0 Tautavel \u2014 D\u00e9couverte pr\u00e9historique","og_description":"Imaginez-vous marchant aux c\u00f4t\u00e9s des premiers humains. Les vacances d'hiver \u00e0 Tautavel offrent une immersion unique dans la pr\u00e9histoire avec des ateliers et des visites pour toute la famille.","og_url":"https:\/\/www.locansol.fr\/ca\/vacances-hiver-musee-tautavel-2\/","og_site_name":"Locansol, louer un h\u00e9bergement dans les Pyr\u00e9n\u00e9es Orientales","article_published_time":"2026-02-22T19:13:29+00:00","article_modified_time":"2026-02-22T19:13:32+00:00","og_image":[{"url":"https:\/\/www.locansol.fr\/wp-content\/uploads\/2026\/02\/vacances-hiver-musee-tautavel-1.webp","type":"","width":"","height":""}],"author":"H\u00e9bergements Locansol","twitter_card":"summary_large_image","twitter_title":"Vacances d'hiver \u00e0 Tautavel : d\u00e9couvrez la pr\u00e9histoire en famille !","twitter_description":"Passez des vacances inoubliables au Mus\u00e9e de Pr\u00e9histoire de Tautavel. Ateliers, visites et d\u00e9couvertes pour toute la famille. Pyr\u00e9n\u00e9es-Orientales.","twitter_image":"https:\/\/www.locansol.fr\/wp-content\/uploads\/2026\/02\/vacances-hiver-musee-tautavel-1.webp","twitter_misc":{"Escrit per":"H\u00e9bergements Locansol","Temps estimat de lectura":"2 minuts"},"schema":{"@context":"https:\/\/schema.org","@graph":[{"@type":"Article","@id":"https:\/\/www.locansol.fr\/vacances-hiver-musee-tautavel-2\/#article","isPartOf":{"@id":"https:\/\/www.locansol.fr\/vacances-hiver-musee-tautavel-2\/"},"author":{"name":"H\u00e9bergements Locansol","@id":"https:\/\/www.locansol.fr\/#\/schema\/person\/0b08d440f1ac44674c6d498107de351d"},"headline":"Vacances d&rsquo;hiver au Mus\u00e9e de Pr\u00e9histoire de Tautavel (21 f\u00e9vrier &#8211; 6 mars) : Immersion dans l&rsquo;histoire et la science","datePublished":"2026-02-22T19:13:29+00:00","dateModified":"2026-02-22T19:13:32+00:00","mainEntityOfPage":{"@id":"https:\/\/www.locansol.fr\/vacances-hiver-musee-tautavel-2\/"},"wordCount":481,"publisher":{"@id":"https:\/\/www.locansol.fr\/#organization"},"image":{"@id":"https:\/\/www.locansol.fr\/vacances-hiver-musee-tautavel-2\/#primaryimage"},"thumbnailUrl":"https:\/\/www.locansol.fr\/wp-content\/uploads\/2026\/02\/vacances-hiver-musee-tautavel-1.webp","keywords":["Loisirs","Pyr\u00e9n\u00e9es-Orientales"],"articleSection":["Excursion"],"inLanguage":"ca"},{"@type":"WebPage","@id":"https:\/\/www.locansol.fr\/vacances-hiver-musee-tautavel-2\/","url":"https:\/\/www.locansol.fr\/vacances-hiver-musee-tautavel-2\/","name":"Vacances d'hiver Mus\u00e9e Pr\u00e9histoire Tautavel - Activit\u00e9s familiales","isPartOf":{"@id":"https:\/\/www.locansol.fr\/#website"},"primaryImageOfPage":{"@id":"https:\/\/www.locansol.fr\/vacances-hiver-musee-tautavel-2\/#primaryimage"},"image":{"@id":"https:\/\/www.locansol.fr\/vacances-hiver-musee-tautavel-2\/#primaryimage"},"thumbnailUrl":"https:\/\/www.locansol.fr\/wp-content\/uploads\/2026\/02\/vacances-hiver-musee-tautavel-1.webp","datePublished":"2026-02-22T19:13:29+00:00","dateModified":"2026-02-22T19:13:32+00:00","description":"Vacances d'hiver Mus\u00e9e Pr\u00e9histoire Tautavel. D\u00e9couvrez des activit\u00e9s ludiques et p\u00e9dagogiques pour toute la famille dans les Pyr\u00e9n\u00e9es-Orientales. Ateliers immersifs, visites guid\u00e9es et d\u00e9bats instructifs.","breadcrumb":{"@id":"https:\/\/www.locansol.fr\/vacances-hiver-musee-tautavel-2\/#breadcrumb"},"inLanguage":"ca","potentialAction":[{"@type":"ReadAction","target":["https:\/\/www.locansol.fr\/vacances-hiver-musee-tautavel-2\/"]}]},{"@type":"ImageObject","inLanguage":"ca","@id":"https:\/\/www.locansol.fr\/vacances-hiver-musee-tautavel-2\/#primaryimage","url":"https:\/\/www.locansol.fr\/wp-content\/uploads\/2026\/02\/vacances-hiver-musee-tautavel-1.webp","contentUrl":"https:\/\/www.locansol.fr\/wp-content\/uploads\/2026\/02\/vacances-hiver-musee-tautavel-1.webp","width":936,"height":616,"caption":"Vacances d'hiver Mus\u00e9e Pr\u00e9histoire Tautavel - Activit\u00e9s familiales"},{"@type":"BreadcrumbList","@id":"https:\/\/www.locansol.fr\/vacances-hiver-musee-tautavel-2\/#breadcrumb","itemListElement":[{"@type":"ListItem","position":1,"name":"Accueil","item":"https:\/\/www.locansol.fr\/"},{"@type":"ListItem","position":2,"name":"Vacances d&rsquo;hiver au Mus\u00e9e de Pr\u00e9histoire de Tautavel (21 f\u00e9vrier &#8211; 6 mars) : Immersion dans l&rsquo;histoire et la science"}]},{"@type":"WebSite","@id":"https:\/\/www.locansol.fr\/#website","url":"https:\/\/www.locansol.fr\/","name":"Locansol, louer un h\u00e9bergement dans les Pyr\u00e9n\u00e9es-Orientales","description":"Location Mobil-home Mer M\u00e9diterran\u00e9e &amp; Chalet de Montagne dans les Pyr\u00e9n\u00e9es Orientales (Occitanie, 66). Weekend, s\u00e9jour &amp; vacances en famille et entre amis.","publisher":{"@id":"https:\/\/www.locansol.fr\/#organization"},"alternateName":"Louer un h\u00e9bergement dans les Pyr\u00e9n\u00e9es Orientales, chalet & mobil-home en Occitanie","potentialAction":[{"@type":"SearchAction","target":{"@type":"EntryPoint","urlTemplate":"https:\/\/www.locansol.fr\/?s={search_term_string}"},"query-input":{"@type":"PropertyValueSpecification","valueRequired":true,"valueName":"search_term_string"}}],"inLanguage":"ca"},{"@type":"Organization","@id":"https:\/\/www.locansol.fr\/#organization","name":"Location MobilHome & chalet dans les Pyr\u00e9n\u00e9es Orientales","alternateName":"Louer un h\u00e9bergement dans les Pyr\u00e9n\u00e9es Orientales en Occitanie","url":"https:\/\/www.locansol.fr\/","logo":{"@type":"ImageObject","inLanguage":"ca","@id":"https:\/\/www.locansol.fr\/#\/schema\/logo\/image\/","url":"https:\/\/www.locansol.fr\/wp-content\/uploads\/2024\/04\/AdobeStock_303324767-scaled.jpeg","contentUrl":"https:\/\/www.locansol.fr\/wp-content\/uploads\/2024\/04\/AdobeStock_303324767-scaled.jpeg","width":2560,"height":1707,"caption":"Location MobilHome & chalet dans les Pyr\u00e9n\u00e9es Orientales"},"image":{"@id":"https:\/\/www.locansol.fr\/#\/schema\/logo\/image\/"}},{"@type":"Person","@id":"https:\/\/www.locansol.fr\/#\/schema\/person\/0b08d440f1ac44674c6d498107de351d","name":"H\u00e9bergements Locansol","image":{"@type":"ImageObject","inLanguage":"ca","@id":"https:\/\/www.locansol.fr\/#\/schema\/person\/image\/","url":"https:\/\/secure.gravatar.com\/avatar\/444436b93284204f8116b6e0eb964cd3fcb811519c737232bde6dd5743c37ee5?s=96&d=mm&r=g","contentUrl":"https:\/\/secure.gravatar.com\/avatar\/444436b93284204f8116b6e0eb964cd3fcb811519c737232bde6dd5743c37ee5?s=96&d=mm&r=g","caption":"H\u00e9bergements Locansol"},"sameAs":["https:\/\/www.locansol.fr\/"],"url":"https:\/\/www.locansol.fr\/ca\/author\/locansol\/"}]}},"_links":{"self":[{"href":"https:\/\/www.locansol.fr\/ca\/wp-json\/wp\/v2\/posts\/3900","targetHints":{"allow":["GET"]}}],"collection":[{"href":"https:\/\/www.locansol.fr\/ca\/wp-json\/wp\/v2\/posts"}],"about":[{"href":"https:\/\/www.locansol.fr\/ca\/wp-json\/wp\/v2\/types\/post"}],"author":[{"embeddable":true,"href":"https:\/\/www.locansol.fr\/ca\/wp-json\/wp\/v2\/users\/5"}],"replies":[{"embeddable":true,"href":"https:\/\/www.locansol.fr\/ca\/wp-json\/wp\/v2\/comments?post=3900"}],"version-history":[{"count":1,"href":"https:\/\/www.locansol.fr\/ca\/wp-json\/wp\/v2\/posts\/3900\/revisions"}],"predecessor-version":[{"id":3901,"href":"https:\/\/www.locansol.fr\/ca\/wp-json\/wp\/v2\/posts\/3900\/revisions\/3901"}],"wp:featuredmedia":[{"embeddable":true,"href":"https:\/\/www.locansol.fr\/ca\/wp-json\/wp\/v2\/media\/3899"}],"wp:attachment":[{"href":"https:\/\/www.locansol.fr\/ca\/wp-json\/wp\/v2\/media?parent=3900"}],"wp:term":[{"taxonomy":"category","embeddable":true,"href":"https:\/\/www.locansol.fr\/ca\/wp-json\/wp\/v2\/categories?post=3900"},{"taxonomy":"post_tag","embeddable":true,"href":"https:\/\/www.locansol.fr\/ca\/wp-json\/wp\/v2\/tags?post=3900"}],"curies":[{"name":"wp","href":"https:\/\/api.w.org\/{rel}","templated":true}]}}