{"id":3911,"date":"2026-02-22T22:19:08","date_gmt":"2026-02-22T21:19:08","guid":{"rendered":"https:\/\/www.locansol.fr\/vacances-hiver-musee-tautavel-3\/"},"modified":"2026-02-22T22:19:13","modified_gmt":"2026-02-22T21:19:13","slug":"vacances-hiver-musee-tautavel-3","status":"publish","type":"post","link":"https:\/\/www.locansol.fr\/ca\/vacances-hiver-musee-tautavel-3\/","title":{"rendered":"Vacances d\u2019hiver au Mus\u00e9e de Tautavel (21 f\u00e9v > 6 mars) : ateliers et histoire"},"content":{"rendered":"<p>Situ\u00e9 dans le charmant village de Tautavel, le Mus\u00e9e de Pr\u00e9histoire invite petits et grands \u00e0 vivre une exp\u00e9rience culturelle unique \u00e0 l\u2019occasion des vacances d\u2019hiver. Du 21 f\u00e9vrier au 6 mars, faites un saut dans le temps et plongez au c\u0153ur de l\u2019histoire fascinante de nos anc\u00eatres pr\u00e9historiques.<\/p>\n<p>### \u00c0 la crois\u00e9e de la culture et de la d\u00e9couverte<br \/>Ce rendez-vous tr\u00e8s attendu offre une riche programmation, combinant ateliers pour enfants, visites guid\u00e9es, d\u00e9bats et conf\u00e9rences. Dans ce cadre exceptionnel qu\u2019est le Mus\u00e9e de Pr\u00e9histoire, vous aurez l\u2019opportunit\u00e9 de revivre le quotidien des hommes pr\u00e9historiques tout en d\u00e9couvrant les tr\u00e9sors g\u00e9ologiques de cette r\u00e9gion unique des Pyr\u00e9n\u00e9es-Orientales.<\/p>\n<p>Parfait pour toute la famille, cet \u00e9v\u00e9nement vous propose de mieux comprendre les modes de vie, outils, habitats et rites de nos a\u00efeux. Des sp\u00e9cialistes passionn\u00e9s seront pr\u00e9sents pour vous guider et partager leurs connaissances lors de discussions captivantes sur l&rsquo;\u00e9volution humaine et les tr\u00e9sors qu&rsquo;abrite le territoire.<\/p>\n<p>### Diversit\u00e9 des activit\u00e9s<br \/>L\u2019offre d\u2019activit\u00e9s saura s\u00e9duire tous les profils : amateurs de patrimoine, curieux des sciences ou d\u00e9sireux de s\u2019offrir des loisirs \u00e9ducatifs de qualit\u00e9. Vos enfants pourront s\u2019immerger pleinement dans des ateliers interactifs, o\u00f9 ils apprendront \u00e0 fabriquer des objets \u00e0 la mani\u00e8re de nos anc\u00eatres. Les passionn\u00e9s de g\u00e9ologie quant \u00e0 eux s&rsquo;\u00e9merveilleront devant les d\u00e9couvertes locales, t\u00e9moins d&rsquo;un riche pass\u00e9 historique et naturel.<\/p>\n<p>Ce qui distingue particuli\u00e8rement cet \u00e9v\u00e9nement au Mus\u00e9e de Tautavel, ce sont les efforts mis en place pour rendre l\u2019exp\u00e9rience accessible et conviviale. Que ce soit la sc\u00e9nographie, le choix des mati\u00e8res p\u00e9dagogiques ou l&rsquo;interactivit\u00e9 des activit\u00e9s propos\u00e9es, tout est pens\u00e9 pour captiver chaque visiteur.<\/p>\n<p>### Infos pratiques<br \/>\u2022 \ud83d\udcc5 **Quand ?** Du 21 f\u00e9vrier au 6 mars, chaque jour de ces vacances scolaires. <br \/>\u2022 \ud83d\udccd **O\u00f9 ?** Avenue L\u00e9on Jean Gr\u00e9gory, Tautavel.<br \/>\u2022 \ud83d\udcb6 **Combien ?** Plein tarif : 8,00 \u20ac<\/p>\n<p>\u00c0 noter : il est pr\u00e9f\u00e9rable de r\u00e9server vos places \u00e0 l\u2019avance pour profiter des visites guid\u00e9es ou s\u00e9curiser un atelier.<\/p>\n<p>### Une exp\u00e9rience \u00e0 ne pas manquer<br \/>Enfilez de bonnes chaussures de randonn\u00e9e et emmenez vos enfants, vos amis ou votre famille \u00e0 la d\u00e9couverte d\u2019une des p\u00e9riodes les plus fascinantes de notre histoire. Ces vacances d\u2019hiver au Mus\u00e9e de Pr\u00e9histoire de Tautavel promettent de m\u00ealer savoir, \u00e9merveillement et convivialit\u00e9 dans l\u2019un des plus beaux coins des Pyr\u00e9n\u00e9es-Orientales. N\u2019attendez plus et venez percer les myst\u00e8res de la pr\u00e9histoire\u00a0!<\/p>\n<h3>Informaci\u00f3 pr\u00e0ctica<\/h3>\n<p>\ud83d\udcc5 QUAND ? 21 f\u00e9vrier > 6 mars<br \/>\ud83d\udccd O\u00d9 ? Avenue L\u00e9on Jean Gr\u00e9gory, Tautavel<br \/>\ud83d\udcb6 COMBIEN ? Plein tarif : 8,00 \u20ac<\/p>","protected":false},"excerpt":{"rendered":"<p>Vivez des vacances enrichissantes au Mus\u00e9e de Tautavel avec des ateliers, visites et conf\u00e9rences sur la pr\u00e9histoire, du 21 f\u00e9vrier au 6 mars.<\/p>","protected":false},"author":5,"featured_media":3910,"comment_status":"closed","ping_status":"open","sticky":false,"template":"","format":"standard","meta":{"_yoast_wpseo_focuskw":"Vacances d\u2019hiver Mus\u00e9e Tautavel","_yoast_wpseo_title":"Vacances d\u2019hiver Mus\u00e9e Tautavel - Ateliers & Histoire","_yoast_wpseo_metadesc":"Vacances d\u2019hiver Mus\u00e9e Tautavel. D\u00e9couvrez des ateliers pour enfants, des visites guid\u00e9es et plongez dans la pr\u00e9histoire. Pyr\u00e9n\u00e9es-Orientales.","_yoast_wpseo_canonical":"","_yoast_wpseo_opengraph-title":"Plongez dans la pr\u00e9histoire : Mus\u00e9e de Tautavel \u2014 Ateliers & Aventures","_yoast_wpseo_opengraph-description":"Imaginez-vous marcher aux c\u00f4t\u00e9s des hommes pr\u00e9historiques. Au Mus\u00e9e de Tautavel, vivez une exp\u00e9rience immersive avec des ateliers et des d\u00e9couvertes uniques.","_yoast_wpseo_opengraph-image":"https:\/\/www.locansol.fr\/wp-content\/uploads\/2026\/02\/vacances-hiver-musee-tautavel-2.webp","_yoast_wpseo_opengraph-image-id":"","_yoast_wpseo_twitter-title":"Vacances d\u2019hiver au Mus\u00e9e de Tautavel : aventure pr\u00e9historique !","_yoast_wpseo_twitter-description":"D\u00e9couvrez les vacances d\u2019hiver au Mus\u00e9e de Tautavel ! Ateliers, visites guid\u00e9es et plong\u00e9e dans la pr\u00e9histoire pour toute la famille.","_yoast_wpseo_twitter-image":"https:\/\/www.locansol.fr\/wp-content\/uploads\/2026\/02\/vacances-hiver-musee-tautavel-2.webp","_yoast_wpseo_twitter-image-id":"","yoast_primary_category":"Spectacle","footnotes":""},"categories":[61],"tags":[67,69,76],"class_list":["post-3911","post","type-post","status-publish","format-standard","has-post-thumbnail","hentry","category-spectacle","tag-loisirs","tag-musique","tag-pyrenees-orientales"],"yoast_head":"<!-- This site is optimized with the Yoast SEO Premium plugin v23.3 (Yoast SEO v26.9) - https:\/\/yoast.com\/product\/yoast-seo-premium-wordpress\/ -->\n<title>Vacances d\u2019hiver Mus\u00e9e Tautavel - Ateliers &amp; Histoire<\/title>\n<meta name=\"description\" content=\"Vacances d\u2019hiver Mus\u00e9e Tautavel. D\u00e9couvrez des ateliers pour enfants, des visites guid\u00e9es et plongez dans la pr\u00e9histoire. Pyr\u00e9n\u00e9es-Orientales.\" \/>\n<meta name=\"robots\" content=\"index, follow, max-snippet:-1, max-image-preview:large, max-video-preview:-1\" \/>\n<link rel=\"canonical\" href=\"https:\/\/www.locansol.fr\/ca\/vacances-hiver-musee-tautavel-3\/\" \/>\n<meta property=\"og:locale\" content=\"ca_ES\" \/>\n<meta property=\"og:type\" content=\"article\" \/>\n<meta property=\"og:title\" content=\"Plongez dans la pr\u00e9histoire : Mus\u00e9e de Tautavel \u2014 Ateliers &amp; Aventures\" \/>\n<meta property=\"og:description\" content=\"Imaginez-vous marcher aux c\u00f4t\u00e9s des hommes pr\u00e9historiques. Au Mus\u00e9e de Tautavel, vivez une exp\u00e9rience immersive avec des ateliers et des d\u00e9couvertes uniques.\" \/>\n<meta property=\"og:url\" content=\"https:\/\/www.locansol.fr\/ca\/vacances-hiver-musee-tautavel-3\/\" \/>\n<meta property=\"og:site_name\" content=\"Locansol, louer un h\u00e9bergement dans les Pyr\u00e9n\u00e9es Orientales\" \/>\n<meta property=\"article:published_time\" content=\"2026-02-22T21:19:08+00:00\" \/>\n<meta property=\"article:modified_time\" content=\"2026-02-22T21:19:13+00:00\" \/>\n<meta property=\"og:image\" content=\"https:\/\/www.locansol.fr\/wp-content\/uploads\/2026\/02\/vacances-hiver-musee-tautavel-2.webp\" \/>\n<meta name=\"author\" content=\"H\u00e9bergements Locansol\" \/>\n<meta name=\"twitter:card\" content=\"summary_large_image\" \/>\n<meta name=\"twitter:title\" content=\"Vacances d\u2019hiver au Mus\u00e9e de Tautavel : aventure pr\u00e9historique !\" \/>\n<meta name=\"twitter:description\" content=\"D\u00e9couvrez les vacances d\u2019hiver au Mus\u00e9e de Tautavel ! Ateliers, visites guid\u00e9es et plong\u00e9e dans la pr\u00e9histoire pour toute la famille.\" \/>\n<meta name=\"twitter:image\" content=\"https:\/\/www.locansol.fr\/wp-content\/uploads\/2026\/02\/vacances-hiver-musee-tautavel-2.webp\" \/>\n<meta name=\"twitter:label1\" content=\"Escrit per\" \/>\n\t<meta name=\"twitter:data1\" content=\"H\u00e9bergements Locansol\" \/>\n\t<meta name=\"twitter:label2\" content=\"Temps estimat de lectura\" \/>\n\t<meta name=\"twitter:data2\" content=\"2 minuts\" \/>\n<script type=\"application\/ld+json\" class=\"yoast-schema-graph\">{\"@context\":\"https:\/\/schema.org\",\"@graph\":[{\"@type\":\"Article\",\"@id\":\"https:\/\/www.locansol.fr\/vacances-hiver-musee-tautavel-3\/#article\",\"isPartOf\":{\"@id\":\"https:\/\/www.locansol.fr\/vacances-hiver-musee-tautavel-3\/\"},\"author\":{\"name\":\"H\u00e9bergements Locansol\",\"@id\":\"https:\/\/www.locansol.fr\/#\/schema\/person\/0b08d440f1ac44674c6d498107de351d\"},\"headline\":\"Vacances d\u2019hiver au Mus\u00e9e de Tautavel (21 f\u00e9v > 6 mars) : ateliers et histoire\",\"datePublished\":\"2026-02-22T21:19:08+00:00\",\"dateModified\":\"2026-02-22T21:19:13+00:00\",\"mainEntityOfPage\":{\"@id\":\"https:\/\/www.locansol.fr\/vacances-hiver-musee-tautavel-3\/\"},\"wordCount\":477,\"publisher\":{\"@id\":\"https:\/\/www.locansol.fr\/#organization\"},\"image\":{\"@id\":\"https:\/\/www.locansol.fr\/vacances-hiver-musee-tautavel-3\/#primaryimage\"},\"thumbnailUrl\":\"https:\/\/www.locansol.fr\/wp-content\/uploads\/2026\/02\/vacances-hiver-musee-tautavel-2.webp\",\"keywords\":[\"Loisirs\",\"Musique\",\"Pyr\u00e9n\u00e9es-Orientales\"],\"articleSection\":[\"Spectacle\"],\"inLanguage\":\"ca\"},{\"@type\":\"WebPage\",\"@id\":\"https:\/\/www.locansol.fr\/vacances-hiver-musee-tautavel-3\/\",\"url\":\"https:\/\/www.locansol.fr\/vacances-hiver-musee-tautavel-3\/\",\"name\":\"Vacances d\u2019hiver Mus\u00e9e Tautavel - Ateliers & Histoire\",\"isPartOf\":{\"@id\":\"https:\/\/www.locansol.fr\/#website\"},\"primaryImageOfPage\":{\"@id\":\"https:\/\/www.locansol.fr\/vacances-hiver-musee-tautavel-3\/#primaryimage\"},\"image\":{\"@id\":\"https:\/\/www.locansol.fr\/vacances-hiver-musee-tautavel-3\/#primaryimage\"},\"thumbnailUrl\":\"https:\/\/www.locansol.fr\/wp-content\/uploads\/2026\/02\/vacances-hiver-musee-tautavel-2.webp\",\"datePublished\":\"2026-02-22T21:19:08+00:00\",\"dateModified\":\"2026-02-22T21:19:13+00:00\",\"description\":\"Vacances d\u2019hiver Mus\u00e9e Tautavel. D\u00e9couvrez des ateliers pour enfants, des visites guid\u00e9es et plongez dans la pr\u00e9histoire. Pyr\u00e9n\u00e9es-Orientales.\",\"breadcrumb\":{\"@id\":\"https:\/\/www.locansol.fr\/vacances-hiver-musee-tautavel-3\/#breadcrumb\"},\"inLanguage\":\"ca\",\"potentialAction\":[{\"@type\":\"ReadAction\",\"target\":[\"https:\/\/www.locansol.fr\/vacances-hiver-musee-tautavel-3\/\"]}]},{\"@type\":\"ImageObject\",\"inLanguage\":\"ca\",\"@id\":\"https:\/\/www.locansol.fr\/vacances-hiver-musee-tautavel-3\/#primaryimage\",\"url\":\"https:\/\/www.locansol.fr\/wp-content\/uploads\/2026\/02\/vacances-hiver-musee-tautavel-2.webp\",\"contentUrl\":\"https:\/\/www.locansol.fr\/wp-content\/uploads\/2026\/02\/vacances-hiver-musee-tautavel-2.webp\",\"width\":623,\"height\":467,\"caption\":\"Vacances d\u2019hiver Mus\u00e9e Tautavel - Ateliers & Histoire\"},{\"@type\":\"BreadcrumbList\",\"@id\":\"https:\/\/www.locansol.fr\/vacances-hiver-musee-tautavel-3\/#breadcrumb\",\"itemListElement\":[{\"@type\":\"ListItem\",\"position\":1,\"name\":\"Accueil\",\"item\":\"https:\/\/www.locansol.fr\/\"},{\"@type\":\"ListItem\",\"position\":2,\"name\":\"Vacances d\u2019hiver au Mus\u00e9e de Tautavel (21 f\u00e9v > 6 mars) : ateliers et histoire\"}]},{\"@type\":\"WebSite\",\"@id\":\"https:\/\/www.locansol.fr\/#website\",\"url\":\"https:\/\/www.locansol.fr\/\",\"name\":\"Locansol, louer un h\u00e9bergement dans les Pyr\u00e9n\u00e9es-Orientales\",\"description\":\"Location Mobil-home Mer M\u00e9diterran\u00e9e &amp; Chalet de Montagne dans les Pyr\u00e9n\u00e9es Orientales (Occitanie, 66). Weekend, s\u00e9jour &amp; vacances en famille et entre amis.\",\"publisher\":{\"@id\":\"https:\/\/www.locansol.fr\/#organization\"},\"alternateName\":\"Louer un h\u00e9bergement dans les Pyr\u00e9n\u00e9es Orientales, chalet & mobil-home en Occitanie\",\"potentialAction\":[{\"@type\":\"SearchAction\",\"target\":{\"@type\":\"EntryPoint\",\"urlTemplate\":\"https:\/\/www.locansol.fr\/?s={search_term_string}\"},\"query-input\":{\"@type\":\"PropertyValueSpecification\",\"valueRequired\":true,\"valueName\":\"search_term_string\"}}],\"inLanguage\":\"ca\"},{\"@type\":\"Organization\",\"@id\":\"https:\/\/www.locansol.fr\/#organization\",\"name\":\"Location MobilHome & chalet dans les Pyr\u00e9n\u00e9es Orientales\",\"alternateName\":\"Louer un h\u00e9bergement dans les Pyr\u00e9n\u00e9es Orientales en Occitanie\",\"url\":\"https:\/\/www.locansol.fr\/\",\"logo\":{\"@type\":\"ImageObject\",\"inLanguage\":\"ca\",\"@id\":\"https:\/\/www.locansol.fr\/#\/schema\/logo\/image\/\",\"url\":\"https:\/\/www.locansol.fr\/wp-content\/uploads\/2024\/04\/AdobeStock_303324767-scaled.jpeg\",\"contentUrl\":\"https:\/\/www.locansol.fr\/wp-content\/uploads\/2024\/04\/AdobeStock_303324767-scaled.jpeg\",\"width\":2560,\"height\":1707,\"caption\":\"Location MobilHome & chalet dans les Pyr\u00e9n\u00e9es Orientales\"},\"image\":{\"@id\":\"https:\/\/www.locansol.fr\/#\/schema\/logo\/image\/\"}},{\"@type\":\"Person\",\"@id\":\"https:\/\/www.locansol.fr\/#\/schema\/person\/0b08d440f1ac44674c6d498107de351d\",\"name\":\"H\u00e9bergements Locansol\",\"image\":{\"@type\":\"ImageObject\",\"inLanguage\":\"ca\",\"@id\":\"https:\/\/www.locansol.fr\/#\/schema\/person\/image\/\",\"url\":\"https:\/\/secure.gravatar.com\/avatar\/444436b93284204f8116b6e0eb964cd3fcb811519c737232bde6dd5743c37ee5?s=96&d=mm&r=g\",\"contentUrl\":\"https:\/\/secure.gravatar.com\/avatar\/444436b93284204f8116b6e0eb964cd3fcb811519c737232bde6dd5743c37ee5?s=96&d=mm&r=g\",\"caption\":\"H\u00e9bergements Locansol\"},\"sameAs\":[\"https:\/\/www.locansol.fr\/\"],\"url\":\"https:\/\/www.locansol.fr\/ca\/author\/locansol\/\"}]}<\/script>\n<!-- \/ Yoast SEO Premium plugin. -->","yoast_head_json":{"title":"Vacances d\u2019hiver Mus\u00e9e Tautavel - Ateliers & Histoire","description":"Vacances d\u2019hiver Mus\u00e9e Tautavel. D\u00e9couvrez des ateliers pour enfants, des visites guid\u00e9es et plongez dans la pr\u00e9histoire. Pyr\u00e9n\u00e9es-Orientales.","robots":{"index":"index","follow":"follow","max-snippet":"max-snippet:-1","max-image-preview":"max-image-preview:large","max-video-preview":"max-video-preview:-1"},"canonical":"https:\/\/www.locansol.fr\/ca\/vacances-hiver-musee-tautavel-3\/","og_locale":"ca_ES","og_type":"article","og_title":"Plongez dans la pr\u00e9histoire : Mus\u00e9e de Tautavel \u2014 Ateliers & Aventures","og_description":"Imaginez-vous marcher aux c\u00f4t\u00e9s des hommes pr\u00e9historiques. Au Mus\u00e9e de Tautavel, vivez une exp\u00e9rience immersive avec des ateliers et des d\u00e9couvertes uniques.","og_url":"https:\/\/www.locansol.fr\/ca\/vacances-hiver-musee-tautavel-3\/","og_site_name":"Locansol, louer un h\u00e9bergement dans les Pyr\u00e9n\u00e9es Orientales","article_published_time":"2026-02-22T21:19:08+00:00","article_modified_time":"2026-02-22T21:19:13+00:00","og_image":[{"url":"https:\/\/www.locansol.fr\/wp-content\/uploads\/2026\/02\/vacances-hiver-musee-tautavel-2.webp","type":"","width":"","height":""}],"author":"H\u00e9bergements Locansol","twitter_card":"summary_large_image","twitter_title":"Vacances d\u2019hiver au Mus\u00e9e de Tautavel : aventure pr\u00e9historique !","twitter_description":"D\u00e9couvrez les vacances d\u2019hiver au Mus\u00e9e de Tautavel ! Ateliers, visites guid\u00e9es et plong\u00e9e dans la pr\u00e9histoire pour toute la famille.","twitter_image":"https:\/\/www.locansol.fr\/wp-content\/uploads\/2026\/02\/vacances-hiver-musee-tautavel-2.webp","twitter_misc":{"Escrit per":"H\u00e9bergements Locansol","Temps estimat de lectura":"2 minuts"},"schema":{"@context":"https:\/\/schema.org","@graph":[{"@type":"Article","@id":"https:\/\/www.locansol.fr\/vacances-hiver-musee-tautavel-3\/#article","isPartOf":{"@id":"https:\/\/www.locansol.fr\/vacances-hiver-musee-tautavel-3\/"},"author":{"name":"H\u00e9bergements Locansol","@id":"https:\/\/www.locansol.fr\/#\/schema\/person\/0b08d440f1ac44674c6d498107de351d"},"headline":"Vacances d\u2019hiver au Mus\u00e9e de Tautavel (21 f\u00e9v > 6 mars) : ateliers et histoire","datePublished":"2026-02-22T21:19:08+00:00","dateModified":"2026-02-22T21:19:13+00:00","mainEntityOfPage":{"@id":"https:\/\/www.locansol.fr\/vacances-hiver-musee-tautavel-3\/"},"wordCount":477,"publisher":{"@id":"https:\/\/www.locansol.fr\/#organization"},"image":{"@id":"https:\/\/www.locansol.fr\/vacances-hiver-musee-tautavel-3\/#primaryimage"},"thumbnailUrl":"https:\/\/www.locansol.fr\/wp-content\/uploads\/2026\/02\/vacances-hiver-musee-tautavel-2.webp","keywords":["Loisirs","Musique","Pyr\u00e9n\u00e9es-Orientales"],"articleSection":["Spectacle"],"inLanguage":"ca"},{"@type":"WebPage","@id":"https:\/\/www.locansol.fr\/vacances-hiver-musee-tautavel-3\/","url":"https:\/\/www.locansol.fr\/vacances-hiver-musee-tautavel-3\/","name":"Vacances d\u2019hiver Mus\u00e9e Tautavel - Ateliers & Histoire","isPartOf":{"@id":"https:\/\/www.locansol.fr\/#website"},"primaryImageOfPage":{"@id":"https:\/\/www.locansol.fr\/vacances-hiver-musee-tautavel-3\/#primaryimage"},"image":{"@id":"https:\/\/www.locansol.fr\/vacances-hiver-musee-tautavel-3\/#primaryimage"},"thumbnailUrl":"https:\/\/www.locansol.fr\/wp-content\/uploads\/2026\/02\/vacances-hiver-musee-tautavel-2.webp","datePublished":"2026-02-22T21:19:08+00:00","dateModified":"2026-02-22T21:19:13+00:00","description":"Vacances d\u2019hiver Mus\u00e9e Tautavel. D\u00e9couvrez des ateliers pour enfants, des visites guid\u00e9es et plongez dans la pr\u00e9histoire. Pyr\u00e9n\u00e9es-Orientales.","breadcrumb":{"@id":"https:\/\/www.locansol.fr\/vacances-hiver-musee-tautavel-3\/#breadcrumb"},"inLanguage":"ca","potentialAction":[{"@type":"ReadAction","target":["https:\/\/www.locansol.fr\/vacances-hiver-musee-tautavel-3\/"]}]},{"@type":"ImageObject","inLanguage":"ca","@id":"https:\/\/www.locansol.fr\/vacances-hiver-musee-tautavel-3\/#primaryimage","url":"https:\/\/www.locansol.fr\/wp-content\/uploads\/2026\/02\/vacances-hiver-musee-tautavel-2.webp","contentUrl":"https:\/\/www.locansol.fr\/wp-content\/uploads\/2026\/02\/vacances-hiver-musee-tautavel-2.webp","width":623,"height":467,"caption":"Vacances d\u2019hiver Mus\u00e9e Tautavel - Ateliers & Histoire"},{"@type":"BreadcrumbList","@id":"https:\/\/www.locansol.fr\/vacances-hiver-musee-tautavel-3\/#breadcrumb","itemListElement":[{"@type":"ListItem","position":1,"name":"Accueil","item":"https:\/\/www.locansol.fr\/"},{"@type":"ListItem","position":2,"name":"Vacances d\u2019hiver au Mus\u00e9e de Tautavel (21 f\u00e9v > 6 mars) : ateliers et histoire"}]},{"@type":"WebSite","@id":"https:\/\/www.locansol.fr\/#website","url":"https:\/\/www.locansol.fr\/","name":"Locansol, louer un h\u00e9bergement dans les Pyr\u00e9n\u00e9es-Orientales","description":"Location Mobil-home Mer M\u00e9diterran\u00e9e &amp; Chalet de Montagne dans les Pyr\u00e9n\u00e9es Orientales (Occitanie, 66). Weekend, s\u00e9jour &amp; vacances en famille et entre amis.","publisher":{"@id":"https:\/\/www.locansol.fr\/#organization"},"alternateName":"Louer un h\u00e9bergement dans les Pyr\u00e9n\u00e9es Orientales, chalet & mobil-home en Occitanie","potentialAction":[{"@type":"SearchAction","target":{"@type":"EntryPoint","urlTemplate":"https:\/\/www.locansol.fr\/?s={search_term_string}"},"query-input":{"@type":"PropertyValueSpecification","valueRequired":true,"valueName":"search_term_string"}}],"inLanguage":"ca"},{"@type":"Organization","@id":"https:\/\/www.locansol.fr\/#organization","name":"Location MobilHome & chalet dans les Pyr\u00e9n\u00e9es Orientales","alternateName":"Louer un h\u00e9bergement dans les Pyr\u00e9n\u00e9es Orientales en Occitanie","url":"https:\/\/www.locansol.fr\/","logo":{"@type":"ImageObject","inLanguage":"ca","@id":"https:\/\/www.locansol.fr\/#\/schema\/logo\/image\/","url":"https:\/\/www.locansol.fr\/wp-content\/uploads\/2024\/04\/AdobeStock_303324767-scaled.jpeg","contentUrl":"https:\/\/www.locansol.fr\/wp-content\/uploads\/2024\/04\/AdobeStock_303324767-scaled.jpeg","width":2560,"height":1707,"caption":"Location MobilHome & chalet dans les Pyr\u00e9n\u00e9es Orientales"},"image":{"@id":"https:\/\/www.locansol.fr\/#\/schema\/logo\/image\/"}},{"@type":"Person","@id":"https:\/\/www.locansol.fr\/#\/schema\/person\/0b08d440f1ac44674c6d498107de351d","name":"H\u00e9bergements Locansol","image":{"@type":"ImageObject","inLanguage":"ca","@id":"https:\/\/www.locansol.fr\/#\/schema\/person\/image\/","url":"https:\/\/secure.gravatar.com\/avatar\/444436b93284204f8116b6e0eb964cd3fcb811519c737232bde6dd5743c37ee5?s=96&d=mm&r=g","contentUrl":"https:\/\/secure.gravatar.com\/avatar\/444436b93284204f8116b6e0eb964cd3fcb811519c737232bde6dd5743c37ee5?s=96&d=mm&r=g","caption":"H\u00e9bergements Locansol"},"sameAs":["https:\/\/www.locansol.fr\/"],"url":"https:\/\/www.locansol.fr\/ca\/author\/locansol\/"}]}},"_links":{"self":[{"href":"https:\/\/www.locansol.fr\/ca\/wp-json\/wp\/v2\/posts\/3911","targetHints":{"allow":["GET"]}}],"collection":[{"href":"https:\/\/www.locansol.fr\/ca\/wp-json\/wp\/v2\/posts"}],"about":[{"href":"https:\/\/www.locansol.fr\/ca\/wp-json\/wp\/v2\/types\/post"}],"author":[{"embeddable":true,"href":"https:\/\/www.locansol.fr\/ca\/wp-json\/wp\/v2\/users\/5"}],"replies":[{"embeddable":true,"href":"https:\/\/www.locansol.fr\/ca\/wp-json\/wp\/v2\/comments?post=3911"}],"version-history":[{"count":1,"href":"https:\/\/www.locansol.fr\/ca\/wp-json\/wp\/v2\/posts\/3911\/revisions"}],"predecessor-version":[{"id":3912,"href":"https:\/\/www.locansol.fr\/ca\/wp-json\/wp\/v2\/posts\/3911\/revisions\/3912"}],"wp:featuredmedia":[{"embeddable":true,"href":"https:\/\/www.locansol.fr\/ca\/wp-json\/wp\/v2\/media\/3910"}],"wp:attachment":[{"href":"https:\/\/www.locansol.fr\/ca\/wp-json\/wp\/v2\/media?parent=3911"}],"wp:term":[{"taxonomy":"category","embeddable":true,"href":"https:\/\/www.locansol.fr\/ca\/wp-json\/wp\/v2\/categories?post=3911"},{"taxonomy":"post_tag","embeddable":true,"href":"https:\/\/www.locansol.fr\/ca\/wp-json\/wp\/v2\/tags?post=3911"}],"curies":[{"name":"wp","href":"https:\/\/api.w.org\/{rel}","templated":true}]}}