{"id":3937,"date":"2026-02-23T12:19:43","date_gmt":"2026-02-23T11:19:43","guid":{"rendered":"https:\/\/www.locansol.fr\/concert-gratuit-omasphere-port-vendres\/"},"modified":"2026-02-23T12:19:48","modified_gmt":"2026-02-23T11:19:48","slug":"concert-gratuit-omasphere-port-vendres","status":"publish","type":"post","link":"https:\/\/www.locansol.fr\/ca\/concert-gratuit-omasphere-port-vendres\/","title":{"rendered":"Port-Vendres, 22 f\u00e9vrier : Concert gratuit &#8211; OMASPHERE en r\u00e9sidence"},"content":{"rendered":"<p>Amateurs de musique et de sorties culturelles, marquez vos calendriers ! Ce dimanche 22 f\u00e9vrier \u00e0 17h00, Port-Vendres vous invite \u00e0 un moment unique de musique en direct avec le concert \u00ab OMASPHERE \u00bb. Cet \u00e9v\u00e9nement, qui aura lieu au 26 Avenue Castellane, marque la sortie de r\u00e9sidence de cet artiste talentueux.<\/p>\n<p>Dans une ambiance chaleureuse et intimiste, ce concert sera l&rsquo;occasion d&rsquo;\u00e9couter un univers in\u00e9dit et captivant, travaill\u00e9 par l&rsquo;artiste durant sa r\u00e9sidence. OMASPHERE, avec sa musique envoutante, promet une exp\u00e9rience sonore intense et m\u00e9morable. Ce type d&rsquo;\u00e9v\u00e9nement est une merveilleuse opportunit\u00e9 de d\u00e9couvrir de nouveaux talents tout en profitant de l&rsquo;atmosph\u00e8re accueillante de Port-Vendres, une charmante ville portuaire nich\u00e9e le long de la c\u00f4te des Pyr\u00e9n\u00e9es-Orientales, c\u00e9l\u00e8bre pour son patrimoine historique et sa vue imprenable sur la M\u00e9diterran\u00e9e.<\/p>\n<p>De plus, cerise sur le g\u00e2teau, ce rendez-vous culturel est gratuit ! Une occasion id\u00e9ale de partager un moment convivial entre amis ou en famille sans vous soucier du budget. Le cadre du 26 Avenue Castellane, situ\u00e9 pr\u00e8s du port, ajoute une touche magique \u00e0 ce concert : entre terre et mer, l&rsquo;exp\u00e9rience promet d\u2019\u00eatre \u00e0 la fois musicale et po\u00e9tique.<\/p>\n<p>N&rsquo;h\u00e9sitez pas \u00e0 arriver un peu plus t\u00f4t et profitez-en pour parcourir cette magnifique ville portuaire, go\u00fbter \u00e0 ses sp\u00e9cialit\u00e9s locales et admirer ses panoramas exceptionnels. L&rsquo;association de l&rsquo;art, de la musique et du cadre naturel rend cet \u00e9v\u00e9nement incontournable.<\/p>\n<p>Si vous \u00eates en qu\u00eate d&rsquo;une touche culturelle et d&rsquo;une exp\u00e9rience musicale inspirante, ce concert d&rsquo;OMASPHERE \u00e0 Port-Vendres s&rsquo;annonce comme une belle parenth\u00e8se au c\u0153ur de votre dimanche. \u00c0 ne pas manquer !<\/p>\n<h3>Informaci\u00f3 pr\u00e0ctica<\/h3>\n<p>\ud83d\udcc5 QUAND ? Dimanche 22 f\u00e9vrier \u00e0 17:00<br \/>\ud83d\udccd O\u00d9 ? 26 Avenue Castellane, Port-Vendres<br \/>\ud83d\udcb6 COMBIEN ? Entr\u00e9e gratuite<\/p>","protected":false},"excerpt":{"rendered":"<p>Rejoignez Port-Vendres le 22 f\u00e9vrier \u00e0 17h00 pour un concert gratuit d&rsquo;OMASPHERE, une exp\u00e9rience musicale unique.<\/p>","protected":false},"author":5,"featured_media":3936,"comment_status":"closed","ping_status":"open","sticky":false,"template":"","format":"standard","meta":{"_yoast_wpseo_focuskw":"Concert gratuit OMASPHERE Port-Vendres","_yoast_wpseo_title":"OMASPHERE Port-Vendres : Concert gratuit le 22 f\u00e9vrier","_yoast_wpseo_metadesc":"OMASPHERE Port-Vendres : D\u00e9couvrez un concert gratuit et captivant le 22 f\u00e9vrier. Profitez de l'ambiance intimiste et du cadre enchanteur des Pyr\u00e9n\u00e9es-Orientales.","_yoast_wpseo_canonical":"","_yoast_wpseo_opengraph-title":"Une exp\u00e9rience musicale unique : OMASPHERE \u00e0 Port-Vendres \u2014 Concert gratuit en bord de mer","_yoast_wpseo_opengraph-description":"Plongez dans l'univers envo\u00fbtant d'OMASPHERE \u00e0 Port-Vendres. Un concert gratuit o\u00f9 la musique rencontre la mer, dans une ambiance intimiste et chaleureuse. \u00c0 ne pas manquer !","_yoast_wpseo_opengraph-image":"https:\/\/www.locansol.fr\/wp-content\/uploads\/2026\/02\/concert-gratuit-omasphere-port-vendres.webp","_yoast_wpseo_opengraph-image-id":"","_yoast_wpseo_twitter-title":"Concert gratuit OMASPHERE \u00e0 Port-Vendres : une exp\u00e9rience musicale unique !","_yoast_wpseo_twitter-description":"D\u00e9couvrez OMASPHERE en concert gratuit \u00e0 Port-Vendres. Une ambiance intimiste, une vue sur la mer, et une musique envo\u00fbtante. Ne manquez pas ce moment magique !","_yoast_wpseo_twitter-image":"https:\/\/www.locansol.fr\/wp-content\/uploads\/2026\/02\/concert-gratuit-omasphere-port-vendres.webp","_yoast_wpseo_twitter-image-id":"","yoast_primary_category":"Concert","footnotes":""},"categories":[45],"tags":[69,76],"class_list":["post-3937","post","type-post","status-publish","format-standard","has-post-thumbnail","hentry","category-festival","tag-musique","tag-pyrenees-orientales"],"yoast_head":"<!-- This site is optimized with the Yoast SEO Premium plugin v23.3 (Yoast SEO v26.9) - https:\/\/yoast.com\/product\/yoast-seo-premium-wordpress\/ -->\n<title>OMASPHERE Port-Vendres : Concert gratuit le 22 f\u00e9vrier<\/title>\n<meta name=\"description\" content=\"OMASPHERE Port-Vendres : D\u00e9couvrez un concert gratuit et captivant le 22 f\u00e9vrier. Profitez de l&#039;ambiance intimiste et du cadre enchanteur des Pyr\u00e9n\u00e9es-Orientales.\" \/>\n<meta name=\"robots\" content=\"index, follow, max-snippet:-1, max-image-preview:large, max-video-preview:-1\" \/>\n<link rel=\"canonical\" href=\"https:\/\/www.locansol.fr\/ca\/concert-gratuit-omasphere-port-vendres\/\" \/>\n<meta property=\"og:locale\" content=\"ca_ES\" \/>\n<meta property=\"og:type\" content=\"article\" \/>\n<meta property=\"og:title\" content=\"Une exp\u00e9rience musicale unique : OMASPHERE \u00e0 Port-Vendres \u2014 Concert gratuit en bord de mer\" \/>\n<meta property=\"og:description\" content=\"Plongez dans l&#039;univers envo\u00fbtant d&#039;OMASPHERE \u00e0 Port-Vendres. Un concert gratuit o\u00f9 la musique rencontre la mer, dans une ambiance intimiste et chaleureuse. \u00c0 ne pas manquer !\" \/>\n<meta property=\"og:url\" content=\"https:\/\/www.locansol.fr\/ca\/concert-gratuit-omasphere-port-vendres\/\" \/>\n<meta property=\"og:site_name\" content=\"Locansol, louer un h\u00e9bergement dans les Pyr\u00e9n\u00e9es Orientales\" \/>\n<meta property=\"article:published_time\" content=\"2026-02-23T11:19:43+00:00\" \/>\n<meta property=\"article:modified_time\" content=\"2026-02-23T11:19:48+00:00\" \/>\n<meta property=\"og:image\" content=\"https:\/\/www.locansol.fr\/wp-content\/uploads\/2026\/02\/concert-gratuit-omasphere-port-vendres.webp\" \/>\n<meta name=\"author\" content=\"H\u00e9bergements Locansol\" \/>\n<meta name=\"twitter:card\" content=\"summary_large_image\" \/>\n<meta name=\"twitter:title\" content=\"Concert gratuit OMASPHERE \u00e0 Port-Vendres : une exp\u00e9rience musicale unique !\" \/>\n<meta name=\"twitter:description\" content=\"D\u00e9couvrez OMASPHERE en concert gratuit \u00e0 Port-Vendres. Une ambiance intimiste, une vue sur la mer, et une musique envo\u00fbtante. Ne manquez pas ce moment magique !\" \/>\n<meta name=\"twitter:image\" content=\"https:\/\/www.locansol.fr\/wp-content\/uploads\/2026\/02\/concert-gratuit-omasphere-port-vendres.webp\" \/>\n<meta name=\"twitter:label1\" content=\"Escrit per\" \/>\n\t<meta name=\"twitter:data1\" content=\"H\u00e9bergements Locansol\" \/>\n\t<meta name=\"twitter:label2\" content=\"Temps estimat de lectura\" \/>\n\t<meta name=\"twitter:data2\" content=\"1 minut\" \/>\n<script type=\"application\/ld+json\" class=\"yoast-schema-graph\">{\"@context\":\"https:\/\/schema.org\",\"@graph\":[{\"@type\":\"Article\",\"@id\":\"https:\/\/www.locansol.fr\/concert-gratuit-omasphere-port-vendres\/#article\",\"isPartOf\":{\"@id\":\"https:\/\/www.locansol.fr\/concert-gratuit-omasphere-port-vendres\/\"},\"author\":{\"name\":\"H\u00e9bergements Locansol\",\"@id\":\"https:\/\/www.locansol.fr\/#\/schema\/person\/0b08d440f1ac44674c6d498107de351d\"},\"headline\":\"Port-Vendres, 22 f\u00e9vrier : Concert gratuit &#8211; OMASPHERE en r\u00e9sidence\",\"datePublished\":\"2026-02-23T11:19:43+00:00\",\"dateModified\":\"2026-02-23T11:19:48+00:00\",\"mainEntityOfPage\":{\"@id\":\"https:\/\/www.locansol.fr\/concert-gratuit-omasphere-port-vendres\/\"},\"wordCount\":318,\"publisher\":{\"@id\":\"https:\/\/www.locansol.fr\/#organization\"},\"image\":{\"@id\":\"https:\/\/www.locansol.fr\/concert-gratuit-omasphere-port-vendres\/#primaryimage\"},\"thumbnailUrl\":\"https:\/\/www.locansol.fr\/wp-content\/uploads\/2026\/02\/concert-gratuit-omasphere-port-vendres.webp\",\"keywords\":[\"Musique\",\"Pyr\u00e9n\u00e9es-Orientales\"],\"articleSection\":[\"Festival\"],\"inLanguage\":\"ca\"},{\"@type\":\"WebPage\",\"@id\":\"https:\/\/www.locansol.fr\/concert-gratuit-omasphere-port-vendres\/\",\"url\":\"https:\/\/www.locansol.fr\/concert-gratuit-omasphere-port-vendres\/\",\"name\":\"OMASPHERE Port-Vendres : Concert gratuit le 22 f\u00e9vrier\",\"isPartOf\":{\"@id\":\"https:\/\/www.locansol.fr\/#website\"},\"primaryImageOfPage\":{\"@id\":\"https:\/\/www.locansol.fr\/concert-gratuit-omasphere-port-vendres\/#primaryimage\"},\"image\":{\"@id\":\"https:\/\/www.locansol.fr\/concert-gratuit-omasphere-port-vendres\/#primaryimage\"},\"thumbnailUrl\":\"https:\/\/www.locansol.fr\/wp-content\/uploads\/2026\/02\/concert-gratuit-omasphere-port-vendres.webp\",\"datePublished\":\"2026-02-23T11:19:43+00:00\",\"dateModified\":\"2026-02-23T11:19:48+00:00\",\"description\":\"OMASPHERE Port-Vendres : D\u00e9couvrez un concert gratuit et captivant le 22 f\u00e9vrier. Profitez de l'ambiance intimiste et du cadre enchanteur des Pyr\u00e9n\u00e9es-Orientales.\",\"breadcrumb\":{\"@id\":\"https:\/\/www.locansol.fr\/concert-gratuit-omasphere-port-vendres\/#breadcrumb\"},\"inLanguage\":\"ca\",\"potentialAction\":[{\"@type\":\"ReadAction\",\"target\":[\"https:\/\/www.locansol.fr\/concert-gratuit-omasphere-port-vendres\/\"]}]},{\"@type\":\"ImageObject\",\"inLanguage\":\"ca\",\"@id\":\"https:\/\/www.locansol.fr\/concert-gratuit-omasphere-port-vendres\/#primaryimage\",\"url\":\"https:\/\/www.locansol.fr\/wp-content\/uploads\/2026\/02\/concert-gratuit-omasphere-port-vendres.webp\",\"contentUrl\":\"https:\/\/www.locansol.fr\/wp-content\/uploads\/2026\/02\/concert-gratuit-omasphere-port-vendres.webp\",\"width\":500,\"height\":643,\"caption\":\"OMASPHERE Port-Vendres : Concert gratuit le 22 f\u00e9vrier\"},{\"@type\":\"BreadcrumbList\",\"@id\":\"https:\/\/www.locansol.fr\/concert-gratuit-omasphere-port-vendres\/#breadcrumb\",\"itemListElement\":[{\"@type\":\"ListItem\",\"position\":1,\"name\":\"Accueil\",\"item\":\"https:\/\/www.locansol.fr\/\"},{\"@type\":\"ListItem\",\"position\":2,\"name\":\"Port-Vendres, 22 f\u00e9vrier : Concert gratuit &#8211; OMASPHERE en r\u00e9sidence\"}]},{\"@type\":\"WebSite\",\"@id\":\"https:\/\/www.locansol.fr\/#website\",\"url\":\"https:\/\/www.locansol.fr\/\",\"name\":\"Locansol, louer un h\u00e9bergement dans les Pyr\u00e9n\u00e9es-Orientales\",\"description\":\"Location Mobil-home Mer M\u00e9diterran\u00e9e &amp; Chalet de Montagne dans les Pyr\u00e9n\u00e9es Orientales (Occitanie, 66). Weekend, s\u00e9jour &amp; vacances en famille et entre amis.\",\"publisher\":{\"@id\":\"https:\/\/www.locansol.fr\/#organization\"},\"alternateName\":\"Louer un h\u00e9bergement dans les Pyr\u00e9n\u00e9es Orientales, chalet & mobil-home en Occitanie\",\"potentialAction\":[{\"@type\":\"SearchAction\",\"target\":{\"@type\":\"EntryPoint\",\"urlTemplate\":\"https:\/\/www.locansol.fr\/?s={search_term_string}\"},\"query-input\":{\"@type\":\"PropertyValueSpecification\",\"valueRequired\":true,\"valueName\":\"search_term_string\"}}],\"inLanguage\":\"ca\"},{\"@type\":\"Organization\",\"@id\":\"https:\/\/www.locansol.fr\/#organization\",\"name\":\"Location MobilHome & chalet dans les Pyr\u00e9n\u00e9es Orientales\",\"alternateName\":\"Louer un h\u00e9bergement dans les Pyr\u00e9n\u00e9es Orientales en Occitanie\",\"url\":\"https:\/\/www.locansol.fr\/\",\"logo\":{\"@type\":\"ImageObject\",\"inLanguage\":\"ca\",\"@id\":\"https:\/\/www.locansol.fr\/#\/schema\/logo\/image\/\",\"url\":\"https:\/\/www.locansol.fr\/wp-content\/uploads\/2024\/04\/AdobeStock_303324767-scaled.jpeg\",\"contentUrl\":\"https:\/\/www.locansol.fr\/wp-content\/uploads\/2024\/04\/AdobeStock_303324767-scaled.jpeg\",\"width\":2560,\"height\":1707,\"caption\":\"Location MobilHome & chalet dans les Pyr\u00e9n\u00e9es Orientales\"},\"image\":{\"@id\":\"https:\/\/www.locansol.fr\/#\/schema\/logo\/image\/\"}},{\"@type\":\"Person\",\"@id\":\"https:\/\/www.locansol.fr\/#\/schema\/person\/0b08d440f1ac44674c6d498107de351d\",\"name\":\"H\u00e9bergements Locansol\",\"image\":{\"@type\":\"ImageObject\",\"inLanguage\":\"ca\",\"@id\":\"https:\/\/www.locansol.fr\/#\/schema\/person\/image\/\",\"url\":\"https:\/\/secure.gravatar.com\/avatar\/444436b93284204f8116b6e0eb964cd3fcb811519c737232bde6dd5743c37ee5?s=96&d=mm&r=g\",\"contentUrl\":\"https:\/\/secure.gravatar.com\/avatar\/444436b93284204f8116b6e0eb964cd3fcb811519c737232bde6dd5743c37ee5?s=96&d=mm&r=g\",\"caption\":\"H\u00e9bergements Locansol\"},\"sameAs\":[\"https:\/\/www.locansol.fr\/\"],\"url\":\"https:\/\/www.locansol.fr\/ca\/author\/locansol\/\"}]}<\/script>\n<!-- \/ Yoast SEO Premium plugin. -->","yoast_head_json":{"title":"OMASPHERE Port-Vendres : Concert gratuit le 22 f\u00e9vrier","description":"OMASPHERE Port-Vendres : D\u00e9couvrez un concert gratuit et captivant le 22 f\u00e9vrier. Profitez de l'ambiance intimiste et du cadre enchanteur des Pyr\u00e9n\u00e9es-Orientales.","robots":{"index":"index","follow":"follow","max-snippet":"max-snippet:-1","max-image-preview":"max-image-preview:large","max-video-preview":"max-video-preview:-1"},"canonical":"https:\/\/www.locansol.fr\/ca\/concert-gratuit-omasphere-port-vendres\/","og_locale":"ca_ES","og_type":"article","og_title":"Une exp\u00e9rience musicale unique : OMASPHERE \u00e0 Port-Vendres \u2014 Concert gratuit en bord de mer","og_description":"Plongez dans l'univers envo\u00fbtant d'OMASPHERE \u00e0 Port-Vendres. Un concert gratuit o\u00f9 la musique rencontre la mer, dans une ambiance intimiste et chaleureuse. \u00c0 ne pas manquer !","og_url":"https:\/\/www.locansol.fr\/ca\/concert-gratuit-omasphere-port-vendres\/","og_site_name":"Locansol, louer un h\u00e9bergement dans les Pyr\u00e9n\u00e9es Orientales","article_published_time":"2026-02-23T11:19:43+00:00","article_modified_time":"2026-02-23T11:19:48+00:00","og_image":[{"url":"https:\/\/www.locansol.fr\/wp-content\/uploads\/2026\/02\/concert-gratuit-omasphere-port-vendres.webp","type":"","width":"","height":""}],"author":"H\u00e9bergements Locansol","twitter_card":"summary_large_image","twitter_title":"Concert gratuit OMASPHERE \u00e0 Port-Vendres : une exp\u00e9rience musicale unique !","twitter_description":"D\u00e9couvrez OMASPHERE en concert gratuit \u00e0 Port-Vendres. Une ambiance intimiste, une vue sur la mer, et une musique envo\u00fbtante. Ne manquez pas ce moment magique !","twitter_image":"https:\/\/www.locansol.fr\/wp-content\/uploads\/2026\/02\/concert-gratuit-omasphere-port-vendres.webp","twitter_misc":{"Escrit per":"H\u00e9bergements Locansol","Temps estimat de lectura":"1 minut"},"schema":{"@context":"https:\/\/schema.org","@graph":[{"@type":"Article","@id":"https:\/\/www.locansol.fr\/concert-gratuit-omasphere-port-vendres\/#article","isPartOf":{"@id":"https:\/\/www.locansol.fr\/concert-gratuit-omasphere-port-vendres\/"},"author":{"name":"H\u00e9bergements Locansol","@id":"https:\/\/www.locansol.fr\/#\/schema\/person\/0b08d440f1ac44674c6d498107de351d"},"headline":"Port-Vendres, 22 f\u00e9vrier : Concert gratuit &#8211; OMASPHERE en r\u00e9sidence","datePublished":"2026-02-23T11:19:43+00:00","dateModified":"2026-02-23T11:19:48+00:00","mainEntityOfPage":{"@id":"https:\/\/www.locansol.fr\/concert-gratuit-omasphere-port-vendres\/"},"wordCount":318,"publisher":{"@id":"https:\/\/www.locansol.fr\/#organization"},"image":{"@id":"https:\/\/www.locansol.fr\/concert-gratuit-omasphere-port-vendres\/#primaryimage"},"thumbnailUrl":"https:\/\/www.locansol.fr\/wp-content\/uploads\/2026\/02\/concert-gratuit-omasphere-port-vendres.webp","keywords":["Musique","Pyr\u00e9n\u00e9es-Orientales"],"articleSection":["Festival"],"inLanguage":"ca"},{"@type":"WebPage","@id":"https:\/\/www.locansol.fr\/concert-gratuit-omasphere-port-vendres\/","url":"https:\/\/www.locansol.fr\/concert-gratuit-omasphere-port-vendres\/","name":"OMASPHERE Port-Vendres : Concert gratuit le 22 f\u00e9vrier","isPartOf":{"@id":"https:\/\/www.locansol.fr\/#website"},"primaryImageOfPage":{"@id":"https:\/\/www.locansol.fr\/concert-gratuit-omasphere-port-vendres\/#primaryimage"},"image":{"@id":"https:\/\/www.locansol.fr\/concert-gratuit-omasphere-port-vendres\/#primaryimage"},"thumbnailUrl":"https:\/\/www.locansol.fr\/wp-content\/uploads\/2026\/02\/concert-gratuit-omasphere-port-vendres.webp","datePublished":"2026-02-23T11:19:43+00:00","dateModified":"2026-02-23T11:19:48+00:00","description":"OMASPHERE Port-Vendres : D\u00e9couvrez un concert gratuit et captivant le 22 f\u00e9vrier. Profitez de l'ambiance intimiste et du cadre enchanteur des Pyr\u00e9n\u00e9es-Orientales.","breadcrumb":{"@id":"https:\/\/www.locansol.fr\/concert-gratuit-omasphere-port-vendres\/#breadcrumb"},"inLanguage":"ca","potentialAction":[{"@type":"ReadAction","target":["https:\/\/www.locansol.fr\/concert-gratuit-omasphere-port-vendres\/"]}]},{"@type":"ImageObject","inLanguage":"ca","@id":"https:\/\/www.locansol.fr\/concert-gratuit-omasphere-port-vendres\/#primaryimage","url":"https:\/\/www.locansol.fr\/wp-content\/uploads\/2026\/02\/concert-gratuit-omasphere-port-vendres.webp","contentUrl":"https:\/\/www.locansol.fr\/wp-content\/uploads\/2026\/02\/concert-gratuit-omasphere-port-vendres.webp","width":500,"height":643,"caption":"OMASPHERE Port-Vendres : Concert gratuit le 22 f\u00e9vrier"},{"@type":"BreadcrumbList","@id":"https:\/\/www.locansol.fr\/concert-gratuit-omasphere-port-vendres\/#breadcrumb","itemListElement":[{"@type":"ListItem","position":1,"name":"Accueil","item":"https:\/\/www.locansol.fr\/"},{"@type":"ListItem","position":2,"name":"Port-Vendres, 22 f\u00e9vrier : Concert gratuit &#8211; OMASPHERE en r\u00e9sidence"}]},{"@type":"WebSite","@id":"https:\/\/www.locansol.fr\/#website","url":"https:\/\/www.locansol.fr\/","name":"Locansol, louer un h\u00e9bergement dans les Pyr\u00e9n\u00e9es-Orientales","description":"Location Mobil-home Mer M\u00e9diterran\u00e9e &amp; Chalet de Montagne dans les Pyr\u00e9n\u00e9es Orientales (Occitanie, 66). Weekend, s\u00e9jour &amp; vacances en famille et entre amis.","publisher":{"@id":"https:\/\/www.locansol.fr\/#organization"},"alternateName":"Louer un h\u00e9bergement dans les Pyr\u00e9n\u00e9es Orientales, chalet & mobil-home en Occitanie","potentialAction":[{"@type":"SearchAction","target":{"@type":"EntryPoint","urlTemplate":"https:\/\/www.locansol.fr\/?s={search_term_string}"},"query-input":{"@type":"PropertyValueSpecification","valueRequired":true,"valueName":"search_term_string"}}],"inLanguage":"ca"},{"@type":"Organization","@id":"https:\/\/www.locansol.fr\/#organization","name":"Location MobilHome & chalet dans les Pyr\u00e9n\u00e9es Orientales","alternateName":"Louer un h\u00e9bergement dans les Pyr\u00e9n\u00e9es Orientales en Occitanie","url":"https:\/\/www.locansol.fr\/","logo":{"@type":"ImageObject","inLanguage":"ca","@id":"https:\/\/www.locansol.fr\/#\/schema\/logo\/image\/","url":"https:\/\/www.locansol.fr\/wp-content\/uploads\/2024\/04\/AdobeStock_303324767-scaled.jpeg","contentUrl":"https:\/\/www.locansol.fr\/wp-content\/uploads\/2024\/04\/AdobeStock_303324767-scaled.jpeg","width":2560,"height":1707,"caption":"Location MobilHome & chalet dans les Pyr\u00e9n\u00e9es Orientales"},"image":{"@id":"https:\/\/www.locansol.fr\/#\/schema\/logo\/image\/"}},{"@type":"Person","@id":"https:\/\/www.locansol.fr\/#\/schema\/person\/0b08d440f1ac44674c6d498107de351d","name":"H\u00e9bergements Locansol","image":{"@type":"ImageObject","inLanguage":"ca","@id":"https:\/\/www.locansol.fr\/#\/schema\/person\/image\/","url":"https:\/\/secure.gravatar.com\/avatar\/444436b93284204f8116b6e0eb964cd3fcb811519c737232bde6dd5743c37ee5?s=96&d=mm&r=g","contentUrl":"https:\/\/secure.gravatar.com\/avatar\/444436b93284204f8116b6e0eb964cd3fcb811519c737232bde6dd5743c37ee5?s=96&d=mm&r=g","caption":"H\u00e9bergements Locansol"},"sameAs":["https:\/\/www.locansol.fr\/"],"url":"https:\/\/www.locansol.fr\/ca\/author\/locansol\/"}]}},"_links":{"self":[{"href":"https:\/\/www.locansol.fr\/ca\/wp-json\/wp\/v2\/posts\/3937","targetHints":{"allow":["GET"]}}],"collection":[{"href":"https:\/\/www.locansol.fr\/ca\/wp-json\/wp\/v2\/posts"}],"about":[{"href":"https:\/\/www.locansol.fr\/ca\/wp-json\/wp\/v2\/types\/post"}],"author":[{"embeddable":true,"href":"https:\/\/www.locansol.fr\/ca\/wp-json\/wp\/v2\/users\/5"}],"replies":[{"embeddable":true,"href":"https:\/\/www.locansol.fr\/ca\/wp-json\/wp\/v2\/comments?post=3937"}],"version-history":[{"count":1,"href":"https:\/\/www.locansol.fr\/ca\/wp-json\/wp\/v2\/posts\/3937\/revisions"}],"predecessor-version":[{"id":3938,"href":"https:\/\/www.locansol.fr\/ca\/wp-json\/wp\/v2\/posts\/3937\/revisions\/3938"}],"wp:featuredmedia":[{"embeddable":true,"href":"https:\/\/www.locansol.fr\/ca\/wp-json\/wp\/v2\/media\/3936"}],"wp:attachment":[{"href":"https:\/\/www.locansol.fr\/ca\/wp-json\/wp\/v2\/media?parent=3937"}],"wp:term":[{"taxonomy":"category","embeddable":true,"href":"https:\/\/www.locansol.fr\/ca\/wp-json\/wp\/v2\/categories?post=3937"},{"taxonomy":"post_tag","embeddable":true,"href":"https:\/\/www.locansol.fr\/ca\/wp-json\/wp\/v2\/tags?post=3937"}],"curies":[{"name":"wp","href":"https:\/\/api.w.org\/{rel}","templated":true}]}}