{"id":4139,"date":"2026-02-26T12:11:56","date_gmt":"2026-02-26T11:11:56","guid":{"rendered":"https:\/\/www.locansol.fr\/exposition-educative-catalane-boulou\/"},"modified":"2026-02-26T12:12:01","modified_gmt":"2026-02-26T11:12:01","slug":"exposition-educative-catalane-boulou","status":"publish","type":"post","link":"https:\/\/www.locansol.fr\/ca\/exposition-educative-catalane-boulou\/","title":{"rendered":"Exposition \u00ab Els Mestres de la Rep\u00fablica \u00bb au Boulou &#8211; F\u00e9vrier-Mars 2026"},"content":{"rendered":"<p>Du 26 f\u00e9vrier au 13 mars 2026, la ville du Boulou, dans les Pyr\u00e9n\u00e9es-Orientales, met \u00e0 l&rsquo;honneur l&rsquo;histoire \u00e9ducative catalane avec l&rsquo;exposition \u00ab Els Mestres de la Rep\u00fablica \u00bb. Pr\u00e9sent\u00e9e \u00e0 la Maison de l\u2019Histoire \u2013 Casa del Vol\u00f3 et organis\u00e9e en collaboration avec la Fundaci\u00f3 Josep Irla, cette exposition revient sur une p\u00e9riode riche et bouleversante o\u00f9 l&rsquo;innovation p\u00e9dagogique c\u00f4toyait des d\u00e9fis politiques majeurs.<\/p>\n<p>Entre les deux guerres mondiales, la Catalogne a \u00e9t\u00e9 le th\u00e9\u00e2tre d&rsquo;un renouveau \u00e9ducatif sans pr\u00e9c\u00e9dent, port\u00e9 par des enseignants, des architectes et des militants engag\u00e9s. L\u2019exposition rend hommage \u00e0 des figures embl\u00e9matiques comme Josep Maria Andreu et de nombreux enseignants du Ripoll\u00e8s, notamment Josep Bassaganya, Xavier Casademunt, Adela Garriga et Maria Bar\u00f3. Elle met \u00e9galement en lumi\u00e8re des initiatives fortes telles que les c\u00e9l\u00e9brations de la \u00ab F\u00eate de l\u2019Arbre \u00bb et la modernisation de l\u2019enseignement dans les \u00e9coles rurales, malgr\u00e9 les d\u00e9fis impos\u00e9s par la dictature franquiste.<\/p>\n<p>Un espace d\u00e9di\u00e9 revient notamment sur l\u2019\u00e9cole anarchiste de Can Cerd\u00e0 de Ribesaltes, symbole d\u2019une \u00e9ducation alternative et engag\u00e9e. \u00c0 travers des documents d\u2019archives rares, des photographies poignantes et des t\u00e9moignages \u00e9mouvants, les visiteurs pourront s\u2019impr\u00e9gner des efforts d\u00e9ploy\u00e9s pour promouvoir les valeurs de libert\u00e9, progr\u00e8s et solidarit\u00e9.<\/p>\n<p>La Maison de l\u2019Histoire \u2013 Casa del Vol\u00f3, lieu de l\u2019exposition, est un cadre parfait pour cette plong\u00e9e culturelle. Avec ses horaires d\u2019ouverture flexibles \u2013 de 10h \u00e0 12h et de 14h \u00e0 17h \u2013 et une entr\u00e9e gratuite, \u00ab Els Mestres de la Rep\u00fablica \u00bb est accessible \u00e0 tous. Que vous soyez amateur d\u2019histoire ou simplement curieux de d\u00e9couvrir cette p\u00e9riode marquante, cette exposition est une occasion rare d&rsquo;apprendre, de s&rsquo;\u00e9mouvoir et de rendre hommage.<\/p>\n<p>Profitez de cette exposition pour sensibiliser les jeunes ou approfondir vos connaissances sur cet h\u00e9ritage \u00e9ducatif inspirant. Pour un moment \u00e0 la fois culturel et historique, direction le Boulou du 26 f\u00e9vrier au 13 mars 2026. Une exp\u00e9rience \u00e0 ne pas manquer\u2009!<\/p>\n<h3>Informaci\u00f3 pr\u00e0ctica<\/h3>\n<p>\ud83d\udcc5 QUAND ? Du 26 f\u00e9vrier au 13 mars 2026<br \/>\ud83d\udccd O\u00d9 ? Maison de l\u2019Histoire \u2013 Casa del Vol\u00f3, Le Boulou<br \/>\ud83d\udcb6 COMBIEN ? Gratuit<\/p>","protected":false},"excerpt":{"rendered":"<p>D\u00e9couvrez \u00ab Els Mestres de la Rep\u00fablica \u00bb au Boulou, une exposition sur l&rsquo;histoire \u00e9ducative catalane du XXe si\u00e8cle, gratuitement du 26 f\u00e9vrier au 13 mars 2026.<\/p>","protected":false},"author":5,"featured_media":4138,"comment_status":"closed","ping_status":"open","sticky":false,"template":"","format":"standard","meta":{"_yoast_wpseo_focuskw":"Exposition \u00e9ducative catalane Boulou","_yoast_wpseo_title":"Exposition Els Mestres de la Rep\u00fablica Le Boulou - 2026","_yoast_wpseo_metadesc":"Exposition Els Mestres de la Rep\u00fablica Le Boulou. D\u00e9couvrez l'histoire \u00e9ducative catalane \u00e0 travers des archives rares et des t\u00e9moignages \u00e9mouvants. Entr\u00e9e gratuite. Pyr\u00e9n\u00e9es-Orientales.","_yoast_wpseo_canonical":"","_yoast_wpseo_opengraph-title":"D\u00e9couvrez l'histoire \u00e9ducative catalane au Boulou \u2014 Une exposition \u00e9mouvante et inspirante","_yoast_wpseo_opengraph-description":"Immergez-vous dans l'histoire \u00e9ducative catalane \u00e0 travers des archives rares et des t\u00e9moignages \u00e9mouvants. Une exp\u00e9rience culturelle \u00e0 ne pas manquer au Boulou.","_yoast_wpseo_opengraph-image":"https:\/\/www.locansol.fr\/wp-content\/uploads\/2026\/02\/exposition-educative-catalane-boulou.webp","_yoast_wpseo_opengraph-image-id":"","_yoast_wpseo_twitter-title":"D\u00e9couvrez l'exposition \u00ab Els Mestres de la Rep\u00fablica \u00bb au Boulou","_yoast_wpseo_twitter-description":"Plongez dans l'histoire \u00e9ducative catalane \u00e0 travers des archives rares et des t\u00e9moignages \u00e9mouvants. Entr\u00e9e gratuite du 26 f\u00e9vrier au 13 mars 2026 au Boulou.","_yoast_wpseo_twitter-image":"https:\/\/www.locansol.fr\/wp-content\/uploads\/2026\/02\/exposition-educative-catalane-boulou.webp","_yoast_wpseo_twitter-image-id":"","yoast_primary_category":"Exposition","footnotes":""},"categories":[35],"tags":[66,76],"class_list":["post-4139","post","type-post","status-publish","format-standard","has-post-thumbnail","hentry","category-carnaval","tag-evenement-culturel","tag-pyrenees-orientales"],"yoast_head":"<!-- This site is optimized with the Yoast SEO Premium plugin v23.3 (Yoast SEO v26.9) - https:\/\/yoast.com\/product\/yoast-seo-premium-wordpress\/ -->\n<title>Exposition Els Mestres de la Rep\u00fablica Le Boulou - 2026<\/title>\n<meta name=\"description\" content=\"Exposition Els Mestres de la Rep\u00fablica Le Boulou. D\u00e9couvrez l&#039;histoire \u00e9ducative catalane \u00e0 travers des archives rares et des t\u00e9moignages \u00e9mouvants. Entr\u00e9e gratuite. Pyr\u00e9n\u00e9es-Orientales.\" \/>\n<meta name=\"robots\" content=\"index, follow, max-snippet:-1, max-image-preview:large, max-video-preview:-1\" \/>\n<link rel=\"canonical\" href=\"https:\/\/www.locansol.fr\/ca\/exposition-educative-catalane-boulou\/\" \/>\n<meta property=\"og:locale\" content=\"ca_ES\" \/>\n<meta property=\"og:type\" content=\"article\" \/>\n<meta property=\"og:title\" content=\"D\u00e9couvrez l&#039;histoire \u00e9ducative catalane au Boulou \u2014 Une exposition \u00e9mouvante et inspirante\" \/>\n<meta property=\"og:description\" content=\"Immergez-vous dans l&#039;histoire \u00e9ducative catalane \u00e0 travers des archives rares et des t\u00e9moignages \u00e9mouvants. Une exp\u00e9rience culturelle \u00e0 ne pas manquer au Boulou.\" \/>\n<meta property=\"og:url\" content=\"https:\/\/www.locansol.fr\/ca\/exposition-educative-catalane-boulou\/\" \/>\n<meta property=\"og:site_name\" content=\"Locansol, louer un h\u00e9bergement dans les Pyr\u00e9n\u00e9es Orientales\" \/>\n<meta property=\"article:published_time\" content=\"2026-02-26T11:11:56+00:00\" \/>\n<meta property=\"article:modified_time\" content=\"2026-02-26T11:12:01+00:00\" \/>\n<meta property=\"og:image\" content=\"https:\/\/www.locansol.fr\/wp-content\/uploads\/2026\/02\/exposition-educative-catalane-boulou.webp\" \/>\n<meta name=\"author\" content=\"H\u00e9bergements Locansol\" \/>\n<meta name=\"twitter:card\" content=\"summary_large_image\" \/>\n<meta name=\"twitter:title\" content=\"D\u00e9couvrez l&#039;exposition \u00ab Els Mestres de la Rep\u00fablica \u00bb au Boulou\" \/>\n<meta name=\"twitter:description\" content=\"Plongez dans l&#039;histoire \u00e9ducative catalane \u00e0 travers des archives rares et des t\u00e9moignages \u00e9mouvants. Entr\u00e9e gratuite du 26 f\u00e9vrier au 13 mars 2026 au Boulou.\" \/>\n<meta name=\"twitter:image\" content=\"https:\/\/www.locansol.fr\/wp-content\/uploads\/2026\/02\/exposition-educative-catalane-boulou.webp\" \/>\n<meta name=\"twitter:label1\" content=\"Escrit per\" \/>\n\t<meta name=\"twitter:data1\" content=\"H\u00e9bergements Locansol\" \/>\n\t<meta name=\"twitter:label2\" content=\"Temps estimat de lectura\" \/>\n\t<meta name=\"twitter:data2\" content=\"2 minuts\" \/>\n<script type=\"application\/ld+json\" class=\"yoast-schema-graph\">{\"@context\":\"https:\/\/schema.org\",\"@graph\":[{\"@type\":\"Article\",\"@id\":\"https:\/\/www.locansol.fr\/exposition-educative-catalane-boulou\/#article\",\"isPartOf\":{\"@id\":\"https:\/\/www.locansol.fr\/exposition-educative-catalane-boulou\/\"},\"author\":{\"name\":\"H\u00e9bergements Locansol\",\"@id\":\"https:\/\/www.locansol.fr\/#\/schema\/person\/0b08d440f1ac44674c6d498107de351d\"},\"headline\":\"Exposition \u00ab Els Mestres de la Rep\u00fablica \u00bb au Boulou &#8211; F\u00e9vrier-Mars 2026\",\"datePublished\":\"2026-02-26T11:11:56+00:00\",\"dateModified\":\"2026-02-26T11:12:01+00:00\",\"mainEntityOfPage\":{\"@id\":\"https:\/\/www.locansol.fr\/exposition-educative-catalane-boulou\/\"},\"wordCount\":384,\"publisher\":{\"@id\":\"https:\/\/www.locansol.fr\/#organization\"},\"image\":{\"@id\":\"https:\/\/www.locansol.fr\/exposition-educative-catalane-boulou\/#primaryimage\"},\"thumbnailUrl\":\"https:\/\/www.locansol.fr\/wp-content\/uploads\/2026\/02\/exposition-educative-catalane-boulou.webp\",\"keywords\":[\"\u00c9v\u00e8nement culturel\",\"Pyr\u00e9n\u00e9es-Orientales\"],\"articleSection\":[\"Carnaval\"],\"inLanguage\":\"ca\"},{\"@type\":\"WebPage\",\"@id\":\"https:\/\/www.locansol.fr\/exposition-educative-catalane-boulou\/\",\"url\":\"https:\/\/www.locansol.fr\/exposition-educative-catalane-boulou\/\",\"name\":\"Exposition Els Mestres de la Rep\u00fablica Le Boulou - 2026\",\"isPartOf\":{\"@id\":\"https:\/\/www.locansol.fr\/#website\"},\"primaryImageOfPage\":{\"@id\":\"https:\/\/www.locansol.fr\/exposition-educative-catalane-boulou\/#primaryimage\"},\"image\":{\"@id\":\"https:\/\/www.locansol.fr\/exposition-educative-catalane-boulou\/#primaryimage\"},\"thumbnailUrl\":\"https:\/\/www.locansol.fr\/wp-content\/uploads\/2026\/02\/exposition-educative-catalane-boulou.webp\",\"datePublished\":\"2026-02-26T11:11:56+00:00\",\"dateModified\":\"2026-02-26T11:12:01+00:00\",\"description\":\"Exposition Els Mestres de la Rep\u00fablica Le Boulou. D\u00e9couvrez l'histoire \u00e9ducative catalane \u00e0 travers des archives rares et des t\u00e9moignages \u00e9mouvants. Entr\u00e9e gratuite. Pyr\u00e9n\u00e9es-Orientales.\",\"breadcrumb\":{\"@id\":\"https:\/\/www.locansol.fr\/exposition-educative-catalane-boulou\/#breadcrumb\"},\"inLanguage\":\"ca\",\"potentialAction\":[{\"@type\":\"ReadAction\",\"target\":[\"https:\/\/www.locansol.fr\/exposition-educative-catalane-boulou\/\"]}]},{\"@type\":\"ImageObject\",\"inLanguage\":\"ca\",\"@id\":\"https:\/\/www.locansol.fr\/exposition-educative-catalane-boulou\/#primaryimage\",\"url\":\"https:\/\/www.locansol.fr\/wp-content\/uploads\/2026\/02\/exposition-educative-catalane-boulou.webp\",\"contentUrl\":\"https:\/\/www.locansol.fr\/wp-content\/uploads\/2026\/02\/exposition-educative-catalane-boulou.webp\",\"width\":1357,\"height\":1920,\"caption\":\"Exposition Els Mestres de la Rep\u00fablica Le Boulou - 2026\"},{\"@type\":\"BreadcrumbList\",\"@id\":\"https:\/\/www.locansol.fr\/exposition-educative-catalane-boulou\/#breadcrumb\",\"itemListElement\":[{\"@type\":\"ListItem\",\"position\":1,\"name\":\"Accueil\",\"item\":\"https:\/\/www.locansol.fr\/\"},{\"@type\":\"ListItem\",\"position\":2,\"name\":\"Exposition \u00ab Els Mestres de la Rep\u00fablica \u00bb au Boulou &#8211; F\u00e9vrier-Mars 2026\"}]},{\"@type\":\"WebSite\",\"@id\":\"https:\/\/www.locansol.fr\/#website\",\"url\":\"https:\/\/www.locansol.fr\/\",\"name\":\"Locansol, louer un h\u00e9bergement dans les Pyr\u00e9n\u00e9es-Orientales\",\"description\":\"Location Mobil-home Mer M\u00e9diterran\u00e9e &amp; Chalet de Montagne dans les Pyr\u00e9n\u00e9es Orientales (Occitanie, 66). Weekend, s\u00e9jour &amp; vacances en famille et entre amis.\",\"publisher\":{\"@id\":\"https:\/\/www.locansol.fr\/#organization\"},\"alternateName\":\"Louer un h\u00e9bergement dans les Pyr\u00e9n\u00e9es Orientales, chalet & mobil-home en Occitanie\",\"potentialAction\":[{\"@type\":\"SearchAction\",\"target\":{\"@type\":\"EntryPoint\",\"urlTemplate\":\"https:\/\/www.locansol.fr\/?s={search_term_string}\"},\"query-input\":{\"@type\":\"PropertyValueSpecification\",\"valueRequired\":true,\"valueName\":\"search_term_string\"}}],\"inLanguage\":\"ca\"},{\"@type\":\"Organization\",\"@id\":\"https:\/\/www.locansol.fr\/#organization\",\"name\":\"Location MobilHome & chalet dans les Pyr\u00e9n\u00e9es Orientales\",\"alternateName\":\"Louer un h\u00e9bergement dans les Pyr\u00e9n\u00e9es Orientales en Occitanie\",\"url\":\"https:\/\/www.locansol.fr\/\",\"logo\":{\"@type\":\"ImageObject\",\"inLanguage\":\"ca\",\"@id\":\"https:\/\/www.locansol.fr\/#\/schema\/logo\/image\/\",\"url\":\"https:\/\/www.locansol.fr\/wp-content\/uploads\/2024\/04\/AdobeStock_303324767-scaled.jpeg\",\"contentUrl\":\"https:\/\/www.locansol.fr\/wp-content\/uploads\/2024\/04\/AdobeStock_303324767-scaled.jpeg\",\"width\":2560,\"height\":1707,\"caption\":\"Location MobilHome & chalet dans les Pyr\u00e9n\u00e9es Orientales\"},\"image\":{\"@id\":\"https:\/\/www.locansol.fr\/#\/schema\/logo\/image\/\"}},{\"@type\":\"Person\",\"@id\":\"https:\/\/www.locansol.fr\/#\/schema\/person\/0b08d440f1ac44674c6d498107de351d\",\"name\":\"H\u00e9bergements Locansol\",\"image\":{\"@type\":\"ImageObject\",\"inLanguage\":\"ca\",\"@id\":\"https:\/\/www.locansol.fr\/#\/schema\/person\/image\/\",\"url\":\"https:\/\/secure.gravatar.com\/avatar\/444436b93284204f8116b6e0eb964cd3fcb811519c737232bde6dd5743c37ee5?s=96&d=mm&r=g\",\"contentUrl\":\"https:\/\/secure.gravatar.com\/avatar\/444436b93284204f8116b6e0eb964cd3fcb811519c737232bde6dd5743c37ee5?s=96&d=mm&r=g\",\"caption\":\"H\u00e9bergements Locansol\"},\"sameAs\":[\"https:\/\/www.locansol.fr\/\"],\"url\":\"https:\/\/www.locansol.fr\/ca\/author\/locansol\/\"}]}<\/script>\n<!-- \/ Yoast SEO Premium plugin. -->","yoast_head_json":{"title":"Exposition Els Mestres de la Rep\u00fablica Le Boulou - 2026","description":"Exposition Els Mestres de la Rep\u00fablica Le Boulou. D\u00e9couvrez l'histoire \u00e9ducative catalane \u00e0 travers des archives rares et des t\u00e9moignages \u00e9mouvants. Entr\u00e9e gratuite. Pyr\u00e9n\u00e9es-Orientales.","robots":{"index":"index","follow":"follow","max-snippet":"max-snippet:-1","max-image-preview":"max-image-preview:large","max-video-preview":"max-video-preview:-1"},"canonical":"https:\/\/www.locansol.fr\/ca\/exposition-educative-catalane-boulou\/","og_locale":"ca_ES","og_type":"article","og_title":"D\u00e9couvrez l'histoire \u00e9ducative catalane au Boulou \u2014 Une exposition \u00e9mouvante et inspirante","og_description":"Immergez-vous dans l'histoire \u00e9ducative catalane \u00e0 travers des archives rares et des t\u00e9moignages \u00e9mouvants. Une exp\u00e9rience culturelle \u00e0 ne pas manquer au Boulou.","og_url":"https:\/\/www.locansol.fr\/ca\/exposition-educative-catalane-boulou\/","og_site_name":"Locansol, louer un h\u00e9bergement dans les Pyr\u00e9n\u00e9es Orientales","article_published_time":"2026-02-26T11:11:56+00:00","article_modified_time":"2026-02-26T11:12:01+00:00","og_image":[{"url":"https:\/\/www.locansol.fr\/wp-content\/uploads\/2026\/02\/exposition-educative-catalane-boulou.webp","type":"","width":"","height":""}],"author":"H\u00e9bergements Locansol","twitter_card":"summary_large_image","twitter_title":"D\u00e9couvrez l'exposition \u00ab Els Mestres de la Rep\u00fablica \u00bb au Boulou","twitter_description":"Plongez dans l'histoire \u00e9ducative catalane \u00e0 travers des archives rares et des t\u00e9moignages \u00e9mouvants. Entr\u00e9e gratuite du 26 f\u00e9vrier au 13 mars 2026 au Boulou.","twitter_image":"https:\/\/www.locansol.fr\/wp-content\/uploads\/2026\/02\/exposition-educative-catalane-boulou.webp","twitter_misc":{"Escrit per":"H\u00e9bergements Locansol","Temps estimat de lectura":"2 minuts"},"schema":{"@context":"https:\/\/schema.org","@graph":[{"@type":"Article","@id":"https:\/\/www.locansol.fr\/exposition-educative-catalane-boulou\/#article","isPartOf":{"@id":"https:\/\/www.locansol.fr\/exposition-educative-catalane-boulou\/"},"author":{"name":"H\u00e9bergements Locansol","@id":"https:\/\/www.locansol.fr\/#\/schema\/person\/0b08d440f1ac44674c6d498107de351d"},"headline":"Exposition \u00ab Els Mestres de la Rep\u00fablica \u00bb au Boulou &#8211; F\u00e9vrier-Mars 2026","datePublished":"2026-02-26T11:11:56+00:00","dateModified":"2026-02-26T11:12:01+00:00","mainEntityOfPage":{"@id":"https:\/\/www.locansol.fr\/exposition-educative-catalane-boulou\/"},"wordCount":384,"publisher":{"@id":"https:\/\/www.locansol.fr\/#organization"},"image":{"@id":"https:\/\/www.locansol.fr\/exposition-educative-catalane-boulou\/#primaryimage"},"thumbnailUrl":"https:\/\/www.locansol.fr\/wp-content\/uploads\/2026\/02\/exposition-educative-catalane-boulou.webp","keywords":["\u00c9v\u00e8nement culturel","Pyr\u00e9n\u00e9es-Orientales"],"articleSection":["Carnaval"],"inLanguage":"ca"},{"@type":"WebPage","@id":"https:\/\/www.locansol.fr\/exposition-educative-catalane-boulou\/","url":"https:\/\/www.locansol.fr\/exposition-educative-catalane-boulou\/","name":"Exposition Els Mestres de la Rep\u00fablica Le Boulou - 2026","isPartOf":{"@id":"https:\/\/www.locansol.fr\/#website"},"primaryImageOfPage":{"@id":"https:\/\/www.locansol.fr\/exposition-educative-catalane-boulou\/#primaryimage"},"image":{"@id":"https:\/\/www.locansol.fr\/exposition-educative-catalane-boulou\/#primaryimage"},"thumbnailUrl":"https:\/\/www.locansol.fr\/wp-content\/uploads\/2026\/02\/exposition-educative-catalane-boulou.webp","datePublished":"2026-02-26T11:11:56+00:00","dateModified":"2026-02-26T11:12:01+00:00","description":"Exposition Els Mestres de la Rep\u00fablica Le Boulou. D\u00e9couvrez l'histoire \u00e9ducative catalane \u00e0 travers des archives rares et des t\u00e9moignages \u00e9mouvants. Entr\u00e9e gratuite. Pyr\u00e9n\u00e9es-Orientales.","breadcrumb":{"@id":"https:\/\/www.locansol.fr\/exposition-educative-catalane-boulou\/#breadcrumb"},"inLanguage":"ca","potentialAction":[{"@type":"ReadAction","target":["https:\/\/www.locansol.fr\/exposition-educative-catalane-boulou\/"]}]},{"@type":"ImageObject","inLanguage":"ca","@id":"https:\/\/www.locansol.fr\/exposition-educative-catalane-boulou\/#primaryimage","url":"https:\/\/www.locansol.fr\/wp-content\/uploads\/2026\/02\/exposition-educative-catalane-boulou.webp","contentUrl":"https:\/\/www.locansol.fr\/wp-content\/uploads\/2026\/02\/exposition-educative-catalane-boulou.webp","width":1357,"height":1920,"caption":"Exposition Els Mestres de la Rep\u00fablica Le Boulou - 2026"},{"@type":"BreadcrumbList","@id":"https:\/\/www.locansol.fr\/exposition-educative-catalane-boulou\/#breadcrumb","itemListElement":[{"@type":"ListItem","position":1,"name":"Accueil","item":"https:\/\/www.locansol.fr\/"},{"@type":"ListItem","position":2,"name":"Exposition \u00ab Els Mestres de la Rep\u00fablica \u00bb au Boulou &#8211; F\u00e9vrier-Mars 2026"}]},{"@type":"WebSite","@id":"https:\/\/www.locansol.fr\/#website","url":"https:\/\/www.locansol.fr\/","name":"Locansol, louer un h\u00e9bergement dans les Pyr\u00e9n\u00e9es-Orientales","description":"Location Mobil-home Mer M\u00e9diterran\u00e9e &amp; Chalet de Montagne dans les Pyr\u00e9n\u00e9es Orientales (Occitanie, 66). Weekend, s\u00e9jour &amp; vacances en famille et entre amis.","publisher":{"@id":"https:\/\/www.locansol.fr\/#organization"},"alternateName":"Louer un h\u00e9bergement dans les Pyr\u00e9n\u00e9es Orientales, chalet & mobil-home en Occitanie","potentialAction":[{"@type":"SearchAction","target":{"@type":"EntryPoint","urlTemplate":"https:\/\/www.locansol.fr\/?s={search_term_string}"},"query-input":{"@type":"PropertyValueSpecification","valueRequired":true,"valueName":"search_term_string"}}],"inLanguage":"ca"},{"@type":"Organization","@id":"https:\/\/www.locansol.fr\/#organization","name":"Location MobilHome & chalet dans les Pyr\u00e9n\u00e9es Orientales","alternateName":"Louer un h\u00e9bergement dans les Pyr\u00e9n\u00e9es Orientales en Occitanie","url":"https:\/\/www.locansol.fr\/","logo":{"@type":"ImageObject","inLanguage":"ca","@id":"https:\/\/www.locansol.fr\/#\/schema\/logo\/image\/","url":"https:\/\/www.locansol.fr\/wp-content\/uploads\/2024\/04\/AdobeStock_303324767-scaled.jpeg","contentUrl":"https:\/\/www.locansol.fr\/wp-content\/uploads\/2024\/04\/AdobeStock_303324767-scaled.jpeg","width":2560,"height":1707,"caption":"Location MobilHome & chalet dans les Pyr\u00e9n\u00e9es Orientales"},"image":{"@id":"https:\/\/www.locansol.fr\/#\/schema\/logo\/image\/"}},{"@type":"Person","@id":"https:\/\/www.locansol.fr\/#\/schema\/person\/0b08d440f1ac44674c6d498107de351d","name":"H\u00e9bergements Locansol","image":{"@type":"ImageObject","inLanguage":"ca","@id":"https:\/\/www.locansol.fr\/#\/schema\/person\/image\/","url":"https:\/\/secure.gravatar.com\/avatar\/444436b93284204f8116b6e0eb964cd3fcb811519c737232bde6dd5743c37ee5?s=96&d=mm&r=g","contentUrl":"https:\/\/secure.gravatar.com\/avatar\/444436b93284204f8116b6e0eb964cd3fcb811519c737232bde6dd5743c37ee5?s=96&d=mm&r=g","caption":"H\u00e9bergements Locansol"},"sameAs":["https:\/\/www.locansol.fr\/"],"url":"https:\/\/www.locansol.fr\/ca\/author\/locansol\/"}]}},"_links":{"self":[{"href":"https:\/\/www.locansol.fr\/ca\/wp-json\/wp\/v2\/posts\/4139","targetHints":{"allow":["GET"]}}],"collection":[{"href":"https:\/\/www.locansol.fr\/ca\/wp-json\/wp\/v2\/posts"}],"about":[{"href":"https:\/\/www.locansol.fr\/ca\/wp-json\/wp\/v2\/types\/post"}],"author":[{"embeddable":true,"href":"https:\/\/www.locansol.fr\/ca\/wp-json\/wp\/v2\/users\/5"}],"replies":[{"embeddable":true,"href":"https:\/\/www.locansol.fr\/ca\/wp-json\/wp\/v2\/comments?post=4139"}],"version-history":[{"count":1,"href":"https:\/\/www.locansol.fr\/ca\/wp-json\/wp\/v2\/posts\/4139\/revisions"}],"predecessor-version":[{"id":4140,"href":"https:\/\/www.locansol.fr\/ca\/wp-json\/wp\/v2\/posts\/4139\/revisions\/4140"}],"wp:featuredmedia":[{"embeddable":true,"href":"https:\/\/www.locansol.fr\/ca\/wp-json\/wp\/v2\/media\/4138"}],"wp:attachment":[{"href":"https:\/\/www.locansol.fr\/ca\/wp-json\/wp\/v2\/media?parent=4139"}],"wp:term":[{"taxonomy":"category","embeddable":true,"href":"https:\/\/www.locansol.fr\/ca\/wp-json\/wp\/v2\/categories?post=4139"},{"taxonomy":"post_tag","embeddable":true,"href":"https:\/\/www.locansol.fr\/ca\/wp-json\/wp\/v2\/tags?post=4139"}],"curies":[{"name":"wp","href":"https:\/\/api.w.org\/{rel}","templated":true}]}}