{"id":4155,"date":"2026-02-26T16:02:55","date_gmt":"2026-02-26T15:02:55","guid":{"rendered":"https:\/\/www.locansol.fr\/descente-flambeaux-font-romeu-hivernale\/"},"modified":"2026-02-26T16:03:00","modified_gmt":"2026-02-26T15:03:00","slug":"descente-flambeaux-font-romeu-hivernale","status":"publish","type":"post","link":"https:\/\/www.locansol.fr\/ca\/descente-flambeaux-font-romeu-hivernale\/","title":{"rendered":"Font-Romeu &#8211; F\u00e9vrier et Mars &#8211; Descente aux flambeaux f\u00e9\u00e9rique"},"content":{"rendered":"<p>Dans le cadre enchanteur de Font-Romeu-Odeillo-Via, la WINTER FAMILY WEEK vous invite \u00e0 vivre une exp\u00e9rience hivernale magique : la descente aux flambeaux. Cet \u00e9v\u00e9nement f\u00e9erique est programm\u00e9 les jeudis 26 f\u00e9vrier et 5 mars, de 18h30 \u00e0 19h30. Pourquoi ne pas profiter de cette occasion unique pour d\u00e9couvrir la montagne sous un autre jour ?<\/p>\n<p>Organis\u00e9e par l&rsquo;\u00c9cole de Ski Fran\u00e7ais (ESF) de Font-Romeu, cette descente nocturne \u00e0 ski illumin\u00e9e par des flambeaux \u00e0 LED promet un spectacle visuel \u00e9poustouflant. Les skieurs, \u00e9voluant en file indienne sur les pistes plong\u00e9es dans la p\u00e9nombre, cr\u00e9ent des figures lumineuses dans un cadre majestueux. Cette activit\u00e9, id\u00e9ale pour les familles, saura \u00e9merveiller petits et grands.<\/p>\n<p>Pour participer, un niveau de ski minimum de 2\u00e8me \u00e9toile est requis. Les moniteurs de l&rsquo;ESF encadrent chaque groupe, garantissant ainsi un d\u00e9roulement s\u00e9curis\u00e9 de l&rsquo;\u00e9v\u00e9nement. Le tarif de participation est de 10 euros par personne, flambeau \u00e0 LED compris. Une inscription pr\u00e9alable est obligatoire, soit \u00e0 l\u2019accueil de l\u2019ESF, soit par t\u00e9l\u00e9phone au +33 (0)4 68 30 03 74.<\/p>\n<p>La descente aux flambeaux est bien plus qu\u2019une activit\u00e9 sportive : c\u2019est une tradition hivernale qui permet de vivre la montagne dans une ambiance conviviale et chaleureuse. Quel plaisir de partager ce moment unique avec vos proches, tout en profitant de la beaut\u00e9 des Pyr\u00e9n\u00e9es illumin\u00e9es sous un ciel \u00e9toil\u00e9 ! Les enfants seront \u00e9merveill\u00e9s et les adultes conquis par ce cadre exceptionnel.<\/p>\n<p>Ne manquez pas cette occasion de faire de vos vacances \u00e0 Font-Romeu un souvenir inoubliable. Laissez-vous s\u00e9duire par la magie des flambeaux et la convivialit\u00e9 de cet \u00e9v\u00e9nement hors du commun. R\u00e9servez vite votre place et pr\u00e9parez-vous \u00e0 une soir\u00e9e de ski tout simplement f\u00e9\u00e9rique.<\/p>\n<h3>Informaci\u00f3 pr\u00e0ctica<\/h3>\n<p>\ud83d\udcc5 QUAND ? Jeudi 26 f\u00e9vrier de 18:30 \u00e0 19:30 \/ Jeudi 5 mars de 18:30 \u00e0 19:30<br \/>\ud83d\udccd O\u00d9 ? Font-Romeu-Odeillo-Via<br \/>\ud83d\udcb6 COMBIEN ? Plein tarif : 10,00 \u20ac<\/p>","protected":false},"excerpt":{"rendered":"<p>Participez \u00e0 une soir\u00e9e magique \u00e0 Font-Romeu avec la descente nocturne aux flambeaux illumin\u00e9e par des LED. Une exp\u00e9rience id\u00e9ale pour les familles !<\/p>","protected":false},"author":5,"featured_media":4154,"comment_status":"closed","ping_status":"open","sticky":false,"template":"","format":"standard","meta":{"_yoast_wpseo_focuskw":"Descente flambeaux Font-Romeu hivernale","_yoast_wpseo_title":"Descente aux flambeaux f\u00e9\u00e9rique Font-Romeu - Exp\u00e9rience magique","_yoast_wpseo_metadesc":"Descente aux flambeaux f\u00e9\u00e9rique Font-Romeu : Vivez une exp\u00e9rience hivernale magique en famille dans les Pyr\u00e9n\u00e9es-Orientales. Ski nocturne illumin\u00e9 par des flambeaux \u00e0 LED, encadr\u00e9 par l'ESF.","_yoast_wpseo_canonical":"","_yoast_wpseo_opengraph-title":"Magie hivernale : Descente aux flambeaux \u00e0 Font-Romeu \u2014 Un spectacle lumineux inoubliable","_yoast_wpseo_opengraph-description":"Imaginez une descente \u00e0 ski sous un ciel \u00e9toil\u00e9, illumin\u00e9e par des flambeaux \u00e0 LED. Une exp\u00e9rience f\u00e9erique \u00e0 Font-Romeu pour toute la famille.","_yoast_wpseo_opengraph-image":"https:\/\/www.locansol.fr\/wp-content\/uploads\/2026\/02\/descente-flambeaux-Font-Romeu-hivernale.webp","_yoast_wpseo_opengraph-image-id":"","_yoast_wpseo_twitter-title":"Descente aux flambeaux \u00e0 Font-Romeu : une exp\u00e9rience magique !","_yoast_wpseo_twitter-description":"Vivez une descente \u00e0 ski nocturne illumin\u00e9e par des flambeaux \u00e0 LED \u00e0 Font-Romeu. Une exp\u00e9rience inoubliable pour toute la famille !","_yoast_wpseo_twitter-image":"https:\/\/www.locansol.fr\/wp-content\/uploads\/2026\/02\/descente-flambeaux-Font-Romeu-hivernale.webp","_yoast_wpseo_twitter-image-id":"","yoast_primary_category":"Nature","footnotes":""},"categories":[29],"tags":[76,73],"class_list":["post-4155","post","type-post","status-publish","format-standard","has-post-thumbnail","hentry","category-agenda-pyrenees-orientales","tag-pyrenees-orientales","tag-sports"],"yoast_head":"<!-- This site is optimized with the Yoast SEO Premium plugin v23.3 (Yoast SEO v26.9) - https:\/\/yoast.com\/product\/yoast-seo-premium-wordpress\/ -->\n<title>Descente aux flambeaux f\u00e9\u00e9rique Font-Romeu - Exp\u00e9rience magique<\/title>\n<meta name=\"description\" content=\"Descente aux flambeaux f\u00e9\u00e9rique Font-Romeu : Vivez une exp\u00e9rience hivernale magique en famille dans les Pyr\u00e9n\u00e9es-Orientales. Ski nocturne illumin\u00e9 par des flambeaux \u00e0 LED, encadr\u00e9 par l&#039;ESF.\" \/>\n<meta name=\"robots\" content=\"index, follow, max-snippet:-1, max-image-preview:large, max-video-preview:-1\" \/>\n<link rel=\"canonical\" href=\"https:\/\/www.locansol.fr\/ca\/descente-flambeaux-font-romeu-hivernale\/\" \/>\n<meta property=\"og:locale\" content=\"ca_ES\" \/>\n<meta property=\"og:type\" content=\"article\" \/>\n<meta property=\"og:title\" content=\"Magie hivernale : Descente aux flambeaux \u00e0 Font-Romeu \u2014 Un spectacle lumineux inoubliable\" \/>\n<meta property=\"og:description\" content=\"Imaginez une descente \u00e0 ski sous un ciel \u00e9toil\u00e9, illumin\u00e9e par des flambeaux \u00e0 LED. Une exp\u00e9rience f\u00e9erique \u00e0 Font-Romeu pour toute la famille.\" \/>\n<meta property=\"og:url\" content=\"https:\/\/www.locansol.fr\/ca\/descente-flambeaux-font-romeu-hivernale\/\" \/>\n<meta property=\"og:site_name\" content=\"Locansol, louer un h\u00e9bergement dans les Pyr\u00e9n\u00e9es Orientales\" \/>\n<meta property=\"article:published_time\" content=\"2026-02-26T15:02:55+00:00\" \/>\n<meta property=\"article:modified_time\" content=\"2026-02-26T15:03:00+00:00\" \/>\n<meta property=\"og:image\" content=\"https:\/\/www.locansol.fr\/wp-content\/uploads\/2026\/02\/descente-flambeaux-Font-Romeu-hivernale.webp\" \/>\n<meta name=\"author\" content=\"H\u00e9bergements Locansol\" \/>\n<meta name=\"twitter:card\" content=\"summary_large_image\" \/>\n<meta name=\"twitter:title\" content=\"Descente aux flambeaux \u00e0 Font-Romeu : une exp\u00e9rience magique !\" \/>\n<meta name=\"twitter:description\" content=\"Vivez une descente \u00e0 ski nocturne illumin\u00e9e par des flambeaux \u00e0 LED \u00e0 Font-Romeu. Une exp\u00e9rience inoubliable pour toute la famille !\" \/>\n<meta name=\"twitter:image\" content=\"https:\/\/www.locansol.fr\/wp-content\/uploads\/2026\/02\/descente-flambeaux-Font-Romeu-hivernale.webp\" \/>\n<meta name=\"twitter:label1\" content=\"Escrit per\" \/>\n\t<meta name=\"twitter:data1\" content=\"H\u00e9bergements Locansol\" \/>\n\t<meta name=\"twitter:label2\" content=\"Temps estimat de lectura\" \/>\n\t<meta name=\"twitter:data2\" content=\"2 minuts\" \/>\n<script type=\"application\/ld+json\" class=\"yoast-schema-graph\">{\"@context\":\"https:\/\/schema.org\",\"@graph\":[{\"@type\":\"Article\",\"@id\":\"https:\/\/www.locansol.fr\/descente-flambeaux-font-romeu-hivernale\/#article\",\"isPartOf\":{\"@id\":\"https:\/\/www.locansol.fr\/descente-flambeaux-font-romeu-hivernale\/\"},\"author\":{\"name\":\"H\u00e9bergements Locansol\",\"@id\":\"https:\/\/www.locansol.fr\/#\/schema\/person\/0b08d440f1ac44674c6d498107de351d\"},\"headline\":\"Font-Romeu &#8211; F\u00e9vrier et Mars &#8211; Descente aux flambeaux f\u00e9\u00e9rique\",\"datePublished\":\"2026-02-26T15:02:55+00:00\",\"dateModified\":\"2026-02-26T15:03:00+00:00\",\"mainEntityOfPage\":{\"@id\":\"https:\/\/www.locansol.fr\/descente-flambeaux-font-romeu-hivernale\/\"},\"wordCount\":322,\"publisher\":{\"@id\":\"https:\/\/www.locansol.fr\/#organization\"},\"image\":{\"@id\":\"https:\/\/www.locansol.fr\/descente-flambeaux-font-romeu-hivernale\/#primaryimage\"},\"thumbnailUrl\":\"https:\/\/www.locansol.fr\/wp-content\/uploads\/2026\/02\/descente-flambeaux-Font-Romeu-hivernale.webp\",\"keywords\":[\"Pyr\u00e9n\u00e9es-Orientales\",\"Sports\"],\"articleSection\":[\"Agenda\"],\"inLanguage\":\"ca\"},{\"@type\":\"WebPage\",\"@id\":\"https:\/\/www.locansol.fr\/descente-flambeaux-font-romeu-hivernale\/\",\"url\":\"https:\/\/www.locansol.fr\/descente-flambeaux-font-romeu-hivernale\/\",\"name\":\"Descente aux flambeaux f\u00e9\u00e9rique Font-Romeu - Exp\u00e9rience magique\",\"isPartOf\":{\"@id\":\"https:\/\/www.locansol.fr\/#website\"},\"primaryImageOfPage\":{\"@id\":\"https:\/\/www.locansol.fr\/descente-flambeaux-font-romeu-hivernale\/#primaryimage\"},\"image\":{\"@id\":\"https:\/\/www.locansol.fr\/descente-flambeaux-font-romeu-hivernale\/#primaryimage\"},\"thumbnailUrl\":\"https:\/\/www.locansol.fr\/wp-content\/uploads\/2026\/02\/descente-flambeaux-Font-Romeu-hivernale.webp\",\"datePublished\":\"2026-02-26T15:02:55+00:00\",\"dateModified\":\"2026-02-26T15:03:00+00:00\",\"description\":\"Descente aux flambeaux f\u00e9\u00e9rique Font-Romeu : Vivez une exp\u00e9rience hivernale magique en famille dans les Pyr\u00e9n\u00e9es-Orientales. Ski nocturne illumin\u00e9 par des flambeaux \u00e0 LED, encadr\u00e9 par l'ESF.\",\"breadcrumb\":{\"@id\":\"https:\/\/www.locansol.fr\/descente-flambeaux-font-romeu-hivernale\/#breadcrumb\"},\"inLanguage\":\"ca\",\"potentialAction\":[{\"@type\":\"ReadAction\",\"target\":[\"https:\/\/www.locansol.fr\/descente-flambeaux-font-romeu-hivernale\/\"]}]},{\"@type\":\"ImageObject\",\"inLanguage\":\"ca\",\"@id\":\"https:\/\/www.locansol.fr\/descente-flambeaux-font-romeu-hivernale\/#primaryimage\",\"url\":\"https:\/\/www.locansol.fr\/wp-content\/uploads\/2026\/02\/descente-flambeaux-Font-Romeu-hivernale.webp\",\"contentUrl\":\"https:\/\/www.locansol.fr\/wp-content\/uploads\/2026\/02\/descente-flambeaux-Font-Romeu-hivernale.webp\",\"width\":500,\"height\":643,\"caption\":\"Descente aux flambeaux f\u00e9\u00e9rique Font-Romeu - Exp\u00e9rience magique\"},{\"@type\":\"BreadcrumbList\",\"@id\":\"https:\/\/www.locansol.fr\/descente-flambeaux-font-romeu-hivernale\/#breadcrumb\",\"itemListElement\":[{\"@type\":\"ListItem\",\"position\":1,\"name\":\"Accueil\",\"item\":\"https:\/\/www.locansol.fr\/\"},{\"@type\":\"ListItem\",\"position\":2,\"name\":\"Font-Romeu &#8211; F\u00e9vrier et Mars &#8211; Descente aux flambeaux f\u00e9\u00e9rique\"}]},{\"@type\":\"WebSite\",\"@id\":\"https:\/\/www.locansol.fr\/#website\",\"url\":\"https:\/\/www.locansol.fr\/\",\"name\":\"Locansol, louer un h\u00e9bergement dans les Pyr\u00e9n\u00e9es-Orientales\",\"description\":\"Location Mobil-home Mer M\u00e9diterran\u00e9e &amp; Chalet de Montagne dans les Pyr\u00e9n\u00e9es Orientales (Occitanie, 66). Weekend, s\u00e9jour &amp; vacances en famille et entre amis.\",\"publisher\":{\"@id\":\"https:\/\/www.locansol.fr\/#organization\"},\"alternateName\":\"Louer un h\u00e9bergement dans les Pyr\u00e9n\u00e9es Orientales, chalet & mobil-home en Occitanie\",\"potentialAction\":[{\"@type\":\"SearchAction\",\"target\":{\"@type\":\"EntryPoint\",\"urlTemplate\":\"https:\/\/www.locansol.fr\/?s={search_term_string}\"},\"query-input\":{\"@type\":\"PropertyValueSpecification\",\"valueRequired\":true,\"valueName\":\"search_term_string\"}}],\"inLanguage\":\"ca\"},{\"@type\":\"Organization\",\"@id\":\"https:\/\/www.locansol.fr\/#organization\",\"name\":\"Location MobilHome & chalet dans les Pyr\u00e9n\u00e9es Orientales\",\"alternateName\":\"Louer un h\u00e9bergement dans les Pyr\u00e9n\u00e9es Orientales en Occitanie\",\"url\":\"https:\/\/www.locansol.fr\/\",\"logo\":{\"@type\":\"ImageObject\",\"inLanguage\":\"ca\",\"@id\":\"https:\/\/www.locansol.fr\/#\/schema\/logo\/image\/\",\"url\":\"https:\/\/www.locansol.fr\/wp-content\/uploads\/2024\/04\/AdobeStock_303324767-scaled.jpeg\",\"contentUrl\":\"https:\/\/www.locansol.fr\/wp-content\/uploads\/2024\/04\/AdobeStock_303324767-scaled.jpeg\",\"width\":2560,\"height\":1707,\"caption\":\"Location MobilHome & chalet dans les Pyr\u00e9n\u00e9es Orientales\"},\"image\":{\"@id\":\"https:\/\/www.locansol.fr\/#\/schema\/logo\/image\/\"}},{\"@type\":\"Person\",\"@id\":\"https:\/\/www.locansol.fr\/#\/schema\/person\/0b08d440f1ac44674c6d498107de351d\",\"name\":\"H\u00e9bergements Locansol\",\"image\":{\"@type\":\"ImageObject\",\"inLanguage\":\"ca\",\"@id\":\"https:\/\/www.locansol.fr\/#\/schema\/person\/image\/\",\"url\":\"https:\/\/secure.gravatar.com\/avatar\/444436b93284204f8116b6e0eb964cd3fcb811519c737232bde6dd5743c37ee5?s=96&d=mm&r=g\",\"contentUrl\":\"https:\/\/secure.gravatar.com\/avatar\/444436b93284204f8116b6e0eb964cd3fcb811519c737232bde6dd5743c37ee5?s=96&d=mm&r=g\",\"caption\":\"H\u00e9bergements Locansol\"},\"sameAs\":[\"https:\/\/www.locansol.fr\/\"],\"url\":\"https:\/\/www.locansol.fr\/ca\/author\/locansol\/\"}]}<\/script>\n<!-- \/ Yoast SEO Premium plugin. -->","yoast_head_json":{"title":"Descente aux flambeaux f\u00e9\u00e9rique Font-Romeu - Exp\u00e9rience magique","description":"Descente aux flambeaux f\u00e9\u00e9rique Font-Romeu : Vivez une exp\u00e9rience hivernale magique en famille dans les Pyr\u00e9n\u00e9es-Orientales. Ski nocturne illumin\u00e9 par des flambeaux \u00e0 LED, encadr\u00e9 par l'ESF.","robots":{"index":"index","follow":"follow","max-snippet":"max-snippet:-1","max-image-preview":"max-image-preview:large","max-video-preview":"max-video-preview:-1"},"canonical":"https:\/\/www.locansol.fr\/ca\/descente-flambeaux-font-romeu-hivernale\/","og_locale":"ca_ES","og_type":"article","og_title":"Magie hivernale : Descente aux flambeaux \u00e0 Font-Romeu \u2014 Un spectacle lumineux inoubliable","og_description":"Imaginez une descente \u00e0 ski sous un ciel \u00e9toil\u00e9, illumin\u00e9e par des flambeaux \u00e0 LED. Une exp\u00e9rience f\u00e9erique \u00e0 Font-Romeu pour toute la famille.","og_url":"https:\/\/www.locansol.fr\/ca\/descente-flambeaux-font-romeu-hivernale\/","og_site_name":"Locansol, louer un h\u00e9bergement dans les Pyr\u00e9n\u00e9es Orientales","article_published_time":"2026-02-26T15:02:55+00:00","article_modified_time":"2026-02-26T15:03:00+00:00","og_image":[{"url":"https:\/\/www.locansol.fr\/wp-content\/uploads\/2026\/02\/descente-flambeaux-Font-Romeu-hivernale.webp","type":"","width":"","height":""}],"author":"H\u00e9bergements Locansol","twitter_card":"summary_large_image","twitter_title":"Descente aux flambeaux \u00e0 Font-Romeu : une exp\u00e9rience magique !","twitter_description":"Vivez une descente \u00e0 ski nocturne illumin\u00e9e par des flambeaux \u00e0 LED \u00e0 Font-Romeu. Une exp\u00e9rience inoubliable pour toute la famille !","twitter_image":"https:\/\/www.locansol.fr\/wp-content\/uploads\/2026\/02\/descente-flambeaux-Font-Romeu-hivernale.webp","twitter_misc":{"Escrit per":"H\u00e9bergements Locansol","Temps estimat de lectura":"2 minuts"},"schema":{"@context":"https:\/\/schema.org","@graph":[{"@type":"Article","@id":"https:\/\/www.locansol.fr\/descente-flambeaux-font-romeu-hivernale\/#article","isPartOf":{"@id":"https:\/\/www.locansol.fr\/descente-flambeaux-font-romeu-hivernale\/"},"author":{"name":"H\u00e9bergements Locansol","@id":"https:\/\/www.locansol.fr\/#\/schema\/person\/0b08d440f1ac44674c6d498107de351d"},"headline":"Font-Romeu &#8211; F\u00e9vrier et Mars &#8211; Descente aux flambeaux f\u00e9\u00e9rique","datePublished":"2026-02-26T15:02:55+00:00","dateModified":"2026-02-26T15:03:00+00:00","mainEntityOfPage":{"@id":"https:\/\/www.locansol.fr\/descente-flambeaux-font-romeu-hivernale\/"},"wordCount":322,"publisher":{"@id":"https:\/\/www.locansol.fr\/#organization"},"image":{"@id":"https:\/\/www.locansol.fr\/descente-flambeaux-font-romeu-hivernale\/#primaryimage"},"thumbnailUrl":"https:\/\/www.locansol.fr\/wp-content\/uploads\/2026\/02\/descente-flambeaux-Font-Romeu-hivernale.webp","keywords":["Pyr\u00e9n\u00e9es-Orientales","Sports"],"articleSection":["Agenda"],"inLanguage":"ca"},{"@type":"WebPage","@id":"https:\/\/www.locansol.fr\/descente-flambeaux-font-romeu-hivernale\/","url":"https:\/\/www.locansol.fr\/descente-flambeaux-font-romeu-hivernale\/","name":"Descente aux flambeaux f\u00e9\u00e9rique Font-Romeu - Exp\u00e9rience magique","isPartOf":{"@id":"https:\/\/www.locansol.fr\/#website"},"primaryImageOfPage":{"@id":"https:\/\/www.locansol.fr\/descente-flambeaux-font-romeu-hivernale\/#primaryimage"},"image":{"@id":"https:\/\/www.locansol.fr\/descente-flambeaux-font-romeu-hivernale\/#primaryimage"},"thumbnailUrl":"https:\/\/www.locansol.fr\/wp-content\/uploads\/2026\/02\/descente-flambeaux-Font-Romeu-hivernale.webp","datePublished":"2026-02-26T15:02:55+00:00","dateModified":"2026-02-26T15:03:00+00:00","description":"Descente aux flambeaux f\u00e9\u00e9rique Font-Romeu : Vivez une exp\u00e9rience hivernale magique en famille dans les Pyr\u00e9n\u00e9es-Orientales. Ski nocturne illumin\u00e9 par des flambeaux \u00e0 LED, encadr\u00e9 par l'ESF.","breadcrumb":{"@id":"https:\/\/www.locansol.fr\/descente-flambeaux-font-romeu-hivernale\/#breadcrumb"},"inLanguage":"ca","potentialAction":[{"@type":"ReadAction","target":["https:\/\/www.locansol.fr\/descente-flambeaux-font-romeu-hivernale\/"]}]},{"@type":"ImageObject","inLanguage":"ca","@id":"https:\/\/www.locansol.fr\/descente-flambeaux-font-romeu-hivernale\/#primaryimage","url":"https:\/\/www.locansol.fr\/wp-content\/uploads\/2026\/02\/descente-flambeaux-Font-Romeu-hivernale.webp","contentUrl":"https:\/\/www.locansol.fr\/wp-content\/uploads\/2026\/02\/descente-flambeaux-Font-Romeu-hivernale.webp","width":500,"height":643,"caption":"Descente aux flambeaux f\u00e9\u00e9rique Font-Romeu - Exp\u00e9rience magique"},{"@type":"BreadcrumbList","@id":"https:\/\/www.locansol.fr\/descente-flambeaux-font-romeu-hivernale\/#breadcrumb","itemListElement":[{"@type":"ListItem","position":1,"name":"Accueil","item":"https:\/\/www.locansol.fr\/"},{"@type":"ListItem","position":2,"name":"Font-Romeu &#8211; F\u00e9vrier et Mars &#8211; Descente aux flambeaux f\u00e9\u00e9rique"}]},{"@type":"WebSite","@id":"https:\/\/www.locansol.fr\/#website","url":"https:\/\/www.locansol.fr\/","name":"Locansol, louer un h\u00e9bergement dans les Pyr\u00e9n\u00e9es-Orientales","description":"Location Mobil-home Mer M\u00e9diterran\u00e9e &amp; Chalet de Montagne dans les Pyr\u00e9n\u00e9es Orientales (Occitanie, 66). Weekend, s\u00e9jour &amp; vacances en famille et entre amis.","publisher":{"@id":"https:\/\/www.locansol.fr\/#organization"},"alternateName":"Louer un h\u00e9bergement dans les Pyr\u00e9n\u00e9es Orientales, chalet & mobil-home en Occitanie","potentialAction":[{"@type":"SearchAction","target":{"@type":"EntryPoint","urlTemplate":"https:\/\/www.locansol.fr\/?s={search_term_string}"},"query-input":{"@type":"PropertyValueSpecification","valueRequired":true,"valueName":"search_term_string"}}],"inLanguage":"ca"},{"@type":"Organization","@id":"https:\/\/www.locansol.fr\/#organization","name":"Location MobilHome & chalet dans les Pyr\u00e9n\u00e9es Orientales","alternateName":"Louer un h\u00e9bergement dans les Pyr\u00e9n\u00e9es Orientales en Occitanie","url":"https:\/\/www.locansol.fr\/","logo":{"@type":"ImageObject","inLanguage":"ca","@id":"https:\/\/www.locansol.fr\/#\/schema\/logo\/image\/","url":"https:\/\/www.locansol.fr\/wp-content\/uploads\/2024\/04\/AdobeStock_303324767-scaled.jpeg","contentUrl":"https:\/\/www.locansol.fr\/wp-content\/uploads\/2024\/04\/AdobeStock_303324767-scaled.jpeg","width":2560,"height":1707,"caption":"Location MobilHome & chalet dans les Pyr\u00e9n\u00e9es Orientales"},"image":{"@id":"https:\/\/www.locansol.fr\/#\/schema\/logo\/image\/"}},{"@type":"Person","@id":"https:\/\/www.locansol.fr\/#\/schema\/person\/0b08d440f1ac44674c6d498107de351d","name":"H\u00e9bergements Locansol","image":{"@type":"ImageObject","inLanguage":"ca","@id":"https:\/\/www.locansol.fr\/#\/schema\/person\/image\/","url":"https:\/\/secure.gravatar.com\/avatar\/444436b93284204f8116b6e0eb964cd3fcb811519c737232bde6dd5743c37ee5?s=96&d=mm&r=g","contentUrl":"https:\/\/secure.gravatar.com\/avatar\/444436b93284204f8116b6e0eb964cd3fcb811519c737232bde6dd5743c37ee5?s=96&d=mm&r=g","caption":"H\u00e9bergements Locansol"},"sameAs":["https:\/\/www.locansol.fr\/"],"url":"https:\/\/www.locansol.fr\/ca\/author\/locansol\/"}]}},"_links":{"self":[{"href":"https:\/\/www.locansol.fr\/ca\/wp-json\/wp\/v2\/posts\/4155","targetHints":{"allow":["GET"]}}],"collection":[{"href":"https:\/\/www.locansol.fr\/ca\/wp-json\/wp\/v2\/posts"}],"about":[{"href":"https:\/\/www.locansol.fr\/ca\/wp-json\/wp\/v2\/types\/post"}],"author":[{"embeddable":true,"href":"https:\/\/www.locansol.fr\/ca\/wp-json\/wp\/v2\/users\/5"}],"replies":[{"embeddable":true,"href":"https:\/\/www.locansol.fr\/ca\/wp-json\/wp\/v2\/comments?post=4155"}],"version-history":[{"count":1,"href":"https:\/\/www.locansol.fr\/ca\/wp-json\/wp\/v2\/posts\/4155\/revisions"}],"predecessor-version":[{"id":4156,"href":"https:\/\/www.locansol.fr\/ca\/wp-json\/wp\/v2\/posts\/4155\/revisions\/4156"}],"wp:featuredmedia":[{"embeddable":true,"href":"https:\/\/www.locansol.fr\/ca\/wp-json\/wp\/v2\/media\/4154"}],"wp:attachment":[{"href":"https:\/\/www.locansol.fr\/ca\/wp-json\/wp\/v2\/media?parent=4155"}],"wp:term":[{"taxonomy":"category","embeddable":true,"href":"https:\/\/www.locansol.fr\/ca\/wp-json\/wp\/v2\/categories?post=4155"},{"taxonomy":"post_tag","embeddable":true,"href":"https:\/\/www.locansol.fr\/ca\/wp-json\/wp\/v2\/tags?post=4155"}],"curies":[{"name":"wp","href":"https:\/\/api.w.org\/{rel}","templated":true}]}}