{"id":4451,"date":"2026-03-03T00:14:20","date_gmt":"2026-03-02T23:14:20","guid":{"rendered":"https:\/\/www.locansol.fr\/vacances-hiver-tautavel-prehistoire-13\/"},"modified":"2026-03-03T00:14:24","modified_gmt":"2026-03-02T23:14:24","slug":"vacances-hiver-tautavel-prehistoire-13","status":"publish","type":"post","link":"https:\/\/www.locansol.fr\/ca\/vacances-hiver-tautavel-prehistoire-13\/","title":{"rendered":"Vacances d&rsquo;hiver \u00e0 Tautavel (21 f\u00e9vrier &#8211; 6 mars) : D\u00e9couverte interactive et culturelle"},"content":{"rendered":"<p>Pendant les vacances d&rsquo;hiver, du 21 f\u00e9vrier au 6 mars, le Mus\u00e9e de Pr\u00e9histoire de Tautavel ouvre ses portes pour une exp\u00e9rience \u00e0 la fois culturelle, ludique et enrichissante. Nich\u00e9 au c\u0153ur de Tautavel, sur l&rsquo;avenue L\u00e9on Jean Gr\u00e9gory, ce site embl\u00e9matique vous invite \u00e0 un v\u00e9ritable voyage dans le temps.<\/p>\n<p>Dans un cadre historique fascinant, petits et grands pourront plonger dans l&rsquo;univers captivant de la pr\u00e9histoire gr\u00e2ce \u00e0 une programmation vari\u00e9e et accessible. Ce rendez-vous incontournable dans les Pyr\u00e9n\u00e9es-Orientales propose une multitude d&rsquo;activit\u00e9s pour ravir toute la famille :<\/p>\n<p>&#8211; Des conf\u00e9rences et d\u00e9bats autour des d\u00e9couvertes pal\u00e9ontologiques et arch\u00e9ologiques r\u00e9centes,<br \/>&#8211; Des ateliers p\u00e9dagogiques pour toute la famille (sculpture, peinture pr\u00e9historique, cr\u00e9ations d&rsquo;objets d&rsquo;\u00e9poque),<br \/>&#8211; Des visites guid\u00e9es pour d\u00e9couvrir les tr\u00e9sors du mus\u00e9e sous un nouveau jour,<br \/>&#8211; Des activit\u00e9s interactives pour sensibiliser les enfants \u00e0 la science, la g\u00e9ologie et l&rsquo;histoire tout en s&rsquo;amusant.<\/p>\n<p>Imaginez-vous d\u00e9couvrir les gestes de nos anc\u00eatres, admirer des fossiles incroyables ou encore comprendre les secrets qui se cachent derri\u00e8re les grottes majestueuses du Roussillon. Ce programme permet aussi de faire le lien entre le patrimoine de Tautavel et l&rsquo;histoire naturelle fascinante de cette r\u00e9gion unique.<\/p>\n<p>Le Mus\u00e9e de Pr\u00e9histoire de Tautavel est un lieu incontournable pour en apprendre davantage sur notre histoire commune, dans une ambiance familiale et conviviale. Avec un tarif d&rsquo;entr\u00e9e fix\u00e9 \u00e0 seulement 8 euros (plein tarif), cet \u00e9v\u00e9nement reste abordable pour une journ\u00e9e d&rsquo;immersion culturelle et de loisirs cr\u00e9atifs.<\/p>\n<p>\ud83d\udcc5 Ne ratez pas cette occasion de reconnecter avec les origines de l&rsquo;humanit\u00e9 et le patrimoine local. Que vous soyez passionn\u00e9 d&rsquo;histoire, curieux de la nature ou \u00e0 la recherche d&rsquo;une activit\u00e9 enrichissante pour vos enfants, ces vacances d&rsquo;hiver \u00e0 Tautavel vous r\u00e9servent de belles surprises !<\/p>\n<h3>Informaci\u00f3 pr\u00e0ctica<\/h3>\n<p>\ud83d\udcc5 QUAND ? 21 f\u00e9vrier > 6 mars<br \/>\ud83d\udccd O\u00d9 ? Avenue L\u00e9on Jean Gr\u00e9gory, Tautavel<br \/>\ud83d\udcb6 COMBIEN ? Plein tarif : 8,00 \u20ac<\/p>","protected":false},"excerpt":{"rendered":"<p>Participez aux vacances d&rsquo;hiver au Mus\u00e9e de Pr\u00e9histoire de Tautavel du 21 f\u00e9vrier au 6 mars : ateliers, visites et d\u00e9couvertes pour toute la famille.<\/p>","protected":false},"author":5,"featured_media":4450,"comment_status":"closed","ping_status":"open","sticky":false,"template":"","format":"standard","meta":{"_yoast_wpseo_focuskw":"Vacances hiver Tautavel pr\u00e9histoire","_yoast_wpseo_title":"Vacances d'hiver \u00e0 Tautavel : D\u00e9couverte culturelle et ludique","_yoast_wpseo_metadesc":"Vacances d'hiver \u00e0 Tautavel : D\u00e9couvrez des activit\u00e9s culturelles et ludiques pour toute la famille. Explorez la pr\u00e9histoire dans les Pyr\u00e9n\u00e9es-Orientales avec des ateliers, des visites guid\u00e9es et des conf\u00e9rences. Une exp\u00e9rience enrichissante \u00e0 ne pas manquer !","_yoast_wpseo_canonical":"","_yoast_wpseo_opengraph-title":"Voyagez dans le temps : Vacances d'hiver \u00e0 Tautavel pour toute la famille","_yoast_wpseo_opengraph-description":"Plongez dans l'univers captivant de la pr\u00e9histoire \u00e0 Tautavel. D\u00e9couvrez des fossiles, participez \u00e0 des ateliers et vivez une exp\u00e9rience familiale inoubliable.","_yoast_wpseo_opengraph-image":"https:\/\/www.locansol.fr\/wp-content\/uploads\/2026\/03\/vacances-hiver-tautavel-prehistoire-3.webp","_yoast_wpseo_opengraph-image-id":"","_yoast_wpseo_twitter-title":"D\u00e9couvrez la pr\u00e9histoire \u00e0 Tautavel cet hiver !","_yoast_wpseo_twitter-description":"Explorez la pr\u00e9histoire en famille \u00e0 Tautavel. Ateliers, visites guid\u00e9es et conf\u00e9rences pour des vacances culturelles et ludiques !","_yoast_wpseo_twitter-image":"https:\/\/www.locansol.fr\/wp-content\/uploads\/2026\/03\/vacances-hiver-tautavel-prehistoire-3.webp","_yoast_wpseo_twitter-image-id":"","yoast_primary_category":"Concert","footnotes":""},"categories":[45],"tags":[69,76],"class_list":["post-4451","post","type-post","status-publish","format-standard","has-post-thumbnail","hentry","category-festival","tag-musique","tag-pyrenees-orientales"],"yoast_head":"<!-- This site is optimized with the Yoast SEO Premium plugin v23.3 (Yoast SEO v26.9) - https:\/\/yoast.com\/product\/yoast-seo-premium-wordpress\/ -->\n<title>Vacances d&#039;hiver \u00e0 Tautavel : D\u00e9couverte culturelle et ludique<\/title>\n<meta name=\"description\" content=\"Vacances d&#039;hiver \u00e0 Tautavel : D\u00e9couvrez des activit\u00e9s culturelles et ludiques pour toute la famille. Explorez la pr\u00e9histoire dans les Pyr\u00e9n\u00e9es-Orientales avec des ateliers, des visites guid\u00e9es et des conf\u00e9rences. Une exp\u00e9rience enrichissante \u00e0 ne pas manquer !\" \/>\n<meta name=\"robots\" content=\"index, follow, max-snippet:-1, max-image-preview:large, max-video-preview:-1\" \/>\n<link rel=\"canonical\" href=\"https:\/\/www.locansol.fr\/ca\/vacances-hiver-tautavel-prehistoire-13\/\" \/>\n<meta property=\"og:locale\" content=\"ca_ES\" \/>\n<meta property=\"og:type\" content=\"article\" \/>\n<meta property=\"og:title\" content=\"Voyagez dans le temps : Vacances d&#039;hiver \u00e0 Tautavel pour toute la famille\" \/>\n<meta property=\"og:description\" content=\"Plongez dans l&#039;univers captivant de la pr\u00e9histoire \u00e0 Tautavel. D\u00e9couvrez des fossiles, participez \u00e0 des ateliers et vivez une exp\u00e9rience familiale inoubliable.\" \/>\n<meta property=\"og:url\" content=\"https:\/\/www.locansol.fr\/ca\/vacances-hiver-tautavel-prehistoire-13\/\" \/>\n<meta property=\"og:site_name\" content=\"Locansol, louer un h\u00e9bergement dans les Pyr\u00e9n\u00e9es Orientales\" \/>\n<meta property=\"article:published_time\" content=\"2026-03-02T23:14:20+00:00\" \/>\n<meta property=\"article:modified_time\" content=\"2026-03-02T23:14:24+00:00\" \/>\n<meta property=\"og:image\" content=\"https:\/\/www.locansol.fr\/wp-content\/uploads\/2026\/03\/vacances-hiver-tautavel-prehistoire-3.webp\" \/>\n<meta name=\"author\" content=\"H\u00e9bergements Locansol\" \/>\n<meta name=\"twitter:card\" content=\"summary_large_image\" \/>\n<meta name=\"twitter:title\" content=\"D\u00e9couvrez la pr\u00e9histoire \u00e0 Tautavel cet hiver !\" \/>\n<meta name=\"twitter:description\" content=\"Explorez la pr\u00e9histoire en famille \u00e0 Tautavel. Ateliers, visites guid\u00e9es et conf\u00e9rences pour des vacances culturelles et ludiques !\" \/>\n<meta name=\"twitter:image\" content=\"https:\/\/www.locansol.fr\/wp-content\/uploads\/2026\/03\/vacances-hiver-tautavel-prehistoire-3.webp\" \/>\n<meta name=\"twitter:label1\" content=\"Escrit per\" \/>\n\t<meta name=\"twitter:data1\" content=\"H\u00e9bergements Locansol\" \/>\n\t<meta name=\"twitter:label2\" content=\"Temps estimat de lectura\" \/>\n\t<meta name=\"twitter:data2\" content=\"2 minuts\" \/>\n<script type=\"application\/ld+json\" class=\"yoast-schema-graph\">{\"@context\":\"https:\/\/schema.org\",\"@graph\":[{\"@type\":\"Article\",\"@id\":\"https:\/\/www.locansol.fr\/vacances-hiver-tautavel-prehistoire-13\/#article\",\"isPartOf\":{\"@id\":\"https:\/\/www.locansol.fr\/vacances-hiver-tautavel-prehistoire-13\/\"},\"author\":{\"name\":\"H\u00e9bergements Locansol\",\"@id\":\"https:\/\/www.locansol.fr\/#\/schema\/person\/0b08d440f1ac44674c6d498107de351d\"},\"headline\":\"Vacances d&rsquo;hiver \u00e0 Tautavel (21 f\u00e9vrier &#8211; 6 mars) : D\u00e9couverte interactive et culturelle\",\"datePublished\":\"2026-03-02T23:14:20+00:00\",\"dateModified\":\"2026-03-02T23:14:24+00:00\",\"mainEntityOfPage\":{\"@id\":\"https:\/\/www.locansol.fr\/vacances-hiver-tautavel-prehistoire-13\/\"},\"wordCount\":362,\"publisher\":{\"@id\":\"https:\/\/www.locansol.fr\/#organization\"},\"image\":{\"@id\":\"https:\/\/www.locansol.fr\/vacances-hiver-tautavel-prehistoire-13\/#primaryimage\"},\"thumbnailUrl\":\"https:\/\/www.locansol.fr\/wp-content\/uploads\/2026\/03\/vacances-hiver-tautavel-prehistoire-3.webp\",\"keywords\":[\"Musique\",\"Pyr\u00e9n\u00e9es-Orientales\"],\"articleSection\":[\"Festival\"],\"inLanguage\":\"ca\"},{\"@type\":\"WebPage\",\"@id\":\"https:\/\/www.locansol.fr\/vacances-hiver-tautavel-prehistoire-13\/\",\"url\":\"https:\/\/www.locansol.fr\/vacances-hiver-tautavel-prehistoire-13\/\",\"name\":\"Vacances d'hiver \u00e0 Tautavel : D\u00e9couverte culturelle et ludique\",\"isPartOf\":{\"@id\":\"https:\/\/www.locansol.fr\/#website\"},\"primaryImageOfPage\":{\"@id\":\"https:\/\/www.locansol.fr\/vacances-hiver-tautavel-prehistoire-13\/#primaryimage\"},\"image\":{\"@id\":\"https:\/\/www.locansol.fr\/vacances-hiver-tautavel-prehistoire-13\/#primaryimage\"},\"thumbnailUrl\":\"https:\/\/www.locansol.fr\/wp-content\/uploads\/2026\/03\/vacances-hiver-tautavel-prehistoire-3.webp\",\"datePublished\":\"2026-03-02T23:14:20+00:00\",\"dateModified\":\"2026-03-02T23:14:24+00:00\",\"description\":\"Vacances d'hiver \u00e0 Tautavel : D\u00e9couvrez des activit\u00e9s culturelles et ludiques pour toute la famille. Explorez la pr\u00e9histoire dans les Pyr\u00e9n\u00e9es-Orientales avec des ateliers, des visites guid\u00e9es et des conf\u00e9rences. Une exp\u00e9rience enrichissante \u00e0 ne pas manquer !\",\"breadcrumb\":{\"@id\":\"https:\/\/www.locansol.fr\/vacances-hiver-tautavel-prehistoire-13\/#breadcrumb\"},\"inLanguage\":\"ca\",\"potentialAction\":[{\"@type\":\"ReadAction\",\"target\":[\"https:\/\/www.locansol.fr\/vacances-hiver-tautavel-prehistoire-13\/\"]}]},{\"@type\":\"ImageObject\",\"inLanguage\":\"ca\",\"@id\":\"https:\/\/www.locansol.fr\/vacances-hiver-tautavel-prehistoire-13\/#primaryimage\",\"url\":\"https:\/\/www.locansol.fr\/wp-content\/uploads\/2026\/03\/vacances-hiver-tautavel-prehistoire-3.webp\",\"contentUrl\":\"https:\/\/www.locansol.fr\/wp-content\/uploads\/2026\/03\/vacances-hiver-tautavel-prehistoire-3.webp\",\"width\":500,\"height\":643,\"caption\":\"Vacances d'hiver \u00e0 Tautavel : D\u00e9couverte culturelle et ludique\"},{\"@type\":\"BreadcrumbList\",\"@id\":\"https:\/\/www.locansol.fr\/vacances-hiver-tautavel-prehistoire-13\/#breadcrumb\",\"itemListElement\":[{\"@type\":\"ListItem\",\"position\":1,\"name\":\"Accueil\",\"item\":\"https:\/\/www.locansol.fr\/\"},{\"@type\":\"ListItem\",\"position\":2,\"name\":\"Vacances d&rsquo;hiver \u00e0 Tautavel (21 f\u00e9vrier &#8211; 6 mars) : D\u00e9couverte interactive et culturelle\"}]},{\"@type\":\"WebSite\",\"@id\":\"https:\/\/www.locansol.fr\/#website\",\"url\":\"https:\/\/www.locansol.fr\/\",\"name\":\"Locansol, louer un h\u00e9bergement dans les Pyr\u00e9n\u00e9es-Orientales\",\"description\":\"Location Mobil-home Mer M\u00e9diterran\u00e9e &amp; Chalet de Montagne dans les Pyr\u00e9n\u00e9es Orientales (Occitanie, 66). Weekend, s\u00e9jour &amp; vacances en famille et entre amis.\",\"publisher\":{\"@id\":\"https:\/\/www.locansol.fr\/#organization\"},\"alternateName\":\"Louer un h\u00e9bergement dans les Pyr\u00e9n\u00e9es Orientales, chalet & mobil-home en Occitanie\",\"potentialAction\":[{\"@type\":\"SearchAction\",\"target\":{\"@type\":\"EntryPoint\",\"urlTemplate\":\"https:\/\/www.locansol.fr\/?s={search_term_string}\"},\"query-input\":{\"@type\":\"PropertyValueSpecification\",\"valueRequired\":true,\"valueName\":\"search_term_string\"}}],\"inLanguage\":\"ca\"},{\"@type\":\"Organization\",\"@id\":\"https:\/\/www.locansol.fr\/#organization\",\"name\":\"Location MobilHome & chalet dans les Pyr\u00e9n\u00e9es Orientales\",\"alternateName\":\"Louer un h\u00e9bergement dans les Pyr\u00e9n\u00e9es Orientales en Occitanie\",\"url\":\"https:\/\/www.locansol.fr\/\",\"logo\":{\"@type\":\"ImageObject\",\"inLanguage\":\"ca\",\"@id\":\"https:\/\/www.locansol.fr\/#\/schema\/logo\/image\/\",\"url\":\"https:\/\/www.locansol.fr\/wp-content\/uploads\/2024\/04\/AdobeStock_303324767-scaled.jpeg\",\"contentUrl\":\"https:\/\/www.locansol.fr\/wp-content\/uploads\/2024\/04\/AdobeStock_303324767-scaled.jpeg\",\"width\":2560,\"height\":1707,\"caption\":\"Location MobilHome & chalet dans les Pyr\u00e9n\u00e9es Orientales\"},\"image\":{\"@id\":\"https:\/\/www.locansol.fr\/#\/schema\/logo\/image\/\"}},{\"@type\":\"Person\",\"@id\":\"https:\/\/www.locansol.fr\/#\/schema\/person\/0b08d440f1ac44674c6d498107de351d\",\"name\":\"H\u00e9bergements Locansol\",\"image\":{\"@type\":\"ImageObject\",\"inLanguage\":\"ca\",\"@id\":\"https:\/\/www.locansol.fr\/#\/schema\/person\/image\/\",\"url\":\"https:\/\/secure.gravatar.com\/avatar\/444436b93284204f8116b6e0eb964cd3fcb811519c737232bde6dd5743c37ee5?s=96&d=mm&r=g\",\"contentUrl\":\"https:\/\/secure.gravatar.com\/avatar\/444436b93284204f8116b6e0eb964cd3fcb811519c737232bde6dd5743c37ee5?s=96&d=mm&r=g\",\"caption\":\"H\u00e9bergements Locansol\"},\"sameAs\":[\"https:\/\/www.locansol.fr\/\"],\"url\":\"https:\/\/www.locansol.fr\/ca\/author\/locansol\/\"}]}<\/script>\n<!-- \/ Yoast SEO Premium plugin. -->","yoast_head_json":{"title":"Vacances d'hiver \u00e0 Tautavel : D\u00e9couverte culturelle et ludique","description":"Vacances d'hiver \u00e0 Tautavel : D\u00e9couvrez des activit\u00e9s culturelles et ludiques pour toute la famille. Explorez la pr\u00e9histoire dans les Pyr\u00e9n\u00e9es-Orientales avec des ateliers, des visites guid\u00e9es et des conf\u00e9rences. Une exp\u00e9rience enrichissante \u00e0 ne pas manquer !","robots":{"index":"index","follow":"follow","max-snippet":"max-snippet:-1","max-image-preview":"max-image-preview:large","max-video-preview":"max-video-preview:-1"},"canonical":"https:\/\/www.locansol.fr\/ca\/vacances-hiver-tautavel-prehistoire-13\/","og_locale":"ca_ES","og_type":"article","og_title":"Voyagez dans le temps : Vacances d'hiver \u00e0 Tautavel pour toute la famille","og_description":"Plongez dans l'univers captivant de la pr\u00e9histoire \u00e0 Tautavel. D\u00e9couvrez des fossiles, participez \u00e0 des ateliers et vivez une exp\u00e9rience familiale inoubliable.","og_url":"https:\/\/www.locansol.fr\/ca\/vacances-hiver-tautavel-prehistoire-13\/","og_site_name":"Locansol, louer un h\u00e9bergement dans les Pyr\u00e9n\u00e9es Orientales","article_published_time":"2026-03-02T23:14:20+00:00","article_modified_time":"2026-03-02T23:14:24+00:00","og_image":[{"url":"https:\/\/www.locansol.fr\/wp-content\/uploads\/2026\/03\/vacances-hiver-tautavel-prehistoire-3.webp","type":"","width":"","height":""}],"author":"H\u00e9bergements Locansol","twitter_card":"summary_large_image","twitter_title":"D\u00e9couvrez la pr\u00e9histoire \u00e0 Tautavel cet hiver !","twitter_description":"Explorez la pr\u00e9histoire en famille \u00e0 Tautavel. Ateliers, visites guid\u00e9es et conf\u00e9rences pour des vacances culturelles et ludiques !","twitter_image":"https:\/\/www.locansol.fr\/wp-content\/uploads\/2026\/03\/vacances-hiver-tautavel-prehistoire-3.webp","twitter_misc":{"Escrit per":"H\u00e9bergements Locansol","Temps estimat de lectura":"2 minuts"},"schema":{"@context":"https:\/\/schema.org","@graph":[{"@type":"Article","@id":"https:\/\/www.locansol.fr\/vacances-hiver-tautavel-prehistoire-13\/#article","isPartOf":{"@id":"https:\/\/www.locansol.fr\/vacances-hiver-tautavel-prehistoire-13\/"},"author":{"name":"H\u00e9bergements Locansol","@id":"https:\/\/www.locansol.fr\/#\/schema\/person\/0b08d440f1ac44674c6d498107de351d"},"headline":"Vacances d&rsquo;hiver \u00e0 Tautavel (21 f\u00e9vrier &#8211; 6 mars) : D\u00e9couverte interactive et culturelle","datePublished":"2026-03-02T23:14:20+00:00","dateModified":"2026-03-02T23:14:24+00:00","mainEntityOfPage":{"@id":"https:\/\/www.locansol.fr\/vacances-hiver-tautavel-prehistoire-13\/"},"wordCount":362,"publisher":{"@id":"https:\/\/www.locansol.fr\/#organization"},"image":{"@id":"https:\/\/www.locansol.fr\/vacances-hiver-tautavel-prehistoire-13\/#primaryimage"},"thumbnailUrl":"https:\/\/www.locansol.fr\/wp-content\/uploads\/2026\/03\/vacances-hiver-tautavel-prehistoire-3.webp","keywords":["Musique","Pyr\u00e9n\u00e9es-Orientales"],"articleSection":["Festival"],"inLanguage":"ca"},{"@type":"WebPage","@id":"https:\/\/www.locansol.fr\/vacances-hiver-tautavel-prehistoire-13\/","url":"https:\/\/www.locansol.fr\/vacances-hiver-tautavel-prehistoire-13\/","name":"Vacances d'hiver \u00e0 Tautavel : D\u00e9couverte culturelle et ludique","isPartOf":{"@id":"https:\/\/www.locansol.fr\/#website"},"primaryImageOfPage":{"@id":"https:\/\/www.locansol.fr\/vacances-hiver-tautavel-prehistoire-13\/#primaryimage"},"image":{"@id":"https:\/\/www.locansol.fr\/vacances-hiver-tautavel-prehistoire-13\/#primaryimage"},"thumbnailUrl":"https:\/\/www.locansol.fr\/wp-content\/uploads\/2026\/03\/vacances-hiver-tautavel-prehistoire-3.webp","datePublished":"2026-03-02T23:14:20+00:00","dateModified":"2026-03-02T23:14:24+00:00","description":"Vacances d'hiver \u00e0 Tautavel : D\u00e9couvrez des activit\u00e9s culturelles et ludiques pour toute la famille. Explorez la pr\u00e9histoire dans les Pyr\u00e9n\u00e9es-Orientales avec des ateliers, des visites guid\u00e9es et des conf\u00e9rences. Une exp\u00e9rience enrichissante \u00e0 ne pas manquer !","breadcrumb":{"@id":"https:\/\/www.locansol.fr\/vacances-hiver-tautavel-prehistoire-13\/#breadcrumb"},"inLanguage":"ca","potentialAction":[{"@type":"ReadAction","target":["https:\/\/www.locansol.fr\/vacances-hiver-tautavel-prehistoire-13\/"]}]},{"@type":"ImageObject","inLanguage":"ca","@id":"https:\/\/www.locansol.fr\/vacances-hiver-tautavel-prehistoire-13\/#primaryimage","url":"https:\/\/www.locansol.fr\/wp-content\/uploads\/2026\/03\/vacances-hiver-tautavel-prehistoire-3.webp","contentUrl":"https:\/\/www.locansol.fr\/wp-content\/uploads\/2026\/03\/vacances-hiver-tautavel-prehistoire-3.webp","width":500,"height":643,"caption":"Vacances d'hiver \u00e0 Tautavel : D\u00e9couverte culturelle et ludique"},{"@type":"BreadcrumbList","@id":"https:\/\/www.locansol.fr\/vacances-hiver-tautavel-prehistoire-13\/#breadcrumb","itemListElement":[{"@type":"ListItem","position":1,"name":"Accueil","item":"https:\/\/www.locansol.fr\/"},{"@type":"ListItem","position":2,"name":"Vacances d&rsquo;hiver \u00e0 Tautavel (21 f\u00e9vrier &#8211; 6 mars) : D\u00e9couverte interactive et culturelle"}]},{"@type":"WebSite","@id":"https:\/\/www.locansol.fr\/#website","url":"https:\/\/www.locansol.fr\/","name":"Locansol, louer un h\u00e9bergement dans les Pyr\u00e9n\u00e9es-Orientales","description":"Location Mobil-home Mer M\u00e9diterran\u00e9e &amp; Chalet de Montagne dans les Pyr\u00e9n\u00e9es Orientales (Occitanie, 66). Weekend, s\u00e9jour &amp; vacances en famille et entre amis.","publisher":{"@id":"https:\/\/www.locansol.fr\/#organization"},"alternateName":"Louer un h\u00e9bergement dans les Pyr\u00e9n\u00e9es Orientales, chalet & mobil-home en Occitanie","potentialAction":[{"@type":"SearchAction","target":{"@type":"EntryPoint","urlTemplate":"https:\/\/www.locansol.fr\/?s={search_term_string}"},"query-input":{"@type":"PropertyValueSpecification","valueRequired":true,"valueName":"search_term_string"}}],"inLanguage":"ca"},{"@type":"Organization","@id":"https:\/\/www.locansol.fr\/#organization","name":"Location MobilHome & chalet dans les Pyr\u00e9n\u00e9es Orientales","alternateName":"Louer un h\u00e9bergement dans les Pyr\u00e9n\u00e9es Orientales en Occitanie","url":"https:\/\/www.locansol.fr\/","logo":{"@type":"ImageObject","inLanguage":"ca","@id":"https:\/\/www.locansol.fr\/#\/schema\/logo\/image\/","url":"https:\/\/www.locansol.fr\/wp-content\/uploads\/2024\/04\/AdobeStock_303324767-scaled.jpeg","contentUrl":"https:\/\/www.locansol.fr\/wp-content\/uploads\/2024\/04\/AdobeStock_303324767-scaled.jpeg","width":2560,"height":1707,"caption":"Location MobilHome & chalet dans les Pyr\u00e9n\u00e9es Orientales"},"image":{"@id":"https:\/\/www.locansol.fr\/#\/schema\/logo\/image\/"}},{"@type":"Person","@id":"https:\/\/www.locansol.fr\/#\/schema\/person\/0b08d440f1ac44674c6d498107de351d","name":"H\u00e9bergements Locansol","image":{"@type":"ImageObject","inLanguage":"ca","@id":"https:\/\/www.locansol.fr\/#\/schema\/person\/image\/","url":"https:\/\/secure.gravatar.com\/avatar\/444436b93284204f8116b6e0eb964cd3fcb811519c737232bde6dd5743c37ee5?s=96&d=mm&r=g","contentUrl":"https:\/\/secure.gravatar.com\/avatar\/444436b93284204f8116b6e0eb964cd3fcb811519c737232bde6dd5743c37ee5?s=96&d=mm&r=g","caption":"H\u00e9bergements Locansol"},"sameAs":["https:\/\/www.locansol.fr\/"],"url":"https:\/\/www.locansol.fr\/ca\/author\/locansol\/"}]}},"_links":{"self":[{"href":"https:\/\/www.locansol.fr\/ca\/wp-json\/wp\/v2\/posts\/4451","targetHints":{"allow":["GET"]}}],"collection":[{"href":"https:\/\/www.locansol.fr\/ca\/wp-json\/wp\/v2\/posts"}],"about":[{"href":"https:\/\/www.locansol.fr\/ca\/wp-json\/wp\/v2\/types\/post"}],"author":[{"embeddable":true,"href":"https:\/\/www.locansol.fr\/ca\/wp-json\/wp\/v2\/users\/5"}],"replies":[{"embeddable":true,"href":"https:\/\/www.locansol.fr\/ca\/wp-json\/wp\/v2\/comments?post=4451"}],"version-history":[{"count":1,"href":"https:\/\/www.locansol.fr\/ca\/wp-json\/wp\/v2\/posts\/4451\/revisions"}],"predecessor-version":[{"id":4452,"href":"https:\/\/www.locansol.fr\/ca\/wp-json\/wp\/v2\/posts\/4451\/revisions\/4452"}],"wp:featuredmedia":[{"embeddable":true,"href":"https:\/\/www.locansol.fr\/ca\/wp-json\/wp\/v2\/media\/4450"}],"wp:attachment":[{"href":"https:\/\/www.locansol.fr\/ca\/wp-json\/wp\/v2\/media?parent=4451"}],"wp:term":[{"taxonomy":"category","embeddable":true,"href":"https:\/\/www.locansol.fr\/ca\/wp-json\/wp\/v2\/categories?post=4451"},{"taxonomy":"post_tag","embeddable":true,"href":"https:\/\/www.locansol.fr\/ca\/wp-json\/wp\/v2\/tags?post=4451"}],"curies":[{"name":"wp","href":"https:\/\/api.w.org\/{rel}","templated":true}]}}