{"id":4622,"date":"2026-03-07T10:13:02","date_gmt":"2026-03-07T09:13:02","guid":{"rendered":"https:\/\/www.locansol.fr\/exposition-artistique-cathiecach-saint-cyprien\/"},"modified":"2026-03-07T10:13:15","modified_gmt":"2026-03-07T09:13:15","slug":"exposition-artistique-cathiecach-saint-cyprien","status":"publish","type":"post","link":"https:\/\/www.locansol.fr\/ca\/exposition-artistique-cathiecach-saint-cyprien\/","title":{"rendered":"Saint-Cyprien, 4-7 mars : Exposition artistique \u00ab Cathiecach L\u2019\u00e9chapp\u00e9e belle \u00bb \u00e0 ne pas rater"},"content":{"rendered":"<p>D\u00e9couvrez l&rsquo;impressionnante exposition \u00ab Cathiecach L\u2019\u00e9chapp\u00e9e belle \u00bb \u00e0 Saint-Cyprien, un \u00e9v\u00e9nement unique qui se d\u00e9roule du 4 au 7 mars \u00e0 l\u2019Arabesque Centre d\u2019Art Maison bleue. Situ\u00e9e au c\u0153ur de la place de la R\u00e9publique, au 5 rue Jules Romains, cette vitrine artistique en acc\u00e8s gratuit vous plonge dans le fascinant univers de l\u2019artiste Cathiecach et sa vision po\u00e9tique de la vie.<\/p>\n<p>L\u2019exposition \u00ab Cathiecach L\u2019\u00e9chapp\u00e9e belle \u00bb est bien plus qu\u2019une simple collection d\u2019\u0153uvres. C\u2019est une immersion dans des paysages abstraits o\u00f9 les formes et les couleurs dansent et se m\u00ealent dans une harmonie vibrante. Cathiecach, artiste renomm\u00e9e pour son approche intuitive, explore \u00e0 travers ses \u0153uvres l\u2019invisible et donne vie aux moindres d\u00e9tails de l\u2019univers du vivant. En utilisant des techniques comme la plume, les encres color\u00e9es, l\u2019aquarelle ou encore l\u2019acrylique, elle cr\u00e9e un dialogue entre imagination et mati\u00e8re, souvent avec les yeux ferm\u00e9s, laissant libre cours \u00e0 son inspiration.<\/p>\n<p>Ses \u0153uvres, t\u00e9moins d\u2019une introspection profonde et d\u2019une recherche artistique audacieuse, c\u00e9l\u00e8brent notamment la cellule, cet \u00e9l\u00e9ment microscopique mais essentiel o\u00f9 la vie trouve ses racines. Ce voyage artistique a une dimension fortement po\u00e9tique et invite les visiteurs \u00e0 adopter une nouvelle perspective : celle o\u00f9 la simplicit\u00e9 est source d\u2019\u00e9merveillement.<\/p>\n<p>Visiter cette exposition, c\u2019est \u00e9galement profiter de l\u2019ambiance accueillante et chaleureuse de l\u2019Arabesque Centre d\u2019Art Maison bleue. Ce lieu, d\u00e9j\u00e0 connu pour valoriser les talents locaux, offre un cadre propice \u00e0 la m\u00e9ditation et \u00e0 l\u2019\u00e9vasion artistique. Les horaires d\u2019ouverture de 10h \u00e0 12h et de 17h \u00e0 19h permettent \u00e0 chacun, des matinaux aux amateurs de sorties en fin de journ\u00e9e, de profiter pleinement de cette exp\u00e9rience immersive.<\/p>\n<p>Que vous soyez passionn\u00e9 d\u2019art, curieux d\u2019explorations sensorielles in\u00e9dites ou simplement \u00e0 la recherche d\u2019un moment d\u2019\u00e9vasion, prenez le temps de visiter cette exposition. Vous d\u00e9couvrirez l\u2019univers unique d\u2019une artiste qui fait dialoguer l\u2019intangible avec le tangible, vous laissant emport\u00e9 par un souffle de po\u00e9sie visuelle.<\/p>\n<p>Pour toute information compl\u00e9mentaire, l\u2019\u00e9quipe de l\u2019Arabesque Centre d\u2019Art Maison bleue est joignable par t\u00e9l\u00e9phone au 06 47 92 61 32 ou par email \u00e0 arabesquestcyp@gmail.com.<\/p>\n<p>Ne manquez pas cette opportunit\u00e9 rare d\u2019explorer un art vibrant et captivant !<\/p>\n<h3>Informaci\u00f3 pr\u00e0ctica<\/h3>\n<p>\ud83d\udcc5 QUAND ? Du 4 au 7 mars<br \/>\ud83d\udccd O\u00d9 ? Arabesque Centre d\u2019Art Maison bleue, 5 rue Jules Romains, Saint-Cyprien<br \/>\ud83d\udcb6 COMBIEN ? Gratuit<\/p>","protected":false},"excerpt":{"rendered":"<p>Plongez dans l\u2019univers vibrant de Cathiecach lors de l\u2019exposition artistique \u00ab L\u2019\u00e9chapp\u00e9e belle \u00bb \u00e0 Saint-Cyprien du 4 au 7 mars.<\/p>","protected":false},"author":5,"featured_media":4621,"comment_status":"closed","ping_status":"open","sticky":false,"template":"","format":"standard","meta":{"_yoast_wpseo_focuskw":"Exposition artistique Cathiecach Saint-Cyprien","_yoast_wpseo_title":"Exposition artistique Cathiecach L\u2019\u00e9chapp\u00e9e belle Saint-Cyprien","_yoast_wpseo_metadesc":"Exposition artistique Cathiecach L\u2019\u00e9chapp\u00e9e belle Saint-Cyprien. D\u00e9couvrez l'univers po\u00e9tique de Cathiecach dans les Pyr\u00e9n\u00e9es-Orientales. Acc\u00e8s gratuit du 4 au 7 mars \u00e0 l'Arabesque Centre d\u2019Art Maison bleue.","_yoast_wpseo_canonical":"","_yoast_wpseo_opengraph-title":"\u00c9merveillement garanti : Exposition Cathiecach \u00e0 Saint-Cyprien \u2014 Un voyage artistique unique","_yoast_wpseo_opengraph-description":"Immergez-vous dans des paysages abstraits et vibrants \u00e0 Saint-Cyprien. D\u00e9couvrez l'univers unique de Cathiecach, o\u00f9 chaque \u0153uvre raconte une histoire po\u00e9tique et visuelle.","_yoast_wpseo_opengraph-image":"https:\/\/www.locansol.fr\/wp-content\/uploads\/2026\/03\/exposition-artistique-cathiecach-saint-cyprien.webp","_yoast_wpseo_opengraph-image-id":"","_yoast_wpseo_twitter-title":"Ne manquez pas l'exposition Cathiecach \u00e0 Saint-Cyprien \u2013 Une exp\u00e9rience artistique unique !","_yoast_wpseo_twitter-description":"Plongez dans l'univers po\u00e9tique de Cathiecach \u00e0 Saint-Cyprien. Une exposition gratuite du 4 au 7 mars \u00e0 ne pas manquer !","_yoast_wpseo_twitter-image":"https:\/\/www.locansol.fr\/wp-content\/uploads\/2026\/03\/exposition-artistique-cathiecach-saint-cyprien.webp","_yoast_wpseo_twitter-image-id":"","yoast_primary_category":"Exposition","footnotes":""},"categories":[35],"tags":[66,76],"class_list":["post-4622","post","type-post","status-publish","format-standard","has-post-thumbnail","hentry","category-carnaval","tag-evenement-culturel","tag-pyrenees-orientales"],"yoast_head":"<!-- This site is optimized with the Yoast SEO Premium plugin v23.3 (Yoast SEO v26.9) - https:\/\/yoast.com\/product\/yoast-seo-premium-wordpress\/ -->\n<title>Exposition artistique Cathiecach L\u2019\u00e9chapp\u00e9e belle Saint-Cyprien<\/title>\n<meta name=\"description\" content=\"Exposition artistique Cathiecach L\u2019\u00e9chapp\u00e9e belle Saint-Cyprien. D\u00e9couvrez l&#039;univers po\u00e9tique de Cathiecach dans les Pyr\u00e9n\u00e9es-Orientales. Acc\u00e8s gratuit du 4 au 7 mars \u00e0 l&#039;Arabesque Centre d\u2019Art Maison bleue.\" \/>\n<meta name=\"robots\" content=\"index, follow, max-snippet:-1, max-image-preview:large, max-video-preview:-1\" \/>\n<link rel=\"canonical\" href=\"https:\/\/www.locansol.fr\/ca\/exposition-artistique-cathiecach-saint-cyprien\/\" \/>\n<meta property=\"og:locale\" content=\"ca_ES\" \/>\n<meta property=\"og:type\" content=\"article\" \/>\n<meta property=\"og:title\" content=\"\u00c9merveillement garanti : Exposition Cathiecach \u00e0 Saint-Cyprien \u2014 Un voyage artistique unique\" \/>\n<meta property=\"og:description\" content=\"Immergez-vous dans des paysages abstraits et vibrants \u00e0 Saint-Cyprien. D\u00e9couvrez l&#039;univers unique de Cathiecach, o\u00f9 chaque \u0153uvre raconte une histoire po\u00e9tique et visuelle.\" \/>\n<meta property=\"og:url\" content=\"https:\/\/www.locansol.fr\/ca\/exposition-artistique-cathiecach-saint-cyprien\/\" \/>\n<meta property=\"og:site_name\" content=\"Locansol, louer un h\u00e9bergement dans les Pyr\u00e9n\u00e9es Orientales\" \/>\n<meta property=\"article:published_time\" content=\"2026-03-07T09:13:02+00:00\" \/>\n<meta property=\"article:modified_time\" content=\"2026-03-07T09:13:15+00:00\" \/>\n<meta property=\"og:image\" content=\"https:\/\/www.locansol.fr\/wp-content\/uploads\/2026\/03\/exposition-artistique-cathiecach-saint-cyprien.webp\" \/>\n<meta name=\"author\" content=\"H\u00e9bergements Locansol\" \/>\n<meta name=\"twitter:card\" content=\"summary_large_image\" \/>\n<meta name=\"twitter:title\" content=\"Ne manquez pas l&#039;exposition Cathiecach \u00e0 Saint-Cyprien \u2013 Une exp\u00e9rience artistique unique !\" \/>\n<meta name=\"twitter:description\" content=\"Plongez dans l&#039;univers po\u00e9tique de Cathiecach \u00e0 Saint-Cyprien. Une exposition gratuite du 4 au 7 mars \u00e0 ne pas manquer !\" \/>\n<meta name=\"twitter:image\" content=\"https:\/\/www.locansol.fr\/wp-content\/uploads\/2026\/03\/exposition-artistique-cathiecach-saint-cyprien.webp\" \/>\n<meta name=\"twitter:label1\" content=\"Escrit per\" \/>\n\t<meta name=\"twitter:data1\" content=\"H\u00e9bergements Locansol\" \/>\n\t<meta name=\"twitter:label2\" content=\"Temps estimat de lectura\" \/>\n\t<meta name=\"twitter:data2\" content=\"2 minuts\" \/>\n<script type=\"application\/ld+json\" class=\"yoast-schema-graph\">{\"@context\":\"https:\/\/schema.org\",\"@graph\":[{\"@type\":\"Article\",\"@id\":\"https:\/\/www.locansol.fr\/exposition-artistique-cathiecach-saint-cyprien\/#article\",\"isPartOf\":{\"@id\":\"https:\/\/www.locansol.fr\/exposition-artistique-cathiecach-saint-cyprien\/\"},\"author\":{\"name\":\"H\u00e9bergements Locansol\",\"@id\":\"https:\/\/www.locansol.fr\/#\/schema\/person\/0b08d440f1ac44674c6d498107de351d\"},\"headline\":\"Saint-Cyprien, 4-7 mars : Exposition artistique \u00ab Cathiecach L\u2019\u00e9chapp\u00e9e belle \u00bb \u00e0 ne pas rater\",\"datePublished\":\"2026-03-07T09:13:02+00:00\",\"dateModified\":\"2026-03-07T09:13:15+00:00\",\"mainEntityOfPage\":{\"@id\":\"https:\/\/www.locansol.fr\/exposition-artistique-cathiecach-saint-cyprien\/\"},\"wordCount\":432,\"publisher\":{\"@id\":\"https:\/\/www.locansol.fr\/#organization\"},\"image\":{\"@id\":\"https:\/\/www.locansol.fr\/exposition-artistique-cathiecach-saint-cyprien\/#primaryimage\"},\"thumbnailUrl\":\"https:\/\/www.locansol.fr\/wp-content\/uploads\/2026\/03\/exposition-artistique-cathiecach-saint-cyprien.webp\",\"keywords\":[\"\u00c9v\u00e8nement culturel\",\"Pyr\u00e9n\u00e9es-Orientales\"],\"articleSection\":[\"Carnaval\"],\"inLanguage\":\"ca\"},{\"@type\":\"WebPage\",\"@id\":\"https:\/\/www.locansol.fr\/exposition-artistique-cathiecach-saint-cyprien\/\",\"url\":\"https:\/\/www.locansol.fr\/exposition-artistique-cathiecach-saint-cyprien\/\",\"name\":\"Exposition artistique Cathiecach L\u2019\u00e9chapp\u00e9e belle Saint-Cyprien\",\"isPartOf\":{\"@id\":\"https:\/\/www.locansol.fr\/#website\"},\"primaryImageOfPage\":{\"@id\":\"https:\/\/www.locansol.fr\/exposition-artistique-cathiecach-saint-cyprien\/#primaryimage\"},\"image\":{\"@id\":\"https:\/\/www.locansol.fr\/exposition-artistique-cathiecach-saint-cyprien\/#primaryimage\"},\"thumbnailUrl\":\"https:\/\/www.locansol.fr\/wp-content\/uploads\/2026\/03\/exposition-artistique-cathiecach-saint-cyprien.webp\",\"datePublished\":\"2026-03-07T09:13:02+00:00\",\"dateModified\":\"2026-03-07T09:13:15+00:00\",\"description\":\"Exposition artistique Cathiecach L\u2019\u00e9chapp\u00e9e belle Saint-Cyprien. D\u00e9couvrez l'univers po\u00e9tique de Cathiecach dans les Pyr\u00e9n\u00e9es-Orientales. Acc\u00e8s gratuit du 4 au 7 mars \u00e0 l'Arabesque Centre d\u2019Art Maison bleue.\",\"breadcrumb\":{\"@id\":\"https:\/\/www.locansol.fr\/exposition-artistique-cathiecach-saint-cyprien\/#breadcrumb\"},\"inLanguage\":\"ca\",\"potentialAction\":[{\"@type\":\"ReadAction\",\"target\":[\"https:\/\/www.locansol.fr\/exposition-artistique-cathiecach-saint-cyprien\/\"]}]},{\"@type\":\"ImageObject\",\"inLanguage\":\"ca\",\"@id\":\"https:\/\/www.locansol.fr\/exposition-artistique-cathiecach-saint-cyprien\/#primaryimage\",\"url\":\"https:\/\/www.locansol.fr\/wp-content\/uploads\/2026\/03\/exposition-artistique-cathiecach-saint-cyprien.webp\",\"contentUrl\":\"https:\/\/www.locansol.fr\/wp-content\/uploads\/2026\/03\/exposition-artistique-cathiecach-saint-cyprien.webp\",\"width\":1357,\"height\":1920,\"caption\":\"Exposition artistique Cathiecach L\u2019\u00e9chapp\u00e9e belle Saint-Cyprien\"},{\"@type\":\"BreadcrumbList\",\"@id\":\"https:\/\/www.locansol.fr\/exposition-artistique-cathiecach-saint-cyprien\/#breadcrumb\",\"itemListElement\":[{\"@type\":\"ListItem\",\"position\":1,\"name\":\"Accueil\",\"item\":\"https:\/\/www.locansol.fr\/\"},{\"@type\":\"ListItem\",\"position\":2,\"name\":\"Saint-Cyprien, 4-7 mars : Exposition artistique \u00ab Cathiecach L\u2019\u00e9chapp\u00e9e belle \u00bb \u00e0 ne pas rater\"}]},{\"@type\":\"WebSite\",\"@id\":\"https:\/\/www.locansol.fr\/#website\",\"url\":\"https:\/\/www.locansol.fr\/\",\"name\":\"Locansol, louer un h\u00e9bergement dans les Pyr\u00e9n\u00e9es-Orientales\",\"description\":\"Location Mobil-home Mer M\u00e9diterran\u00e9e &amp; Chalet de Montagne dans les Pyr\u00e9n\u00e9es Orientales (Occitanie, 66). Weekend, s\u00e9jour &amp; vacances en famille et entre amis.\",\"publisher\":{\"@id\":\"https:\/\/www.locansol.fr\/#organization\"},\"alternateName\":\"Louer un h\u00e9bergement dans les Pyr\u00e9n\u00e9es Orientales, chalet & mobil-home en Occitanie\",\"potentialAction\":[{\"@type\":\"SearchAction\",\"target\":{\"@type\":\"EntryPoint\",\"urlTemplate\":\"https:\/\/www.locansol.fr\/?s={search_term_string}\"},\"query-input\":{\"@type\":\"PropertyValueSpecification\",\"valueRequired\":true,\"valueName\":\"search_term_string\"}}],\"inLanguage\":\"ca\"},{\"@type\":\"Organization\",\"@id\":\"https:\/\/www.locansol.fr\/#organization\",\"name\":\"Location MobilHome & chalet dans les Pyr\u00e9n\u00e9es Orientales\",\"alternateName\":\"Louer un h\u00e9bergement dans les Pyr\u00e9n\u00e9es Orientales en Occitanie\",\"url\":\"https:\/\/www.locansol.fr\/\",\"logo\":{\"@type\":\"ImageObject\",\"inLanguage\":\"ca\",\"@id\":\"https:\/\/www.locansol.fr\/#\/schema\/logo\/image\/\",\"url\":\"https:\/\/www.locansol.fr\/wp-content\/uploads\/2024\/04\/AdobeStock_303324767-scaled.jpeg\",\"contentUrl\":\"https:\/\/www.locansol.fr\/wp-content\/uploads\/2024\/04\/AdobeStock_303324767-scaled.jpeg\",\"width\":2560,\"height\":1707,\"caption\":\"Location MobilHome & chalet dans les Pyr\u00e9n\u00e9es Orientales\"},\"image\":{\"@id\":\"https:\/\/www.locansol.fr\/#\/schema\/logo\/image\/\"}},{\"@type\":\"Person\",\"@id\":\"https:\/\/www.locansol.fr\/#\/schema\/person\/0b08d440f1ac44674c6d498107de351d\",\"name\":\"H\u00e9bergements Locansol\",\"image\":{\"@type\":\"ImageObject\",\"inLanguage\":\"ca\",\"@id\":\"https:\/\/www.locansol.fr\/#\/schema\/person\/image\/\",\"url\":\"https:\/\/secure.gravatar.com\/avatar\/444436b93284204f8116b6e0eb964cd3fcb811519c737232bde6dd5743c37ee5?s=96&d=mm&r=g\",\"contentUrl\":\"https:\/\/secure.gravatar.com\/avatar\/444436b93284204f8116b6e0eb964cd3fcb811519c737232bde6dd5743c37ee5?s=96&d=mm&r=g\",\"caption\":\"H\u00e9bergements Locansol\"},\"sameAs\":[\"https:\/\/www.locansol.fr\/\"],\"url\":\"https:\/\/www.locansol.fr\/ca\/author\/locansol\/\"}]}<\/script>\n<!-- \/ Yoast SEO Premium plugin. -->","yoast_head_json":{"title":"Exposition artistique Cathiecach L\u2019\u00e9chapp\u00e9e belle Saint-Cyprien","description":"Exposition artistique Cathiecach L\u2019\u00e9chapp\u00e9e belle Saint-Cyprien. D\u00e9couvrez l'univers po\u00e9tique de Cathiecach dans les Pyr\u00e9n\u00e9es-Orientales. Acc\u00e8s gratuit du 4 au 7 mars \u00e0 l'Arabesque Centre d\u2019Art Maison bleue.","robots":{"index":"index","follow":"follow","max-snippet":"max-snippet:-1","max-image-preview":"max-image-preview:large","max-video-preview":"max-video-preview:-1"},"canonical":"https:\/\/www.locansol.fr\/ca\/exposition-artistique-cathiecach-saint-cyprien\/","og_locale":"ca_ES","og_type":"article","og_title":"\u00c9merveillement garanti : Exposition Cathiecach \u00e0 Saint-Cyprien \u2014 Un voyage artistique unique","og_description":"Immergez-vous dans des paysages abstraits et vibrants \u00e0 Saint-Cyprien. D\u00e9couvrez l'univers unique de Cathiecach, o\u00f9 chaque \u0153uvre raconte une histoire po\u00e9tique et visuelle.","og_url":"https:\/\/www.locansol.fr\/ca\/exposition-artistique-cathiecach-saint-cyprien\/","og_site_name":"Locansol, louer un h\u00e9bergement dans les Pyr\u00e9n\u00e9es Orientales","article_published_time":"2026-03-07T09:13:02+00:00","article_modified_time":"2026-03-07T09:13:15+00:00","og_image":[{"url":"https:\/\/www.locansol.fr\/wp-content\/uploads\/2026\/03\/exposition-artistique-cathiecach-saint-cyprien.webp","type":"","width":"","height":""}],"author":"H\u00e9bergements Locansol","twitter_card":"summary_large_image","twitter_title":"Ne manquez pas l'exposition Cathiecach \u00e0 Saint-Cyprien \u2013 Une exp\u00e9rience artistique unique !","twitter_description":"Plongez dans l'univers po\u00e9tique de Cathiecach \u00e0 Saint-Cyprien. Une exposition gratuite du 4 au 7 mars \u00e0 ne pas manquer !","twitter_image":"https:\/\/www.locansol.fr\/wp-content\/uploads\/2026\/03\/exposition-artistique-cathiecach-saint-cyprien.webp","twitter_misc":{"Escrit per":"H\u00e9bergements Locansol","Temps estimat de lectura":"2 minuts"},"schema":{"@context":"https:\/\/schema.org","@graph":[{"@type":"Article","@id":"https:\/\/www.locansol.fr\/exposition-artistique-cathiecach-saint-cyprien\/#article","isPartOf":{"@id":"https:\/\/www.locansol.fr\/exposition-artistique-cathiecach-saint-cyprien\/"},"author":{"name":"H\u00e9bergements Locansol","@id":"https:\/\/www.locansol.fr\/#\/schema\/person\/0b08d440f1ac44674c6d498107de351d"},"headline":"Saint-Cyprien, 4-7 mars : Exposition artistique \u00ab Cathiecach L\u2019\u00e9chapp\u00e9e belle \u00bb \u00e0 ne pas rater","datePublished":"2026-03-07T09:13:02+00:00","dateModified":"2026-03-07T09:13:15+00:00","mainEntityOfPage":{"@id":"https:\/\/www.locansol.fr\/exposition-artistique-cathiecach-saint-cyprien\/"},"wordCount":432,"publisher":{"@id":"https:\/\/www.locansol.fr\/#organization"},"image":{"@id":"https:\/\/www.locansol.fr\/exposition-artistique-cathiecach-saint-cyprien\/#primaryimage"},"thumbnailUrl":"https:\/\/www.locansol.fr\/wp-content\/uploads\/2026\/03\/exposition-artistique-cathiecach-saint-cyprien.webp","keywords":["\u00c9v\u00e8nement culturel","Pyr\u00e9n\u00e9es-Orientales"],"articleSection":["Carnaval"],"inLanguage":"ca"},{"@type":"WebPage","@id":"https:\/\/www.locansol.fr\/exposition-artistique-cathiecach-saint-cyprien\/","url":"https:\/\/www.locansol.fr\/exposition-artistique-cathiecach-saint-cyprien\/","name":"Exposition artistique Cathiecach L\u2019\u00e9chapp\u00e9e belle Saint-Cyprien","isPartOf":{"@id":"https:\/\/www.locansol.fr\/#website"},"primaryImageOfPage":{"@id":"https:\/\/www.locansol.fr\/exposition-artistique-cathiecach-saint-cyprien\/#primaryimage"},"image":{"@id":"https:\/\/www.locansol.fr\/exposition-artistique-cathiecach-saint-cyprien\/#primaryimage"},"thumbnailUrl":"https:\/\/www.locansol.fr\/wp-content\/uploads\/2026\/03\/exposition-artistique-cathiecach-saint-cyprien.webp","datePublished":"2026-03-07T09:13:02+00:00","dateModified":"2026-03-07T09:13:15+00:00","description":"Exposition artistique Cathiecach L\u2019\u00e9chapp\u00e9e belle Saint-Cyprien. D\u00e9couvrez l'univers po\u00e9tique de Cathiecach dans les Pyr\u00e9n\u00e9es-Orientales. Acc\u00e8s gratuit du 4 au 7 mars \u00e0 l'Arabesque Centre d\u2019Art Maison bleue.","breadcrumb":{"@id":"https:\/\/www.locansol.fr\/exposition-artistique-cathiecach-saint-cyprien\/#breadcrumb"},"inLanguage":"ca","potentialAction":[{"@type":"ReadAction","target":["https:\/\/www.locansol.fr\/exposition-artistique-cathiecach-saint-cyprien\/"]}]},{"@type":"ImageObject","inLanguage":"ca","@id":"https:\/\/www.locansol.fr\/exposition-artistique-cathiecach-saint-cyprien\/#primaryimage","url":"https:\/\/www.locansol.fr\/wp-content\/uploads\/2026\/03\/exposition-artistique-cathiecach-saint-cyprien.webp","contentUrl":"https:\/\/www.locansol.fr\/wp-content\/uploads\/2026\/03\/exposition-artistique-cathiecach-saint-cyprien.webp","width":1357,"height":1920,"caption":"Exposition artistique Cathiecach L\u2019\u00e9chapp\u00e9e belle Saint-Cyprien"},{"@type":"BreadcrumbList","@id":"https:\/\/www.locansol.fr\/exposition-artistique-cathiecach-saint-cyprien\/#breadcrumb","itemListElement":[{"@type":"ListItem","position":1,"name":"Accueil","item":"https:\/\/www.locansol.fr\/"},{"@type":"ListItem","position":2,"name":"Saint-Cyprien, 4-7 mars : Exposition artistique \u00ab Cathiecach L\u2019\u00e9chapp\u00e9e belle \u00bb \u00e0 ne pas rater"}]},{"@type":"WebSite","@id":"https:\/\/www.locansol.fr\/#website","url":"https:\/\/www.locansol.fr\/","name":"Locansol, louer un h\u00e9bergement dans les Pyr\u00e9n\u00e9es-Orientales","description":"Location Mobil-home Mer M\u00e9diterran\u00e9e &amp; Chalet de Montagne dans les Pyr\u00e9n\u00e9es Orientales (Occitanie, 66). Weekend, s\u00e9jour &amp; vacances en famille et entre amis.","publisher":{"@id":"https:\/\/www.locansol.fr\/#organization"},"alternateName":"Louer un h\u00e9bergement dans les Pyr\u00e9n\u00e9es Orientales, chalet & mobil-home en Occitanie","potentialAction":[{"@type":"SearchAction","target":{"@type":"EntryPoint","urlTemplate":"https:\/\/www.locansol.fr\/?s={search_term_string}"},"query-input":{"@type":"PropertyValueSpecification","valueRequired":true,"valueName":"search_term_string"}}],"inLanguage":"ca"},{"@type":"Organization","@id":"https:\/\/www.locansol.fr\/#organization","name":"Location MobilHome & chalet dans les Pyr\u00e9n\u00e9es Orientales","alternateName":"Louer un h\u00e9bergement dans les Pyr\u00e9n\u00e9es Orientales en Occitanie","url":"https:\/\/www.locansol.fr\/","logo":{"@type":"ImageObject","inLanguage":"ca","@id":"https:\/\/www.locansol.fr\/#\/schema\/logo\/image\/","url":"https:\/\/www.locansol.fr\/wp-content\/uploads\/2024\/04\/AdobeStock_303324767-scaled.jpeg","contentUrl":"https:\/\/www.locansol.fr\/wp-content\/uploads\/2024\/04\/AdobeStock_303324767-scaled.jpeg","width":2560,"height":1707,"caption":"Location MobilHome & chalet dans les Pyr\u00e9n\u00e9es Orientales"},"image":{"@id":"https:\/\/www.locansol.fr\/#\/schema\/logo\/image\/"}},{"@type":"Person","@id":"https:\/\/www.locansol.fr\/#\/schema\/person\/0b08d440f1ac44674c6d498107de351d","name":"H\u00e9bergements Locansol","image":{"@type":"ImageObject","inLanguage":"ca","@id":"https:\/\/www.locansol.fr\/#\/schema\/person\/image\/","url":"https:\/\/secure.gravatar.com\/avatar\/444436b93284204f8116b6e0eb964cd3fcb811519c737232bde6dd5743c37ee5?s=96&d=mm&r=g","contentUrl":"https:\/\/secure.gravatar.com\/avatar\/444436b93284204f8116b6e0eb964cd3fcb811519c737232bde6dd5743c37ee5?s=96&d=mm&r=g","caption":"H\u00e9bergements Locansol"},"sameAs":["https:\/\/www.locansol.fr\/"],"url":"https:\/\/www.locansol.fr\/ca\/author\/locansol\/"}]}},"_links":{"self":[{"href":"https:\/\/www.locansol.fr\/ca\/wp-json\/wp\/v2\/posts\/4622","targetHints":{"allow":["GET"]}}],"collection":[{"href":"https:\/\/www.locansol.fr\/ca\/wp-json\/wp\/v2\/posts"}],"about":[{"href":"https:\/\/www.locansol.fr\/ca\/wp-json\/wp\/v2\/types\/post"}],"author":[{"embeddable":true,"href":"https:\/\/www.locansol.fr\/ca\/wp-json\/wp\/v2\/users\/5"}],"replies":[{"embeddable":true,"href":"https:\/\/www.locansol.fr\/ca\/wp-json\/wp\/v2\/comments?post=4622"}],"version-history":[{"count":1,"href":"https:\/\/www.locansol.fr\/ca\/wp-json\/wp\/v2\/posts\/4622\/revisions"}],"predecessor-version":[{"id":4623,"href":"https:\/\/www.locansol.fr\/ca\/wp-json\/wp\/v2\/posts\/4622\/revisions\/4623"}],"wp:featuredmedia":[{"embeddable":true,"href":"https:\/\/www.locansol.fr\/ca\/wp-json\/wp\/v2\/media\/4621"}],"wp:attachment":[{"href":"https:\/\/www.locansol.fr\/ca\/wp-json\/wp\/v2\/media?parent=4622"}],"wp:term":[{"taxonomy":"category","embeddable":true,"href":"https:\/\/www.locansol.fr\/ca\/wp-json\/wp\/v2\/categories?post=4622"},{"taxonomy":"post_tag","embeddable":true,"href":"https:\/\/www.locansol.fr\/ca\/wp-json\/wp\/v2\/tags?post=4622"}],"curies":[{"name":"wp","href":"https:\/\/api.w.org\/{rel}","templated":true}]}}