{"id":4652,"date":"2026-03-08T12:12:03","date_gmt":"2026-03-08T11:12:03","guid":{"rendered":"https:\/\/www.locansol.fr\/exposition-historique-boulou-mars\/"},"modified":"2026-03-08T12:12:09","modified_gmt":"2026-03-08T11:12:09","slug":"exposition-historique-boulou-mars","status":"publish","type":"post","link":"https:\/\/www.locansol.fr\/ca\/exposition-historique-boulou-mars\/","title":{"rendered":"Exposition historique au Boulou en mars : D\u00e9couvrez le r\u00f4le des Brigades Internationales"},"content":{"rendered":"<p>Si vous \u00eates passionn\u00e9 par l\u2019histoire ou tout simplement curieux de d\u00e9couvrir un pan m\u00e9connu de notre pass\u00e9, l\u2019exposition \u00ab Lev\u00e9s avant le jour \u00bb est l\u2019\u00e9v\u00e9nement \u00e0 ne pas manquer en ce mois de mars au Boulou, dans les Pyr\u00e9n\u00e9es-Orientales. Organis\u00e9e par l\u2019Office National des Anciens Combattants et Victimes de Guerre, Service D\u00e9partemental des Pyr\u00e9n\u00e9es-Orientales, cette exposition gratuite se tiendra du 5 au 31 mars \u00e0 l&rsquo;avenue L\u00e9on-Jean Gr\u00e9gory, au Boulou. Elle provoque une v\u00e9ritable immersion dans les luttes anti-fascistes du 20\u00e8me si\u00e8cle.<\/p>\n<p>L\u2019exposition raconte l\u2019histoire h\u00e9ro\u00efque des Brigades Internationales, ces unit\u00e9s militaires compos\u00e9es de b\u00e9n\u00e9voles venus de 53 pays diff\u00e9rents pour d\u00e9fendre les forces r\u00e9publicaines pendant la guerre civile espagnole (1936-1939). Alors que le fascisme montait en Europe, ces hommes et femmes, pour la plupart anim\u00e9s par des id\u00e9aux antifascistes, ont r\u00e9pondu pr\u00e9sent \u00e0 l\u2019appel du gouvernement r\u00e9publicain espagnol. \u00ab Lev\u00e9s avant le jour \u00bb met \u00e9galement en lumi\u00e8re les liens entre cette r\u00e9sistance internationale lors de la guerre civile espagnole et leur implication dans la lutte contre l\u2019occupation nazie en France durant la Seconde Guerre mondiale.<\/p>\n<p>Les visiteurs d\u00e9couvriront une grande richesse de contenu \u00e0 travers diff\u00e9rents supports. Documents d\u2019archives, photographies poignantes, objets personnels, et r\u00e9cits de vie des brigadistes permettent de s\u2019immerger dans une page passionnante et \u00e9mouvante de notre histoire. L\u2019exposition rend hommage au courage et au sacrifice de ces volontaires \u00e9trangers qui ont risqu\u00e9 leur vie pour d\u00e9fendre la libert\u00e9 et la d\u00e9mocratie, \u00e0 une \u00e9poque o\u00f9 l\u2019avenir europ\u00e9en \u00e9tait menac\u00e9 par les totalitarismes.<\/p>\n<p>Cette visite, accessible \u00e0 tous les publics, est autant une le\u00e7on d\u2019histoire qu\u2019une incitation \u00e0 r\u00e9fl\u00e9chir \u00e0 des valeurs universelles telles que la solidarit\u00e9 et l\u2019engagement. Que vous soyez f\u00e9ru d\u2019histoire ou simplement d\u00e9sireux de mieux comprendre l\u2019impact des solidarit\u00e9s internationales, \u00ab Lev\u00e9s avant le jour \u00bb vous offre un moment unique. C\u2019est \u00e9galement l\u2019occasion id\u00e9ale de d\u00e9couvrir Le Boulou. Cette petite ville des Pyr\u00e9n\u00e9es-Orientales est un charmant \u00e9crin pour cette exposition et permet d\u2019allier enrichissement culturel \u00e0 une agr\u00e9able promenade dans un cadre d\u00e9paysant.<\/p>\n<p>Avec une entr\u00e9e totalement gratuite et une th\u00e9matique aussi dense qu\u2019\u00e9mouvante, l\u2019exposition \u00ab Lev\u00e9s avant le jour \u00bb constitue une exp\u00e9rience incontournable pour les habitants de la r\u00e9gion ou les visiteurs de passage. Plac\u00e9e sous le signe de la m\u00e9moire et de l\u2019hommage, cette initiative ravive le souvenir de ces h\u00e9ros venus de toutes parts pour d\u00e9fendre des id\u00e9aux de paix et de justice.<\/p>\n<p>Ne manquez pas cette opportunit\u00e9 d&rsquo;explorer une partie inspirante de notre histoire contemporaine. Rendez-vous au Boulou pour faire vivre la m\u00e9moire de ces hommes et femmes \u00ab lev\u00e9s avant le jour \u00bb.<\/p>\n<h3>Informaci\u00f3 pr\u00e0ctica<\/h3>\n<p>\ud83d\udcc5 QUAND ? Du 5 au 31 mars<br \/>\ud83d\udccd O\u00d9 ? Avenue L\u00e9on-Jean Gr\u00e9gory, Le Boulou<br \/>\ud83d\udcb6 COMBIEN ? Gratuit<\/p>","protected":false},"excerpt":{"rendered":"<p>Voyagez dans l&rsquo;histoire avec l&rsquo;exposition \u00ab Lev\u00e9s avant le jour \u00bb au Boulou, qui retrace le r\u00f4le des Brigades Internationales durant la guerre civile espagnole et leur lutte pour la libert\u00e9.<\/p>","protected":false},"author":5,"featured_media":4651,"comment_status":"closed","ping_status":"open","sticky":false,"template":"","format":"standard","meta":{"_yoast_wpseo_focuskw":"Exposition historique Boulou mars","_yoast_wpseo_title":"Exposition historique au Boulou : D\u00e9couvrez les Brigades Internationales","_yoast_wpseo_metadesc":"Exposition historique au Boulou : D\u00e9couvrez l'histoire des Brigades Internationales. Une immersion dans les luttes antifascistes du 20\u00e8me si\u00e8cle. Gratuit dans les Pyr\u00e9n\u00e9es-Orientales.","_yoast_wpseo_canonical":"","_yoast_wpseo_opengraph-title":"D\u00e9couvrez l'histoire h\u00e9ro\u00efque : Le Boulou \u2014 Immersion dans les Brigades Internationales","_yoast_wpseo_opengraph-description":"Plongez dans l'histoire des Brigades Internationales au Boulou. Une exposition poignante et gratuite qui rend hommage aux h\u00e9ros antifascistes.","_yoast_wpseo_opengraph-image":"https:\/\/www.locansol.fr\/wp-content\/uploads\/2026\/03\/exposition-historique-boulou-mars.webp","_yoast_wpseo_opengraph-image-id":"","_yoast_wpseo_twitter-title":"D\u00e9couvrez l'histoire des Brigades Internationales au Boulou","_yoast_wpseo_twitter-description":"Plongez dans l'histoire des Brigades Internationales au Boulou. Une exposition gratuite \u00e0 ne pas manquer. Du 5 au 31 mars.","_yoast_wpseo_twitter-image":"https:\/\/www.locansol.fr\/wp-content\/uploads\/2026\/03\/exposition-historique-boulou-mars.webp","_yoast_wpseo_twitter-image-id":"","yoast_primary_category":"Exposition","footnotes":""},"categories":[35],"tags":[66,76],"class_list":["post-4652","post","type-post","status-publish","format-standard","has-post-thumbnail","hentry","category-carnaval","tag-evenement-culturel","tag-pyrenees-orientales"],"yoast_head":"<!-- This site is optimized with the Yoast SEO Premium plugin v23.3 (Yoast SEO v26.9) - https:\/\/yoast.com\/product\/yoast-seo-premium-wordpress\/ -->\n<title>Exposition historique au Boulou : D\u00e9couvrez les Brigades Internationales<\/title>\n<meta name=\"description\" content=\"Exposition historique au Boulou : D\u00e9couvrez l&#039;histoire des Brigades Internationales. Une immersion dans les luttes antifascistes du 20\u00e8me si\u00e8cle. Gratuit dans les Pyr\u00e9n\u00e9es-Orientales.\" \/>\n<meta name=\"robots\" content=\"index, follow, max-snippet:-1, max-image-preview:large, max-video-preview:-1\" \/>\n<link rel=\"canonical\" href=\"https:\/\/www.locansol.fr\/ca\/exposition-historique-boulou-mars\/\" \/>\n<meta property=\"og:locale\" content=\"ca_ES\" \/>\n<meta property=\"og:type\" content=\"article\" \/>\n<meta property=\"og:title\" content=\"D\u00e9couvrez l&#039;histoire h\u00e9ro\u00efque : Le Boulou \u2014 Immersion dans les Brigades Internationales\" \/>\n<meta property=\"og:description\" content=\"Plongez dans l&#039;histoire des Brigades Internationales au Boulou. Une exposition poignante et gratuite qui rend hommage aux h\u00e9ros antifascistes.\" \/>\n<meta property=\"og:url\" content=\"https:\/\/www.locansol.fr\/ca\/exposition-historique-boulou-mars\/\" \/>\n<meta property=\"og:site_name\" content=\"Locansol, louer un h\u00e9bergement dans les Pyr\u00e9n\u00e9es Orientales\" \/>\n<meta property=\"article:published_time\" content=\"2026-03-08T11:12:03+00:00\" \/>\n<meta property=\"article:modified_time\" content=\"2026-03-08T11:12:09+00:00\" \/>\n<meta property=\"og:image\" content=\"https:\/\/www.locansol.fr\/wp-content\/uploads\/2026\/03\/exposition-historique-boulou-mars.webp\" \/>\n<meta name=\"author\" content=\"H\u00e9bergements Locansol\" \/>\n<meta name=\"twitter:card\" content=\"summary_large_image\" \/>\n<meta name=\"twitter:title\" content=\"D\u00e9couvrez l&#039;histoire des Brigades Internationales au Boulou\" \/>\n<meta name=\"twitter:description\" content=\"Plongez dans l&#039;histoire des Brigades Internationales au Boulou. Une exposition gratuite \u00e0 ne pas manquer. Du 5 au 31 mars.\" \/>\n<meta name=\"twitter:image\" content=\"https:\/\/www.locansol.fr\/wp-content\/uploads\/2026\/03\/exposition-historique-boulou-mars.webp\" \/>\n<meta name=\"twitter:label1\" content=\"Escrit per\" \/>\n\t<meta name=\"twitter:data1\" content=\"H\u00e9bergements Locansol\" \/>\n\t<meta name=\"twitter:label2\" content=\"Temps estimat de lectura\" \/>\n\t<meta name=\"twitter:data2\" content=\"3 minuts\" \/>\n<script type=\"application\/ld+json\" class=\"yoast-schema-graph\">{\"@context\":\"https:\/\/schema.org\",\"@graph\":[{\"@type\":\"Article\",\"@id\":\"https:\/\/www.locansol.fr\/exposition-historique-boulou-mars\/#article\",\"isPartOf\":{\"@id\":\"https:\/\/www.locansol.fr\/exposition-historique-boulou-mars\/\"},\"author\":{\"name\":\"H\u00e9bergements Locansol\",\"@id\":\"https:\/\/www.locansol.fr\/#\/schema\/person\/0b08d440f1ac44674c6d498107de351d\"},\"headline\":\"Exposition historique au Boulou en mars : D\u00e9couvrez le r\u00f4le des Brigades Internationales\",\"datePublished\":\"2026-03-08T11:12:03+00:00\",\"dateModified\":\"2026-03-08T11:12:09+00:00\",\"mainEntityOfPage\":{\"@id\":\"https:\/\/www.locansol.fr\/exposition-historique-boulou-mars\/\"},\"wordCount\":526,\"publisher\":{\"@id\":\"https:\/\/www.locansol.fr\/#organization\"},\"image\":{\"@id\":\"https:\/\/www.locansol.fr\/exposition-historique-boulou-mars\/#primaryimage\"},\"thumbnailUrl\":\"https:\/\/www.locansol.fr\/wp-content\/uploads\/2026\/03\/exposition-historique-boulou-mars.webp\",\"keywords\":[\"\u00c9v\u00e8nement culturel\",\"Pyr\u00e9n\u00e9es-Orientales\"],\"articleSection\":[\"Carnaval\"],\"inLanguage\":\"ca\"},{\"@type\":\"WebPage\",\"@id\":\"https:\/\/www.locansol.fr\/exposition-historique-boulou-mars\/\",\"url\":\"https:\/\/www.locansol.fr\/exposition-historique-boulou-mars\/\",\"name\":\"Exposition historique au Boulou : D\u00e9couvrez les Brigades Internationales\",\"isPartOf\":{\"@id\":\"https:\/\/www.locansol.fr\/#website\"},\"primaryImageOfPage\":{\"@id\":\"https:\/\/www.locansol.fr\/exposition-historique-boulou-mars\/#primaryimage\"},\"image\":{\"@id\":\"https:\/\/www.locansol.fr\/exposition-historique-boulou-mars\/#primaryimage\"},\"thumbnailUrl\":\"https:\/\/www.locansol.fr\/wp-content\/uploads\/2026\/03\/exposition-historique-boulou-mars.webp\",\"datePublished\":\"2026-03-08T11:12:03+00:00\",\"dateModified\":\"2026-03-08T11:12:09+00:00\",\"description\":\"Exposition historique au Boulou : D\u00e9couvrez l'histoire des Brigades Internationales. Une immersion dans les luttes antifascistes du 20\u00e8me si\u00e8cle. Gratuit dans les Pyr\u00e9n\u00e9es-Orientales.\",\"breadcrumb\":{\"@id\":\"https:\/\/www.locansol.fr\/exposition-historique-boulou-mars\/#breadcrumb\"},\"inLanguage\":\"ca\",\"potentialAction\":[{\"@type\":\"ReadAction\",\"target\":[\"https:\/\/www.locansol.fr\/exposition-historique-boulou-mars\/\"]}]},{\"@type\":\"ImageObject\",\"inLanguage\":\"ca\",\"@id\":\"https:\/\/www.locansol.fr\/exposition-historique-boulou-mars\/#primaryimage\",\"url\":\"https:\/\/www.locansol.fr\/wp-content\/uploads\/2026\/03\/exposition-historique-boulou-mars.webp\",\"contentUrl\":\"https:\/\/www.locansol.fr\/wp-content\/uploads\/2026\/03\/exposition-historique-boulou-mars.webp\",\"width\":1357,\"height\":1920,\"caption\":\"Exposition historique au Boulou : D\u00e9couvrez les Brigades Internationales\"},{\"@type\":\"BreadcrumbList\",\"@id\":\"https:\/\/www.locansol.fr\/exposition-historique-boulou-mars\/#breadcrumb\",\"itemListElement\":[{\"@type\":\"ListItem\",\"position\":1,\"name\":\"Accueil\",\"item\":\"https:\/\/www.locansol.fr\/\"},{\"@type\":\"ListItem\",\"position\":2,\"name\":\"Exposition historique au Boulou en mars : D\u00e9couvrez le r\u00f4le des Brigades Internationales\"}]},{\"@type\":\"WebSite\",\"@id\":\"https:\/\/www.locansol.fr\/#website\",\"url\":\"https:\/\/www.locansol.fr\/\",\"name\":\"Locansol, louer un h\u00e9bergement dans les Pyr\u00e9n\u00e9es-Orientales\",\"description\":\"Location Mobil-home Mer M\u00e9diterran\u00e9e &amp; Chalet de Montagne dans les Pyr\u00e9n\u00e9es Orientales (Occitanie, 66). Weekend, s\u00e9jour &amp; vacances en famille et entre amis.\",\"publisher\":{\"@id\":\"https:\/\/www.locansol.fr\/#organization\"},\"alternateName\":\"Louer un h\u00e9bergement dans les Pyr\u00e9n\u00e9es Orientales, chalet & mobil-home en Occitanie\",\"potentialAction\":[{\"@type\":\"SearchAction\",\"target\":{\"@type\":\"EntryPoint\",\"urlTemplate\":\"https:\/\/www.locansol.fr\/?s={search_term_string}\"},\"query-input\":{\"@type\":\"PropertyValueSpecification\",\"valueRequired\":true,\"valueName\":\"search_term_string\"}}],\"inLanguage\":\"ca\"},{\"@type\":\"Organization\",\"@id\":\"https:\/\/www.locansol.fr\/#organization\",\"name\":\"Location MobilHome & chalet dans les Pyr\u00e9n\u00e9es Orientales\",\"alternateName\":\"Louer un h\u00e9bergement dans les Pyr\u00e9n\u00e9es Orientales en Occitanie\",\"url\":\"https:\/\/www.locansol.fr\/\",\"logo\":{\"@type\":\"ImageObject\",\"inLanguage\":\"ca\",\"@id\":\"https:\/\/www.locansol.fr\/#\/schema\/logo\/image\/\",\"url\":\"https:\/\/www.locansol.fr\/wp-content\/uploads\/2024\/04\/AdobeStock_303324767-scaled.jpeg\",\"contentUrl\":\"https:\/\/www.locansol.fr\/wp-content\/uploads\/2024\/04\/AdobeStock_303324767-scaled.jpeg\",\"width\":2560,\"height\":1707,\"caption\":\"Location MobilHome & chalet dans les Pyr\u00e9n\u00e9es Orientales\"},\"image\":{\"@id\":\"https:\/\/www.locansol.fr\/#\/schema\/logo\/image\/\"}},{\"@type\":\"Person\",\"@id\":\"https:\/\/www.locansol.fr\/#\/schema\/person\/0b08d440f1ac44674c6d498107de351d\",\"name\":\"H\u00e9bergements Locansol\",\"image\":{\"@type\":\"ImageObject\",\"inLanguage\":\"ca\",\"@id\":\"https:\/\/www.locansol.fr\/#\/schema\/person\/image\/\",\"url\":\"https:\/\/secure.gravatar.com\/avatar\/444436b93284204f8116b6e0eb964cd3fcb811519c737232bde6dd5743c37ee5?s=96&d=mm&r=g\",\"contentUrl\":\"https:\/\/secure.gravatar.com\/avatar\/444436b93284204f8116b6e0eb964cd3fcb811519c737232bde6dd5743c37ee5?s=96&d=mm&r=g\",\"caption\":\"H\u00e9bergements Locansol\"},\"sameAs\":[\"https:\/\/www.locansol.fr\/\"],\"url\":\"https:\/\/www.locansol.fr\/ca\/author\/locansol\/\"}]}<\/script>\n<!-- \/ Yoast SEO Premium plugin. -->","yoast_head_json":{"title":"Exposition historique au Boulou : D\u00e9couvrez les Brigades Internationales","description":"Exposition historique au Boulou : D\u00e9couvrez l'histoire des Brigades Internationales. Une immersion dans les luttes antifascistes du 20\u00e8me si\u00e8cle. Gratuit dans les Pyr\u00e9n\u00e9es-Orientales.","robots":{"index":"index","follow":"follow","max-snippet":"max-snippet:-1","max-image-preview":"max-image-preview:large","max-video-preview":"max-video-preview:-1"},"canonical":"https:\/\/www.locansol.fr\/ca\/exposition-historique-boulou-mars\/","og_locale":"ca_ES","og_type":"article","og_title":"D\u00e9couvrez l'histoire h\u00e9ro\u00efque : Le Boulou \u2014 Immersion dans les Brigades Internationales","og_description":"Plongez dans l'histoire des Brigades Internationales au Boulou. Une exposition poignante et gratuite qui rend hommage aux h\u00e9ros antifascistes.","og_url":"https:\/\/www.locansol.fr\/ca\/exposition-historique-boulou-mars\/","og_site_name":"Locansol, louer un h\u00e9bergement dans les Pyr\u00e9n\u00e9es Orientales","article_published_time":"2026-03-08T11:12:03+00:00","article_modified_time":"2026-03-08T11:12:09+00:00","og_image":[{"url":"https:\/\/www.locansol.fr\/wp-content\/uploads\/2026\/03\/exposition-historique-boulou-mars.webp","type":"","width":"","height":""}],"author":"H\u00e9bergements Locansol","twitter_card":"summary_large_image","twitter_title":"D\u00e9couvrez l'histoire des Brigades Internationales au Boulou","twitter_description":"Plongez dans l'histoire des Brigades Internationales au Boulou. Une exposition gratuite \u00e0 ne pas manquer. Du 5 au 31 mars.","twitter_image":"https:\/\/www.locansol.fr\/wp-content\/uploads\/2026\/03\/exposition-historique-boulou-mars.webp","twitter_misc":{"Escrit per":"H\u00e9bergements Locansol","Temps estimat de lectura":"3 minuts"},"schema":{"@context":"https:\/\/schema.org","@graph":[{"@type":"Article","@id":"https:\/\/www.locansol.fr\/exposition-historique-boulou-mars\/#article","isPartOf":{"@id":"https:\/\/www.locansol.fr\/exposition-historique-boulou-mars\/"},"author":{"name":"H\u00e9bergements Locansol","@id":"https:\/\/www.locansol.fr\/#\/schema\/person\/0b08d440f1ac44674c6d498107de351d"},"headline":"Exposition historique au Boulou en mars : D\u00e9couvrez le r\u00f4le des Brigades Internationales","datePublished":"2026-03-08T11:12:03+00:00","dateModified":"2026-03-08T11:12:09+00:00","mainEntityOfPage":{"@id":"https:\/\/www.locansol.fr\/exposition-historique-boulou-mars\/"},"wordCount":526,"publisher":{"@id":"https:\/\/www.locansol.fr\/#organization"},"image":{"@id":"https:\/\/www.locansol.fr\/exposition-historique-boulou-mars\/#primaryimage"},"thumbnailUrl":"https:\/\/www.locansol.fr\/wp-content\/uploads\/2026\/03\/exposition-historique-boulou-mars.webp","keywords":["\u00c9v\u00e8nement culturel","Pyr\u00e9n\u00e9es-Orientales"],"articleSection":["Carnaval"],"inLanguage":"ca"},{"@type":"WebPage","@id":"https:\/\/www.locansol.fr\/exposition-historique-boulou-mars\/","url":"https:\/\/www.locansol.fr\/exposition-historique-boulou-mars\/","name":"Exposition historique au Boulou : D\u00e9couvrez les Brigades Internationales","isPartOf":{"@id":"https:\/\/www.locansol.fr\/#website"},"primaryImageOfPage":{"@id":"https:\/\/www.locansol.fr\/exposition-historique-boulou-mars\/#primaryimage"},"image":{"@id":"https:\/\/www.locansol.fr\/exposition-historique-boulou-mars\/#primaryimage"},"thumbnailUrl":"https:\/\/www.locansol.fr\/wp-content\/uploads\/2026\/03\/exposition-historique-boulou-mars.webp","datePublished":"2026-03-08T11:12:03+00:00","dateModified":"2026-03-08T11:12:09+00:00","description":"Exposition historique au Boulou : D\u00e9couvrez l'histoire des Brigades Internationales. Une immersion dans les luttes antifascistes du 20\u00e8me si\u00e8cle. Gratuit dans les Pyr\u00e9n\u00e9es-Orientales.","breadcrumb":{"@id":"https:\/\/www.locansol.fr\/exposition-historique-boulou-mars\/#breadcrumb"},"inLanguage":"ca","potentialAction":[{"@type":"ReadAction","target":["https:\/\/www.locansol.fr\/exposition-historique-boulou-mars\/"]}]},{"@type":"ImageObject","inLanguage":"ca","@id":"https:\/\/www.locansol.fr\/exposition-historique-boulou-mars\/#primaryimage","url":"https:\/\/www.locansol.fr\/wp-content\/uploads\/2026\/03\/exposition-historique-boulou-mars.webp","contentUrl":"https:\/\/www.locansol.fr\/wp-content\/uploads\/2026\/03\/exposition-historique-boulou-mars.webp","width":1357,"height":1920,"caption":"Exposition historique au Boulou : D\u00e9couvrez les Brigades Internationales"},{"@type":"BreadcrumbList","@id":"https:\/\/www.locansol.fr\/exposition-historique-boulou-mars\/#breadcrumb","itemListElement":[{"@type":"ListItem","position":1,"name":"Accueil","item":"https:\/\/www.locansol.fr\/"},{"@type":"ListItem","position":2,"name":"Exposition historique au Boulou en mars : D\u00e9couvrez le r\u00f4le des Brigades Internationales"}]},{"@type":"WebSite","@id":"https:\/\/www.locansol.fr\/#website","url":"https:\/\/www.locansol.fr\/","name":"Locansol, louer un h\u00e9bergement dans les Pyr\u00e9n\u00e9es-Orientales","description":"Location Mobil-home Mer M\u00e9diterran\u00e9e &amp; Chalet de Montagne dans les Pyr\u00e9n\u00e9es Orientales (Occitanie, 66). Weekend, s\u00e9jour &amp; vacances en famille et entre amis.","publisher":{"@id":"https:\/\/www.locansol.fr\/#organization"},"alternateName":"Louer un h\u00e9bergement dans les Pyr\u00e9n\u00e9es Orientales, chalet & mobil-home en Occitanie","potentialAction":[{"@type":"SearchAction","target":{"@type":"EntryPoint","urlTemplate":"https:\/\/www.locansol.fr\/?s={search_term_string}"},"query-input":{"@type":"PropertyValueSpecification","valueRequired":true,"valueName":"search_term_string"}}],"inLanguage":"ca"},{"@type":"Organization","@id":"https:\/\/www.locansol.fr\/#organization","name":"Location MobilHome & chalet dans les Pyr\u00e9n\u00e9es Orientales","alternateName":"Louer un h\u00e9bergement dans les Pyr\u00e9n\u00e9es Orientales en Occitanie","url":"https:\/\/www.locansol.fr\/","logo":{"@type":"ImageObject","inLanguage":"ca","@id":"https:\/\/www.locansol.fr\/#\/schema\/logo\/image\/","url":"https:\/\/www.locansol.fr\/wp-content\/uploads\/2024\/04\/AdobeStock_303324767-scaled.jpeg","contentUrl":"https:\/\/www.locansol.fr\/wp-content\/uploads\/2024\/04\/AdobeStock_303324767-scaled.jpeg","width":2560,"height":1707,"caption":"Location MobilHome & chalet dans les Pyr\u00e9n\u00e9es Orientales"},"image":{"@id":"https:\/\/www.locansol.fr\/#\/schema\/logo\/image\/"}},{"@type":"Person","@id":"https:\/\/www.locansol.fr\/#\/schema\/person\/0b08d440f1ac44674c6d498107de351d","name":"H\u00e9bergements Locansol","image":{"@type":"ImageObject","inLanguage":"ca","@id":"https:\/\/www.locansol.fr\/#\/schema\/person\/image\/","url":"https:\/\/secure.gravatar.com\/avatar\/444436b93284204f8116b6e0eb964cd3fcb811519c737232bde6dd5743c37ee5?s=96&d=mm&r=g","contentUrl":"https:\/\/secure.gravatar.com\/avatar\/444436b93284204f8116b6e0eb964cd3fcb811519c737232bde6dd5743c37ee5?s=96&d=mm&r=g","caption":"H\u00e9bergements Locansol"},"sameAs":["https:\/\/www.locansol.fr\/"],"url":"https:\/\/www.locansol.fr\/ca\/author\/locansol\/"}]}},"_links":{"self":[{"href":"https:\/\/www.locansol.fr\/ca\/wp-json\/wp\/v2\/posts\/4652","targetHints":{"allow":["GET"]}}],"collection":[{"href":"https:\/\/www.locansol.fr\/ca\/wp-json\/wp\/v2\/posts"}],"about":[{"href":"https:\/\/www.locansol.fr\/ca\/wp-json\/wp\/v2\/types\/post"}],"author":[{"embeddable":true,"href":"https:\/\/www.locansol.fr\/ca\/wp-json\/wp\/v2\/users\/5"}],"replies":[{"embeddable":true,"href":"https:\/\/www.locansol.fr\/ca\/wp-json\/wp\/v2\/comments?post=4652"}],"version-history":[{"count":1,"href":"https:\/\/www.locansol.fr\/ca\/wp-json\/wp\/v2\/posts\/4652\/revisions"}],"predecessor-version":[{"id":4653,"href":"https:\/\/www.locansol.fr\/ca\/wp-json\/wp\/v2\/posts\/4652\/revisions\/4653"}],"wp:featuredmedia":[{"embeddable":true,"href":"https:\/\/www.locansol.fr\/ca\/wp-json\/wp\/v2\/media\/4651"}],"wp:attachment":[{"href":"https:\/\/www.locansol.fr\/ca\/wp-json\/wp\/v2\/media?parent=4652"}],"wp:term":[{"taxonomy":"category","embeddable":true,"href":"https:\/\/www.locansol.fr\/ca\/wp-json\/wp\/v2\/categories?post=4652"},{"taxonomy":"post_tag","embeddable":true,"href":"https:\/\/www.locansol.fr\/ca\/wp-json\/wp\/v2\/tags?post=4652"}],"curies":[{"name":"wp","href":"https:\/\/api.w.org\/{rel}","templated":true}]}}