{"id":4661,"date":"2026-03-09T02:07:10","date_gmt":"2026-03-09T01:07:10","guid":{"rendered":"https:\/\/www.locansol.fr\/concert-musique-banyuls-mer\/"},"modified":"2026-03-09T02:07:14","modified_gmt":"2026-03-09T01:07:14","slug":"concert-musique-banyuls-mer","status":"publish","type":"post","link":"https:\/\/www.locansol.fr\/ca\/concert-musique-banyuls-mer\/","title":{"rendered":"Concert \u00e0 Banyuls-sur-Mer (8 mars) : L&rsquo;heure musicale avec Vittorio Forte"},"content":{"rendered":"<p>Le dimanche 8 mars \u00e0 17h, un moment d\u2019exception vous attend \u00e0 la salle Novelty de Banyuls-sur-Mer. L\u2019\u00e9v\u00e9nement musical \u00ab L\u2019heure musicale des amis d\u2019Alain Marinaro \u00bb promet de vous transporter avec un r\u00e9cital du talentueux pianiste italien Vittorio Forte, autour de son album \u00ab VOLVER \u00bb r\u00e9cemment publi\u00e9 par Mirare.<\/p>\n<p>C\u2019est une immersion totale dans l\u2019univers envo\u00fbtant de la musique sud-am\u00e9ricaine que propose ce concert. Au programme, des \u0153uvres d\u2019Astor Piazzolla, v\u00e9ritable ma\u00eetre du tango argentin, mais \u00e9galement de Heitor Villa-Lobos, Ernesto Lecuona, et du Chilien Alfonso Leng. Avec passion et sensibilit\u00e9, Vittorio Forte explore les nuances de cet univers musical riche et color\u00e9, alliant technicit\u00e9 impressionnante et profondeur \u00e9motionnelle. Des rythmes vibrants, des m\u00e9lodies poignantes et une touche de po\u00e9sie attendent les spectateurs.<\/p>\n<p>Les amateurs des chefs-d\u2019\u0153uvre d\u2019Am\u00e9rique du Sud seront ravis de d\u00e9couvrir \u00e9galement des moments plus intimes, notamment \u00e0 travers les propres transcriptions de tangos de Carlos Gardel par Vittorio Forte, qui prolongent cet hommage vibrant \u00e0 la culture musicale sud-am\u00e9ricaine.<\/p>\n<p>La salle Novelty, situ\u00e9e avenue du Puig del Mas, ajoute une dimension unique \u00e0 cet \u00e9v\u00e9nement. Cet \u00e9crin chaleureux, r\u00e9put\u00e9 pour son acoustique remarquable, saura sublimer chaque note jou\u00e9e au piano, promettant une exp\u00e9rience immersive et inoubliable. Apr\u00e8s le concert, les convives auront l\u2019occasion de prolonger cette atmosph\u00e8re conviviale en partageant un g\u00e2teau pr\u00e9par\u00e9 par Jean-Yves, accompagn\u00e9 d\u2019un verre de muscat local. De quoi savourer pleinement les douceurs du terroir tout en \u00e9changeant autour de la prestation exceptionnelle de Vittorio Forte.<\/p>\n<p>Pour participer \u00e0 cet instant hors du temps, n\u2019attendez pas pour r\u00e9server vos places, disponibles au tarif de 13 euros. Les r\u00e9servations peuvent se faire par SMS au 07 49 77 00 56 ou directement sur le site officiel des amis d&rsquo;Alain Marinaro : https:\/\/alainmarinaro.fr.<\/p>\n<p>Une soir\u00e9e po\u00e9tique et musicale au c\u0153ur de Banyuls-sur-Mer, propice \u00e0 l\u2019\u00e9vasion et \u00e0 la d\u00e9couverte de la richesse artistique de l\u2019Am\u00e9rique du Sud : laissez la magie op\u00e9rer et ne manquez pas cet \u00e9v\u00e9nement incontournable.<\/p>\n<h3>Informaci\u00f3 pr\u00e0ctica<\/h3>\n<p>\ud83d\udcc5 QUAND ? Dimanche 8 mars 2023, 17:00<br \/>\ud83d\udccd O\u00d9 ? Salle Novelty, Avenue du Puig del Mas, Banyuls-sur-Mer<br \/>\ud83d\udcb6 COMBIEN ? 13,00 \u20ac<\/p>","protected":false},"excerpt":{"rendered":"<p>Assistez au concert de piano de Vittorio Forte le 8 mars \u00e0 Banyuls-sur-Mer, pour un voyage musical envo\u00fbtant au travers des rythmes sud-am\u00e9ricains dans la magie de la salle Novelty.<\/p>","protected":false},"author":5,"featured_media":4660,"comment_status":"closed","ping_status":"open","sticky":false,"template":"","format":"standard","meta":{"_yoast_wpseo_focuskw":"Concert musique Banyuls-sur-Mer","_yoast_wpseo_title":"Concert \u00e0 Banyuls-sur-Mer : L'heure musicale avec Vittorio Forte","_yoast_wpseo_metadesc":"Concert \u00e0 Banyuls-sur-Mer : D\u00e9couvrez un r\u00e9cital envo\u00fbtant de Vittorio Forte. Immersion dans la musique sud-am\u00e9ricaine. D\u00e9partement : Pyr\u00e9n\u00e9es-Orientales.","_yoast_wpseo_canonical":"","_yoast_wpseo_opengraph-title":"Laissez-vous transporter : Concert \u00e0 Banyuls-sur-Mer \u2014 Une immersion musicale","_yoast_wpseo_opengraph-description":"Plongez dans l'univers envo\u00fbtant de la musique sud-am\u00e9ricaine avec Vittorio Forte. Un moment inoubliable \u00e0 Banyuls-sur-Mer.","_yoast_wpseo_opengraph-image":"https:\/\/www.locansol.fr\/wp-content\/uploads\/2026\/03\/concert-musique-banyuls-mer.webp","_yoast_wpseo_opengraph-image-id":"","_yoast_wpseo_twitter-title":"Concert \u00e0 Banyuls-sur-Mer : Une exp\u00e9rience musicale inoubliable","_yoast_wpseo_twitter-description":"D\u00e9couvrez un r\u00e9cital envo\u00fbtant de Vittorio Forte \u00e0 Banyuls-sur-Mer. Immersion dans la musique sud-am\u00e9ricaine. Ne manquez pas cet \u00e9v\u00e9nement !","_yoast_wpseo_twitter-image":"https:\/\/www.locansol.fr\/wp-content\/uploads\/2026\/03\/concert-musique-banyuls-mer.webp","_yoast_wpseo_twitter-image-id":"","yoast_primary_category":"Concert","footnotes":""},"categories":[45],"tags":[69,76],"class_list":["post-4661","post","type-post","status-publish","format-standard","has-post-thumbnail","hentry","category-festival","tag-musique","tag-pyrenees-orientales"],"yoast_head":"<!-- This site is optimized with the Yoast SEO Premium plugin v23.3 (Yoast SEO v26.9) - https:\/\/yoast.com\/product\/yoast-seo-premium-wordpress\/ -->\n<title>Concert \u00e0 Banyuls-sur-Mer : L&#039;heure musicale avec Vittorio Forte<\/title>\n<meta name=\"description\" content=\"Concert \u00e0 Banyuls-sur-Mer : D\u00e9couvrez un r\u00e9cital envo\u00fbtant de Vittorio Forte. Immersion dans la musique sud-am\u00e9ricaine. D\u00e9partement : Pyr\u00e9n\u00e9es-Orientales.\" \/>\n<meta name=\"robots\" content=\"index, follow, max-snippet:-1, max-image-preview:large, max-video-preview:-1\" \/>\n<link rel=\"canonical\" href=\"https:\/\/www.locansol.fr\/ca\/concert-musique-banyuls-mer\/\" \/>\n<meta property=\"og:locale\" content=\"ca_ES\" \/>\n<meta property=\"og:type\" content=\"article\" \/>\n<meta property=\"og:title\" content=\"Laissez-vous transporter : Concert \u00e0 Banyuls-sur-Mer \u2014 Une immersion musicale\" \/>\n<meta property=\"og:description\" content=\"Plongez dans l&#039;univers envo\u00fbtant de la musique sud-am\u00e9ricaine avec Vittorio Forte. Un moment inoubliable \u00e0 Banyuls-sur-Mer.\" \/>\n<meta property=\"og:url\" content=\"https:\/\/www.locansol.fr\/ca\/concert-musique-banyuls-mer\/\" \/>\n<meta property=\"og:site_name\" content=\"Locansol, louer un h\u00e9bergement dans les Pyr\u00e9n\u00e9es Orientales\" \/>\n<meta property=\"article:published_time\" content=\"2026-03-09T01:07:10+00:00\" \/>\n<meta property=\"article:modified_time\" content=\"2026-03-09T01:07:14+00:00\" \/>\n<meta property=\"og:image\" content=\"https:\/\/www.locansol.fr\/wp-content\/uploads\/2026\/03\/concert-musique-banyuls-mer.webp\" \/>\n<meta name=\"author\" content=\"H\u00e9bergements Locansol\" \/>\n<meta name=\"twitter:card\" content=\"summary_large_image\" \/>\n<meta name=\"twitter:title\" content=\"Concert \u00e0 Banyuls-sur-Mer : Une exp\u00e9rience musicale inoubliable\" \/>\n<meta name=\"twitter:description\" content=\"D\u00e9couvrez un r\u00e9cital envo\u00fbtant de Vittorio Forte \u00e0 Banyuls-sur-Mer. Immersion dans la musique sud-am\u00e9ricaine. Ne manquez pas cet \u00e9v\u00e9nement !\" \/>\n<meta name=\"twitter:image\" content=\"https:\/\/www.locansol.fr\/wp-content\/uploads\/2026\/03\/concert-musique-banyuls-mer.webp\" \/>\n<meta name=\"twitter:label1\" content=\"Escrit per\" \/>\n\t<meta name=\"twitter:data1\" content=\"H\u00e9bergements Locansol\" \/>\n\t<meta name=\"twitter:label2\" content=\"Temps estimat de lectura\" \/>\n\t<meta name=\"twitter:data2\" content=\"2 minuts\" \/>\n<script type=\"application\/ld+json\" class=\"yoast-schema-graph\">{\"@context\":\"https:\/\/schema.org\",\"@graph\":[{\"@type\":\"Article\",\"@id\":\"https:\/\/www.locansol.fr\/concert-musique-banyuls-mer\/#article\",\"isPartOf\":{\"@id\":\"https:\/\/www.locansol.fr\/concert-musique-banyuls-mer\/\"},\"author\":{\"name\":\"H\u00e9bergements Locansol\",\"@id\":\"https:\/\/www.locansol.fr\/#\/schema\/person\/0b08d440f1ac44674c6d498107de351d\"},\"headline\":\"Concert \u00e0 Banyuls-sur-Mer (8 mars) : L&rsquo;heure musicale avec Vittorio Forte\",\"datePublished\":\"2026-03-09T01:07:10+00:00\",\"dateModified\":\"2026-03-09T01:07:14+00:00\",\"mainEntityOfPage\":{\"@id\":\"https:\/\/www.locansol.fr\/concert-musique-banyuls-mer\/\"},\"wordCount\":377,\"publisher\":{\"@id\":\"https:\/\/www.locansol.fr\/#organization\"},\"image\":{\"@id\":\"https:\/\/www.locansol.fr\/concert-musique-banyuls-mer\/#primaryimage\"},\"thumbnailUrl\":\"https:\/\/www.locansol.fr\/wp-content\/uploads\/2026\/03\/concert-musique-banyuls-mer.webp\",\"keywords\":[\"Musique\",\"Pyr\u00e9n\u00e9es-Orientales\"],\"articleSection\":[\"Festival\"],\"inLanguage\":\"ca\"},{\"@type\":\"WebPage\",\"@id\":\"https:\/\/www.locansol.fr\/concert-musique-banyuls-mer\/\",\"url\":\"https:\/\/www.locansol.fr\/concert-musique-banyuls-mer\/\",\"name\":\"Concert \u00e0 Banyuls-sur-Mer : L'heure musicale avec Vittorio Forte\",\"isPartOf\":{\"@id\":\"https:\/\/www.locansol.fr\/#website\"},\"primaryImageOfPage\":{\"@id\":\"https:\/\/www.locansol.fr\/concert-musique-banyuls-mer\/#primaryimage\"},\"image\":{\"@id\":\"https:\/\/www.locansol.fr\/concert-musique-banyuls-mer\/#primaryimage\"},\"thumbnailUrl\":\"https:\/\/www.locansol.fr\/wp-content\/uploads\/2026\/03\/concert-musique-banyuls-mer.webp\",\"datePublished\":\"2026-03-09T01:07:10+00:00\",\"dateModified\":\"2026-03-09T01:07:14+00:00\",\"description\":\"Concert \u00e0 Banyuls-sur-Mer : D\u00e9couvrez un r\u00e9cital envo\u00fbtant de Vittorio Forte. Immersion dans la musique sud-am\u00e9ricaine. D\u00e9partement : Pyr\u00e9n\u00e9es-Orientales.\",\"breadcrumb\":{\"@id\":\"https:\/\/www.locansol.fr\/concert-musique-banyuls-mer\/#breadcrumb\"},\"inLanguage\":\"ca\",\"potentialAction\":[{\"@type\":\"ReadAction\",\"target\":[\"https:\/\/www.locansol.fr\/concert-musique-banyuls-mer\/\"]}]},{\"@type\":\"ImageObject\",\"inLanguage\":\"ca\",\"@id\":\"https:\/\/www.locansol.fr\/concert-musique-banyuls-mer\/#primaryimage\",\"url\":\"https:\/\/www.locansol.fr\/wp-content\/uploads\/2026\/03\/concert-musique-banyuls-mer.webp\",\"contentUrl\":\"https:\/\/www.locansol.fr\/wp-content\/uploads\/2026\/03\/concert-musique-banyuls-mer.webp\",\"width\":1080,\"height\":1527,\"caption\":\"Concert \u00e0 Banyuls-sur-Mer : L'heure musicale avec Vittorio Forte\"},{\"@type\":\"BreadcrumbList\",\"@id\":\"https:\/\/www.locansol.fr\/concert-musique-banyuls-mer\/#breadcrumb\",\"itemListElement\":[{\"@type\":\"ListItem\",\"position\":1,\"name\":\"Accueil\",\"item\":\"https:\/\/www.locansol.fr\/\"},{\"@type\":\"ListItem\",\"position\":2,\"name\":\"Concert \u00e0 Banyuls-sur-Mer (8 mars) : L&rsquo;heure musicale avec Vittorio Forte\"}]},{\"@type\":\"WebSite\",\"@id\":\"https:\/\/www.locansol.fr\/#website\",\"url\":\"https:\/\/www.locansol.fr\/\",\"name\":\"Locansol, louer un h\u00e9bergement dans les Pyr\u00e9n\u00e9es-Orientales\",\"description\":\"Location Mobil-home Mer M\u00e9diterran\u00e9e &amp; Chalet de Montagne dans les Pyr\u00e9n\u00e9es Orientales (Occitanie, 66). Weekend, s\u00e9jour &amp; vacances en famille et entre amis.\",\"publisher\":{\"@id\":\"https:\/\/www.locansol.fr\/#organization\"},\"alternateName\":\"Louer un h\u00e9bergement dans les Pyr\u00e9n\u00e9es Orientales, chalet & mobil-home en Occitanie\",\"potentialAction\":[{\"@type\":\"SearchAction\",\"target\":{\"@type\":\"EntryPoint\",\"urlTemplate\":\"https:\/\/www.locansol.fr\/?s={search_term_string}\"},\"query-input\":{\"@type\":\"PropertyValueSpecification\",\"valueRequired\":true,\"valueName\":\"search_term_string\"}}],\"inLanguage\":\"ca\"},{\"@type\":\"Organization\",\"@id\":\"https:\/\/www.locansol.fr\/#organization\",\"name\":\"Location MobilHome & chalet dans les Pyr\u00e9n\u00e9es Orientales\",\"alternateName\":\"Louer un h\u00e9bergement dans les Pyr\u00e9n\u00e9es Orientales en Occitanie\",\"url\":\"https:\/\/www.locansol.fr\/\",\"logo\":{\"@type\":\"ImageObject\",\"inLanguage\":\"ca\",\"@id\":\"https:\/\/www.locansol.fr\/#\/schema\/logo\/image\/\",\"url\":\"https:\/\/www.locansol.fr\/wp-content\/uploads\/2024\/04\/AdobeStock_303324767-scaled.jpeg\",\"contentUrl\":\"https:\/\/www.locansol.fr\/wp-content\/uploads\/2024\/04\/AdobeStock_303324767-scaled.jpeg\",\"width\":2560,\"height\":1707,\"caption\":\"Location MobilHome & chalet dans les Pyr\u00e9n\u00e9es Orientales\"},\"image\":{\"@id\":\"https:\/\/www.locansol.fr\/#\/schema\/logo\/image\/\"}},{\"@type\":\"Person\",\"@id\":\"https:\/\/www.locansol.fr\/#\/schema\/person\/0b08d440f1ac44674c6d498107de351d\",\"name\":\"H\u00e9bergements Locansol\",\"image\":{\"@type\":\"ImageObject\",\"inLanguage\":\"ca\",\"@id\":\"https:\/\/www.locansol.fr\/#\/schema\/person\/image\/\",\"url\":\"https:\/\/secure.gravatar.com\/avatar\/444436b93284204f8116b6e0eb964cd3fcb811519c737232bde6dd5743c37ee5?s=96&d=mm&r=g\",\"contentUrl\":\"https:\/\/secure.gravatar.com\/avatar\/444436b93284204f8116b6e0eb964cd3fcb811519c737232bde6dd5743c37ee5?s=96&d=mm&r=g\",\"caption\":\"H\u00e9bergements Locansol\"},\"sameAs\":[\"https:\/\/www.locansol.fr\/\"],\"url\":\"https:\/\/www.locansol.fr\/ca\/author\/locansol\/\"}]}<\/script>\n<!-- \/ Yoast SEO Premium plugin. -->","yoast_head_json":{"title":"Concert \u00e0 Banyuls-sur-Mer : L'heure musicale avec Vittorio Forte","description":"Concert \u00e0 Banyuls-sur-Mer : D\u00e9couvrez un r\u00e9cital envo\u00fbtant de Vittorio Forte. Immersion dans la musique sud-am\u00e9ricaine. D\u00e9partement : Pyr\u00e9n\u00e9es-Orientales.","robots":{"index":"index","follow":"follow","max-snippet":"max-snippet:-1","max-image-preview":"max-image-preview:large","max-video-preview":"max-video-preview:-1"},"canonical":"https:\/\/www.locansol.fr\/ca\/concert-musique-banyuls-mer\/","og_locale":"ca_ES","og_type":"article","og_title":"Laissez-vous transporter : Concert \u00e0 Banyuls-sur-Mer \u2014 Une immersion musicale","og_description":"Plongez dans l'univers envo\u00fbtant de la musique sud-am\u00e9ricaine avec Vittorio Forte. Un moment inoubliable \u00e0 Banyuls-sur-Mer.","og_url":"https:\/\/www.locansol.fr\/ca\/concert-musique-banyuls-mer\/","og_site_name":"Locansol, louer un h\u00e9bergement dans les Pyr\u00e9n\u00e9es Orientales","article_published_time":"2026-03-09T01:07:10+00:00","article_modified_time":"2026-03-09T01:07:14+00:00","og_image":[{"url":"https:\/\/www.locansol.fr\/wp-content\/uploads\/2026\/03\/concert-musique-banyuls-mer.webp","type":"","width":"","height":""}],"author":"H\u00e9bergements Locansol","twitter_card":"summary_large_image","twitter_title":"Concert \u00e0 Banyuls-sur-Mer : Une exp\u00e9rience musicale inoubliable","twitter_description":"D\u00e9couvrez un r\u00e9cital envo\u00fbtant de Vittorio Forte \u00e0 Banyuls-sur-Mer. Immersion dans la musique sud-am\u00e9ricaine. Ne manquez pas cet \u00e9v\u00e9nement !","twitter_image":"https:\/\/www.locansol.fr\/wp-content\/uploads\/2026\/03\/concert-musique-banyuls-mer.webp","twitter_misc":{"Escrit per":"H\u00e9bergements Locansol","Temps estimat de lectura":"2 minuts"},"schema":{"@context":"https:\/\/schema.org","@graph":[{"@type":"Article","@id":"https:\/\/www.locansol.fr\/concert-musique-banyuls-mer\/#article","isPartOf":{"@id":"https:\/\/www.locansol.fr\/concert-musique-banyuls-mer\/"},"author":{"name":"H\u00e9bergements Locansol","@id":"https:\/\/www.locansol.fr\/#\/schema\/person\/0b08d440f1ac44674c6d498107de351d"},"headline":"Concert \u00e0 Banyuls-sur-Mer (8 mars) : L&rsquo;heure musicale avec Vittorio Forte","datePublished":"2026-03-09T01:07:10+00:00","dateModified":"2026-03-09T01:07:14+00:00","mainEntityOfPage":{"@id":"https:\/\/www.locansol.fr\/concert-musique-banyuls-mer\/"},"wordCount":377,"publisher":{"@id":"https:\/\/www.locansol.fr\/#organization"},"image":{"@id":"https:\/\/www.locansol.fr\/concert-musique-banyuls-mer\/#primaryimage"},"thumbnailUrl":"https:\/\/www.locansol.fr\/wp-content\/uploads\/2026\/03\/concert-musique-banyuls-mer.webp","keywords":["Musique","Pyr\u00e9n\u00e9es-Orientales"],"articleSection":["Festival"],"inLanguage":"ca"},{"@type":"WebPage","@id":"https:\/\/www.locansol.fr\/concert-musique-banyuls-mer\/","url":"https:\/\/www.locansol.fr\/concert-musique-banyuls-mer\/","name":"Concert \u00e0 Banyuls-sur-Mer : L'heure musicale avec Vittorio Forte","isPartOf":{"@id":"https:\/\/www.locansol.fr\/#website"},"primaryImageOfPage":{"@id":"https:\/\/www.locansol.fr\/concert-musique-banyuls-mer\/#primaryimage"},"image":{"@id":"https:\/\/www.locansol.fr\/concert-musique-banyuls-mer\/#primaryimage"},"thumbnailUrl":"https:\/\/www.locansol.fr\/wp-content\/uploads\/2026\/03\/concert-musique-banyuls-mer.webp","datePublished":"2026-03-09T01:07:10+00:00","dateModified":"2026-03-09T01:07:14+00:00","description":"Concert \u00e0 Banyuls-sur-Mer : D\u00e9couvrez un r\u00e9cital envo\u00fbtant de Vittorio Forte. Immersion dans la musique sud-am\u00e9ricaine. D\u00e9partement : Pyr\u00e9n\u00e9es-Orientales.","breadcrumb":{"@id":"https:\/\/www.locansol.fr\/concert-musique-banyuls-mer\/#breadcrumb"},"inLanguage":"ca","potentialAction":[{"@type":"ReadAction","target":["https:\/\/www.locansol.fr\/concert-musique-banyuls-mer\/"]}]},{"@type":"ImageObject","inLanguage":"ca","@id":"https:\/\/www.locansol.fr\/concert-musique-banyuls-mer\/#primaryimage","url":"https:\/\/www.locansol.fr\/wp-content\/uploads\/2026\/03\/concert-musique-banyuls-mer.webp","contentUrl":"https:\/\/www.locansol.fr\/wp-content\/uploads\/2026\/03\/concert-musique-banyuls-mer.webp","width":1080,"height":1527,"caption":"Concert \u00e0 Banyuls-sur-Mer : L'heure musicale avec Vittorio Forte"},{"@type":"BreadcrumbList","@id":"https:\/\/www.locansol.fr\/concert-musique-banyuls-mer\/#breadcrumb","itemListElement":[{"@type":"ListItem","position":1,"name":"Accueil","item":"https:\/\/www.locansol.fr\/"},{"@type":"ListItem","position":2,"name":"Concert \u00e0 Banyuls-sur-Mer (8 mars) : L&rsquo;heure musicale avec Vittorio Forte"}]},{"@type":"WebSite","@id":"https:\/\/www.locansol.fr\/#website","url":"https:\/\/www.locansol.fr\/","name":"Locansol, louer un h\u00e9bergement dans les Pyr\u00e9n\u00e9es-Orientales","description":"Location Mobil-home Mer M\u00e9diterran\u00e9e &amp; Chalet de Montagne dans les Pyr\u00e9n\u00e9es Orientales (Occitanie, 66). Weekend, s\u00e9jour &amp; vacances en famille et entre amis.","publisher":{"@id":"https:\/\/www.locansol.fr\/#organization"},"alternateName":"Louer un h\u00e9bergement dans les Pyr\u00e9n\u00e9es Orientales, chalet & mobil-home en Occitanie","potentialAction":[{"@type":"SearchAction","target":{"@type":"EntryPoint","urlTemplate":"https:\/\/www.locansol.fr\/?s={search_term_string}"},"query-input":{"@type":"PropertyValueSpecification","valueRequired":true,"valueName":"search_term_string"}}],"inLanguage":"ca"},{"@type":"Organization","@id":"https:\/\/www.locansol.fr\/#organization","name":"Location MobilHome & chalet dans les Pyr\u00e9n\u00e9es Orientales","alternateName":"Louer un h\u00e9bergement dans les Pyr\u00e9n\u00e9es Orientales en Occitanie","url":"https:\/\/www.locansol.fr\/","logo":{"@type":"ImageObject","inLanguage":"ca","@id":"https:\/\/www.locansol.fr\/#\/schema\/logo\/image\/","url":"https:\/\/www.locansol.fr\/wp-content\/uploads\/2024\/04\/AdobeStock_303324767-scaled.jpeg","contentUrl":"https:\/\/www.locansol.fr\/wp-content\/uploads\/2024\/04\/AdobeStock_303324767-scaled.jpeg","width":2560,"height":1707,"caption":"Location MobilHome & chalet dans les Pyr\u00e9n\u00e9es Orientales"},"image":{"@id":"https:\/\/www.locansol.fr\/#\/schema\/logo\/image\/"}},{"@type":"Person","@id":"https:\/\/www.locansol.fr\/#\/schema\/person\/0b08d440f1ac44674c6d498107de351d","name":"H\u00e9bergements Locansol","image":{"@type":"ImageObject","inLanguage":"ca","@id":"https:\/\/www.locansol.fr\/#\/schema\/person\/image\/","url":"https:\/\/secure.gravatar.com\/avatar\/444436b93284204f8116b6e0eb964cd3fcb811519c737232bde6dd5743c37ee5?s=96&d=mm&r=g","contentUrl":"https:\/\/secure.gravatar.com\/avatar\/444436b93284204f8116b6e0eb964cd3fcb811519c737232bde6dd5743c37ee5?s=96&d=mm&r=g","caption":"H\u00e9bergements Locansol"},"sameAs":["https:\/\/www.locansol.fr\/"],"url":"https:\/\/www.locansol.fr\/ca\/author\/locansol\/"}]}},"_links":{"self":[{"href":"https:\/\/www.locansol.fr\/ca\/wp-json\/wp\/v2\/posts\/4661","targetHints":{"allow":["GET"]}}],"collection":[{"href":"https:\/\/www.locansol.fr\/ca\/wp-json\/wp\/v2\/posts"}],"about":[{"href":"https:\/\/www.locansol.fr\/ca\/wp-json\/wp\/v2\/types\/post"}],"author":[{"embeddable":true,"href":"https:\/\/www.locansol.fr\/ca\/wp-json\/wp\/v2\/users\/5"}],"replies":[{"embeddable":true,"href":"https:\/\/www.locansol.fr\/ca\/wp-json\/wp\/v2\/comments?post=4661"}],"version-history":[{"count":1,"href":"https:\/\/www.locansol.fr\/ca\/wp-json\/wp\/v2\/posts\/4661\/revisions"}],"predecessor-version":[{"id":4662,"href":"https:\/\/www.locansol.fr\/ca\/wp-json\/wp\/v2\/posts\/4661\/revisions\/4662"}],"wp:featuredmedia":[{"embeddable":true,"href":"https:\/\/www.locansol.fr\/ca\/wp-json\/wp\/v2\/media\/4660"}],"wp:attachment":[{"href":"https:\/\/www.locansol.fr\/ca\/wp-json\/wp\/v2\/media?parent=4661"}],"wp:term":[{"taxonomy":"category","embeddable":true,"href":"https:\/\/www.locansol.fr\/ca\/wp-json\/wp\/v2\/categories?post=4661"},{"taxonomy":"post_tag","embeddable":true,"href":"https:\/\/www.locansol.fr\/ca\/wp-json\/wp\/v2\/tags?post=4661"}],"curies":[{"name":"wp","href":"https:\/\/api.w.org\/{rel}","templated":true}]}}