{"id":4679,"date":"2026-03-09T12:14:08","date_gmt":"2026-03-09T11:14:08","guid":{"rendered":"https:\/\/www.locansol.fr\/exposition-obscurite-lumiere-amelie\/"},"modified":"2026-03-09T12:14:20","modified_gmt":"2026-03-09T11:14:20","slug":"exposition-obscurite-lumiere-amelie","status":"publish","type":"post","link":"https:\/\/www.locansol.fr\/ca\/exposition-obscurite-lumiere-amelie\/","title":{"rendered":"Am\u00e9lie-les-Bains 2026 : Expo \u00ab Obscurit\u00e9 et Lumi\u00e8re \u00bb \u00e0 la Casa Restany"},"content":{"rendered":"<p>Amateurs d&rsquo;art ou simples curieux, notez la date sur vos calendriers : du 7 mars au 10 mai 2026, la Casa Restany d&rsquo;Am\u00e9lie-les-Bains-Palalda accueille l&rsquo;exposition exceptionnelle \u00ab Obscurit\u00e9 et lumi\u00e8re : une merveilleuse harmonie \u00bb. Cet \u00e9v\u00e9nement culturel incontournable marque le lancement de la saison de l&rsquo;art contemporain dans cette charmante ville des Pyr\u00e9n\u00e9es-Orientales.<\/p>\n<p>L&rsquo;exposition est le fruit d&rsquo;une collaboration prestigieuse avec Jacques Font, c\u00e9l\u00e8bre collectionneur d\u2019art contemporain, qui a puis\u00e9 dans sa pr\u00e9cieuse collection pour r\u00e9unir les \u0153uvres de trente-neuf artistes talentueux. Ces cr\u00e9ateurs, venus d\u2019horizons vari\u00e9s, proposent leur vision unique sur la th\u00e9matique universelle et intemporelle de la lumi\u00e8re et de l\u2019obscurit\u00e9, deux forces contraires et compl\u00e9mentaires.<\/p>\n<p>Lors de votre visite, laissez-vous transporter par une diversit\u00e9 d\u2019expressions artistiques : peintures, installations et sculptures dialoguent autour de cette dualit\u00e9. Chaque \u0153uvre joue avec les nuances, les ombres et les lumi\u00e8res pour r\u00e9v\u00e9ler des atmosph\u00e8res tant\u00f4t sereines, tant\u00f4t intrigantes voire puissamment \u00e9vocatrices. Ce parcours sensoriel ne manquera pas de stimuler vos pens\u00e9es et vos \u00e9motions.<\/p>\n<p>La Casa Restany, lieu embl\u00e9matique d&rsquo;Am\u00e9lie-les-Bains-Palalda, offre un cadre enchanteur et une atmosph\u00e8re propice \u00e0 la contemplation. Ancr\u00e9e dans le riche h\u00e9ritage culturel de la r\u00e9gion, elle s\u2019av\u00e8re \u00eatre l\u2019\u00e9crin parfait pour d\u00e9couvrir ces \u0153uvres contemporaines. En vous promenant entre ses murs historiques, vous vivrez une exp\u00e9rience artistique immersive et inoubliable.<\/p>\n<p>Prendre part \u00e0 cette exposition, c&rsquo;est \u00e9galement b\u00e9n\u00e9ficier d&rsquo;une occasion rare : celle de d\u00e9couvrir des pi\u00e8ces remarquables sign\u00e9es par de grands noms de l&rsquo;art. Et bonne nouvelle, l&rsquo;entr\u00e9e est gratuite ! Accessible \u00e0 tous, de 14h \u00e0 18h du mercredi au dimanche (sauf jours f\u00e9ri\u00e9s), cet \u00e9v\u00e9nement s\u2019adresse \u00e0 toutes les g\u00e9n\u00e9rations, qu\u2019il s\u2019agisse de passionn\u00e9s d\u2019art ou de visiteurs en qu\u00eate d\u2019une sortie culturelle enrichissante.<\/p>\n<p>Que vous soyez s\u00e9duits par la profondeur du th\u00e8me, curieux d\u2019explorer une diversit\u00e9 cr\u00e9ative ou simplement d\u00e9sireux d\u2019appr\u00e9cier l\u2019art dans un lieu d\u2019exception, cette exposition saura satisfaire votre app\u00e9tit artistique. Alors, rendez-vous \u00e0 la Casa Restany pour d\u00e9couvrir comment l\u2019obscurit\u00e9 et la lumi\u00e8re dansent harmonieusement \u00e0 travers le prisme de l\u2019art contemporain.<\/p>\n<h3>Informaci\u00f3 pr\u00e0ctica<\/h3>\n<p>\ud83d\udcc5 QUAND ? Du 7 mars au 10 mai 2026 (mercredi au dimanche, 14h-18h)<br \/>\ud83d\udccd O\u00d9 ? Casa Restany, Am\u00e9lie-les-Bains-Palalda<br \/>\ud83d\udcb6 COMBIEN ? Gratuit<\/p>","protected":false},"excerpt":{"rendered":"<p>D\u00e9couvrez \u00e0 Am\u00e9lie-les-Bains l&rsquo;exposition \u00ab Obscurit\u00e9 et lumi\u00e8re : une merveilleuse harmonie \u00bb, un rendez-vous incontournable de l&rsquo;art contemporain !<\/p>","protected":false},"author":5,"featured_media":4678,"comment_status":"closed","ping_status":"open","sticky":false,"template":"","format":"standard","meta":{"_yoast_wpseo_focuskw":"Exposition Obscurit\u00e9 Lumi\u00e8re Am\u00e9lie","_yoast_wpseo_title":"Expo Obscurit\u00e9 et Lumi\u00e8re Am\u00e9lie-les-Bains - 2026","_yoast_wpseo_metadesc":"Expo Obscurit\u00e9 et Lumi\u00e8re Am\u00e9lie-les-Bains : D\u00e9couvrez une exposition unique d'art contemporain dans les Pyr\u00e9n\u00e9es-Orientales. Entr\u00e9e gratuite du 7 mars au 10 mai 2026.","_yoast_wpseo_canonical":"","_yoast_wpseo_opengraph-title":"Plongez dans l'harmonie de l'obscurit\u00e9 et de la lumi\u00e8re \u00e0 Am\u00e9lie-les-Bains - une exposition immersive.","_yoast_wpseo_opengraph-description":"Laissez-vous transporter par une exposition sensorielle o\u00f9 l'obscurit\u00e9 et la lumi\u00e8re dansent harmonieusement. Une exp\u00e9rience artistique immersive et inoubliable \u00e0 Am\u00e9lie-les-Bains, dans les Pyr\u00e9n\u00e9es-Orientales.","_yoast_wpseo_opengraph-image":"https:\/\/www.locansol.fr\/wp-content\/uploads\/2026\/03\/exposition-obscurite-lumiere-amelie.webp","_yoast_wpseo_opengraph-image-id":"","_yoast_wpseo_twitter-title":"D\u00e9couvrez l'exposition Obscurit\u00e9 et Lumi\u00e8re \u00e0 Am\u00e9lie-les-Bains","_yoast_wpseo_twitter-description":"Plongez dans une exp\u00e9rience artistique unique o\u00f9 l'obscurit\u00e9 et la lumi\u00e8re se rencontrent \u00e0 Am\u00e9lie-les-Bains. Entr\u00e9e gratuite !","_yoast_wpseo_twitter-image":"https:\/\/www.locansol.fr\/wp-content\/uploads\/2026\/03\/exposition-obscurite-lumiere-amelie.webp","_yoast_wpseo_twitter-image-id":"","yoast_primary_category":"Exposition","footnotes":""},"categories":[35],"tags":[66,76],"class_list":["post-4679","post","type-post","status-publish","format-standard","has-post-thumbnail","hentry","category-carnaval","tag-evenement-culturel","tag-pyrenees-orientales"],"yoast_head":"<!-- This site is optimized with the Yoast SEO Premium plugin v23.3 (Yoast SEO v26.9) - https:\/\/yoast.com\/product\/yoast-seo-premium-wordpress\/ -->\n<title>Expo Obscurit\u00e9 et Lumi\u00e8re Am\u00e9lie-les-Bains - 2026<\/title>\n<meta name=\"description\" content=\"Expo Obscurit\u00e9 et Lumi\u00e8re Am\u00e9lie-les-Bains : D\u00e9couvrez une exposition unique d&#039;art contemporain dans les Pyr\u00e9n\u00e9es-Orientales. Entr\u00e9e gratuite du 7 mars au 10 mai 2026.\" \/>\n<meta name=\"robots\" content=\"index, follow, max-snippet:-1, max-image-preview:large, max-video-preview:-1\" \/>\n<link rel=\"canonical\" href=\"https:\/\/www.locansol.fr\/ca\/exposition-obscurite-lumiere-amelie\/\" \/>\n<meta property=\"og:locale\" content=\"ca_ES\" \/>\n<meta property=\"og:type\" content=\"article\" \/>\n<meta property=\"og:title\" content=\"Plongez dans l&#039;harmonie de l&#039;obscurit\u00e9 et de la lumi\u00e8re \u00e0 Am\u00e9lie-les-Bains - une exposition immersive.\" \/>\n<meta property=\"og:description\" content=\"Laissez-vous transporter par une exposition sensorielle o\u00f9 l&#039;obscurit\u00e9 et la lumi\u00e8re dansent harmonieusement. Une exp\u00e9rience artistique immersive et inoubliable \u00e0 Am\u00e9lie-les-Bains, dans les Pyr\u00e9n\u00e9es-Orientales.\" \/>\n<meta property=\"og:url\" content=\"https:\/\/www.locansol.fr\/ca\/exposition-obscurite-lumiere-amelie\/\" \/>\n<meta property=\"og:site_name\" content=\"Locansol, louer un h\u00e9bergement dans les Pyr\u00e9n\u00e9es Orientales\" \/>\n<meta property=\"article:published_time\" content=\"2026-03-09T11:14:08+00:00\" \/>\n<meta property=\"article:modified_time\" content=\"2026-03-09T11:14:20+00:00\" \/>\n<meta property=\"og:image\" content=\"https:\/\/www.locansol.fr\/wp-content\/uploads\/2026\/03\/exposition-obscurite-lumiere-amelie.webp\" \/>\n<meta name=\"author\" content=\"H\u00e9bergements Locansol\" \/>\n<meta name=\"twitter:card\" content=\"summary_large_image\" \/>\n<meta name=\"twitter:title\" content=\"D\u00e9couvrez l&#039;exposition Obscurit\u00e9 et Lumi\u00e8re \u00e0 Am\u00e9lie-les-Bains\" \/>\n<meta name=\"twitter:description\" content=\"Plongez dans une exp\u00e9rience artistique unique o\u00f9 l&#039;obscurit\u00e9 et la lumi\u00e8re se rencontrent \u00e0 Am\u00e9lie-les-Bains. Entr\u00e9e gratuite !\" \/>\n<meta name=\"twitter:image\" content=\"https:\/\/www.locansol.fr\/wp-content\/uploads\/2026\/03\/exposition-obscurite-lumiere-amelie.webp\" \/>\n<meta name=\"twitter:label1\" content=\"Escrit per\" \/>\n\t<meta name=\"twitter:data1\" content=\"H\u00e9bergements Locansol\" \/>\n\t<meta name=\"twitter:label2\" content=\"Temps estimat de lectura\" \/>\n\t<meta name=\"twitter:data2\" content=\"2 minuts\" \/>\n<script type=\"application\/ld+json\" class=\"yoast-schema-graph\">{\"@context\":\"https:\/\/schema.org\",\"@graph\":[{\"@type\":\"Article\",\"@id\":\"https:\/\/www.locansol.fr\/exposition-obscurite-lumiere-amelie\/#article\",\"isPartOf\":{\"@id\":\"https:\/\/www.locansol.fr\/exposition-obscurite-lumiere-amelie\/\"},\"author\":{\"name\":\"H\u00e9bergements Locansol\",\"@id\":\"https:\/\/www.locansol.fr\/#\/schema\/person\/0b08d440f1ac44674c6d498107de351d\"},\"headline\":\"Am\u00e9lie-les-Bains 2026 : Expo \u00ab Obscurit\u00e9 et Lumi\u00e8re \u00bb \u00e0 la Casa Restany\",\"datePublished\":\"2026-03-09T11:14:08+00:00\",\"dateModified\":\"2026-03-09T11:14:20+00:00\",\"mainEntityOfPage\":{\"@id\":\"https:\/\/www.locansol.fr\/exposition-obscurite-lumiere-amelie\/\"},\"wordCount\":426,\"publisher\":{\"@id\":\"https:\/\/www.locansol.fr\/#organization\"},\"image\":{\"@id\":\"https:\/\/www.locansol.fr\/exposition-obscurite-lumiere-amelie\/#primaryimage\"},\"thumbnailUrl\":\"https:\/\/www.locansol.fr\/wp-content\/uploads\/2026\/03\/exposition-obscurite-lumiere-amelie.webp\",\"keywords\":[\"\u00c9v\u00e8nement culturel\",\"Pyr\u00e9n\u00e9es-Orientales\"],\"articleSection\":[\"Carnaval\"],\"inLanguage\":\"ca\"},{\"@type\":\"WebPage\",\"@id\":\"https:\/\/www.locansol.fr\/exposition-obscurite-lumiere-amelie\/\",\"url\":\"https:\/\/www.locansol.fr\/exposition-obscurite-lumiere-amelie\/\",\"name\":\"Expo Obscurit\u00e9 et Lumi\u00e8re Am\u00e9lie-les-Bains - 2026\",\"isPartOf\":{\"@id\":\"https:\/\/www.locansol.fr\/#website\"},\"primaryImageOfPage\":{\"@id\":\"https:\/\/www.locansol.fr\/exposition-obscurite-lumiere-amelie\/#primaryimage\"},\"image\":{\"@id\":\"https:\/\/www.locansol.fr\/exposition-obscurite-lumiere-amelie\/#primaryimage\"},\"thumbnailUrl\":\"https:\/\/www.locansol.fr\/wp-content\/uploads\/2026\/03\/exposition-obscurite-lumiere-amelie.webp\",\"datePublished\":\"2026-03-09T11:14:08+00:00\",\"dateModified\":\"2026-03-09T11:14:20+00:00\",\"description\":\"Expo Obscurit\u00e9 et Lumi\u00e8re Am\u00e9lie-les-Bains : D\u00e9couvrez une exposition unique d'art contemporain dans les Pyr\u00e9n\u00e9es-Orientales. Entr\u00e9e gratuite du 7 mars au 10 mai 2026.\",\"breadcrumb\":{\"@id\":\"https:\/\/www.locansol.fr\/exposition-obscurite-lumiere-amelie\/#breadcrumb\"},\"inLanguage\":\"ca\",\"potentialAction\":[{\"@type\":\"ReadAction\",\"target\":[\"https:\/\/www.locansol.fr\/exposition-obscurite-lumiere-amelie\/\"]}]},{\"@type\":\"ImageObject\",\"inLanguage\":\"ca\",\"@id\":\"https:\/\/www.locansol.fr\/exposition-obscurite-lumiere-amelie\/#primaryimage\",\"url\":\"https:\/\/www.locansol.fr\/wp-content\/uploads\/2026\/03\/exposition-obscurite-lumiere-amelie.webp\",\"contentUrl\":\"https:\/\/www.locansol.fr\/wp-content\/uploads\/2026\/03\/exposition-obscurite-lumiere-amelie.webp\",\"width\":1357,\"height\":1920,\"caption\":\"Expo Obscurit\u00e9 et Lumi\u00e8re Am\u00e9lie-les-Bains - 2026\"},{\"@type\":\"BreadcrumbList\",\"@id\":\"https:\/\/www.locansol.fr\/exposition-obscurite-lumiere-amelie\/#breadcrumb\",\"itemListElement\":[{\"@type\":\"ListItem\",\"position\":1,\"name\":\"Accueil\",\"item\":\"https:\/\/www.locansol.fr\/\"},{\"@type\":\"ListItem\",\"position\":2,\"name\":\"Am\u00e9lie-les-Bains 2026 : Expo \u00ab Obscurit\u00e9 et Lumi\u00e8re \u00bb \u00e0 la Casa Restany\"}]},{\"@type\":\"WebSite\",\"@id\":\"https:\/\/www.locansol.fr\/#website\",\"url\":\"https:\/\/www.locansol.fr\/\",\"name\":\"Locansol, louer un h\u00e9bergement dans les Pyr\u00e9n\u00e9es-Orientales\",\"description\":\"Location Mobil-home Mer M\u00e9diterran\u00e9e &amp; Chalet de Montagne dans les Pyr\u00e9n\u00e9es Orientales (Occitanie, 66). Weekend, s\u00e9jour &amp; vacances en famille et entre amis.\",\"publisher\":{\"@id\":\"https:\/\/www.locansol.fr\/#organization\"},\"alternateName\":\"Louer un h\u00e9bergement dans les Pyr\u00e9n\u00e9es Orientales, chalet & mobil-home en Occitanie\",\"potentialAction\":[{\"@type\":\"SearchAction\",\"target\":{\"@type\":\"EntryPoint\",\"urlTemplate\":\"https:\/\/www.locansol.fr\/?s={search_term_string}\"},\"query-input\":{\"@type\":\"PropertyValueSpecification\",\"valueRequired\":true,\"valueName\":\"search_term_string\"}}],\"inLanguage\":\"ca\"},{\"@type\":\"Organization\",\"@id\":\"https:\/\/www.locansol.fr\/#organization\",\"name\":\"Location MobilHome & chalet dans les Pyr\u00e9n\u00e9es Orientales\",\"alternateName\":\"Louer un h\u00e9bergement dans les Pyr\u00e9n\u00e9es Orientales en Occitanie\",\"url\":\"https:\/\/www.locansol.fr\/\",\"logo\":{\"@type\":\"ImageObject\",\"inLanguage\":\"ca\",\"@id\":\"https:\/\/www.locansol.fr\/#\/schema\/logo\/image\/\",\"url\":\"https:\/\/www.locansol.fr\/wp-content\/uploads\/2024\/04\/AdobeStock_303324767-scaled.jpeg\",\"contentUrl\":\"https:\/\/www.locansol.fr\/wp-content\/uploads\/2024\/04\/AdobeStock_303324767-scaled.jpeg\",\"width\":2560,\"height\":1707,\"caption\":\"Location MobilHome & chalet dans les Pyr\u00e9n\u00e9es Orientales\"},\"image\":{\"@id\":\"https:\/\/www.locansol.fr\/#\/schema\/logo\/image\/\"}},{\"@type\":\"Person\",\"@id\":\"https:\/\/www.locansol.fr\/#\/schema\/person\/0b08d440f1ac44674c6d498107de351d\",\"name\":\"H\u00e9bergements Locansol\",\"image\":{\"@type\":\"ImageObject\",\"inLanguage\":\"ca\",\"@id\":\"https:\/\/www.locansol.fr\/#\/schema\/person\/image\/\",\"url\":\"https:\/\/secure.gravatar.com\/avatar\/444436b93284204f8116b6e0eb964cd3fcb811519c737232bde6dd5743c37ee5?s=96&d=mm&r=g\",\"contentUrl\":\"https:\/\/secure.gravatar.com\/avatar\/444436b93284204f8116b6e0eb964cd3fcb811519c737232bde6dd5743c37ee5?s=96&d=mm&r=g\",\"caption\":\"H\u00e9bergements Locansol\"},\"sameAs\":[\"https:\/\/www.locansol.fr\/\"],\"url\":\"https:\/\/www.locansol.fr\/ca\/author\/locansol\/\"}]}<\/script>\n<!-- \/ Yoast SEO Premium plugin. -->","yoast_head_json":{"title":"Expo Obscurit\u00e9 et Lumi\u00e8re Am\u00e9lie-les-Bains - 2026","description":"Expo Obscurit\u00e9 et Lumi\u00e8re Am\u00e9lie-les-Bains : D\u00e9couvrez une exposition unique d'art contemporain dans les Pyr\u00e9n\u00e9es-Orientales. Entr\u00e9e gratuite du 7 mars au 10 mai 2026.","robots":{"index":"index","follow":"follow","max-snippet":"max-snippet:-1","max-image-preview":"max-image-preview:large","max-video-preview":"max-video-preview:-1"},"canonical":"https:\/\/www.locansol.fr\/ca\/exposition-obscurite-lumiere-amelie\/","og_locale":"ca_ES","og_type":"article","og_title":"Plongez dans l'harmonie de l'obscurit\u00e9 et de la lumi\u00e8re \u00e0 Am\u00e9lie-les-Bains - une exposition immersive.","og_description":"Laissez-vous transporter par une exposition sensorielle o\u00f9 l'obscurit\u00e9 et la lumi\u00e8re dansent harmonieusement. Une exp\u00e9rience artistique immersive et inoubliable \u00e0 Am\u00e9lie-les-Bains, dans les Pyr\u00e9n\u00e9es-Orientales.","og_url":"https:\/\/www.locansol.fr\/ca\/exposition-obscurite-lumiere-amelie\/","og_site_name":"Locansol, louer un h\u00e9bergement dans les Pyr\u00e9n\u00e9es Orientales","article_published_time":"2026-03-09T11:14:08+00:00","article_modified_time":"2026-03-09T11:14:20+00:00","og_image":[{"url":"https:\/\/www.locansol.fr\/wp-content\/uploads\/2026\/03\/exposition-obscurite-lumiere-amelie.webp","type":"","width":"","height":""}],"author":"H\u00e9bergements Locansol","twitter_card":"summary_large_image","twitter_title":"D\u00e9couvrez l'exposition Obscurit\u00e9 et Lumi\u00e8re \u00e0 Am\u00e9lie-les-Bains","twitter_description":"Plongez dans une exp\u00e9rience artistique unique o\u00f9 l'obscurit\u00e9 et la lumi\u00e8re se rencontrent \u00e0 Am\u00e9lie-les-Bains. Entr\u00e9e gratuite !","twitter_image":"https:\/\/www.locansol.fr\/wp-content\/uploads\/2026\/03\/exposition-obscurite-lumiere-amelie.webp","twitter_misc":{"Escrit per":"H\u00e9bergements Locansol","Temps estimat de lectura":"2 minuts"},"schema":{"@context":"https:\/\/schema.org","@graph":[{"@type":"Article","@id":"https:\/\/www.locansol.fr\/exposition-obscurite-lumiere-amelie\/#article","isPartOf":{"@id":"https:\/\/www.locansol.fr\/exposition-obscurite-lumiere-amelie\/"},"author":{"name":"H\u00e9bergements Locansol","@id":"https:\/\/www.locansol.fr\/#\/schema\/person\/0b08d440f1ac44674c6d498107de351d"},"headline":"Am\u00e9lie-les-Bains 2026 : Expo \u00ab Obscurit\u00e9 et Lumi\u00e8re \u00bb \u00e0 la Casa Restany","datePublished":"2026-03-09T11:14:08+00:00","dateModified":"2026-03-09T11:14:20+00:00","mainEntityOfPage":{"@id":"https:\/\/www.locansol.fr\/exposition-obscurite-lumiere-amelie\/"},"wordCount":426,"publisher":{"@id":"https:\/\/www.locansol.fr\/#organization"},"image":{"@id":"https:\/\/www.locansol.fr\/exposition-obscurite-lumiere-amelie\/#primaryimage"},"thumbnailUrl":"https:\/\/www.locansol.fr\/wp-content\/uploads\/2026\/03\/exposition-obscurite-lumiere-amelie.webp","keywords":["\u00c9v\u00e8nement culturel","Pyr\u00e9n\u00e9es-Orientales"],"articleSection":["Carnaval"],"inLanguage":"ca"},{"@type":"WebPage","@id":"https:\/\/www.locansol.fr\/exposition-obscurite-lumiere-amelie\/","url":"https:\/\/www.locansol.fr\/exposition-obscurite-lumiere-amelie\/","name":"Expo Obscurit\u00e9 et Lumi\u00e8re Am\u00e9lie-les-Bains - 2026","isPartOf":{"@id":"https:\/\/www.locansol.fr\/#website"},"primaryImageOfPage":{"@id":"https:\/\/www.locansol.fr\/exposition-obscurite-lumiere-amelie\/#primaryimage"},"image":{"@id":"https:\/\/www.locansol.fr\/exposition-obscurite-lumiere-amelie\/#primaryimage"},"thumbnailUrl":"https:\/\/www.locansol.fr\/wp-content\/uploads\/2026\/03\/exposition-obscurite-lumiere-amelie.webp","datePublished":"2026-03-09T11:14:08+00:00","dateModified":"2026-03-09T11:14:20+00:00","description":"Expo Obscurit\u00e9 et Lumi\u00e8re Am\u00e9lie-les-Bains : D\u00e9couvrez une exposition unique d'art contemporain dans les Pyr\u00e9n\u00e9es-Orientales. Entr\u00e9e gratuite du 7 mars au 10 mai 2026.","breadcrumb":{"@id":"https:\/\/www.locansol.fr\/exposition-obscurite-lumiere-amelie\/#breadcrumb"},"inLanguage":"ca","potentialAction":[{"@type":"ReadAction","target":["https:\/\/www.locansol.fr\/exposition-obscurite-lumiere-amelie\/"]}]},{"@type":"ImageObject","inLanguage":"ca","@id":"https:\/\/www.locansol.fr\/exposition-obscurite-lumiere-amelie\/#primaryimage","url":"https:\/\/www.locansol.fr\/wp-content\/uploads\/2026\/03\/exposition-obscurite-lumiere-amelie.webp","contentUrl":"https:\/\/www.locansol.fr\/wp-content\/uploads\/2026\/03\/exposition-obscurite-lumiere-amelie.webp","width":1357,"height":1920,"caption":"Expo Obscurit\u00e9 et Lumi\u00e8re Am\u00e9lie-les-Bains - 2026"},{"@type":"BreadcrumbList","@id":"https:\/\/www.locansol.fr\/exposition-obscurite-lumiere-amelie\/#breadcrumb","itemListElement":[{"@type":"ListItem","position":1,"name":"Accueil","item":"https:\/\/www.locansol.fr\/"},{"@type":"ListItem","position":2,"name":"Am\u00e9lie-les-Bains 2026 : Expo \u00ab Obscurit\u00e9 et Lumi\u00e8re \u00bb \u00e0 la Casa Restany"}]},{"@type":"WebSite","@id":"https:\/\/www.locansol.fr\/#website","url":"https:\/\/www.locansol.fr\/","name":"Locansol, louer un h\u00e9bergement dans les Pyr\u00e9n\u00e9es-Orientales","description":"Location Mobil-home Mer M\u00e9diterran\u00e9e &amp; Chalet de Montagne dans les Pyr\u00e9n\u00e9es Orientales (Occitanie, 66). Weekend, s\u00e9jour &amp; vacances en famille et entre amis.","publisher":{"@id":"https:\/\/www.locansol.fr\/#organization"},"alternateName":"Louer un h\u00e9bergement dans les Pyr\u00e9n\u00e9es Orientales, chalet & mobil-home en Occitanie","potentialAction":[{"@type":"SearchAction","target":{"@type":"EntryPoint","urlTemplate":"https:\/\/www.locansol.fr\/?s={search_term_string}"},"query-input":{"@type":"PropertyValueSpecification","valueRequired":true,"valueName":"search_term_string"}}],"inLanguage":"ca"},{"@type":"Organization","@id":"https:\/\/www.locansol.fr\/#organization","name":"Location MobilHome & chalet dans les Pyr\u00e9n\u00e9es Orientales","alternateName":"Louer un h\u00e9bergement dans les Pyr\u00e9n\u00e9es Orientales en Occitanie","url":"https:\/\/www.locansol.fr\/","logo":{"@type":"ImageObject","inLanguage":"ca","@id":"https:\/\/www.locansol.fr\/#\/schema\/logo\/image\/","url":"https:\/\/www.locansol.fr\/wp-content\/uploads\/2024\/04\/AdobeStock_303324767-scaled.jpeg","contentUrl":"https:\/\/www.locansol.fr\/wp-content\/uploads\/2024\/04\/AdobeStock_303324767-scaled.jpeg","width":2560,"height":1707,"caption":"Location MobilHome & chalet dans les Pyr\u00e9n\u00e9es Orientales"},"image":{"@id":"https:\/\/www.locansol.fr\/#\/schema\/logo\/image\/"}},{"@type":"Person","@id":"https:\/\/www.locansol.fr\/#\/schema\/person\/0b08d440f1ac44674c6d498107de351d","name":"H\u00e9bergements Locansol","image":{"@type":"ImageObject","inLanguage":"ca","@id":"https:\/\/www.locansol.fr\/#\/schema\/person\/image\/","url":"https:\/\/secure.gravatar.com\/avatar\/444436b93284204f8116b6e0eb964cd3fcb811519c737232bde6dd5743c37ee5?s=96&d=mm&r=g","contentUrl":"https:\/\/secure.gravatar.com\/avatar\/444436b93284204f8116b6e0eb964cd3fcb811519c737232bde6dd5743c37ee5?s=96&d=mm&r=g","caption":"H\u00e9bergements Locansol"},"sameAs":["https:\/\/www.locansol.fr\/"],"url":"https:\/\/www.locansol.fr\/ca\/author\/locansol\/"}]}},"_links":{"self":[{"href":"https:\/\/www.locansol.fr\/ca\/wp-json\/wp\/v2\/posts\/4679","targetHints":{"allow":["GET"]}}],"collection":[{"href":"https:\/\/www.locansol.fr\/ca\/wp-json\/wp\/v2\/posts"}],"about":[{"href":"https:\/\/www.locansol.fr\/ca\/wp-json\/wp\/v2\/types\/post"}],"author":[{"embeddable":true,"href":"https:\/\/www.locansol.fr\/ca\/wp-json\/wp\/v2\/users\/5"}],"replies":[{"embeddable":true,"href":"https:\/\/www.locansol.fr\/ca\/wp-json\/wp\/v2\/comments?post=4679"}],"version-history":[{"count":1,"href":"https:\/\/www.locansol.fr\/ca\/wp-json\/wp\/v2\/posts\/4679\/revisions"}],"predecessor-version":[{"id":4680,"href":"https:\/\/www.locansol.fr\/ca\/wp-json\/wp\/v2\/posts\/4679\/revisions\/4680"}],"wp:featuredmedia":[{"embeddable":true,"href":"https:\/\/www.locansol.fr\/ca\/wp-json\/wp\/v2\/media\/4678"}],"wp:attachment":[{"href":"https:\/\/www.locansol.fr\/ca\/wp-json\/wp\/v2\/media?parent=4679"}],"wp:term":[{"taxonomy":"category","embeddable":true,"href":"https:\/\/www.locansol.fr\/ca\/wp-json\/wp\/v2\/categories?post=4679"},{"taxonomy":"post_tag","embeddable":true,"href":"https:\/\/www.locansol.fr\/ca\/wp-json\/wp\/v2\/tags?post=4679"}],"curies":[{"name":"wp","href":"https:\/\/api.w.org\/{rel}","templated":true}]}}