{"id":4695,"date":"2026-03-09T22:12:19","date_gmt":"2026-03-09T21:12:19","guid":{"rendered":"https:\/\/www.locansol.fr\/concert-ghost-rider-ille-sur-tet\/"},"modified":"2026-03-09T22:12:24","modified_gmt":"2026-03-09T21:12:24","slug":"concert-ghost-rider-ille-sur-tet","status":"publish","type":"post","link":"https:\/\/www.locansol.fr\/ca\/concert-ghost-rider-ille-sur-tet\/","title":{"rendered":"Ille-sur-T\u00eat, 9 avril : Concert \u00ab Ghost Rider \u2013 One Hour \u00bb par Bruno\u00ef Zarn \u00e0 la Fabrica V\u00e9lo"},"content":{"rendered":"<p>Amateurs de musique exp\u00e9rimentale, r\u00e9servez votre soir\u00e9e du jeudi 9 avril 2026\u00a0! \u00c0 19h00, la Fabrica V\u00e9lo d&rsquo;Ille-sur-T\u00eat vous ouvre ses portes pour une performance exceptionnelle de l&rsquo;artiste Bruno\u00ef Zarn, intitul\u00e9e \u00ab\u00a0Ghost Rider \u2013 One Hour\u00a0\u00bb. Connu pour ses talents dans le noise, le rock exp\u00e9rimental, et ses performances improvis\u00e9es, Bruno\u00ef Zarn promet un voyage musical sans pr\u00e9c\u00e9dent.<\/p>\n<p>Au c\u0153ur de cet \u00e9v\u00e9nement unique, une r\u00e9interpr\u00e9tation magistrale et hypnotique du morceau mythique \u00ab\u00a0Ghost Rider\u00a0\u00bb du duo proto-punk am\u00e9ricain Suicide. Mais attention, il ne s&rsquo;agit pas d&rsquo;un simple hommage. Pendant une heure, Bruno\u00ef Zarn repousse les limites de la cr\u00e9ation : \u00e0 coups de distorsions, d&rsquo;\u00e9longations sonores et de boucles envo\u00fbtantes, il d\u00e9construit et r\u00e9invente ce titre culte pour offrir une exp\u00e9rience immersive et m\u00e9tamorphos\u00e9e. L&rsquo;artiste, arm\u00e9 de sa voix magn\u00e9tique et de ses machines, emportera le public dans un rituel sonore audacieux et cathartique, m\u00ealant \u00e9nergie brute et exp\u00e9rimentation musicale.<\/p>\n<p>Et quel meilleur cadre que la Fabrica V\u00e9lo pour cette prestation hors norme\u00a0? Cet espace alternatif, situ\u00e9 au 25 Rue de la Neige \u00e0 Ille-sur-T\u00eat, est un lieu de rencontre artistique et d&rsquo;\u00e9change. Intimiste et convivial, il sublimera l&rsquo;univers brut et psych\u00e9d\u00e9lique de Bruno\u00ef Zarn. Attendez-vous \u00e0 une plong\u00e9e totale, une spirale sonore aux accents entre no wave new-yorkais et performances bruitistes contemporaines.<\/p>\n<p>Autre point fort\u00a0: l&rsquo;entr\u00e9e est gratuite\u00a0! De quoi permettre \u00e0 tous les amateurs ou curieux de go\u00fbter \u00e0 ces sensations musicales fortes dans un cadre accueillant et chaleureux.<\/p>\n<p>Que vous soyez passionn\u00e9 de rock exp\u00e9rimental, amoureux des relectures audacieuses ou simplement curieux de nouvelles exp\u00e9riences artistiques, ne passez pas \u00e0 c\u00f4t\u00e9 de ce rendez-vous inoubliable. \u00ab Ghost Rider &#8211; One Hour \u00bb n&rsquo;est pas juste un concert, c&rsquo;est une aventure immersive et visc\u00e9rale, une v\u00e9ritable transe collective orchestr\u00e9e par un artiste talentueux.<\/p>\n<p>Retrouvez Bruno\u00ef Zarn \u00e0 la Fabrica V\u00e9lo et laissez-vous emporter par cet \u00e9v\u00e9nement unique en son genre.<\/p>\n<h3>Informaci\u00f3 pr\u00e0ctica<\/h3>\n<p>\ud83d\udcc5 QUAND ? Jeudi 9 avril 2026 \u00e0 19h00<br \/>\ud83d\udccd O\u00d9 ? La Fabrica V\u00e9lo, 25 Rue de la Neige, Ille-sur-T\u00eat<br \/>\ud83d\udcb6 COMBIEN ? Gratuit<\/p>","protected":false},"excerpt":{"rendered":"<p>Plongez dans l\u2019univers hypnotique de \u00ab Ghost Rider \u2013 One Hour \u00bb \u00e0 la Fabrica V\u00e9lo, avec Bruno\u00ef Zarn, ma\u00eetre du rock exp\u00e9rimental. Entr\u00e9e gratuite !<\/p>","protected":false},"author":5,"featured_media":4694,"comment_status":"closed","ping_status":"open","sticky":false,"template":"","format":"standard","meta":{"_yoast_wpseo_focuskw":"Concert Ghost Rider Ille-sur-T\u00eat","_yoast_wpseo_title":"Concert Ghost Rider One Hour Ille-sur-T\u00eat \u2013 9 avril 2026","_yoast_wpseo_metadesc":"Concert Ghost Rider One Hour Ille-sur-T\u00eat. D\u00e9couvrez une performance musicale immersive et gratuite le 9 avril 2026 dans les Pyr\u00e9n\u00e9es-Orientales.","_yoast_wpseo_canonical":"","_yoast_wpseo_opengraph-title":"Plongez dans une exp\u00e9rience sonore unique : Ille-sur-T\u00eat \u2013 Concert immersif","_yoast_wpseo_opengraph-description":"Imaginez une plong\u00e9e hypnotique dans l'univers sonore de Bruno\u00ef Zarn. Un concert gratuit et immersif \u00e0 Ille-sur-T\u00eat.","_yoast_wpseo_opengraph-image":"https:\/\/www.locansol.fr\/wp-content\/uploads\/2026\/03\/concert-ghost-rider-ille-sur-tet.webp","_yoast_wpseo_opengraph-image-id":"","_yoast_wpseo_twitter-title":"Concert unique \u00e0 Ille-sur-T\u00eat : Ghost Rider \u2013 One Hour","_yoast_wpseo_twitter-description":"Ne manquez pas le concert immersif de Bruno\u00ef Zarn \u00e0 Ille-sur-T\u00eat. Une exp\u00e9rience musicale gratuite et inoubliable.","_yoast_wpseo_twitter-image":"https:\/\/www.locansol.fr\/wp-content\/uploads\/2026\/03\/concert-ghost-rider-ille-sur-tet.webp","_yoast_wpseo_twitter-image-id":"","yoast_primary_category":"Concert","footnotes":""},"categories":[45],"tags":[69,76],"class_list":["post-4695","post","type-post","status-publish","format-standard","has-post-thumbnail","hentry","category-festival","tag-musique","tag-pyrenees-orientales"],"yoast_head":"<!-- This site is optimized with the Yoast SEO Premium plugin v23.3 (Yoast SEO v26.9) - https:\/\/yoast.com\/product\/yoast-seo-premium-wordpress\/ -->\n<title>Concert Ghost Rider One Hour Ille-sur-T\u00eat \u2013 9 avril 2026<\/title>\n<meta name=\"description\" content=\"Concert Ghost Rider One Hour Ille-sur-T\u00eat. D\u00e9couvrez une performance musicale immersive et gratuite le 9 avril 2026 dans les Pyr\u00e9n\u00e9es-Orientales.\" \/>\n<meta name=\"robots\" content=\"index, follow, max-snippet:-1, max-image-preview:large, max-video-preview:-1\" \/>\n<link rel=\"canonical\" href=\"https:\/\/www.locansol.fr\/ca\/concert-ghost-rider-ille-sur-tet\/\" \/>\n<meta property=\"og:locale\" content=\"ca_ES\" \/>\n<meta property=\"og:type\" content=\"article\" \/>\n<meta property=\"og:title\" content=\"Plongez dans une exp\u00e9rience sonore unique : Ille-sur-T\u00eat \u2013 Concert immersif\" \/>\n<meta property=\"og:description\" content=\"Imaginez une plong\u00e9e hypnotique dans l&#039;univers sonore de Bruno\u00ef Zarn. Un concert gratuit et immersif \u00e0 Ille-sur-T\u00eat.\" \/>\n<meta property=\"og:url\" content=\"https:\/\/www.locansol.fr\/ca\/concert-ghost-rider-ille-sur-tet\/\" \/>\n<meta property=\"og:site_name\" content=\"Locansol, louer un h\u00e9bergement dans les Pyr\u00e9n\u00e9es Orientales\" \/>\n<meta property=\"article:published_time\" content=\"2026-03-09T21:12:19+00:00\" \/>\n<meta property=\"article:modified_time\" content=\"2026-03-09T21:12:24+00:00\" \/>\n<meta property=\"og:image\" content=\"https:\/\/www.locansol.fr\/wp-content\/uploads\/2026\/03\/concert-ghost-rider-ille-sur-tet.webp\" \/>\n<meta name=\"author\" content=\"H\u00e9bergements Locansol\" \/>\n<meta name=\"twitter:card\" content=\"summary_large_image\" \/>\n<meta name=\"twitter:title\" content=\"Concert unique \u00e0 Ille-sur-T\u00eat : Ghost Rider \u2013 One Hour\" \/>\n<meta name=\"twitter:description\" content=\"Ne manquez pas le concert immersif de Bruno\u00ef Zarn \u00e0 Ille-sur-T\u00eat. Une exp\u00e9rience musicale gratuite et inoubliable.\" \/>\n<meta name=\"twitter:image\" content=\"https:\/\/www.locansol.fr\/wp-content\/uploads\/2026\/03\/concert-ghost-rider-ille-sur-tet.webp\" \/>\n<meta name=\"twitter:label1\" content=\"Escrit per\" \/>\n\t<meta name=\"twitter:data1\" content=\"H\u00e9bergements Locansol\" \/>\n\t<meta name=\"twitter:label2\" content=\"Temps estimat de lectura\" \/>\n\t<meta name=\"twitter:data2\" content=\"2 minuts\" \/>\n<script type=\"application\/ld+json\" class=\"yoast-schema-graph\">{\"@context\":\"https:\/\/schema.org\",\"@graph\":[{\"@type\":\"Article\",\"@id\":\"https:\/\/www.locansol.fr\/concert-ghost-rider-ille-sur-tet\/#article\",\"isPartOf\":{\"@id\":\"https:\/\/www.locansol.fr\/concert-ghost-rider-ille-sur-tet\/\"},\"author\":{\"name\":\"H\u00e9bergements Locansol\",\"@id\":\"https:\/\/www.locansol.fr\/#\/schema\/person\/0b08d440f1ac44674c6d498107de351d\"},\"headline\":\"Ille-sur-T\u00eat, 9 avril : Concert \u00ab Ghost Rider \u2013 One Hour \u00bb par Bruno\u00ef Zarn \u00e0 la Fabrica V\u00e9lo\",\"datePublished\":\"2026-03-09T21:12:19+00:00\",\"dateModified\":\"2026-03-09T21:12:24+00:00\",\"mainEntityOfPage\":{\"@id\":\"https:\/\/www.locansol.fr\/concert-ghost-rider-ille-sur-tet\/\"},\"wordCount\":382,\"publisher\":{\"@id\":\"https:\/\/www.locansol.fr\/#organization\"},\"image\":{\"@id\":\"https:\/\/www.locansol.fr\/concert-ghost-rider-ille-sur-tet\/#primaryimage\"},\"thumbnailUrl\":\"https:\/\/www.locansol.fr\/wp-content\/uploads\/2026\/03\/concert-ghost-rider-ille-sur-tet.webp\",\"keywords\":[\"Musique\",\"Pyr\u00e9n\u00e9es-Orientales\"],\"articleSection\":[\"Festival\"],\"inLanguage\":\"ca\"},{\"@type\":\"WebPage\",\"@id\":\"https:\/\/www.locansol.fr\/concert-ghost-rider-ille-sur-tet\/\",\"url\":\"https:\/\/www.locansol.fr\/concert-ghost-rider-ille-sur-tet\/\",\"name\":\"Concert Ghost Rider One Hour Ille-sur-T\u00eat \u2013 9 avril 2026\",\"isPartOf\":{\"@id\":\"https:\/\/www.locansol.fr\/#website\"},\"primaryImageOfPage\":{\"@id\":\"https:\/\/www.locansol.fr\/concert-ghost-rider-ille-sur-tet\/#primaryimage\"},\"image\":{\"@id\":\"https:\/\/www.locansol.fr\/concert-ghost-rider-ille-sur-tet\/#primaryimage\"},\"thumbnailUrl\":\"https:\/\/www.locansol.fr\/wp-content\/uploads\/2026\/03\/concert-ghost-rider-ille-sur-tet.webp\",\"datePublished\":\"2026-03-09T21:12:19+00:00\",\"dateModified\":\"2026-03-09T21:12:24+00:00\",\"description\":\"Concert Ghost Rider One Hour Ille-sur-T\u00eat. D\u00e9couvrez une performance musicale immersive et gratuite le 9 avril 2026 dans les Pyr\u00e9n\u00e9es-Orientales.\",\"breadcrumb\":{\"@id\":\"https:\/\/www.locansol.fr\/concert-ghost-rider-ille-sur-tet\/#breadcrumb\"},\"inLanguage\":\"ca\",\"potentialAction\":[{\"@type\":\"ReadAction\",\"target\":[\"https:\/\/www.locansol.fr\/concert-ghost-rider-ille-sur-tet\/\"]}]},{\"@type\":\"ImageObject\",\"inLanguage\":\"ca\",\"@id\":\"https:\/\/www.locansol.fr\/concert-ghost-rider-ille-sur-tet\/#primaryimage\",\"url\":\"https:\/\/www.locansol.fr\/wp-content\/uploads\/2026\/03\/concert-ghost-rider-ille-sur-tet.webp\",\"contentUrl\":\"https:\/\/www.locansol.fr\/wp-content\/uploads\/2026\/03\/concert-ghost-rider-ille-sur-tet.webp\",\"width\":421,\"height\":474,\"caption\":\"Concert Ghost Rider One Hour Ille-sur-T\u00eat \u2013 9 avril 2026\"},{\"@type\":\"BreadcrumbList\",\"@id\":\"https:\/\/www.locansol.fr\/concert-ghost-rider-ille-sur-tet\/#breadcrumb\",\"itemListElement\":[{\"@type\":\"ListItem\",\"position\":1,\"name\":\"Accueil\",\"item\":\"https:\/\/www.locansol.fr\/\"},{\"@type\":\"ListItem\",\"position\":2,\"name\":\"Ille-sur-T\u00eat, 9 avril : Concert \u00ab Ghost Rider \u2013 One Hour \u00bb par Bruno\u00ef Zarn \u00e0 la Fabrica V\u00e9lo\"}]},{\"@type\":\"WebSite\",\"@id\":\"https:\/\/www.locansol.fr\/#website\",\"url\":\"https:\/\/www.locansol.fr\/\",\"name\":\"Locansol, louer un h\u00e9bergement dans les Pyr\u00e9n\u00e9es-Orientales\",\"description\":\"Location Mobil-home Mer M\u00e9diterran\u00e9e &amp; Chalet de Montagne dans les Pyr\u00e9n\u00e9es Orientales (Occitanie, 66). Weekend, s\u00e9jour &amp; vacances en famille et entre amis.\",\"publisher\":{\"@id\":\"https:\/\/www.locansol.fr\/#organization\"},\"alternateName\":\"Louer un h\u00e9bergement dans les Pyr\u00e9n\u00e9es Orientales, chalet & mobil-home en Occitanie\",\"potentialAction\":[{\"@type\":\"SearchAction\",\"target\":{\"@type\":\"EntryPoint\",\"urlTemplate\":\"https:\/\/www.locansol.fr\/?s={search_term_string}\"},\"query-input\":{\"@type\":\"PropertyValueSpecification\",\"valueRequired\":true,\"valueName\":\"search_term_string\"}}],\"inLanguage\":\"ca\"},{\"@type\":\"Organization\",\"@id\":\"https:\/\/www.locansol.fr\/#organization\",\"name\":\"Location MobilHome & chalet dans les Pyr\u00e9n\u00e9es Orientales\",\"alternateName\":\"Louer un h\u00e9bergement dans les Pyr\u00e9n\u00e9es Orientales en Occitanie\",\"url\":\"https:\/\/www.locansol.fr\/\",\"logo\":{\"@type\":\"ImageObject\",\"inLanguage\":\"ca\",\"@id\":\"https:\/\/www.locansol.fr\/#\/schema\/logo\/image\/\",\"url\":\"https:\/\/www.locansol.fr\/wp-content\/uploads\/2024\/04\/AdobeStock_303324767-scaled.jpeg\",\"contentUrl\":\"https:\/\/www.locansol.fr\/wp-content\/uploads\/2024\/04\/AdobeStock_303324767-scaled.jpeg\",\"width\":2560,\"height\":1707,\"caption\":\"Location MobilHome & chalet dans les Pyr\u00e9n\u00e9es Orientales\"},\"image\":{\"@id\":\"https:\/\/www.locansol.fr\/#\/schema\/logo\/image\/\"}},{\"@type\":\"Person\",\"@id\":\"https:\/\/www.locansol.fr\/#\/schema\/person\/0b08d440f1ac44674c6d498107de351d\",\"name\":\"H\u00e9bergements Locansol\",\"image\":{\"@type\":\"ImageObject\",\"inLanguage\":\"ca\",\"@id\":\"https:\/\/www.locansol.fr\/#\/schema\/person\/image\/\",\"url\":\"https:\/\/secure.gravatar.com\/avatar\/444436b93284204f8116b6e0eb964cd3fcb811519c737232bde6dd5743c37ee5?s=96&d=mm&r=g\",\"contentUrl\":\"https:\/\/secure.gravatar.com\/avatar\/444436b93284204f8116b6e0eb964cd3fcb811519c737232bde6dd5743c37ee5?s=96&d=mm&r=g\",\"caption\":\"H\u00e9bergements Locansol\"},\"sameAs\":[\"https:\/\/www.locansol.fr\/\"],\"url\":\"https:\/\/www.locansol.fr\/ca\/author\/locansol\/\"}]}<\/script>\n<!-- \/ Yoast SEO Premium plugin. -->","yoast_head_json":{"title":"Concert Ghost Rider One Hour Ille-sur-T\u00eat \u2013 9 avril 2026","description":"Concert Ghost Rider One Hour Ille-sur-T\u00eat. D\u00e9couvrez une performance musicale immersive et gratuite le 9 avril 2026 dans les Pyr\u00e9n\u00e9es-Orientales.","robots":{"index":"index","follow":"follow","max-snippet":"max-snippet:-1","max-image-preview":"max-image-preview:large","max-video-preview":"max-video-preview:-1"},"canonical":"https:\/\/www.locansol.fr\/ca\/concert-ghost-rider-ille-sur-tet\/","og_locale":"ca_ES","og_type":"article","og_title":"Plongez dans une exp\u00e9rience sonore unique : Ille-sur-T\u00eat \u2013 Concert immersif","og_description":"Imaginez une plong\u00e9e hypnotique dans l'univers sonore de Bruno\u00ef Zarn. Un concert gratuit et immersif \u00e0 Ille-sur-T\u00eat.","og_url":"https:\/\/www.locansol.fr\/ca\/concert-ghost-rider-ille-sur-tet\/","og_site_name":"Locansol, louer un h\u00e9bergement dans les Pyr\u00e9n\u00e9es Orientales","article_published_time":"2026-03-09T21:12:19+00:00","article_modified_time":"2026-03-09T21:12:24+00:00","og_image":[{"url":"https:\/\/www.locansol.fr\/wp-content\/uploads\/2026\/03\/concert-ghost-rider-ille-sur-tet.webp","type":"","width":"","height":""}],"author":"H\u00e9bergements Locansol","twitter_card":"summary_large_image","twitter_title":"Concert unique \u00e0 Ille-sur-T\u00eat : Ghost Rider \u2013 One Hour","twitter_description":"Ne manquez pas le concert immersif de Bruno\u00ef Zarn \u00e0 Ille-sur-T\u00eat. Une exp\u00e9rience musicale gratuite et inoubliable.","twitter_image":"https:\/\/www.locansol.fr\/wp-content\/uploads\/2026\/03\/concert-ghost-rider-ille-sur-tet.webp","twitter_misc":{"Escrit per":"H\u00e9bergements Locansol","Temps estimat de lectura":"2 minuts"},"schema":{"@context":"https:\/\/schema.org","@graph":[{"@type":"Article","@id":"https:\/\/www.locansol.fr\/concert-ghost-rider-ille-sur-tet\/#article","isPartOf":{"@id":"https:\/\/www.locansol.fr\/concert-ghost-rider-ille-sur-tet\/"},"author":{"name":"H\u00e9bergements Locansol","@id":"https:\/\/www.locansol.fr\/#\/schema\/person\/0b08d440f1ac44674c6d498107de351d"},"headline":"Ille-sur-T\u00eat, 9 avril : Concert \u00ab Ghost Rider \u2013 One Hour \u00bb par Bruno\u00ef Zarn \u00e0 la Fabrica V\u00e9lo","datePublished":"2026-03-09T21:12:19+00:00","dateModified":"2026-03-09T21:12:24+00:00","mainEntityOfPage":{"@id":"https:\/\/www.locansol.fr\/concert-ghost-rider-ille-sur-tet\/"},"wordCount":382,"publisher":{"@id":"https:\/\/www.locansol.fr\/#organization"},"image":{"@id":"https:\/\/www.locansol.fr\/concert-ghost-rider-ille-sur-tet\/#primaryimage"},"thumbnailUrl":"https:\/\/www.locansol.fr\/wp-content\/uploads\/2026\/03\/concert-ghost-rider-ille-sur-tet.webp","keywords":["Musique","Pyr\u00e9n\u00e9es-Orientales"],"articleSection":["Festival"],"inLanguage":"ca"},{"@type":"WebPage","@id":"https:\/\/www.locansol.fr\/concert-ghost-rider-ille-sur-tet\/","url":"https:\/\/www.locansol.fr\/concert-ghost-rider-ille-sur-tet\/","name":"Concert Ghost Rider One Hour Ille-sur-T\u00eat \u2013 9 avril 2026","isPartOf":{"@id":"https:\/\/www.locansol.fr\/#website"},"primaryImageOfPage":{"@id":"https:\/\/www.locansol.fr\/concert-ghost-rider-ille-sur-tet\/#primaryimage"},"image":{"@id":"https:\/\/www.locansol.fr\/concert-ghost-rider-ille-sur-tet\/#primaryimage"},"thumbnailUrl":"https:\/\/www.locansol.fr\/wp-content\/uploads\/2026\/03\/concert-ghost-rider-ille-sur-tet.webp","datePublished":"2026-03-09T21:12:19+00:00","dateModified":"2026-03-09T21:12:24+00:00","description":"Concert Ghost Rider One Hour Ille-sur-T\u00eat. D\u00e9couvrez une performance musicale immersive et gratuite le 9 avril 2026 dans les Pyr\u00e9n\u00e9es-Orientales.","breadcrumb":{"@id":"https:\/\/www.locansol.fr\/concert-ghost-rider-ille-sur-tet\/#breadcrumb"},"inLanguage":"ca","potentialAction":[{"@type":"ReadAction","target":["https:\/\/www.locansol.fr\/concert-ghost-rider-ille-sur-tet\/"]}]},{"@type":"ImageObject","inLanguage":"ca","@id":"https:\/\/www.locansol.fr\/concert-ghost-rider-ille-sur-tet\/#primaryimage","url":"https:\/\/www.locansol.fr\/wp-content\/uploads\/2026\/03\/concert-ghost-rider-ille-sur-tet.webp","contentUrl":"https:\/\/www.locansol.fr\/wp-content\/uploads\/2026\/03\/concert-ghost-rider-ille-sur-tet.webp","width":421,"height":474,"caption":"Concert Ghost Rider One Hour Ille-sur-T\u00eat \u2013 9 avril 2026"},{"@type":"BreadcrumbList","@id":"https:\/\/www.locansol.fr\/concert-ghost-rider-ille-sur-tet\/#breadcrumb","itemListElement":[{"@type":"ListItem","position":1,"name":"Accueil","item":"https:\/\/www.locansol.fr\/"},{"@type":"ListItem","position":2,"name":"Ille-sur-T\u00eat, 9 avril : Concert \u00ab Ghost Rider \u2013 One Hour \u00bb par Bruno\u00ef Zarn \u00e0 la Fabrica V\u00e9lo"}]},{"@type":"WebSite","@id":"https:\/\/www.locansol.fr\/#website","url":"https:\/\/www.locansol.fr\/","name":"Locansol, louer un h\u00e9bergement dans les Pyr\u00e9n\u00e9es-Orientales","description":"Location Mobil-home Mer M\u00e9diterran\u00e9e &amp; Chalet de Montagne dans les Pyr\u00e9n\u00e9es Orientales (Occitanie, 66). Weekend, s\u00e9jour &amp; vacances en famille et entre amis.","publisher":{"@id":"https:\/\/www.locansol.fr\/#organization"},"alternateName":"Louer un h\u00e9bergement dans les Pyr\u00e9n\u00e9es Orientales, chalet & mobil-home en Occitanie","potentialAction":[{"@type":"SearchAction","target":{"@type":"EntryPoint","urlTemplate":"https:\/\/www.locansol.fr\/?s={search_term_string}"},"query-input":{"@type":"PropertyValueSpecification","valueRequired":true,"valueName":"search_term_string"}}],"inLanguage":"ca"},{"@type":"Organization","@id":"https:\/\/www.locansol.fr\/#organization","name":"Location MobilHome & chalet dans les Pyr\u00e9n\u00e9es Orientales","alternateName":"Louer un h\u00e9bergement dans les Pyr\u00e9n\u00e9es Orientales en Occitanie","url":"https:\/\/www.locansol.fr\/","logo":{"@type":"ImageObject","inLanguage":"ca","@id":"https:\/\/www.locansol.fr\/#\/schema\/logo\/image\/","url":"https:\/\/www.locansol.fr\/wp-content\/uploads\/2024\/04\/AdobeStock_303324767-scaled.jpeg","contentUrl":"https:\/\/www.locansol.fr\/wp-content\/uploads\/2024\/04\/AdobeStock_303324767-scaled.jpeg","width":2560,"height":1707,"caption":"Location MobilHome & chalet dans les Pyr\u00e9n\u00e9es Orientales"},"image":{"@id":"https:\/\/www.locansol.fr\/#\/schema\/logo\/image\/"}},{"@type":"Person","@id":"https:\/\/www.locansol.fr\/#\/schema\/person\/0b08d440f1ac44674c6d498107de351d","name":"H\u00e9bergements Locansol","image":{"@type":"ImageObject","inLanguage":"ca","@id":"https:\/\/www.locansol.fr\/#\/schema\/person\/image\/","url":"https:\/\/secure.gravatar.com\/avatar\/444436b93284204f8116b6e0eb964cd3fcb811519c737232bde6dd5743c37ee5?s=96&d=mm&r=g","contentUrl":"https:\/\/secure.gravatar.com\/avatar\/444436b93284204f8116b6e0eb964cd3fcb811519c737232bde6dd5743c37ee5?s=96&d=mm&r=g","caption":"H\u00e9bergements Locansol"},"sameAs":["https:\/\/www.locansol.fr\/"],"url":"https:\/\/www.locansol.fr\/ca\/author\/locansol\/"}]}},"_links":{"self":[{"href":"https:\/\/www.locansol.fr\/ca\/wp-json\/wp\/v2\/posts\/4695","targetHints":{"allow":["GET"]}}],"collection":[{"href":"https:\/\/www.locansol.fr\/ca\/wp-json\/wp\/v2\/posts"}],"about":[{"href":"https:\/\/www.locansol.fr\/ca\/wp-json\/wp\/v2\/types\/post"}],"author":[{"embeddable":true,"href":"https:\/\/www.locansol.fr\/ca\/wp-json\/wp\/v2\/users\/5"}],"replies":[{"embeddable":true,"href":"https:\/\/www.locansol.fr\/ca\/wp-json\/wp\/v2\/comments?post=4695"}],"version-history":[{"count":1,"href":"https:\/\/www.locansol.fr\/ca\/wp-json\/wp\/v2\/posts\/4695\/revisions"}],"predecessor-version":[{"id":4696,"href":"https:\/\/www.locansol.fr\/ca\/wp-json\/wp\/v2\/posts\/4695\/revisions\/4696"}],"wp:featuredmedia":[{"embeddable":true,"href":"https:\/\/www.locansol.fr\/ca\/wp-json\/wp\/v2\/media\/4694"}],"wp:attachment":[{"href":"https:\/\/www.locansol.fr\/ca\/wp-json\/wp\/v2\/media?parent=4695"}],"wp:term":[{"taxonomy":"category","embeddable":true,"href":"https:\/\/www.locansol.fr\/ca\/wp-json\/wp\/v2\/categories?post=4695"},{"taxonomy":"post_tag","embeddable":true,"href":"https:\/\/www.locansol.fr\/ca\/wp-json\/wp\/v2\/tags?post=4695"}],"curies":[{"name":"wp","href":"https:\/\/api.w.org\/{rel}","templated":true}]}}