{"id":5028,"date":"2026-03-21T08:14:40","date_gmt":"2026-03-21T07:14:40","guid":{"rendered":"https:\/\/www.locansol.fr\/gala-coeur-boulou-danse\/"},"modified":"2026-03-21T08:14:45","modified_gmt":"2026-03-21T07:14:45","slug":"gala-coeur-boulou-danse","status":"publish","type":"post","link":"https:\/\/www.locansol.fr\/ca\/gala-coeur-boulou-danse\/","title":{"rendered":"Gala du C\u0153ur au Boulou : Une soir\u00e9e solidaire m\u00ealant danse et g\u00e9n\u00e9rosit\u00e9"},"content":{"rendered":"<p>Le samedi 21 mars 2026, le Complexe des \u00c9chards, situ\u00e9 au Cami del Moli Nou au Boulou, vibra au rythme du \u00ab Gala du C\u0153ur \u00bb. Cet \u00e9v\u00e9nement unique m\u00ealant spectacle et esprit solidaire invite tous les habitants des Pyr\u00e9n\u00e9es-Orientales et des alentours \u00e0 se retrouver pour une tr\u00e8s belle cause : soutenir les Restaurants du C\u0153ur tout en passant un moment riche en \u00e9motions. Les portes s\u2019ouvriront d\u00e8s 19h30 pour un d\u00e9marrage pr\u00e9vu \u00e0 20h.<\/p>\n<p>Organis\u00e9 par l\u2019association Univers Danse, en partenariat avec les Restaurants du C\u0153ur, le Gala du C\u0153ur s\u2019inscrit dans une d\u00e9marche humanitaire et festive. Avec un tarif d\u2019entr\u00e9e fix\u00e9 \u00e0 5 euros accompagn\u00e9 d\u2019un don, les fonds r\u00e9colt\u00e9s permettront de soutenir des actions locales en faveur des plus d\u00e9munis. Les enfants de moins de 3 ans b\u00e9n\u00e9ficieront de la gratuit\u00e9, faisant de cet \u00e9v\u00e9nement une sortie familiale par excellence.<\/p>\n<p>Le programme promet d\u2019\u00e9tonner et d\u2019enchanter. Au menu : des performances de danse vari\u00e9es allant du hip-hop moderne au jazz \u00e9l\u00e9gant en passant par la gymnastique rythmique. Pour honorer le territoire, les spectateurs auront \u00e9galement le privil\u00e8ge d&rsquo;assister \u00e0 des d\u00e9monstrations de sardanes, ces danses embl\u00e9matiques de la Catalogne. Ce cocktail artistique sera anim\u00e9 par des artistes locaux passionn\u00e9s et les talents de l\u2019association Univers Danse, qui mettront toute leur \u00e9nergie pour offrir un spectacle inoubliable.<\/p>\n<p>Le Complexe des \u00c9chards, lieu choisi pour l\u2019\u00e9v\u00e9nement, est parfaitement adapt\u00e9 pour accueillir le public dans un cadre moderne et confortable. Avec toutes les commodit\u00e9s n\u00e9cessaires, il garantit \u00e0 chacun de vivre une belle soir\u00e9e en toute s\u00e9r\u00e9nit\u00e9, que vous veniez en famille ou entre amis.<\/p>\n<p>Participer au Gala du C\u0153ur, c\u2019est choisir de vivre une exp\u00e9rience unique o\u00f9 solidarit\u00e9 et plaisir se conjuguent. Chaque billet vendu et chaque don contribueront directement \u00e0 financer des repas et des activit\u00e9s pour les personnes en difficult\u00e9, un geste essentiel dans une p\u00e9riode o\u00f9 l\u2019entraide est plus pr\u00e9cieuse que jamais.<\/p>\n<p>Pour r\u00e9server vos places, rendez-vous sur le site de l\u2019association Univers Danse. Pour toute information compl\u00e9mentaire ou pour une r\u00e9servation, n\u2019h\u00e9sitez pas \u00e0 contacter directement l\u2019organisation au 06 12 50 22 46.<\/p>\n<p>Alors, le samedi 21 mars 2026, laissez-vous emporter par un tourbillon de musique, de danse et d\u2019humanit\u00e9 au Gala du C\u0153ur au Boulou. Et par la m\u00eame occasion, contribuez \u00e0 une cause qui fera la diff\u00e9rence pour de nombreuses personnes. On vous attend nombreux !<\/p>\n<h3>Informaci\u00f3 pr\u00e0ctica<\/h3>\n<p>\ud83d\udcc5 QUAND ? Samedi 21 mars \u00e0 19:30<br \/>\ud83d\udccd O\u00d9 ? Complexe des \u00c9chards, Cami del Moli Nou, Le Boulou<br \/>\ud83d\udcb6 COMBIEN ? 5,00 \u20ac + un don<\/p>","protected":false},"excerpt":{"rendered":"<p>Participez au Gala du C\u0153ur au Boulou le 21 mars 2026 pour une soir\u00e9e unique de danse et solidarit\u00e9 au b\u00e9n\u00e9fice des Restaurants du C\u0153ur.<\/p>","protected":false},"author":5,"featured_media":5027,"comment_status":"closed","ping_status":"open","sticky":false,"template":"","format":"standard","meta":{"_yoast_wpseo_focuskw":"Gala C\u0153ur Boulou danse","_yoast_wpseo_title":"Gala du C\u0153ur Le Boulou : Soir\u00e9e solidaire et danse","_yoast_wpseo_metadesc":"Gala du C\u0153ur Le Boulou : Une soir\u00e9e solidaire pour soutenir les Restaurants du C\u0153ur. Spectacle de danse et sardanes dans les Pyr\u00e9n\u00e9es-Orientales. Entr\u00e9e \u00e0 5 euros + don.","_yoast_wpseo_canonical":"","_yoast_wpseo_opengraph-title":"Vivez une soir\u00e9e magique : Gala du C\u0153ur au Boulou \u2014 Danse et solidarit\u00e9","_yoast_wpseo_opengraph-description":"Plongez dans une nuit de danse et de g\u00e9n\u00e9rosit\u00e9 au Gala du C\u0153ur au Boulou. Soutenez les Restaurants du C\u0153ur tout en profitant d'un spectacle inoubliable.","_yoast_wpseo_opengraph-image":"https:\/\/www.locansol.fr\/wp-content\/uploads\/2026\/03\/gala-coeur-boulou-danse.webp","_yoast_wpseo_opengraph-image-id":"","_yoast_wpseo_twitter-title":"Gala du C\u0153ur au Boulou : Danse et solidarit\u00e9 !","_yoast_wpseo_twitter-description":"Rejoignez-nous pour une soir\u00e9e de danse et de g\u00e9n\u00e9rosit\u00e9 au Gala du C\u0153ur au Boulou. Soutenez les Restaurants du C\u0153ur et profitez d'un spectacle unique !","_yoast_wpseo_twitter-image":"https:\/\/www.locansol.fr\/wp-content\/uploads\/2026\/03\/gala-coeur-boulou-danse.webp","_yoast_wpseo_twitter-image-id":"","yoast_primary_category":"Spectacle","footnotes":""},"categories":[61],"tags":[76,73],"class_list":["post-5028","post","type-post","status-publish","format-standard","has-post-thumbnail","hentry","category-spectacle","tag-pyrenees-orientales","tag-sports"],"yoast_head":"<!-- This site is optimized with the Yoast SEO Premium plugin v23.3 (Yoast SEO v26.9) - https:\/\/yoast.com\/product\/yoast-seo-premium-wordpress\/ -->\n<title>Gala du C\u0153ur Le Boulou : Soir\u00e9e solidaire et danse<\/title>\n<meta name=\"description\" content=\"Gala du C\u0153ur Le Boulou : Une soir\u00e9e solidaire pour soutenir les Restaurants du C\u0153ur. Spectacle de danse et sardanes dans les Pyr\u00e9n\u00e9es-Orientales. Entr\u00e9e \u00e0 5 euros + don.\" \/>\n<meta name=\"robots\" content=\"index, follow, max-snippet:-1, max-image-preview:large, max-video-preview:-1\" \/>\n<link rel=\"canonical\" href=\"https:\/\/www.locansol.fr\/ca\/gala-coeur-boulou-danse\/\" \/>\n<meta property=\"og:locale\" content=\"ca_ES\" \/>\n<meta property=\"og:type\" content=\"article\" \/>\n<meta property=\"og:title\" content=\"Vivez une soir\u00e9e magique : Gala du C\u0153ur au Boulou \u2014 Danse et solidarit\u00e9\" \/>\n<meta property=\"og:description\" content=\"Plongez dans une nuit de danse et de g\u00e9n\u00e9rosit\u00e9 au Gala du C\u0153ur au Boulou. Soutenez les Restaurants du C\u0153ur tout en profitant d&#039;un spectacle inoubliable.\" \/>\n<meta property=\"og:url\" content=\"https:\/\/www.locansol.fr\/ca\/gala-coeur-boulou-danse\/\" \/>\n<meta property=\"og:site_name\" content=\"Locansol, louer un h\u00e9bergement dans les Pyr\u00e9n\u00e9es Orientales\" \/>\n<meta property=\"article:published_time\" content=\"2026-03-21T07:14:40+00:00\" \/>\n<meta property=\"article:modified_time\" content=\"2026-03-21T07:14:45+00:00\" \/>\n<meta property=\"og:image\" content=\"https:\/\/www.locansol.fr\/wp-content\/uploads\/2026\/03\/gala-coeur-boulou-danse.webp\" \/>\n<meta name=\"author\" content=\"H\u00e9bergements Locansol\" \/>\n<meta name=\"twitter:card\" content=\"summary_large_image\" \/>\n<meta name=\"twitter:title\" content=\"Gala du C\u0153ur au Boulou : Danse et solidarit\u00e9 !\" \/>\n<meta name=\"twitter:description\" content=\"Rejoignez-nous pour une soir\u00e9e de danse et de g\u00e9n\u00e9rosit\u00e9 au Gala du C\u0153ur au Boulou. Soutenez les Restaurants du C\u0153ur et profitez d&#039;un spectacle unique !\" \/>\n<meta name=\"twitter:image\" content=\"https:\/\/www.locansol.fr\/wp-content\/uploads\/2026\/03\/gala-coeur-boulou-danse.webp\" \/>\n<meta name=\"twitter:label1\" content=\"Escrit per\" \/>\n\t<meta name=\"twitter:data1\" content=\"H\u00e9bergements Locansol\" \/>\n\t<meta name=\"twitter:label2\" content=\"Temps estimat de lectura\" \/>\n\t<meta name=\"twitter:data2\" content=\"2 minuts\" \/>\n<script type=\"application\/ld+json\" class=\"yoast-schema-graph\">{\"@context\":\"https:\/\/schema.org\",\"@graph\":[{\"@type\":\"Article\",\"@id\":\"https:\/\/www.locansol.fr\/gala-coeur-boulou-danse\/#article\",\"isPartOf\":{\"@id\":\"https:\/\/www.locansol.fr\/gala-coeur-boulou-danse\/\"},\"author\":{\"name\":\"H\u00e9bergements Locansol\",\"@id\":\"https:\/\/www.locansol.fr\/#\/schema\/person\/0b08d440f1ac44674c6d498107de351d\"},\"headline\":\"Gala du C\u0153ur au Boulou : Une soir\u00e9e solidaire m\u00ealant danse et g\u00e9n\u00e9rosit\u00e9\",\"datePublished\":\"2026-03-21T07:14:40+00:00\",\"dateModified\":\"2026-03-21T07:14:45+00:00\",\"mainEntityOfPage\":{\"@id\":\"https:\/\/www.locansol.fr\/gala-coeur-boulou-danse\/\"},\"wordCount\":465,\"publisher\":{\"@id\":\"https:\/\/www.locansol.fr\/#organization\"},\"image\":{\"@id\":\"https:\/\/www.locansol.fr\/gala-coeur-boulou-danse\/#primaryimage\"},\"thumbnailUrl\":\"https:\/\/www.locansol.fr\/wp-content\/uploads\/2026\/03\/gala-coeur-boulou-danse.webp\",\"keywords\":[\"Pyr\u00e9n\u00e9es-Orientales\",\"Sports\"],\"articleSection\":[\"Spectacle\"],\"inLanguage\":\"ca\"},{\"@type\":\"WebPage\",\"@id\":\"https:\/\/www.locansol.fr\/gala-coeur-boulou-danse\/\",\"url\":\"https:\/\/www.locansol.fr\/gala-coeur-boulou-danse\/\",\"name\":\"Gala du C\u0153ur Le Boulou : Soir\u00e9e solidaire et danse\",\"isPartOf\":{\"@id\":\"https:\/\/www.locansol.fr\/#website\"},\"primaryImageOfPage\":{\"@id\":\"https:\/\/www.locansol.fr\/gala-coeur-boulou-danse\/#primaryimage\"},\"image\":{\"@id\":\"https:\/\/www.locansol.fr\/gala-coeur-boulou-danse\/#primaryimage\"},\"thumbnailUrl\":\"https:\/\/www.locansol.fr\/wp-content\/uploads\/2026\/03\/gala-coeur-boulou-danse.webp\",\"datePublished\":\"2026-03-21T07:14:40+00:00\",\"dateModified\":\"2026-03-21T07:14:45+00:00\",\"description\":\"Gala du C\u0153ur Le Boulou : Une soir\u00e9e solidaire pour soutenir les Restaurants du C\u0153ur. Spectacle de danse et sardanes dans les Pyr\u00e9n\u00e9es-Orientales. Entr\u00e9e \u00e0 5 euros + don.\",\"breadcrumb\":{\"@id\":\"https:\/\/www.locansol.fr\/gala-coeur-boulou-danse\/#breadcrumb\"},\"inLanguage\":\"ca\",\"potentialAction\":[{\"@type\":\"ReadAction\",\"target\":[\"https:\/\/www.locansol.fr\/gala-coeur-boulou-danse\/\"]}]},{\"@type\":\"ImageObject\",\"inLanguage\":\"ca\",\"@id\":\"https:\/\/www.locansol.fr\/gala-coeur-boulou-danse\/#primaryimage\",\"url\":\"https:\/\/www.locansol.fr\/wp-content\/uploads\/2026\/03\/gala-coeur-boulou-danse.webp\",\"contentUrl\":\"https:\/\/www.locansol.fr\/wp-content\/uploads\/2026\/03\/gala-coeur-boulou-danse.webp\",\"width\":1357,\"height\":1920,\"caption\":\"Gala du C\u0153ur Le Boulou : Soir\u00e9e solidaire et danse\"},{\"@type\":\"BreadcrumbList\",\"@id\":\"https:\/\/www.locansol.fr\/gala-coeur-boulou-danse\/#breadcrumb\",\"itemListElement\":[{\"@type\":\"ListItem\",\"position\":1,\"name\":\"Accueil\",\"item\":\"https:\/\/www.locansol.fr\/\"},{\"@type\":\"ListItem\",\"position\":2,\"name\":\"Gala du C\u0153ur au Boulou : Une soir\u00e9e solidaire m\u00ealant danse et g\u00e9n\u00e9rosit\u00e9\"}]},{\"@type\":\"WebSite\",\"@id\":\"https:\/\/www.locansol.fr\/#website\",\"url\":\"https:\/\/www.locansol.fr\/\",\"name\":\"Locansol, louer un h\u00e9bergement dans les Pyr\u00e9n\u00e9es-Orientales\",\"description\":\"Location Mobil-home Mer M\u00e9diterran\u00e9e &amp; Chalet de Montagne dans les Pyr\u00e9n\u00e9es Orientales (Occitanie, 66). Weekend, s\u00e9jour &amp; vacances en famille et entre amis.\",\"publisher\":{\"@id\":\"https:\/\/www.locansol.fr\/#organization\"},\"alternateName\":\"Louer un h\u00e9bergement dans les Pyr\u00e9n\u00e9es Orientales, chalet & mobil-home en Occitanie\",\"potentialAction\":[{\"@type\":\"SearchAction\",\"target\":{\"@type\":\"EntryPoint\",\"urlTemplate\":\"https:\/\/www.locansol.fr\/?s={search_term_string}\"},\"query-input\":{\"@type\":\"PropertyValueSpecification\",\"valueRequired\":true,\"valueName\":\"search_term_string\"}}],\"inLanguage\":\"ca\"},{\"@type\":\"Organization\",\"@id\":\"https:\/\/www.locansol.fr\/#organization\",\"name\":\"Location MobilHome & chalet dans les Pyr\u00e9n\u00e9es Orientales\",\"alternateName\":\"Louer un h\u00e9bergement dans les Pyr\u00e9n\u00e9es Orientales en Occitanie\",\"url\":\"https:\/\/www.locansol.fr\/\",\"logo\":{\"@type\":\"ImageObject\",\"inLanguage\":\"ca\",\"@id\":\"https:\/\/www.locansol.fr\/#\/schema\/logo\/image\/\",\"url\":\"https:\/\/www.locansol.fr\/wp-content\/uploads\/2024\/04\/AdobeStock_303324767-scaled.jpeg\",\"contentUrl\":\"https:\/\/www.locansol.fr\/wp-content\/uploads\/2024\/04\/AdobeStock_303324767-scaled.jpeg\",\"width\":2560,\"height\":1707,\"caption\":\"Location MobilHome & chalet dans les Pyr\u00e9n\u00e9es Orientales\"},\"image\":{\"@id\":\"https:\/\/www.locansol.fr\/#\/schema\/logo\/image\/\"}},{\"@type\":\"Person\",\"@id\":\"https:\/\/www.locansol.fr\/#\/schema\/person\/0b08d440f1ac44674c6d498107de351d\",\"name\":\"H\u00e9bergements Locansol\",\"image\":{\"@type\":\"ImageObject\",\"inLanguage\":\"ca\",\"@id\":\"https:\/\/www.locansol.fr\/#\/schema\/person\/image\/\",\"url\":\"https:\/\/secure.gravatar.com\/avatar\/444436b93284204f8116b6e0eb964cd3fcb811519c737232bde6dd5743c37ee5?s=96&d=mm&r=g\",\"contentUrl\":\"https:\/\/secure.gravatar.com\/avatar\/444436b93284204f8116b6e0eb964cd3fcb811519c737232bde6dd5743c37ee5?s=96&d=mm&r=g\",\"caption\":\"H\u00e9bergements Locansol\"},\"sameAs\":[\"https:\/\/www.locansol.fr\/\"],\"url\":\"https:\/\/www.locansol.fr\/ca\/author\/locansol\/\"}]}<\/script>\n<!-- \/ Yoast SEO Premium plugin. -->","yoast_head_json":{"title":"Gala du C\u0153ur Le Boulou : Soir\u00e9e solidaire et danse","description":"Gala du C\u0153ur Le Boulou : Une soir\u00e9e solidaire pour soutenir les Restaurants du C\u0153ur. Spectacle de danse et sardanes dans les Pyr\u00e9n\u00e9es-Orientales. Entr\u00e9e \u00e0 5 euros + don.","robots":{"index":"index","follow":"follow","max-snippet":"max-snippet:-1","max-image-preview":"max-image-preview:large","max-video-preview":"max-video-preview:-1"},"canonical":"https:\/\/www.locansol.fr\/ca\/gala-coeur-boulou-danse\/","og_locale":"ca_ES","og_type":"article","og_title":"Vivez une soir\u00e9e magique : Gala du C\u0153ur au Boulou \u2014 Danse et solidarit\u00e9","og_description":"Plongez dans une nuit de danse et de g\u00e9n\u00e9rosit\u00e9 au Gala du C\u0153ur au Boulou. Soutenez les Restaurants du C\u0153ur tout en profitant d'un spectacle inoubliable.","og_url":"https:\/\/www.locansol.fr\/ca\/gala-coeur-boulou-danse\/","og_site_name":"Locansol, louer un h\u00e9bergement dans les Pyr\u00e9n\u00e9es Orientales","article_published_time":"2026-03-21T07:14:40+00:00","article_modified_time":"2026-03-21T07:14:45+00:00","og_image":[{"url":"https:\/\/www.locansol.fr\/wp-content\/uploads\/2026\/03\/gala-coeur-boulou-danse.webp","type":"","width":"","height":""}],"author":"H\u00e9bergements Locansol","twitter_card":"summary_large_image","twitter_title":"Gala du C\u0153ur au Boulou : Danse et solidarit\u00e9 !","twitter_description":"Rejoignez-nous pour une soir\u00e9e de danse et de g\u00e9n\u00e9rosit\u00e9 au Gala du C\u0153ur au Boulou. Soutenez les Restaurants du C\u0153ur et profitez d'un spectacle unique !","twitter_image":"https:\/\/www.locansol.fr\/wp-content\/uploads\/2026\/03\/gala-coeur-boulou-danse.webp","twitter_misc":{"Escrit per":"H\u00e9bergements Locansol","Temps estimat de lectura":"2 minuts"},"schema":{"@context":"https:\/\/schema.org","@graph":[{"@type":"Article","@id":"https:\/\/www.locansol.fr\/gala-coeur-boulou-danse\/#article","isPartOf":{"@id":"https:\/\/www.locansol.fr\/gala-coeur-boulou-danse\/"},"author":{"name":"H\u00e9bergements Locansol","@id":"https:\/\/www.locansol.fr\/#\/schema\/person\/0b08d440f1ac44674c6d498107de351d"},"headline":"Gala du C\u0153ur au Boulou : Une soir\u00e9e solidaire m\u00ealant danse et g\u00e9n\u00e9rosit\u00e9","datePublished":"2026-03-21T07:14:40+00:00","dateModified":"2026-03-21T07:14:45+00:00","mainEntityOfPage":{"@id":"https:\/\/www.locansol.fr\/gala-coeur-boulou-danse\/"},"wordCount":465,"publisher":{"@id":"https:\/\/www.locansol.fr\/#organization"},"image":{"@id":"https:\/\/www.locansol.fr\/gala-coeur-boulou-danse\/#primaryimage"},"thumbnailUrl":"https:\/\/www.locansol.fr\/wp-content\/uploads\/2026\/03\/gala-coeur-boulou-danse.webp","keywords":["Pyr\u00e9n\u00e9es-Orientales","Sports"],"articleSection":["Spectacle"],"inLanguage":"ca"},{"@type":"WebPage","@id":"https:\/\/www.locansol.fr\/gala-coeur-boulou-danse\/","url":"https:\/\/www.locansol.fr\/gala-coeur-boulou-danse\/","name":"Gala du C\u0153ur Le Boulou : Soir\u00e9e solidaire et danse","isPartOf":{"@id":"https:\/\/www.locansol.fr\/#website"},"primaryImageOfPage":{"@id":"https:\/\/www.locansol.fr\/gala-coeur-boulou-danse\/#primaryimage"},"image":{"@id":"https:\/\/www.locansol.fr\/gala-coeur-boulou-danse\/#primaryimage"},"thumbnailUrl":"https:\/\/www.locansol.fr\/wp-content\/uploads\/2026\/03\/gala-coeur-boulou-danse.webp","datePublished":"2026-03-21T07:14:40+00:00","dateModified":"2026-03-21T07:14:45+00:00","description":"Gala du C\u0153ur Le Boulou : Une soir\u00e9e solidaire pour soutenir les Restaurants du C\u0153ur. Spectacle de danse et sardanes dans les Pyr\u00e9n\u00e9es-Orientales. Entr\u00e9e \u00e0 5 euros + don.","breadcrumb":{"@id":"https:\/\/www.locansol.fr\/gala-coeur-boulou-danse\/#breadcrumb"},"inLanguage":"ca","potentialAction":[{"@type":"ReadAction","target":["https:\/\/www.locansol.fr\/gala-coeur-boulou-danse\/"]}]},{"@type":"ImageObject","inLanguage":"ca","@id":"https:\/\/www.locansol.fr\/gala-coeur-boulou-danse\/#primaryimage","url":"https:\/\/www.locansol.fr\/wp-content\/uploads\/2026\/03\/gala-coeur-boulou-danse.webp","contentUrl":"https:\/\/www.locansol.fr\/wp-content\/uploads\/2026\/03\/gala-coeur-boulou-danse.webp","width":1357,"height":1920,"caption":"Gala du C\u0153ur Le Boulou : Soir\u00e9e solidaire et danse"},{"@type":"BreadcrumbList","@id":"https:\/\/www.locansol.fr\/gala-coeur-boulou-danse\/#breadcrumb","itemListElement":[{"@type":"ListItem","position":1,"name":"Accueil","item":"https:\/\/www.locansol.fr\/"},{"@type":"ListItem","position":2,"name":"Gala du C\u0153ur au Boulou : Une soir\u00e9e solidaire m\u00ealant danse et g\u00e9n\u00e9rosit\u00e9"}]},{"@type":"WebSite","@id":"https:\/\/www.locansol.fr\/#website","url":"https:\/\/www.locansol.fr\/","name":"Locansol, louer un h\u00e9bergement dans les Pyr\u00e9n\u00e9es-Orientales","description":"Location Mobil-home Mer M\u00e9diterran\u00e9e &amp; Chalet de Montagne dans les Pyr\u00e9n\u00e9es Orientales (Occitanie, 66). Weekend, s\u00e9jour &amp; vacances en famille et entre amis.","publisher":{"@id":"https:\/\/www.locansol.fr\/#organization"},"alternateName":"Louer un h\u00e9bergement dans les Pyr\u00e9n\u00e9es Orientales, chalet & mobil-home en Occitanie","potentialAction":[{"@type":"SearchAction","target":{"@type":"EntryPoint","urlTemplate":"https:\/\/www.locansol.fr\/?s={search_term_string}"},"query-input":{"@type":"PropertyValueSpecification","valueRequired":true,"valueName":"search_term_string"}}],"inLanguage":"ca"},{"@type":"Organization","@id":"https:\/\/www.locansol.fr\/#organization","name":"Location MobilHome & chalet dans les Pyr\u00e9n\u00e9es Orientales","alternateName":"Louer un h\u00e9bergement dans les Pyr\u00e9n\u00e9es Orientales en Occitanie","url":"https:\/\/www.locansol.fr\/","logo":{"@type":"ImageObject","inLanguage":"ca","@id":"https:\/\/www.locansol.fr\/#\/schema\/logo\/image\/","url":"https:\/\/www.locansol.fr\/wp-content\/uploads\/2024\/04\/AdobeStock_303324767-scaled.jpeg","contentUrl":"https:\/\/www.locansol.fr\/wp-content\/uploads\/2024\/04\/AdobeStock_303324767-scaled.jpeg","width":2560,"height":1707,"caption":"Location MobilHome & chalet dans les Pyr\u00e9n\u00e9es Orientales"},"image":{"@id":"https:\/\/www.locansol.fr\/#\/schema\/logo\/image\/"}},{"@type":"Person","@id":"https:\/\/www.locansol.fr\/#\/schema\/person\/0b08d440f1ac44674c6d498107de351d","name":"H\u00e9bergements Locansol","image":{"@type":"ImageObject","inLanguage":"ca","@id":"https:\/\/www.locansol.fr\/#\/schema\/person\/image\/","url":"https:\/\/secure.gravatar.com\/avatar\/444436b93284204f8116b6e0eb964cd3fcb811519c737232bde6dd5743c37ee5?s=96&d=mm&r=g","contentUrl":"https:\/\/secure.gravatar.com\/avatar\/444436b93284204f8116b6e0eb964cd3fcb811519c737232bde6dd5743c37ee5?s=96&d=mm&r=g","caption":"H\u00e9bergements Locansol"},"sameAs":["https:\/\/www.locansol.fr\/"],"url":"https:\/\/www.locansol.fr\/ca\/author\/locansol\/"}]}},"_links":{"self":[{"href":"https:\/\/www.locansol.fr\/ca\/wp-json\/wp\/v2\/posts\/5028","targetHints":{"allow":["GET"]}}],"collection":[{"href":"https:\/\/www.locansol.fr\/ca\/wp-json\/wp\/v2\/posts"}],"about":[{"href":"https:\/\/www.locansol.fr\/ca\/wp-json\/wp\/v2\/types\/post"}],"author":[{"embeddable":true,"href":"https:\/\/www.locansol.fr\/ca\/wp-json\/wp\/v2\/users\/5"}],"replies":[{"embeddable":true,"href":"https:\/\/www.locansol.fr\/ca\/wp-json\/wp\/v2\/comments?post=5028"}],"version-history":[{"count":1,"href":"https:\/\/www.locansol.fr\/ca\/wp-json\/wp\/v2\/posts\/5028\/revisions"}],"predecessor-version":[{"id":5029,"href":"https:\/\/www.locansol.fr\/ca\/wp-json\/wp\/v2\/posts\/5028\/revisions\/5029"}],"wp:featuredmedia":[{"embeddable":true,"href":"https:\/\/www.locansol.fr\/ca\/wp-json\/wp\/v2\/media\/5027"}],"wp:attachment":[{"href":"https:\/\/www.locansol.fr\/ca\/wp-json\/wp\/v2\/media?parent=5028"}],"wp:term":[{"taxonomy":"category","embeddable":true,"href":"https:\/\/www.locansol.fr\/ca\/wp-json\/wp\/v2\/categories?post=5028"},{"taxonomy":"post_tag","embeddable":true,"href":"https:\/\/www.locansol.fr\/ca\/wp-json\/wp\/v2\/tags?post=5028"}],"curies":[{"name":"wp","href":"https:\/\/api.w.org\/{rel}","templated":true}]}}