{"id":5122,"date":"2026-03-22T04:14:16","date_gmt":"2026-03-22T03:14:16","guid":{"rendered":"https:\/\/www.locansol.fr\/fiestaltitude-fontromeu-printemps-montagne\/"},"modified":"2026-03-22T04:14:20","modified_gmt":"2026-03-22T03:14:20","slug":"fiestaltitude-fontromeu-printemps-montagne","status":"publish","type":"post","link":"https:\/\/www.locansol.fr\/ca\/fiestaltitude-fontromeu-printemps-montagne\/","title":{"rendered":"Fiest&rsquo;Altitude \u00e0 Font-Romeu : 21-22 mars \u2013 Shopping, musique et nature au sommet !"},"content":{"rendered":"<p>R\u00e9chauffez vos premiers jours de printemps avec le Fiest&rsquo;Altitude, un \u00e9v\u00e9nement incontournable qui anime la station de Font-Romeu-Odeillo-Via les mardi 21 et mercredi 22 mars. Entre braderie, animations musicales et spectacles en plein air, cet \u00e9v\u00e9nement festif vous promet une escapade inoubliable au c\u0153ur des montagnes catalanes.<\/p>\n<p>Bienvenue \u00e0 Font-Romeu, destination pris\u00e9e du parc naturel r\u00e9gional des Pyr\u00e9n\u00e9es catalanes, qui se transforme en v\u00e9ritable th\u00e9\u00e2tre de festivit\u00e9s \u00e0 ciel ouvert le temps de deux jours riches en \u00e9motion et en d\u00e9couvertes. L&rsquo;avenue Emmanuel Brousse devient le centre n\u00e9vralgique de ce rendez-vous annuel qui s\u00e9duit locaux et visiteurs en qu\u00eate de moments chaleureux.<\/p>\n<p>Le c\u0153ur battant de ce festival, c\u2019est sans aucun doute la grande braderie. Les commer\u00e7ants locaux d\u00e9ploient leurs \u00e9tals et proposent une myriade de bonnes affaires : v\u00eatements, accessoires de sport, d\u00e9corations et souvenirs locaux sont \u00e0 l\u2019honneur. C\u2019est le moment r\u00eav\u00e9 pour d\u00e9nicher des trouvailles ou repartir avec un petit morceau de ces montagnes magiques.<\/p>\n<p>En plus du shopping, l\u2019ambiance est au rendez-vous gr\u00e2ce aux animations mettant \u00e0 l\u2019honneur les talents artistiques de la r\u00e9gion. Des concerts en plein air aux d\u00e9monstrations de danse, en passant par des performances spectaculaires de rue, tout est pens\u00e9 pour que la convivialit\u00e9 soit au centre de votre exp\u00e9rience. L&rsquo;atmosph\u00e8re est id\u00e9ale pour partager des instants pleins de joie en famille ou entre amis. Le programme musical m\u00eale tradition et modernit\u00e9 et ravira les amateurs de spectacles vivants.<\/p>\n<p>Parce qu\u2019il ne s\u2019agit pas seulement d\u2019un \u00e9v\u00e9nement commercial et festif, le Fiest\u2019Altitude offre \u00e9galement un cadre naturel exceptionnel. En marge des festivit\u00e9s, laissez-vous \u00e9merveiller par le d\u00e9cor montagnard de Font-Romeu-Odeillo-Via. Que ce soit en explorant les nombreux sentiers de randonn\u00e9e qui sillonnent la station ou simplement en admirant les panoramas \u00e9poustouflants, chaque visiteur pourra savourer un moment d&rsquo;\u00e9vasion dans une nature pr\u00e9serv\u00e9e.<\/p>\n<p>Que vous soyez de passage ou un habitu\u00e9 de la r\u00e9gion, ne manquez pas ce rendez-vous unique o\u00f9 bonne humeur et authenticit\u00e9 se rencontrent pour c\u00e9l\u00e9brer le printemps. Le Fiest&rsquo;Altitude, c\u2019est la promesse d\u2019un week-end alliant plaisir des sens, d\u00e9couvertes locales et ressourcement en pleine nature. Alors, sortez les agendas et r\u00e9servez votre place \u00e0 Font-Romeu les 21 et 22 mars pour vivre une exp\u00e9rience m\u00e9morable !<\/p>\n<h3>Informaci\u00f3 pr\u00e0ctica<\/h3>\n<p>\ud83d\udcc5 QUAND ? 21-22 mars<br \/>\ud83d\udccd O\u00d9 ? Avenue Emmanuel Brousse, Font-Romeu-Odeillo-Via<br \/>\ud83d\udcb6 COMBIEN ? Entr\u00e9e gratuite<\/p>","protected":false},"excerpt":{"rendered":"<p>Le Fiest&rsquo;Altitude, les 21 et 22 mars \u00e0 Font-Romeu-Odeillo-Via, vous invite \u00e0 vivre un m\u00e9lange festif de braderie, musique et paysages montagnards sublimes.<\/p>","protected":false},"author":5,"featured_media":5121,"comment_status":"closed","ping_status":"open","sticky":false,"template":"","format":"standard","meta":{"_yoast_wpseo_focuskw":"Fiest'Altitude Font-Romeu printemps montagne","_yoast_wpseo_title":"Fiest'Altitude Font-Romeu : shopping et musique en montagne","_yoast_wpseo_metadesc":"Fiest'Altitude Font-Romeu : profitez de la braderie, des concerts et des spectacles en plein air dans les Pyr\u00e9n\u00e9es-Orientales. Une escapade inoubliable en montagne.","_yoast_wpseo_canonical":"","_yoast_wpseo_opengraph-title":"Vivez la magie de Fiest'Altitude : shopping, musique et nature \u00e0 Font-Romeu","_yoast_wpseo_opengraph-description":"Plongez dans l'ambiance festive de Fiest'Altitude \u00e0 Font-Romeu. Entre braderie, concerts et nature pr\u00e9serv\u00e9e, vivez un week-end inoubliable.","_yoast_wpseo_opengraph-image":"https:\/\/www.locansol.fr\/wp-content\/uploads\/2026\/03\/fiestaltitude-fontromeu-printemps-montagne.webp","_yoast_wpseo_opengraph-image-id":"","_yoast_wpseo_twitter-title":"Fiest'Altitude \u00e0 Font-Romeu : shopping, musique et nature !","_yoast_wpseo_twitter-description":"Rejoignez Fiest'Altitude \u00e0 Font-Romeu pour une escapade pleine de shopping, musique et nature. Un week-end inoubliable vous attend !","_yoast_wpseo_twitter-image":"https:\/\/www.locansol.fr\/wp-content\/uploads\/2026\/03\/fiestaltitude-fontromeu-printemps-montagne.webp","_yoast_wpseo_twitter-image-id":"","yoast_primary_category":"Braderie","footnotes":""},"categories":[29],"tags":[69,76],"class_list":["post-5122","post","type-post","status-publish","format-standard","has-post-thumbnail","hentry","category-agenda-pyrenees-orientales","tag-musique","tag-pyrenees-orientales"],"yoast_head":"<!-- This site is optimized with the Yoast SEO Premium plugin v23.3 (Yoast SEO v26.9) - https:\/\/yoast.com\/product\/yoast-seo-premium-wordpress\/ -->\n<title>Fiest&#039;Altitude Font-Romeu : shopping et musique en montagne<\/title>\n<meta name=\"description\" content=\"Fiest&#039;Altitude Font-Romeu : profitez de la braderie, des concerts et des spectacles en plein air dans les Pyr\u00e9n\u00e9es-Orientales. Une escapade inoubliable en montagne.\" \/>\n<meta name=\"robots\" content=\"index, follow, max-snippet:-1, max-image-preview:large, max-video-preview:-1\" \/>\n<link rel=\"canonical\" href=\"https:\/\/www.locansol.fr\/ca\/fiestaltitude-fontromeu-printemps-montagne\/\" \/>\n<meta property=\"og:locale\" content=\"ca_ES\" \/>\n<meta property=\"og:type\" content=\"article\" \/>\n<meta property=\"og:title\" content=\"Vivez la magie de Fiest&#039;Altitude : shopping, musique et nature \u00e0 Font-Romeu\" \/>\n<meta property=\"og:description\" content=\"Plongez dans l&#039;ambiance festive de Fiest&#039;Altitude \u00e0 Font-Romeu. Entre braderie, concerts et nature pr\u00e9serv\u00e9e, vivez un week-end inoubliable.\" \/>\n<meta property=\"og:url\" content=\"https:\/\/www.locansol.fr\/ca\/fiestaltitude-fontromeu-printemps-montagne\/\" \/>\n<meta property=\"og:site_name\" content=\"Locansol, louer un h\u00e9bergement dans les Pyr\u00e9n\u00e9es Orientales\" \/>\n<meta property=\"article:published_time\" content=\"2026-03-22T03:14:16+00:00\" \/>\n<meta property=\"article:modified_time\" content=\"2026-03-22T03:14:20+00:00\" \/>\n<meta property=\"og:image\" content=\"https:\/\/www.locansol.fr\/wp-content\/uploads\/2026\/03\/fiestaltitude-fontromeu-printemps-montagne.webp\" \/>\n<meta name=\"author\" content=\"H\u00e9bergements Locansol\" \/>\n<meta name=\"twitter:card\" content=\"summary_large_image\" \/>\n<meta name=\"twitter:title\" content=\"Fiest&#039;Altitude \u00e0 Font-Romeu : shopping, musique et nature !\" \/>\n<meta name=\"twitter:description\" content=\"Rejoignez Fiest&#039;Altitude \u00e0 Font-Romeu pour une escapade pleine de shopping, musique et nature. Un week-end inoubliable vous attend !\" \/>\n<meta name=\"twitter:image\" content=\"https:\/\/www.locansol.fr\/wp-content\/uploads\/2026\/03\/fiestaltitude-fontromeu-printemps-montagne.webp\" \/>\n<meta name=\"twitter:label1\" content=\"Escrit per\" \/>\n\t<meta name=\"twitter:data1\" content=\"H\u00e9bergements Locansol\" \/>\n\t<meta name=\"twitter:label2\" content=\"Temps estimat de lectura\" \/>\n\t<meta name=\"twitter:data2\" content=\"2 minuts\" \/>\n<script type=\"application\/ld+json\" class=\"yoast-schema-graph\">{\"@context\":\"https:\/\/schema.org\",\"@graph\":[{\"@type\":\"Article\",\"@id\":\"https:\/\/www.locansol.fr\/fiestaltitude-fontromeu-printemps-montagne\/#article\",\"isPartOf\":{\"@id\":\"https:\/\/www.locansol.fr\/fiestaltitude-fontromeu-printemps-montagne\/\"},\"author\":{\"name\":\"H\u00e9bergements Locansol\",\"@id\":\"https:\/\/www.locansol.fr\/#\/schema\/person\/0b08d440f1ac44674c6d498107de351d\"},\"headline\":\"Fiest&rsquo;Altitude \u00e0 Font-Romeu : 21-22 mars \u2013 Shopping, musique et nature au sommet !\",\"datePublished\":\"2026-03-22T03:14:16+00:00\",\"dateModified\":\"2026-03-22T03:14:20+00:00\",\"mainEntityOfPage\":{\"@id\":\"https:\/\/www.locansol.fr\/fiestaltitude-fontromeu-printemps-montagne\/\"},\"wordCount\":439,\"publisher\":{\"@id\":\"https:\/\/www.locansol.fr\/#organization\"},\"image\":{\"@id\":\"https:\/\/www.locansol.fr\/fiestaltitude-fontromeu-printemps-montagne\/#primaryimage\"},\"thumbnailUrl\":\"https:\/\/www.locansol.fr\/wp-content\/uploads\/2026\/03\/fiestaltitude-fontromeu-printemps-montagne.webp\",\"keywords\":[\"Musique\",\"Pyr\u00e9n\u00e9es-Orientales\"],\"articleSection\":[\"Agenda\"],\"inLanguage\":\"ca\"},{\"@type\":\"WebPage\",\"@id\":\"https:\/\/www.locansol.fr\/fiestaltitude-fontromeu-printemps-montagne\/\",\"url\":\"https:\/\/www.locansol.fr\/fiestaltitude-fontromeu-printemps-montagne\/\",\"name\":\"Fiest'Altitude Font-Romeu : shopping et musique en montagne\",\"isPartOf\":{\"@id\":\"https:\/\/www.locansol.fr\/#website\"},\"primaryImageOfPage\":{\"@id\":\"https:\/\/www.locansol.fr\/fiestaltitude-fontromeu-printemps-montagne\/#primaryimage\"},\"image\":{\"@id\":\"https:\/\/www.locansol.fr\/fiestaltitude-fontromeu-printemps-montagne\/#primaryimage\"},\"thumbnailUrl\":\"https:\/\/www.locansol.fr\/wp-content\/uploads\/2026\/03\/fiestaltitude-fontromeu-printemps-montagne.webp\",\"datePublished\":\"2026-03-22T03:14:16+00:00\",\"dateModified\":\"2026-03-22T03:14:20+00:00\",\"description\":\"Fiest'Altitude Font-Romeu : profitez de la braderie, des concerts et des spectacles en plein air dans les Pyr\u00e9n\u00e9es-Orientales. Une escapade inoubliable en montagne.\",\"breadcrumb\":{\"@id\":\"https:\/\/www.locansol.fr\/fiestaltitude-fontromeu-printemps-montagne\/#breadcrumb\"},\"inLanguage\":\"ca\",\"potentialAction\":[{\"@type\":\"ReadAction\",\"target\":[\"https:\/\/www.locansol.fr\/fiestaltitude-fontromeu-printemps-montagne\/\"]}]},{\"@type\":\"ImageObject\",\"inLanguage\":\"ca\",\"@id\":\"https:\/\/www.locansol.fr\/fiestaltitude-fontromeu-printemps-montagne\/#primaryimage\",\"url\":\"https:\/\/www.locansol.fr\/wp-content\/uploads\/2026\/03\/fiestaltitude-fontromeu-printemps-montagne.webp\",\"contentUrl\":\"https:\/\/www.locansol.fr\/wp-content\/uploads\/2026\/03\/fiestaltitude-fontromeu-printemps-montagne.webp\",\"width\":500,\"height\":643,\"caption\":\"Fiest'Altitude Font-Romeu : shopping et musique en montagne\"},{\"@type\":\"BreadcrumbList\",\"@id\":\"https:\/\/www.locansol.fr\/fiestaltitude-fontromeu-printemps-montagne\/#breadcrumb\",\"itemListElement\":[{\"@type\":\"ListItem\",\"position\":1,\"name\":\"Accueil\",\"item\":\"https:\/\/www.locansol.fr\/\"},{\"@type\":\"ListItem\",\"position\":2,\"name\":\"Fiest&rsquo;Altitude \u00e0 Font-Romeu : 21-22 mars \u2013 Shopping, musique et nature au sommet !\"}]},{\"@type\":\"WebSite\",\"@id\":\"https:\/\/www.locansol.fr\/#website\",\"url\":\"https:\/\/www.locansol.fr\/\",\"name\":\"Locansol, louer un h\u00e9bergement dans les Pyr\u00e9n\u00e9es-Orientales\",\"description\":\"Location Mobil-home Mer M\u00e9diterran\u00e9e &amp; Chalet de Montagne dans les Pyr\u00e9n\u00e9es Orientales (Occitanie, 66). Weekend, s\u00e9jour &amp; vacances en famille et entre amis.\",\"publisher\":{\"@id\":\"https:\/\/www.locansol.fr\/#organization\"},\"alternateName\":\"Louer un h\u00e9bergement dans les Pyr\u00e9n\u00e9es Orientales, chalet & mobil-home en Occitanie\",\"potentialAction\":[{\"@type\":\"SearchAction\",\"target\":{\"@type\":\"EntryPoint\",\"urlTemplate\":\"https:\/\/www.locansol.fr\/?s={search_term_string}\"},\"query-input\":{\"@type\":\"PropertyValueSpecification\",\"valueRequired\":true,\"valueName\":\"search_term_string\"}}],\"inLanguage\":\"ca\"},{\"@type\":\"Organization\",\"@id\":\"https:\/\/www.locansol.fr\/#organization\",\"name\":\"Location MobilHome & chalet dans les Pyr\u00e9n\u00e9es Orientales\",\"alternateName\":\"Louer un h\u00e9bergement dans les Pyr\u00e9n\u00e9es Orientales en Occitanie\",\"url\":\"https:\/\/www.locansol.fr\/\",\"logo\":{\"@type\":\"ImageObject\",\"inLanguage\":\"ca\",\"@id\":\"https:\/\/www.locansol.fr\/#\/schema\/logo\/image\/\",\"url\":\"https:\/\/www.locansol.fr\/wp-content\/uploads\/2024\/04\/AdobeStock_303324767-scaled.jpeg\",\"contentUrl\":\"https:\/\/www.locansol.fr\/wp-content\/uploads\/2024\/04\/AdobeStock_303324767-scaled.jpeg\",\"width\":2560,\"height\":1707,\"caption\":\"Location MobilHome & chalet dans les Pyr\u00e9n\u00e9es Orientales\"},\"image\":{\"@id\":\"https:\/\/www.locansol.fr\/#\/schema\/logo\/image\/\"}},{\"@type\":\"Person\",\"@id\":\"https:\/\/www.locansol.fr\/#\/schema\/person\/0b08d440f1ac44674c6d498107de351d\",\"name\":\"H\u00e9bergements Locansol\",\"image\":{\"@type\":\"ImageObject\",\"inLanguage\":\"ca\",\"@id\":\"https:\/\/www.locansol.fr\/#\/schema\/person\/image\/\",\"url\":\"https:\/\/secure.gravatar.com\/avatar\/444436b93284204f8116b6e0eb964cd3fcb811519c737232bde6dd5743c37ee5?s=96&d=mm&r=g\",\"contentUrl\":\"https:\/\/secure.gravatar.com\/avatar\/444436b93284204f8116b6e0eb964cd3fcb811519c737232bde6dd5743c37ee5?s=96&d=mm&r=g\",\"caption\":\"H\u00e9bergements Locansol\"},\"sameAs\":[\"https:\/\/www.locansol.fr\/\"],\"url\":\"https:\/\/www.locansol.fr\/ca\/author\/locansol\/\"}]}<\/script>\n<!-- \/ Yoast SEO Premium plugin. -->","yoast_head_json":{"title":"Fiest'Altitude Font-Romeu : shopping et musique en montagne","description":"Fiest'Altitude Font-Romeu : profitez de la braderie, des concerts et des spectacles en plein air dans les Pyr\u00e9n\u00e9es-Orientales. Une escapade inoubliable en montagne.","robots":{"index":"index","follow":"follow","max-snippet":"max-snippet:-1","max-image-preview":"max-image-preview:large","max-video-preview":"max-video-preview:-1"},"canonical":"https:\/\/www.locansol.fr\/ca\/fiestaltitude-fontromeu-printemps-montagne\/","og_locale":"ca_ES","og_type":"article","og_title":"Vivez la magie de Fiest'Altitude : shopping, musique et nature \u00e0 Font-Romeu","og_description":"Plongez dans l'ambiance festive de Fiest'Altitude \u00e0 Font-Romeu. Entre braderie, concerts et nature pr\u00e9serv\u00e9e, vivez un week-end inoubliable.","og_url":"https:\/\/www.locansol.fr\/ca\/fiestaltitude-fontromeu-printemps-montagne\/","og_site_name":"Locansol, louer un h\u00e9bergement dans les Pyr\u00e9n\u00e9es Orientales","article_published_time":"2026-03-22T03:14:16+00:00","article_modified_time":"2026-03-22T03:14:20+00:00","og_image":[{"url":"https:\/\/www.locansol.fr\/wp-content\/uploads\/2026\/03\/fiestaltitude-fontromeu-printemps-montagne.webp","type":"","width":"","height":""}],"author":"H\u00e9bergements Locansol","twitter_card":"summary_large_image","twitter_title":"Fiest'Altitude \u00e0 Font-Romeu : shopping, musique et nature !","twitter_description":"Rejoignez Fiest'Altitude \u00e0 Font-Romeu pour une escapade pleine de shopping, musique et nature. Un week-end inoubliable vous attend !","twitter_image":"https:\/\/www.locansol.fr\/wp-content\/uploads\/2026\/03\/fiestaltitude-fontromeu-printemps-montagne.webp","twitter_misc":{"Escrit per":"H\u00e9bergements Locansol","Temps estimat de lectura":"2 minuts"},"schema":{"@context":"https:\/\/schema.org","@graph":[{"@type":"Article","@id":"https:\/\/www.locansol.fr\/fiestaltitude-fontromeu-printemps-montagne\/#article","isPartOf":{"@id":"https:\/\/www.locansol.fr\/fiestaltitude-fontromeu-printemps-montagne\/"},"author":{"name":"H\u00e9bergements Locansol","@id":"https:\/\/www.locansol.fr\/#\/schema\/person\/0b08d440f1ac44674c6d498107de351d"},"headline":"Fiest&rsquo;Altitude \u00e0 Font-Romeu : 21-22 mars \u2013 Shopping, musique et nature au sommet !","datePublished":"2026-03-22T03:14:16+00:00","dateModified":"2026-03-22T03:14:20+00:00","mainEntityOfPage":{"@id":"https:\/\/www.locansol.fr\/fiestaltitude-fontromeu-printemps-montagne\/"},"wordCount":439,"publisher":{"@id":"https:\/\/www.locansol.fr\/#organization"},"image":{"@id":"https:\/\/www.locansol.fr\/fiestaltitude-fontromeu-printemps-montagne\/#primaryimage"},"thumbnailUrl":"https:\/\/www.locansol.fr\/wp-content\/uploads\/2026\/03\/fiestaltitude-fontromeu-printemps-montagne.webp","keywords":["Musique","Pyr\u00e9n\u00e9es-Orientales"],"articleSection":["Agenda"],"inLanguage":"ca"},{"@type":"WebPage","@id":"https:\/\/www.locansol.fr\/fiestaltitude-fontromeu-printemps-montagne\/","url":"https:\/\/www.locansol.fr\/fiestaltitude-fontromeu-printemps-montagne\/","name":"Fiest'Altitude Font-Romeu : shopping et musique en montagne","isPartOf":{"@id":"https:\/\/www.locansol.fr\/#website"},"primaryImageOfPage":{"@id":"https:\/\/www.locansol.fr\/fiestaltitude-fontromeu-printemps-montagne\/#primaryimage"},"image":{"@id":"https:\/\/www.locansol.fr\/fiestaltitude-fontromeu-printemps-montagne\/#primaryimage"},"thumbnailUrl":"https:\/\/www.locansol.fr\/wp-content\/uploads\/2026\/03\/fiestaltitude-fontromeu-printemps-montagne.webp","datePublished":"2026-03-22T03:14:16+00:00","dateModified":"2026-03-22T03:14:20+00:00","description":"Fiest'Altitude Font-Romeu : profitez de la braderie, des concerts et des spectacles en plein air dans les Pyr\u00e9n\u00e9es-Orientales. Une escapade inoubliable en montagne.","breadcrumb":{"@id":"https:\/\/www.locansol.fr\/fiestaltitude-fontromeu-printemps-montagne\/#breadcrumb"},"inLanguage":"ca","potentialAction":[{"@type":"ReadAction","target":["https:\/\/www.locansol.fr\/fiestaltitude-fontromeu-printemps-montagne\/"]}]},{"@type":"ImageObject","inLanguage":"ca","@id":"https:\/\/www.locansol.fr\/fiestaltitude-fontromeu-printemps-montagne\/#primaryimage","url":"https:\/\/www.locansol.fr\/wp-content\/uploads\/2026\/03\/fiestaltitude-fontromeu-printemps-montagne.webp","contentUrl":"https:\/\/www.locansol.fr\/wp-content\/uploads\/2026\/03\/fiestaltitude-fontromeu-printemps-montagne.webp","width":500,"height":643,"caption":"Fiest'Altitude Font-Romeu : shopping et musique en montagne"},{"@type":"BreadcrumbList","@id":"https:\/\/www.locansol.fr\/fiestaltitude-fontromeu-printemps-montagne\/#breadcrumb","itemListElement":[{"@type":"ListItem","position":1,"name":"Accueil","item":"https:\/\/www.locansol.fr\/"},{"@type":"ListItem","position":2,"name":"Fiest&rsquo;Altitude \u00e0 Font-Romeu : 21-22 mars \u2013 Shopping, musique et nature au sommet !"}]},{"@type":"WebSite","@id":"https:\/\/www.locansol.fr\/#website","url":"https:\/\/www.locansol.fr\/","name":"Locansol, louer un h\u00e9bergement dans les Pyr\u00e9n\u00e9es-Orientales","description":"Location Mobil-home Mer M\u00e9diterran\u00e9e &amp; Chalet de Montagne dans les Pyr\u00e9n\u00e9es Orientales (Occitanie, 66). Weekend, s\u00e9jour &amp; vacances en famille et entre amis.","publisher":{"@id":"https:\/\/www.locansol.fr\/#organization"},"alternateName":"Louer un h\u00e9bergement dans les Pyr\u00e9n\u00e9es Orientales, chalet & mobil-home en Occitanie","potentialAction":[{"@type":"SearchAction","target":{"@type":"EntryPoint","urlTemplate":"https:\/\/www.locansol.fr\/?s={search_term_string}"},"query-input":{"@type":"PropertyValueSpecification","valueRequired":true,"valueName":"search_term_string"}}],"inLanguage":"ca"},{"@type":"Organization","@id":"https:\/\/www.locansol.fr\/#organization","name":"Location MobilHome & chalet dans les Pyr\u00e9n\u00e9es Orientales","alternateName":"Louer un h\u00e9bergement dans les Pyr\u00e9n\u00e9es Orientales en Occitanie","url":"https:\/\/www.locansol.fr\/","logo":{"@type":"ImageObject","inLanguage":"ca","@id":"https:\/\/www.locansol.fr\/#\/schema\/logo\/image\/","url":"https:\/\/www.locansol.fr\/wp-content\/uploads\/2024\/04\/AdobeStock_303324767-scaled.jpeg","contentUrl":"https:\/\/www.locansol.fr\/wp-content\/uploads\/2024\/04\/AdobeStock_303324767-scaled.jpeg","width":2560,"height":1707,"caption":"Location MobilHome & chalet dans les Pyr\u00e9n\u00e9es Orientales"},"image":{"@id":"https:\/\/www.locansol.fr\/#\/schema\/logo\/image\/"}},{"@type":"Person","@id":"https:\/\/www.locansol.fr\/#\/schema\/person\/0b08d440f1ac44674c6d498107de351d","name":"H\u00e9bergements Locansol","image":{"@type":"ImageObject","inLanguage":"ca","@id":"https:\/\/www.locansol.fr\/#\/schema\/person\/image\/","url":"https:\/\/secure.gravatar.com\/avatar\/444436b93284204f8116b6e0eb964cd3fcb811519c737232bde6dd5743c37ee5?s=96&d=mm&r=g","contentUrl":"https:\/\/secure.gravatar.com\/avatar\/444436b93284204f8116b6e0eb964cd3fcb811519c737232bde6dd5743c37ee5?s=96&d=mm&r=g","caption":"H\u00e9bergements Locansol"},"sameAs":["https:\/\/www.locansol.fr\/"],"url":"https:\/\/www.locansol.fr\/ca\/author\/locansol\/"}]}},"_links":{"self":[{"href":"https:\/\/www.locansol.fr\/ca\/wp-json\/wp\/v2\/posts\/5122","targetHints":{"allow":["GET"]}}],"collection":[{"href":"https:\/\/www.locansol.fr\/ca\/wp-json\/wp\/v2\/posts"}],"about":[{"href":"https:\/\/www.locansol.fr\/ca\/wp-json\/wp\/v2\/types\/post"}],"author":[{"embeddable":true,"href":"https:\/\/www.locansol.fr\/ca\/wp-json\/wp\/v2\/users\/5"}],"replies":[{"embeddable":true,"href":"https:\/\/www.locansol.fr\/ca\/wp-json\/wp\/v2\/comments?post=5122"}],"version-history":[{"count":1,"href":"https:\/\/www.locansol.fr\/ca\/wp-json\/wp\/v2\/posts\/5122\/revisions"}],"predecessor-version":[{"id":5123,"href":"https:\/\/www.locansol.fr\/ca\/wp-json\/wp\/v2\/posts\/5122\/revisions\/5123"}],"wp:featuredmedia":[{"embeddable":true,"href":"https:\/\/www.locansol.fr\/ca\/wp-json\/wp\/v2\/media\/5121"}],"wp:attachment":[{"href":"https:\/\/www.locansol.fr\/ca\/wp-json\/wp\/v2\/media?parent=5122"}],"wp:term":[{"taxonomy":"category","embeddable":true,"href":"https:\/\/www.locansol.fr\/ca\/wp-json\/wp\/v2\/categories?post=5122"},{"taxonomy":"post_tag","embeddable":true,"href":"https:\/\/www.locansol.fr\/ca\/wp-json\/wp\/v2\/tags?post=5122"}],"curies":[{"name":"wp","href":"https:\/\/api.w.org\/{rel}","templated":true}]}}