{"id":5136,"date":"2026-03-23T08:13:19","date_gmt":"2026-03-23T07:13:19","guid":{"rendered":"https:\/\/www.locansol.fr\/marche-nordique-amelie-bains\/"},"modified":"2026-03-23T08:13:24","modified_gmt":"2026-03-23T07:13:24","slug":"marche-nordique-amelie-bains","status":"publish","type":"post","link":"https:\/\/www.locansol.fr\/ca\/marche-nordique-amelie-bains\/","title":{"rendered":"Marche nordique \u00e0 Am\u00e9lie-les-Bains-Palalda : Sport et bien-\u00eatre le 23 mars 2026"},"content":{"rendered":"<p>Amateurs de sport de plein air, marquez votre calendrier ! Le lundi 23 mars 2026 \u00e0 14h00, Am\u00e9lie-les-Bains-Palalda, nich\u00e9e au c\u0153ur des Pyr\u00e9n\u00e9es-Orientales, vous propose une s\u00e9ance de marche nordique encadr\u00e9e. Cette activit\u00e9, parfaite pour allier bien-\u00eatre et effort physique, se d\u00e9roule dans un cadre naturel exceptionnel propice \u00e0 la d\u00e9tente et \u00e0 la d\u00e9couverte.<\/p>\n<p>\u2728 **Un cadre enchanteur pour une activit\u00e9 compl\u00e8te**<br \/>Regroupant les villages des Bains et de Palalda, cette charmante commune se situe au c\u0153ur du Vallespir, dans la vall\u00e9e du Tech. V\u00e9ritable \u00e9crin de nature, Am\u00e9lie-les-Bains-Palalda est entour\u00e9e de montagnes, de sentiers forestiers et de paysages typiques des Pyr\u00e9n\u00e9es-Orientales, offrant des d\u00e9cors \u00e0 couper le souffle. L&rsquo;un des points forts de cette destination est son r\u00e9seau de parcours balis\u00e9s d\u00e9di\u00e9 \u00e0 la marche nordique. Les amateurs confirm\u00e9s autant que les novices y trouveront leur bonheur, notamment sur des circuits comme celui de la Batterie Santa Engracia, avec un d\u00e9nivel\u00e9 de 473 m\u00e8tres pour les plus sportifs.<\/p>\n<p>\u2705 **Une exp\u00e9rience encadr\u00e9e et accessible \u00e0 tous**<br \/>La marche nordique est une discipline compl\u00e8te qui mobilise l\u2019ensemble du corps gr\u00e2ce \u00e0 l\u2019utilisation de b\u00e2tons adapt\u00e9s, fournis pour l\u2019occasion. Que vous d\u00e9butiez ou que vous soyez un habitu\u00e9, cette s\u00e9ance de deux heures s&rsquo;adapte \u00e0 tous les niveaux et vous permet de progresser selon vos capacit\u00e9s. En plus de vous d\u00e9penser, vous plongerez au c\u0153ur de paysages o\u00f9 se m\u00ealent nature pr\u00e9serv\u00e9e et p\u00e9pites patrimoniales. Cet \u00e9quilibre parfait entre effort physique mod\u00e9r\u00e9 et immersion en pleine nature fait de la marche nordique une activit\u00e9 indispensable pour se ressourcer.<\/p>\n<p>\ud83d\udca1 **Infos pratiques**<br \/>Pour participer, rien de plus simple ! Les inscriptions sont ouvertes aupr\u00e8s du service des sports de la mairie d&rsquo;Am\u00e9lie-les-Bains-Palalda ou au num\u00e9ro suivant : 04 68 39 49 56. Le tarif est de 8 \u20ac par personne, et il est recommand\u00e9 de pr\u00e9voir des chaussures de randonn\u00e9e confortables et une bouteille d\u2019eau. La s\u00e9ance d\u00e9butera \u00e0 14h00 pr\u00e9cises, alors n\u2019oubliez pas de venir quelques minutes en avance pour r\u00e9cup\u00e9rer votre mat\u00e9riel et vous pr\u00e9parer sereinement.<\/p>\n<p>\ud83c\udf04 **Une opportunit\u00e9 de bien-\u00eatre et de d\u00e9couverte**<br \/>Participer \u00e0 cet \u00e9v\u00e9nement, c\u2019est s\u2019offrir une bouff\u00e9e d\u2019air pur et vivre une exp\u00e9rience unique dans un cadre naturel verdoyant et apaisant. L\u2019encadrement par des professionnels vous garantit des conseils personnalis\u00e9s pour profiter pleinement de cette discipline tout en limitant les risques de blessure. En couple, entre amis ou seul, la marche nordique est une activit\u00e9 conviviale qui ravira les amoureux de la nature et du sport outdoor.<\/p>\n<p>Ne manquez pas ce rendez-vous unique \u00e0 Am\u00e9lie-les-Bains-Palalda, et venez d\u00e9couvrir comment la marche nordique peut revitaliser corps et esprit. R\u00e9servez vite votre place et pr\u00e9parez-vous \u00e0 respirer \u00e0 pleins poumons l\u2019air pur des Pyr\u00e9n\u00e9es-Orientales !<\/p>\n<h3>Informaci\u00f3 pr\u00e0ctica<\/h3>\n<p>\ud83d\udcc5 QUAND ? Lundi 23 mars 2026 \u00e0 14h<br \/>\ud83d\udccd O\u00d9 ? Am\u00e9lie-les-Bains-Palalda<br \/>\ud83d\udcb6 COMBIEN ? Plein tarif : 8,00 \u20ac<\/p>","protected":false},"excerpt":{"rendered":"<p>D\u00e9couvrez les bienfaits de la marche nordique \u00e0 Am\u00e9lie-les-Bains-Palalda le lundi 23 mars 2026 \u00e0 14h : un rendez-vous sport et nature au c\u0153ur des Pyr\u00e9n\u00e9es-Orientales.<\/p>","protected":false},"author":5,"featured_media":5135,"comment_status":"closed","ping_status":"open","sticky":false,"template":"","format":"standard","meta":{"_yoast_wpseo_focuskw":"Marche nordique bien-\u00eatre sport","_yoast_wpseo_title":"Marche nordique Am\u00e9lie-les-Bains-Palalda - Sport et bien-\u00eatre","_yoast_wpseo_metadesc":"Marche nordique Am\u00e9lie-les-Bains-Palalda : profitez d'une s\u00e9ance encadr\u00e9e dans les Pyr\u00e9n\u00e9es-Orientales. D\u00e9couvrez des paysages exceptionnels et am\u00e9liorez votre bien-\u00eatre gr\u00e2ce \u00e0 cette activit\u00e9 sportive accessible \u00e0 tous.","_yoast_wpseo_canonical":"","_yoast_wpseo_opengraph-title":"D\u00e9tente et sport : Marche nordique \u00e0 Am\u00e9lie-les-Bains-Palalda \u2014 D\u00e9couverte naturelle","_yoast_wpseo_opengraph-description":"Immergez-vous dans les paysages verdoyants des Pyr\u00e9n\u00e9es-Orientales lors d'une s\u00e9ance de marche nordique \u00e0 Am\u00e9lie-les-Bains-Palalda. Une exp\u00e9rience sportive et relaxante encadr\u00e9e par des professionnels.","_yoast_wpseo_opengraph-image":"https:\/\/www.locansol.fr\/wp-content\/uploads\/2026\/03\/marche-nordique-amelie-bains.webp","_yoast_wpseo_opengraph-image-id":"","_yoast_wpseo_twitter-title":"Marche nordique \u00e0 Am\u00e9lie-les-Bains-Palalda : sport et bien-\u00eatre","_yoast_wpseo_twitter-description":"Profitez d'une s\u00e9ance de marche nordique encadr\u00e9e \u00e0 Am\u00e9lie-les-Bains-Palalda. D\u00e9couvrez des paysages exceptionnels et am\u00e9liorez votre bien-\u00eatre dans les Pyr\u00e9n\u00e9es-Orientales.","_yoast_wpseo_twitter-image":"https:\/\/www.locansol.fr\/wp-content\/uploads\/2026\/03\/marche-nordique-amelie-bains.webp","_yoast_wpseo_twitter-image-id":"","yoast_primary_category":"Pratique sportive encadr\u00e9e","footnotes":""},"categories":[53],"tags":[76,73],"class_list":["post-5136","post","type-post","status-publish","format-standard","has-post-thumbnail","hentry","category-pratique-sportive-encadree","tag-pyrenees-orientales","tag-sports"],"yoast_head":"<!-- This site is optimized with the Yoast SEO Premium plugin v23.3 (Yoast SEO v26.9) - https:\/\/yoast.com\/product\/yoast-seo-premium-wordpress\/ -->\n<title>Marche nordique Am\u00e9lie-les-Bains-Palalda - Sport et bien-\u00eatre<\/title>\n<meta name=\"description\" content=\"Marche nordique Am\u00e9lie-les-Bains-Palalda : profitez d&#039;une s\u00e9ance encadr\u00e9e dans les Pyr\u00e9n\u00e9es-Orientales. D\u00e9couvrez des paysages exceptionnels et am\u00e9liorez votre bien-\u00eatre gr\u00e2ce \u00e0 cette activit\u00e9 sportive accessible \u00e0 tous.\" \/>\n<meta name=\"robots\" content=\"index, follow, max-snippet:-1, max-image-preview:large, max-video-preview:-1\" \/>\n<link rel=\"canonical\" href=\"https:\/\/www.locansol.fr\/ca\/marche-nordique-amelie-bains\/\" \/>\n<meta property=\"og:locale\" content=\"ca_ES\" \/>\n<meta property=\"og:type\" content=\"article\" \/>\n<meta property=\"og:title\" content=\"D\u00e9tente et sport : Marche nordique \u00e0 Am\u00e9lie-les-Bains-Palalda \u2014 D\u00e9couverte naturelle\" \/>\n<meta property=\"og:description\" content=\"Immergez-vous dans les paysages verdoyants des Pyr\u00e9n\u00e9es-Orientales lors d&#039;une s\u00e9ance de marche nordique \u00e0 Am\u00e9lie-les-Bains-Palalda. Une exp\u00e9rience sportive et relaxante encadr\u00e9e par des professionnels.\" \/>\n<meta property=\"og:url\" content=\"https:\/\/www.locansol.fr\/ca\/marche-nordique-amelie-bains\/\" \/>\n<meta property=\"og:site_name\" content=\"Locansol, louer un h\u00e9bergement dans les Pyr\u00e9n\u00e9es Orientales\" \/>\n<meta property=\"article:published_time\" content=\"2026-03-23T07:13:19+00:00\" \/>\n<meta property=\"article:modified_time\" content=\"2026-03-23T07:13:24+00:00\" \/>\n<meta property=\"og:image\" content=\"https:\/\/www.locansol.fr\/wp-content\/uploads\/2026\/03\/marche-nordique-amelie-bains.webp\" \/>\n<meta name=\"author\" content=\"H\u00e9bergements Locansol\" \/>\n<meta name=\"twitter:card\" content=\"summary_large_image\" \/>\n<meta name=\"twitter:title\" content=\"Marche nordique \u00e0 Am\u00e9lie-les-Bains-Palalda : sport et bien-\u00eatre\" \/>\n<meta name=\"twitter:description\" content=\"Profitez d&#039;une s\u00e9ance de marche nordique encadr\u00e9e \u00e0 Am\u00e9lie-les-Bains-Palalda. D\u00e9couvrez des paysages exceptionnels et am\u00e9liorez votre bien-\u00eatre dans les Pyr\u00e9n\u00e9es-Orientales.\" \/>\n<meta name=\"twitter:image\" content=\"https:\/\/www.locansol.fr\/wp-content\/uploads\/2026\/03\/marche-nordique-amelie-bains.webp\" \/>\n<meta name=\"twitter:label1\" content=\"Escrit per\" \/>\n\t<meta name=\"twitter:data1\" content=\"H\u00e9bergements Locansol\" \/>\n\t<meta name=\"twitter:label2\" content=\"Temps estimat de lectura\" \/>\n\t<meta name=\"twitter:data2\" content=\"3 minuts\" \/>\n<script type=\"application\/ld+json\" class=\"yoast-schema-graph\">{\"@context\":\"https:\/\/schema.org\",\"@graph\":[{\"@type\":\"Article\",\"@id\":\"https:\/\/www.locansol.fr\/marche-nordique-amelie-bains\/#article\",\"isPartOf\":{\"@id\":\"https:\/\/www.locansol.fr\/marche-nordique-amelie-bains\/\"},\"author\":{\"name\":\"H\u00e9bergements Locansol\",\"@id\":\"https:\/\/www.locansol.fr\/#\/schema\/person\/0b08d440f1ac44674c6d498107de351d\"},\"headline\":\"Marche nordique \u00e0 Am\u00e9lie-les-Bains-Palalda : Sport et bien-\u00eatre le 23 mars 2026\",\"datePublished\":\"2026-03-23T07:13:19+00:00\",\"dateModified\":\"2026-03-23T07:13:24+00:00\",\"mainEntityOfPage\":{\"@id\":\"https:\/\/www.locansol.fr\/marche-nordique-amelie-bains\/\"},\"wordCount\":519,\"publisher\":{\"@id\":\"https:\/\/www.locansol.fr\/#organization\"},\"image\":{\"@id\":\"https:\/\/www.locansol.fr\/marche-nordique-amelie-bains\/#primaryimage\"},\"thumbnailUrl\":\"https:\/\/www.locansol.fr\/wp-content\/uploads\/2026\/03\/marche-nordique-amelie-bains.webp\",\"keywords\":[\"Pyr\u00e9n\u00e9es-Orientales\",\"Sports\"],\"articleSection\":[\"Pratique sportive encadr\u00e9e\"],\"inLanguage\":\"ca\"},{\"@type\":\"WebPage\",\"@id\":\"https:\/\/www.locansol.fr\/marche-nordique-amelie-bains\/\",\"url\":\"https:\/\/www.locansol.fr\/marche-nordique-amelie-bains\/\",\"name\":\"Marche nordique Am\u00e9lie-les-Bains-Palalda - Sport et bien-\u00eatre\",\"isPartOf\":{\"@id\":\"https:\/\/www.locansol.fr\/#website\"},\"primaryImageOfPage\":{\"@id\":\"https:\/\/www.locansol.fr\/marche-nordique-amelie-bains\/#primaryimage\"},\"image\":{\"@id\":\"https:\/\/www.locansol.fr\/marche-nordique-amelie-bains\/#primaryimage\"},\"thumbnailUrl\":\"https:\/\/www.locansol.fr\/wp-content\/uploads\/2026\/03\/marche-nordique-amelie-bains.webp\",\"datePublished\":\"2026-03-23T07:13:19+00:00\",\"dateModified\":\"2026-03-23T07:13:24+00:00\",\"description\":\"Marche nordique Am\u00e9lie-les-Bains-Palalda : profitez d'une s\u00e9ance encadr\u00e9e dans les Pyr\u00e9n\u00e9es-Orientales. D\u00e9couvrez des paysages exceptionnels et am\u00e9liorez votre bien-\u00eatre gr\u00e2ce \u00e0 cette activit\u00e9 sportive accessible \u00e0 tous.\",\"breadcrumb\":{\"@id\":\"https:\/\/www.locansol.fr\/marche-nordique-amelie-bains\/#breadcrumb\"},\"inLanguage\":\"ca\",\"potentialAction\":[{\"@type\":\"ReadAction\",\"target\":[\"https:\/\/www.locansol.fr\/marche-nordique-amelie-bains\/\"]}]},{\"@type\":\"ImageObject\",\"inLanguage\":\"ca\",\"@id\":\"https:\/\/www.locansol.fr\/marche-nordique-amelie-bains\/#primaryimage\",\"url\":\"https:\/\/www.locansol.fr\/wp-content\/uploads\/2026\/03\/marche-nordique-amelie-bains.webp\",\"contentUrl\":\"https:\/\/www.locansol.fr\/wp-content\/uploads\/2026\/03\/marche-nordique-amelie-bains.webp\",\"width\":720,\"height\":480,\"caption\":\"Marche nordique Am\u00e9lie-les-Bains-Palalda - Sport et bien-\u00eatre\"},{\"@type\":\"BreadcrumbList\",\"@id\":\"https:\/\/www.locansol.fr\/marche-nordique-amelie-bains\/#breadcrumb\",\"itemListElement\":[{\"@type\":\"ListItem\",\"position\":1,\"name\":\"Accueil\",\"item\":\"https:\/\/www.locansol.fr\/\"},{\"@type\":\"ListItem\",\"position\":2,\"name\":\"Marche nordique \u00e0 Am\u00e9lie-les-Bains-Palalda : Sport et bien-\u00eatre le 23 mars 2026\"}]},{\"@type\":\"WebSite\",\"@id\":\"https:\/\/www.locansol.fr\/#website\",\"url\":\"https:\/\/www.locansol.fr\/\",\"name\":\"Locansol, louer un h\u00e9bergement dans les Pyr\u00e9n\u00e9es-Orientales\",\"description\":\"Location Mobil-home Mer M\u00e9diterran\u00e9e &amp; Chalet de Montagne dans les Pyr\u00e9n\u00e9es Orientales (Occitanie, 66). Weekend, s\u00e9jour &amp; vacances en famille et entre amis.\",\"publisher\":{\"@id\":\"https:\/\/www.locansol.fr\/#organization\"},\"alternateName\":\"Louer un h\u00e9bergement dans les Pyr\u00e9n\u00e9es Orientales, chalet & mobil-home en Occitanie\",\"potentialAction\":[{\"@type\":\"SearchAction\",\"target\":{\"@type\":\"EntryPoint\",\"urlTemplate\":\"https:\/\/www.locansol.fr\/?s={search_term_string}\"},\"query-input\":{\"@type\":\"PropertyValueSpecification\",\"valueRequired\":true,\"valueName\":\"search_term_string\"}}],\"inLanguage\":\"ca\"},{\"@type\":\"Organization\",\"@id\":\"https:\/\/www.locansol.fr\/#organization\",\"name\":\"Location MobilHome & chalet dans les Pyr\u00e9n\u00e9es Orientales\",\"alternateName\":\"Louer un h\u00e9bergement dans les Pyr\u00e9n\u00e9es Orientales en Occitanie\",\"url\":\"https:\/\/www.locansol.fr\/\",\"logo\":{\"@type\":\"ImageObject\",\"inLanguage\":\"ca\",\"@id\":\"https:\/\/www.locansol.fr\/#\/schema\/logo\/image\/\",\"url\":\"https:\/\/www.locansol.fr\/wp-content\/uploads\/2024\/04\/AdobeStock_303324767-scaled.jpeg\",\"contentUrl\":\"https:\/\/www.locansol.fr\/wp-content\/uploads\/2024\/04\/AdobeStock_303324767-scaled.jpeg\",\"width\":2560,\"height\":1707,\"caption\":\"Location MobilHome & chalet dans les Pyr\u00e9n\u00e9es Orientales\"},\"image\":{\"@id\":\"https:\/\/www.locansol.fr\/#\/schema\/logo\/image\/\"}},{\"@type\":\"Person\",\"@id\":\"https:\/\/www.locansol.fr\/#\/schema\/person\/0b08d440f1ac44674c6d498107de351d\",\"name\":\"H\u00e9bergements Locansol\",\"image\":{\"@type\":\"ImageObject\",\"inLanguage\":\"ca\",\"@id\":\"https:\/\/www.locansol.fr\/#\/schema\/person\/image\/\",\"url\":\"https:\/\/secure.gravatar.com\/avatar\/444436b93284204f8116b6e0eb964cd3fcb811519c737232bde6dd5743c37ee5?s=96&d=mm&r=g\",\"contentUrl\":\"https:\/\/secure.gravatar.com\/avatar\/444436b93284204f8116b6e0eb964cd3fcb811519c737232bde6dd5743c37ee5?s=96&d=mm&r=g\",\"caption\":\"H\u00e9bergements Locansol\"},\"sameAs\":[\"https:\/\/www.locansol.fr\/\"],\"url\":\"https:\/\/www.locansol.fr\/ca\/author\/locansol\/\"}]}<\/script>\n<!-- \/ Yoast SEO Premium plugin. -->","yoast_head_json":{"title":"Marche nordique Am\u00e9lie-les-Bains-Palalda - Sport et bien-\u00eatre","description":"Marche nordique Am\u00e9lie-les-Bains-Palalda : profitez d'une s\u00e9ance encadr\u00e9e dans les Pyr\u00e9n\u00e9es-Orientales. D\u00e9couvrez des paysages exceptionnels et am\u00e9liorez votre bien-\u00eatre gr\u00e2ce \u00e0 cette activit\u00e9 sportive accessible \u00e0 tous.","robots":{"index":"index","follow":"follow","max-snippet":"max-snippet:-1","max-image-preview":"max-image-preview:large","max-video-preview":"max-video-preview:-1"},"canonical":"https:\/\/www.locansol.fr\/ca\/marche-nordique-amelie-bains\/","og_locale":"ca_ES","og_type":"article","og_title":"D\u00e9tente et sport : Marche nordique \u00e0 Am\u00e9lie-les-Bains-Palalda \u2014 D\u00e9couverte naturelle","og_description":"Immergez-vous dans les paysages verdoyants des Pyr\u00e9n\u00e9es-Orientales lors d'une s\u00e9ance de marche nordique \u00e0 Am\u00e9lie-les-Bains-Palalda. Une exp\u00e9rience sportive et relaxante encadr\u00e9e par des professionnels.","og_url":"https:\/\/www.locansol.fr\/ca\/marche-nordique-amelie-bains\/","og_site_name":"Locansol, louer un h\u00e9bergement dans les Pyr\u00e9n\u00e9es Orientales","article_published_time":"2026-03-23T07:13:19+00:00","article_modified_time":"2026-03-23T07:13:24+00:00","og_image":[{"url":"https:\/\/www.locansol.fr\/wp-content\/uploads\/2026\/03\/marche-nordique-amelie-bains.webp","type":"","width":"","height":""}],"author":"H\u00e9bergements Locansol","twitter_card":"summary_large_image","twitter_title":"Marche nordique \u00e0 Am\u00e9lie-les-Bains-Palalda : sport et bien-\u00eatre","twitter_description":"Profitez d'une s\u00e9ance de marche nordique encadr\u00e9e \u00e0 Am\u00e9lie-les-Bains-Palalda. D\u00e9couvrez des paysages exceptionnels et am\u00e9liorez votre bien-\u00eatre dans les Pyr\u00e9n\u00e9es-Orientales.","twitter_image":"https:\/\/www.locansol.fr\/wp-content\/uploads\/2026\/03\/marche-nordique-amelie-bains.webp","twitter_misc":{"Escrit per":"H\u00e9bergements Locansol","Temps estimat de lectura":"3 minuts"},"schema":{"@context":"https:\/\/schema.org","@graph":[{"@type":"Article","@id":"https:\/\/www.locansol.fr\/marche-nordique-amelie-bains\/#article","isPartOf":{"@id":"https:\/\/www.locansol.fr\/marche-nordique-amelie-bains\/"},"author":{"name":"H\u00e9bergements Locansol","@id":"https:\/\/www.locansol.fr\/#\/schema\/person\/0b08d440f1ac44674c6d498107de351d"},"headline":"Marche nordique \u00e0 Am\u00e9lie-les-Bains-Palalda : Sport et bien-\u00eatre le 23 mars 2026","datePublished":"2026-03-23T07:13:19+00:00","dateModified":"2026-03-23T07:13:24+00:00","mainEntityOfPage":{"@id":"https:\/\/www.locansol.fr\/marche-nordique-amelie-bains\/"},"wordCount":519,"publisher":{"@id":"https:\/\/www.locansol.fr\/#organization"},"image":{"@id":"https:\/\/www.locansol.fr\/marche-nordique-amelie-bains\/#primaryimage"},"thumbnailUrl":"https:\/\/www.locansol.fr\/wp-content\/uploads\/2026\/03\/marche-nordique-amelie-bains.webp","keywords":["Pyr\u00e9n\u00e9es-Orientales","Sports"],"articleSection":["Pratique sportive encadr\u00e9e"],"inLanguage":"ca"},{"@type":"WebPage","@id":"https:\/\/www.locansol.fr\/marche-nordique-amelie-bains\/","url":"https:\/\/www.locansol.fr\/marche-nordique-amelie-bains\/","name":"Marche nordique Am\u00e9lie-les-Bains-Palalda - Sport et bien-\u00eatre","isPartOf":{"@id":"https:\/\/www.locansol.fr\/#website"},"primaryImageOfPage":{"@id":"https:\/\/www.locansol.fr\/marche-nordique-amelie-bains\/#primaryimage"},"image":{"@id":"https:\/\/www.locansol.fr\/marche-nordique-amelie-bains\/#primaryimage"},"thumbnailUrl":"https:\/\/www.locansol.fr\/wp-content\/uploads\/2026\/03\/marche-nordique-amelie-bains.webp","datePublished":"2026-03-23T07:13:19+00:00","dateModified":"2026-03-23T07:13:24+00:00","description":"Marche nordique Am\u00e9lie-les-Bains-Palalda : profitez d'une s\u00e9ance encadr\u00e9e dans les Pyr\u00e9n\u00e9es-Orientales. D\u00e9couvrez des paysages exceptionnels et am\u00e9liorez votre bien-\u00eatre gr\u00e2ce \u00e0 cette activit\u00e9 sportive accessible \u00e0 tous.","breadcrumb":{"@id":"https:\/\/www.locansol.fr\/marche-nordique-amelie-bains\/#breadcrumb"},"inLanguage":"ca","potentialAction":[{"@type":"ReadAction","target":["https:\/\/www.locansol.fr\/marche-nordique-amelie-bains\/"]}]},{"@type":"ImageObject","inLanguage":"ca","@id":"https:\/\/www.locansol.fr\/marche-nordique-amelie-bains\/#primaryimage","url":"https:\/\/www.locansol.fr\/wp-content\/uploads\/2026\/03\/marche-nordique-amelie-bains.webp","contentUrl":"https:\/\/www.locansol.fr\/wp-content\/uploads\/2026\/03\/marche-nordique-amelie-bains.webp","width":720,"height":480,"caption":"Marche nordique Am\u00e9lie-les-Bains-Palalda - Sport et bien-\u00eatre"},{"@type":"BreadcrumbList","@id":"https:\/\/www.locansol.fr\/marche-nordique-amelie-bains\/#breadcrumb","itemListElement":[{"@type":"ListItem","position":1,"name":"Accueil","item":"https:\/\/www.locansol.fr\/"},{"@type":"ListItem","position":2,"name":"Marche nordique \u00e0 Am\u00e9lie-les-Bains-Palalda : Sport et bien-\u00eatre le 23 mars 2026"}]},{"@type":"WebSite","@id":"https:\/\/www.locansol.fr\/#website","url":"https:\/\/www.locansol.fr\/","name":"Locansol, louer un h\u00e9bergement dans les Pyr\u00e9n\u00e9es-Orientales","description":"Location Mobil-home Mer M\u00e9diterran\u00e9e &amp; Chalet de Montagne dans les Pyr\u00e9n\u00e9es Orientales (Occitanie, 66). Weekend, s\u00e9jour &amp; vacances en famille et entre amis.","publisher":{"@id":"https:\/\/www.locansol.fr\/#organization"},"alternateName":"Louer un h\u00e9bergement dans les Pyr\u00e9n\u00e9es Orientales, chalet & mobil-home en Occitanie","potentialAction":[{"@type":"SearchAction","target":{"@type":"EntryPoint","urlTemplate":"https:\/\/www.locansol.fr\/?s={search_term_string}"},"query-input":{"@type":"PropertyValueSpecification","valueRequired":true,"valueName":"search_term_string"}}],"inLanguage":"ca"},{"@type":"Organization","@id":"https:\/\/www.locansol.fr\/#organization","name":"Location MobilHome & chalet dans les Pyr\u00e9n\u00e9es Orientales","alternateName":"Louer un h\u00e9bergement dans les Pyr\u00e9n\u00e9es Orientales en Occitanie","url":"https:\/\/www.locansol.fr\/","logo":{"@type":"ImageObject","inLanguage":"ca","@id":"https:\/\/www.locansol.fr\/#\/schema\/logo\/image\/","url":"https:\/\/www.locansol.fr\/wp-content\/uploads\/2024\/04\/AdobeStock_303324767-scaled.jpeg","contentUrl":"https:\/\/www.locansol.fr\/wp-content\/uploads\/2024\/04\/AdobeStock_303324767-scaled.jpeg","width":2560,"height":1707,"caption":"Location MobilHome & chalet dans les Pyr\u00e9n\u00e9es Orientales"},"image":{"@id":"https:\/\/www.locansol.fr\/#\/schema\/logo\/image\/"}},{"@type":"Person","@id":"https:\/\/www.locansol.fr\/#\/schema\/person\/0b08d440f1ac44674c6d498107de351d","name":"H\u00e9bergements Locansol","image":{"@type":"ImageObject","inLanguage":"ca","@id":"https:\/\/www.locansol.fr\/#\/schema\/person\/image\/","url":"https:\/\/secure.gravatar.com\/avatar\/444436b93284204f8116b6e0eb964cd3fcb811519c737232bde6dd5743c37ee5?s=96&d=mm&r=g","contentUrl":"https:\/\/secure.gravatar.com\/avatar\/444436b93284204f8116b6e0eb964cd3fcb811519c737232bde6dd5743c37ee5?s=96&d=mm&r=g","caption":"H\u00e9bergements Locansol"},"sameAs":["https:\/\/www.locansol.fr\/"],"url":"https:\/\/www.locansol.fr\/ca\/author\/locansol\/"}]}},"_links":{"self":[{"href":"https:\/\/www.locansol.fr\/ca\/wp-json\/wp\/v2\/posts\/5136","targetHints":{"allow":["GET"]}}],"collection":[{"href":"https:\/\/www.locansol.fr\/ca\/wp-json\/wp\/v2\/posts"}],"about":[{"href":"https:\/\/www.locansol.fr\/ca\/wp-json\/wp\/v2\/types\/post"}],"author":[{"embeddable":true,"href":"https:\/\/www.locansol.fr\/ca\/wp-json\/wp\/v2\/users\/5"}],"replies":[{"embeddable":true,"href":"https:\/\/www.locansol.fr\/ca\/wp-json\/wp\/v2\/comments?post=5136"}],"version-history":[{"count":1,"href":"https:\/\/www.locansol.fr\/ca\/wp-json\/wp\/v2\/posts\/5136\/revisions"}],"predecessor-version":[{"id":5137,"href":"https:\/\/www.locansol.fr\/ca\/wp-json\/wp\/v2\/posts\/5136\/revisions\/5137"}],"wp:featuredmedia":[{"embeddable":true,"href":"https:\/\/www.locansol.fr\/ca\/wp-json\/wp\/v2\/media\/5135"}],"wp:attachment":[{"href":"https:\/\/www.locansol.fr\/ca\/wp-json\/wp\/v2\/media?parent=5136"}],"wp:term":[{"taxonomy":"category","embeddable":true,"href":"https:\/\/www.locansol.fr\/ca\/wp-json\/wp\/v2\/categories?post=5136"},{"taxonomy":"post_tag","embeddable":true,"href":"https:\/\/www.locansol.fr\/ca\/wp-json\/wp\/v2\/tags?post=5136"}],"curies":[{"name":"wp","href":"https:\/\/api.w.org\/{rel}","templated":true}]}}