{"id":5338,"date":"2026-03-30T14:09:17","date_gmt":"2026-03-30T12:09:17","guid":{"rendered":"https:\/\/www.locansol.fr\/randonnee-encadree-amelie-les-bains-palalda\/"},"modified":"2026-03-30T14:09:26","modified_gmt":"2026-03-30T12:09:26","slug":"randonnee-encadree-amelie-les-bains-palalda","status":"publish","type":"post","link":"https:\/\/www.locansol.fr\/ca\/randonnee-encadree-amelie-les-bains-palalda\/","title":{"rendered":"Randonn\u00e9e encadr\u00e9e \u00e0 Am\u00e9lie-les-Bains-Palalda &#8211; 30 mars &#8211; Paysages magnifiques \u00e0 d\u00e9couvrir"},"content":{"rendered":"<p>Une belle aventure en pleine nature vous attend \u00e0 Am\u00e9lie-les-Bains-Palalda le lundi 30 mars \u00e0 14h. Cette commune des Pyr\u00e9n\u00e9es-Orientales, r\u00e9put\u00e9e pour son cadre enchanteur et ses sentiers bien entretenus, accueille une randonn\u00e9e p\u00e9destre ouverte \u00e0 tous les amateurs d&rsquo;activit\u00e9s en plein air.<\/p>\n<p>Ce parcours, encadr\u00e9 par des professionnels, propose un itin\u00e9raire avec un d\u00e9nivel\u00e9 de 300 m\u00e8tres, offrant un d\u00e9fi mod\u00e9r\u00e9 mais accessible \u00e0 diff\u00e9rents niveaux de pratiquants. Le programme promet de sublimes panoramas sur le massif du Canigou et ses alentours, faisant de cette randonn\u00e9e une v\u00e9ritable immersion dans la nature verdoyante de la r\u00e9gion du Sud-Canigou. Que vous soyez un randonneur chevronn\u00e9 ou un d\u00e9butant curieux, ces paysages \u00e0 couper le souffle sauront vous \u00e9merveiller.<\/p>\n<p>Quelques pr\u00e9paratifs sont \u00e0 pr\u00e9voir avant de vous lancer : n\u2019oubliez pas de vous munir de chaussures de randonn\u00e9e adapt\u00e9es ainsi que d\u2019une bouteille d\u2019eau pour vous hydrater tout au long du chemin. La randonn\u00e9e \u00e9tant encadr\u00e9e par des professionnels, vous pourrez profiter pleinement de l\u2019exp\u00e9rience en toute s\u00e9curit\u00e9.<\/p>\n<p>L\u2019inscription, indispensable pour participer, se fait aupr\u00e8s de la mairie via le service des sports ou par t\u00e9l\u00e9phone au 04 68 39 49 56. Avec un tarif de 8 euros par personne, cette activit\u00e9 sportive reste accessible \u00e0 un large public.<\/p>\n<p>Pourquoi participer ? Outre le plaisir de la marche en pleine nature, cette randonn\u00e9e offre une pause revitalisante pour le corps et l\u2019esprit. Vous reviendrez non seulement avec des images splendides ancr\u00e9es dans votre m\u00e9moire, mais aussi avec une bonne dose d\u2019\u00e9nergie et de bien-\u00eatre pour la semaine \u00e0 venir.<\/p>\n<p>Ne manquez pas cette belle occasion de d\u00e9couvrir la r\u00e9gion d\u2019Am\u00e9lie-les-Bains-Palalda sous un nouvel angle. Sortez vos chaussures de randonn\u00e9e et laissez-vous guider pour une exp\u00e9rience inoubliable dans les Pyr\u00e9n\u00e9es-Orientales.<\/p>\n<h3>Informaci\u00f3 pr\u00e0ctica<\/h3>\n<p>\ud83d\udcc5 QUAND ? Lundi 30 mars \u00e0 14h<br \/>\ud83d\udccd O\u00d9 ? Am\u00e9lie-les-Bains-Palalda<br \/>\ud83d\udcb6 COMBIEN ? 8 euros<\/p>","protected":false},"excerpt":{"rendered":"<p>Participez \u00e0 une randonn\u00e9e encadr\u00e9e le 30 mars \u00e0 14h \u00e0 Am\u00e9lie-les-Bains-Palalda. 300 m de d\u00e9nivel\u00e9 et des paysages \u00e0 couper le souffle !<\/p>","protected":false},"author":5,"featured_media":5337,"comment_status":"closed","ping_status":"open","sticky":false,"template":"","format":"standard","meta":{"_yoast_wpseo_focuskw":"Randonn\u00e9e encadr\u00e9e Am\u00e9lie-les-Bains-Palalda","_yoast_wpseo_title":"Randonn\u00e9e encadr\u00e9e \u00e0 Am\u00e9lie-les-Bains-Palalda - Paysages magnifiques","_yoast_wpseo_metadesc":"Randonn\u00e9e encadr\u00e9e \u00e0 Am\u00e9lie-les-Bains-Palalda - D\u00e9couvrez des paysages magnifiques dans les Pyr\u00e9n\u00e9es-Orientales. Une aventure en pleine nature avec des panoramas \u00e0 couper le souffle.","_yoast_wpseo_canonical":"","_yoast_wpseo_opengraph-title":"Aventure en pleine nature : Am\u00e9lie-les-Bains-Palalda \u2014 Panoramas \u00e0 couper le souffle","_yoast_wpseo_opengraph-description":"Immergez-vous dans la nature verdoyante d'Am\u00e9lie-les-Bains-Palalda. D\u00e9couvrez des panoramas \u00e0 couper le souffle lors d'une randonn\u00e9e encadr\u00e9e.","_yoast_wpseo_opengraph-image":"https:\/\/www.locansol.fr\/wp-content\/uploads\/2026\/03\/randonnee-encadree-amelie-les-bains-palalda.webp","_yoast_wpseo_opengraph-image-id":"","_yoast_wpseo_twitter-title":"Randonn\u00e9e encadr\u00e9e \u00e0 Am\u00e9lie-les-Bains-Palalda : une aventure inoubliable","_yoast_wpseo_twitter-description":"D\u00e9couvrez des paysages magnifiques lors d'une randonn\u00e9e encadr\u00e9e \u00e0 Am\u00e9lie-les-Bains-Palalda. Une aventure en pleine nature pour tous les niveaux.","_yoast_wpseo_twitter-image":"https:\/\/www.locansol.fr\/wp-content\/uploads\/2026\/03\/randonnee-encadree-amelie-les-bains-palalda.webp","_yoast_wpseo_twitter-image-id":"","yoast_primary_category":"Pratique sportive encadr\u00e9e","footnotes":""},"categories":[53],"tags":[76,73],"class_list":["post-5338","post","type-post","status-publish","format-standard","has-post-thumbnail","hentry","category-pratique-sportive-encadree","tag-pyrenees-orientales","tag-sports"],"yoast_head":"<!-- This site is optimized with the Yoast SEO Premium plugin v23.3 (Yoast SEO v26.9) - https:\/\/yoast.com\/product\/yoast-seo-premium-wordpress\/ -->\n<title>Randonn\u00e9e encadr\u00e9e \u00e0 Am\u00e9lie-les-Bains-Palalda - Paysages magnifiques<\/title>\n<meta name=\"description\" content=\"Randonn\u00e9e encadr\u00e9e \u00e0 Am\u00e9lie-les-Bains-Palalda - D\u00e9couvrez des paysages magnifiques dans les Pyr\u00e9n\u00e9es-Orientales. Une aventure en pleine nature avec des panoramas \u00e0 couper le souffle.\" \/>\n<meta name=\"robots\" content=\"index, follow, max-snippet:-1, max-image-preview:large, max-video-preview:-1\" \/>\n<link rel=\"canonical\" href=\"https:\/\/www.locansol.fr\/ca\/randonnee-encadree-amelie-les-bains-palalda\/\" \/>\n<meta property=\"og:locale\" content=\"ca_ES\" \/>\n<meta property=\"og:type\" content=\"article\" \/>\n<meta property=\"og:title\" content=\"Aventure en pleine nature : Am\u00e9lie-les-Bains-Palalda \u2014 Panoramas \u00e0 couper le souffle\" \/>\n<meta property=\"og:description\" content=\"Immergez-vous dans la nature verdoyante d&#039;Am\u00e9lie-les-Bains-Palalda. D\u00e9couvrez des panoramas \u00e0 couper le souffle lors d&#039;une randonn\u00e9e encadr\u00e9e.\" \/>\n<meta property=\"og:url\" content=\"https:\/\/www.locansol.fr\/ca\/randonnee-encadree-amelie-les-bains-palalda\/\" \/>\n<meta property=\"og:site_name\" content=\"Locansol, louer un h\u00e9bergement dans les Pyr\u00e9n\u00e9es Orientales\" \/>\n<meta property=\"article:published_time\" content=\"2026-03-30T12:09:17+00:00\" \/>\n<meta property=\"article:modified_time\" content=\"2026-03-30T12:09:26+00:00\" \/>\n<meta property=\"og:image\" content=\"https:\/\/www.locansol.fr\/wp-content\/uploads\/2026\/03\/randonnee-encadree-amelie-les-bains-palalda.webp\" \/>\n<meta name=\"author\" content=\"H\u00e9bergements Locansol\" \/>\n<meta name=\"twitter:card\" content=\"summary_large_image\" \/>\n<meta name=\"twitter:title\" content=\"Randonn\u00e9e encadr\u00e9e \u00e0 Am\u00e9lie-les-Bains-Palalda : une aventure inoubliable\" \/>\n<meta name=\"twitter:description\" content=\"D\u00e9couvrez des paysages magnifiques lors d&#039;une randonn\u00e9e encadr\u00e9e \u00e0 Am\u00e9lie-les-Bains-Palalda. Une aventure en pleine nature pour tous les niveaux.\" \/>\n<meta name=\"twitter:image\" content=\"https:\/\/www.locansol.fr\/wp-content\/uploads\/2026\/03\/randonnee-encadree-amelie-les-bains-palalda.webp\" \/>\n<meta name=\"twitter:label1\" content=\"Escrit per\" \/>\n\t<meta name=\"twitter:data1\" content=\"H\u00e9bergements Locansol\" \/>\n\t<meta name=\"twitter:label2\" content=\"Temps estimat de lectura\" \/>\n\t<meta name=\"twitter:data2\" content=\"2 minuts\" \/>\n<script type=\"application\/ld+json\" class=\"yoast-schema-graph\">{\"@context\":\"https:\/\/schema.org\",\"@graph\":[{\"@type\":\"Article\",\"@id\":\"https:\/\/www.locansol.fr\/randonnee-encadree-amelie-les-bains-palalda\/#article\",\"isPartOf\":{\"@id\":\"https:\/\/www.locansol.fr\/randonnee-encadree-amelie-les-bains-palalda\/\"},\"author\":{\"name\":\"H\u00e9bergements Locansol\",\"@id\":\"https:\/\/www.locansol.fr\/#\/schema\/person\/0b08d440f1ac44674c6d498107de351d\"},\"headline\":\"Randonn\u00e9e encadr\u00e9e \u00e0 Am\u00e9lie-les-Bains-Palalda &#8211; 30 mars &#8211; Paysages magnifiques \u00e0 d\u00e9couvrir\",\"datePublished\":\"2026-03-30T12:09:17+00:00\",\"dateModified\":\"2026-03-30T12:09:26+00:00\",\"mainEntityOfPage\":{\"@id\":\"https:\/\/www.locansol.fr\/randonnee-encadree-amelie-les-bains-palalda\/\"},\"wordCount\":343,\"publisher\":{\"@id\":\"https:\/\/www.locansol.fr\/#organization\"},\"image\":{\"@id\":\"https:\/\/www.locansol.fr\/randonnee-encadree-amelie-les-bains-palalda\/#primaryimage\"},\"thumbnailUrl\":\"https:\/\/www.locansol.fr\/wp-content\/uploads\/2026\/03\/randonnee-encadree-amelie-les-bains-palalda.webp\",\"keywords\":[\"Pyr\u00e9n\u00e9es-Orientales\",\"Sports\"],\"articleSection\":[\"Pratique sportive encadr\u00e9e\"],\"inLanguage\":\"ca\"},{\"@type\":\"WebPage\",\"@id\":\"https:\/\/www.locansol.fr\/randonnee-encadree-amelie-les-bains-palalda\/\",\"url\":\"https:\/\/www.locansol.fr\/randonnee-encadree-amelie-les-bains-palalda\/\",\"name\":\"Randonn\u00e9e encadr\u00e9e \u00e0 Am\u00e9lie-les-Bains-Palalda - Paysages magnifiques\",\"isPartOf\":{\"@id\":\"https:\/\/www.locansol.fr\/#website\"},\"primaryImageOfPage\":{\"@id\":\"https:\/\/www.locansol.fr\/randonnee-encadree-amelie-les-bains-palalda\/#primaryimage\"},\"image\":{\"@id\":\"https:\/\/www.locansol.fr\/randonnee-encadree-amelie-les-bains-palalda\/#primaryimage\"},\"thumbnailUrl\":\"https:\/\/www.locansol.fr\/wp-content\/uploads\/2026\/03\/randonnee-encadree-amelie-les-bains-palalda.webp\",\"datePublished\":\"2026-03-30T12:09:17+00:00\",\"dateModified\":\"2026-03-30T12:09:26+00:00\",\"description\":\"Randonn\u00e9e encadr\u00e9e \u00e0 Am\u00e9lie-les-Bains-Palalda - D\u00e9couvrez des paysages magnifiques dans les Pyr\u00e9n\u00e9es-Orientales. Une aventure en pleine nature avec des panoramas \u00e0 couper le souffle.\",\"breadcrumb\":{\"@id\":\"https:\/\/www.locansol.fr\/randonnee-encadree-amelie-les-bains-palalda\/#breadcrumb\"},\"inLanguage\":\"ca\",\"potentialAction\":[{\"@type\":\"ReadAction\",\"target\":[\"https:\/\/www.locansol.fr\/randonnee-encadree-amelie-les-bains-palalda\/\"]}]},{\"@type\":\"ImageObject\",\"inLanguage\":\"ca\",\"@id\":\"https:\/\/www.locansol.fr\/randonnee-encadree-amelie-les-bains-palalda\/#primaryimage\",\"url\":\"https:\/\/www.locansol.fr\/wp-content\/uploads\/2026\/03\/randonnee-encadree-amelie-les-bains-palalda.webp\",\"contentUrl\":\"https:\/\/www.locansol.fr\/wp-content\/uploads\/2026\/03\/randonnee-encadree-amelie-les-bains-palalda.webp\",\"width\":720,\"height\":480,\"caption\":\"Randonn\u00e9e encadr\u00e9e \u00e0 Am\u00e9lie-les-Bains-Palalda - Paysages magnifiques\"},{\"@type\":\"BreadcrumbList\",\"@id\":\"https:\/\/www.locansol.fr\/randonnee-encadree-amelie-les-bains-palalda\/#breadcrumb\",\"itemListElement\":[{\"@type\":\"ListItem\",\"position\":1,\"name\":\"Accueil\",\"item\":\"https:\/\/www.locansol.fr\/\"},{\"@type\":\"ListItem\",\"position\":2,\"name\":\"Randonn\u00e9e encadr\u00e9e \u00e0 Am\u00e9lie-les-Bains-Palalda &#8211; 30 mars &#8211; Paysages magnifiques \u00e0 d\u00e9couvrir\"}]},{\"@type\":\"WebSite\",\"@id\":\"https:\/\/www.locansol.fr\/#website\",\"url\":\"https:\/\/www.locansol.fr\/\",\"name\":\"Locansol, louer un h\u00e9bergement dans les Pyr\u00e9n\u00e9es-Orientales\",\"description\":\"Location Mobil-home Mer M\u00e9diterran\u00e9e &amp; Chalet de Montagne dans les Pyr\u00e9n\u00e9es Orientales (Occitanie, 66). Weekend, s\u00e9jour &amp; vacances en famille et entre amis.\",\"publisher\":{\"@id\":\"https:\/\/www.locansol.fr\/#organization\"},\"alternateName\":\"Louer un h\u00e9bergement dans les Pyr\u00e9n\u00e9es Orientales, chalet & mobil-home en Occitanie\",\"potentialAction\":[{\"@type\":\"SearchAction\",\"target\":{\"@type\":\"EntryPoint\",\"urlTemplate\":\"https:\/\/www.locansol.fr\/?s={search_term_string}\"},\"query-input\":{\"@type\":\"PropertyValueSpecification\",\"valueRequired\":true,\"valueName\":\"search_term_string\"}}],\"inLanguage\":\"ca\"},{\"@type\":\"Organization\",\"@id\":\"https:\/\/www.locansol.fr\/#organization\",\"name\":\"Location MobilHome & chalet dans les Pyr\u00e9n\u00e9es Orientales\",\"alternateName\":\"Louer un h\u00e9bergement dans les Pyr\u00e9n\u00e9es Orientales en Occitanie\",\"url\":\"https:\/\/www.locansol.fr\/\",\"logo\":{\"@type\":\"ImageObject\",\"inLanguage\":\"ca\",\"@id\":\"https:\/\/www.locansol.fr\/#\/schema\/logo\/image\/\",\"url\":\"https:\/\/www.locansol.fr\/wp-content\/uploads\/2024\/04\/AdobeStock_303324767-scaled.jpeg\",\"contentUrl\":\"https:\/\/www.locansol.fr\/wp-content\/uploads\/2024\/04\/AdobeStock_303324767-scaled.jpeg\",\"width\":2560,\"height\":1707,\"caption\":\"Location MobilHome & chalet dans les Pyr\u00e9n\u00e9es Orientales\"},\"image\":{\"@id\":\"https:\/\/www.locansol.fr\/#\/schema\/logo\/image\/\"}},{\"@type\":\"Person\",\"@id\":\"https:\/\/www.locansol.fr\/#\/schema\/person\/0b08d440f1ac44674c6d498107de351d\",\"name\":\"H\u00e9bergements Locansol\",\"image\":{\"@type\":\"ImageObject\",\"inLanguage\":\"ca\",\"@id\":\"https:\/\/www.locansol.fr\/#\/schema\/person\/image\/\",\"url\":\"https:\/\/secure.gravatar.com\/avatar\/444436b93284204f8116b6e0eb964cd3fcb811519c737232bde6dd5743c37ee5?s=96&d=mm&r=g\",\"contentUrl\":\"https:\/\/secure.gravatar.com\/avatar\/444436b93284204f8116b6e0eb964cd3fcb811519c737232bde6dd5743c37ee5?s=96&d=mm&r=g\",\"caption\":\"H\u00e9bergements Locansol\"},\"sameAs\":[\"https:\/\/www.locansol.fr\/\"],\"url\":\"https:\/\/www.locansol.fr\/ca\/author\/locansol\/\"}]}<\/script>\n<!-- \/ Yoast SEO Premium plugin. -->","yoast_head_json":{"title":"Randonn\u00e9e encadr\u00e9e \u00e0 Am\u00e9lie-les-Bains-Palalda - Paysages magnifiques","description":"Randonn\u00e9e encadr\u00e9e \u00e0 Am\u00e9lie-les-Bains-Palalda - D\u00e9couvrez des paysages magnifiques dans les Pyr\u00e9n\u00e9es-Orientales. Une aventure en pleine nature avec des panoramas \u00e0 couper le souffle.","robots":{"index":"index","follow":"follow","max-snippet":"max-snippet:-1","max-image-preview":"max-image-preview:large","max-video-preview":"max-video-preview:-1"},"canonical":"https:\/\/www.locansol.fr\/ca\/randonnee-encadree-amelie-les-bains-palalda\/","og_locale":"ca_ES","og_type":"article","og_title":"Aventure en pleine nature : Am\u00e9lie-les-Bains-Palalda \u2014 Panoramas \u00e0 couper le souffle","og_description":"Immergez-vous dans la nature verdoyante d'Am\u00e9lie-les-Bains-Palalda. D\u00e9couvrez des panoramas \u00e0 couper le souffle lors d'une randonn\u00e9e encadr\u00e9e.","og_url":"https:\/\/www.locansol.fr\/ca\/randonnee-encadree-amelie-les-bains-palalda\/","og_site_name":"Locansol, louer un h\u00e9bergement dans les Pyr\u00e9n\u00e9es Orientales","article_published_time":"2026-03-30T12:09:17+00:00","article_modified_time":"2026-03-30T12:09:26+00:00","og_image":[{"url":"https:\/\/www.locansol.fr\/wp-content\/uploads\/2026\/03\/randonnee-encadree-amelie-les-bains-palalda.webp","type":"","width":"","height":""}],"author":"H\u00e9bergements Locansol","twitter_card":"summary_large_image","twitter_title":"Randonn\u00e9e encadr\u00e9e \u00e0 Am\u00e9lie-les-Bains-Palalda : une aventure inoubliable","twitter_description":"D\u00e9couvrez des paysages magnifiques lors d'une randonn\u00e9e encadr\u00e9e \u00e0 Am\u00e9lie-les-Bains-Palalda. Une aventure en pleine nature pour tous les niveaux.","twitter_image":"https:\/\/www.locansol.fr\/wp-content\/uploads\/2026\/03\/randonnee-encadree-amelie-les-bains-palalda.webp","twitter_misc":{"Escrit per":"H\u00e9bergements Locansol","Temps estimat de lectura":"2 minuts"},"schema":{"@context":"https:\/\/schema.org","@graph":[{"@type":"Article","@id":"https:\/\/www.locansol.fr\/randonnee-encadree-amelie-les-bains-palalda\/#article","isPartOf":{"@id":"https:\/\/www.locansol.fr\/randonnee-encadree-amelie-les-bains-palalda\/"},"author":{"name":"H\u00e9bergements Locansol","@id":"https:\/\/www.locansol.fr\/#\/schema\/person\/0b08d440f1ac44674c6d498107de351d"},"headline":"Randonn\u00e9e encadr\u00e9e \u00e0 Am\u00e9lie-les-Bains-Palalda &#8211; 30 mars &#8211; Paysages magnifiques \u00e0 d\u00e9couvrir","datePublished":"2026-03-30T12:09:17+00:00","dateModified":"2026-03-30T12:09:26+00:00","mainEntityOfPage":{"@id":"https:\/\/www.locansol.fr\/randonnee-encadree-amelie-les-bains-palalda\/"},"wordCount":343,"publisher":{"@id":"https:\/\/www.locansol.fr\/#organization"},"image":{"@id":"https:\/\/www.locansol.fr\/randonnee-encadree-amelie-les-bains-palalda\/#primaryimage"},"thumbnailUrl":"https:\/\/www.locansol.fr\/wp-content\/uploads\/2026\/03\/randonnee-encadree-amelie-les-bains-palalda.webp","keywords":["Pyr\u00e9n\u00e9es-Orientales","Sports"],"articleSection":["Pratique sportive encadr\u00e9e"],"inLanguage":"ca"},{"@type":"WebPage","@id":"https:\/\/www.locansol.fr\/randonnee-encadree-amelie-les-bains-palalda\/","url":"https:\/\/www.locansol.fr\/randonnee-encadree-amelie-les-bains-palalda\/","name":"Randonn\u00e9e encadr\u00e9e \u00e0 Am\u00e9lie-les-Bains-Palalda - Paysages magnifiques","isPartOf":{"@id":"https:\/\/www.locansol.fr\/#website"},"primaryImageOfPage":{"@id":"https:\/\/www.locansol.fr\/randonnee-encadree-amelie-les-bains-palalda\/#primaryimage"},"image":{"@id":"https:\/\/www.locansol.fr\/randonnee-encadree-amelie-les-bains-palalda\/#primaryimage"},"thumbnailUrl":"https:\/\/www.locansol.fr\/wp-content\/uploads\/2026\/03\/randonnee-encadree-amelie-les-bains-palalda.webp","datePublished":"2026-03-30T12:09:17+00:00","dateModified":"2026-03-30T12:09:26+00:00","description":"Randonn\u00e9e encadr\u00e9e \u00e0 Am\u00e9lie-les-Bains-Palalda - D\u00e9couvrez des paysages magnifiques dans les Pyr\u00e9n\u00e9es-Orientales. Une aventure en pleine nature avec des panoramas \u00e0 couper le souffle.","breadcrumb":{"@id":"https:\/\/www.locansol.fr\/randonnee-encadree-amelie-les-bains-palalda\/#breadcrumb"},"inLanguage":"ca","potentialAction":[{"@type":"ReadAction","target":["https:\/\/www.locansol.fr\/randonnee-encadree-amelie-les-bains-palalda\/"]}]},{"@type":"ImageObject","inLanguage":"ca","@id":"https:\/\/www.locansol.fr\/randonnee-encadree-amelie-les-bains-palalda\/#primaryimage","url":"https:\/\/www.locansol.fr\/wp-content\/uploads\/2026\/03\/randonnee-encadree-amelie-les-bains-palalda.webp","contentUrl":"https:\/\/www.locansol.fr\/wp-content\/uploads\/2026\/03\/randonnee-encadree-amelie-les-bains-palalda.webp","width":720,"height":480,"caption":"Randonn\u00e9e encadr\u00e9e \u00e0 Am\u00e9lie-les-Bains-Palalda - Paysages magnifiques"},{"@type":"BreadcrumbList","@id":"https:\/\/www.locansol.fr\/randonnee-encadree-amelie-les-bains-palalda\/#breadcrumb","itemListElement":[{"@type":"ListItem","position":1,"name":"Accueil","item":"https:\/\/www.locansol.fr\/"},{"@type":"ListItem","position":2,"name":"Randonn\u00e9e encadr\u00e9e \u00e0 Am\u00e9lie-les-Bains-Palalda &#8211; 30 mars &#8211; Paysages magnifiques \u00e0 d\u00e9couvrir"}]},{"@type":"WebSite","@id":"https:\/\/www.locansol.fr\/#website","url":"https:\/\/www.locansol.fr\/","name":"Locansol, louer un h\u00e9bergement dans les Pyr\u00e9n\u00e9es-Orientales","description":"Location Mobil-home Mer M\u00e9diterran\u00e9e &amp; Chalet de Montagne dans les Pyr\u00e9n\u00e9es Orientales (Occitanie, 66). Weekend, s\u00e9jour &amp; vacances en famille et entre amis.","publisher":{"@id":"https:\/\/www.locansol.fr\/#organization"},"alternateName":"Louer un h\u00e9bergement dans les Pyr\u00e9n\u00e9es Orientales, chalet & mobil-home en Occitanie","potentialAction":[{"@type":"SearchAction","target":{"@type":"EntryPoint","urlTemplate":"https:\/\/www.locansol.fr\/?s={search_term_string}"},"query-input":{"@type":"PropertyValueSpecification","valueRequired":true,"valueName":"search_term_string"}}],"inLanguage":"ca"},{"@type":"Organization","@id":"https:\/\/www.locansol.fr\/#organization","name":"Location MobilHome & chalet dans les Pyr\u00e9n\u00e9es Orientales","alternateName":"Louer un h\u00e9bergement dans les Pyr\u00e9n\u00e9es Orientales en Occitanie","url":"https:\/\/www.locansol.fr\/","logo":{"@type":"ImageObject","inLanguage":"ca","@id":"https:\/\/www.locansol.fr\/#\/schema\/logo\/image\/","url":"https:\/\/www.locansol.fr\/wp-content\/uploads\/2024\/04\/AdobeStock_303324767-scaled.jpeg","contentUrl":"https:\/\/www.locansol.fr\/wp-content\/uploads\/2024\/04\/AdobeStock_303324767-scaled.jpeg","width":2560,"height":1707,"caption":"Location MobilHome & chalet dans les Pyr\u00e9n\u00e9es Orientales"},"image":{"@id":"https:\/\/www.locansol.fr\/#\/schema\/logo\/image\/"}},{"@type":"Person","@id":"https:\/\/www.locansol.fr\/#\/schema\/person\/0b08d440f1ac44674c6d498107de351d","name":"H\u00e9bergements Locansol","image":{"@type":"ImageObject","inLanguage":"ca","@id":"https:\/\/www.locansol.fr\/#\/schema\/person\/image\/","url":"https:\/\/secure.gravatar.com\/avatar\/444436b93284204f8116b6e0eb964cd3fcb811519c737232bde6dd5743c37ee5?s=96&d=mm&r=g","contentUrl":"https:\/\/secure.gravatar.com\/avatar\/444436b93284204f8116b6e0eb964cd3fcb811519c737232bde6dd5743c37ee5?s=96&d=mm&r=g","caption":"H\u00e9bergements Locansol"},"sameAs":["https:\/\/www.locansol.fr\/"],"url":"https:\/\/www.locansol.fr\/ca\/author\/locansol\/"}]}},"_links":{"self":[{"href":"https:\/\/www.locansol.fr\/ca\/wp-json\/wp\/v2\/posts\/5338","targetHints":{"allow":["GET"]}}],"collection":[{"href":"https:\/\/www.locansol.fr\/ca\/wp-json\/wp\/v2\/posts"}],"about":[{"href":"https:\/\/www.locansol.fr\/ca\/wp-json\/wp\/v2\/types\/post"}],"author":[{"embeddable":true,"href":"https:\/\/www.locansol.fr\/ca\/wp-json\/wp\/v2\/users\/5"}],"replies":[{"embeddable":true,"href":"https:\/\/www.locansol.fr\/ca\/wp-json\/wp\/v2\/comments?post=5338"}],"version-history":[{"count":1,"href":"https:\/\/www.locansol.fr\/ca\/wp-json\/wp\/v2\/posts\/5338\/revisions"}],"predecessor-version":[{"id":5339,"href":"https:\/\/www.locansol.fr\/ca\/wp-json\/wp\/v2\/posts\/5338\/revisions\/5339"}],"wp:featuredmedia":[{"embeddable":true,"href":"https:\/\/www.locansol.fr\/ca\/wp-json\/wp\/v2\/media\/5337"}],"wp:attachment":[{"href":"https:\/\/www.locansol.fr\/ca\/wp-json\/wp\/v2\/media?parent=5338"}],"wp:term":[{"taxonomy":"category","embeddable":true,"href":"https:\/\/www.locansol.fr\/ca\/wp-json\/wp\/v2\/categories?post=5338"},{"taxonomy":"post_tag","embeddable":true,"href":"https:\/\/www.locansol.fr\/ca\/wp-json\/wp\/v2\/tags?post=5338"}],"curies":[{"name":"wp","href":"https:\/\/api.w.org\/{rel}","templated":true}]}}