{"id":5401,"date":"2026-04-01T02:08:49","date_gmt":"2026-04-01T00:08:49","guid":{"rendered":"https:\/\/www.locansol.fr\/exposition-artistique-cerbere-mediterranee\/"},"modified":"2026-04-01T02:08:54","modified_gmt":"2026-04-01T00:08:54","slug":"exposition-artistique-cerbere-mediterranee","status":"publish","type":"post","link":"https:\/\/www.locansol.fr\/ca\/exposition-artistique-cerbere-mediterranee\/","title":{"rendered":"Exposition Un Regard \u00e0 Cerb\u00e8re : 31 mars au 2 avril 2023, une immersion artistique unique"},"content":{"rendered":"<p>\u00c0 vos agendas ! Du 31 mars au 2 avril 2023, l&rsquo;exposition \u00ab\u00a0Un Regard \u00e0 Cerb\u00e8re\u00a0\u00bb vous invite \u00e0 un rendez-vous culturel in\u00e9dit dans le sublime cadre de ce village m\u00e9diterran\u00e9en. Organis\u00e9e par l&rsquo;Arche Culturelle de Cerb\u00e8re, cette exposition c\u00e9l\u00e8bre la beaut\u00e9 naturelle et l&rsquo;authenticit\u00e9 de ce territoire situ\u00e9 \u00e0 la fronti\u00e8re entre la France et l&rsquo;Espagne, connu pour ses paysages \u00e0 couper le souffle et son atmosph\u00e8re empreinte de s\u00e9r\u00e9nit\u00e9.  Ce week-end culturel promet une v\u00e9ritable immersion artistique gr\u00e2ce \u00e0 des \u0153uvres picturales qui capturent l&rsquo;essence m\u00eame de Cerb\u00e8re. Les visiteurs auront le privil\u00e8ge de d\u00e9couvrir les toiles d&rsquo;artistes inspir\u00e9s par les \u00e9l\u00e9ments naturels, les douces nuances des couchers de soleil sur la M\u00e9diterran\u00e9e, et l&rsquo;\u00e9nergie brute de ses reliefs escarp\u00e9s. Jeux d&rsquo;ombres, contrastes saisissants et textures travaill\u00e9es s&rsquo;invitent dans chaque tableau, offrant ainsi une exp\u00e9rience sensorielle unique. Cette exposition est plus qu&rsquo;une simple galerie d&rsquo;art : elle refl\u00e8te un v\u00e9ritable dialogue entre la nature, la sensibilit\u00e9 contemporaine et le patrimoine local.  Situ\u00e9e au 23, avenue du G\u00e9n\u00e9ral de Gaulle, en plein c\u0153ur du village, l&rsquo;exposition est une halte incontournable aussi bien pour les amateurs d&rsquo;art que pour les curieux en qu\u00eate d&rsquo;\u00e9vasion. Accessible gratuitement, l&rsquo;\u00e9v\u00e9nement est pens\u00e9 pour accueillir tous les publics, enfants et adultes, rendant cette exp\u00e9rience culturelle chaleureuse et inclusive.  Cerb\u00e8re, c&rsquo;est \u00e9galement l&rsquo;occasion d&rsquo;explorer une destination unique. Avec son littoral sauvage, ponctu\u00e9 de criques secr\u00e8tes et de la r\u00e9serve marine Cerb\u00e8re-Banyuls \u00e0 proximit\u00e9, le village est une ode \u00e0 la nature. La r\u00e9serve marine, reconnue pour sa biodiversit\u00e9 exceptionnelle, abrite des esp\u00e8ces animales et v\u00e9g\u00e9tales rares, v\u00e9ritables tr\u00e9sors de M\u00e9diterran\u00e9e. Pourquoi ne pas en profiter pour prolonger la journ\u00e9e par une promenade en plein air ou une pause contemplative face \u00e0 l&rsquo;horizon ?  Alors, laissez-vous s\u00e9duire par l\u2019atmosph\u00e8re apaisante de Cerb\u00e8re et l\u2019incroyable richesse de son environnement naturel \u00e0 travers l&rsquo;art. L&rsquo;exposition \u00ab\u00a0Un Regard \u00e0 Cerb\u00e8re\u00a0\u00bb est l\u2019\u00e9v\u00e9nement parfait pour red\u00e9couvrir ce coin de paradis tout en savourant les \u0153uvres d\u2019artistes talentueux.  Une belle sortie en solo, en famille ou entre amis pour ce d\u00e9but de printemps, o\u00f9 culture et nature se rencontrent dans l\u2019un des plus beaux cadres des Pyr\u00e9n\u00e9es-Orientales.<\/p>\n<h3>Informaci\u00f3 pr\u00e0ctica<\/h3>\n<p>\ud83d\udcc5 QUAND ? Du 31 mars au 2 avril 2023<br \/>\ud83d\udccd O\u00d9 ? 23, avenue du G\u00e9n\u00e9ral de Gaulle, Cerb\u00e8re<br \/>\ud83d\udcb6 COMBIEN ? Gratuit<\/p>","protected":false},"excerpt":{"rendered":"<p>L\u2019exposition \u00ab Un Regard \u00e0 Cerb\u00e8re \u00bb se d\u00e9roule du 31 mars au 2 avril 2023 \u00e0 Cerb\u00e8re. Entrez gratuitement dans l\u2019univers des artistes capturant la beaut\u00e9 naturelle de ce village m\u00e9diterran\u00e9en.<\/p>","protected":false},"author":5,"featured_media":5400,"comment_status":"closed","ping_status":"open","sticky":false,"template":"","format":"standard","meta":{"_yoast_wpseo_focuskw":"Exposition artistique Cerb\u00e8re M\u00e9diterran\u00e9e","_yoast_wpseo_title":"Exposition Un Regard \u00e0 Cerb\u00e8re Cerb\u00e8re : immersion artistique unique","_yoast_wpseo_metadesc":"Exposition Un Regard \u00e0 Cerb\u00e8re Cerb\u00e8re : d\u00e9couvrez une immersion artistique unique c\u00e9l\u00e9brant la beaut\u00e9 naturelle des Pyr\u00e9n\u00e9es-Orientales. \u0153uvres inspir\u00e9es par les paysages m\u00e9diterran\u00e9ens et l'\u00e9nergie brute des reliefs escarp\u00e9s.","_yoast_wpseo_canonical":"","_yoast_wpseo_opengraph-title":"Plongez dans l'art et la nature : Exposition Un Regard \u00e0 Cerb\u00e8re \u2014 une exp\u00e9rience sensorielle unique","_yoast_wpseo_opengraph-description":"Imaginez des toiles captant l'essence de Cerb\u00e8re : couchers de soleil sur la M\u00e9diterran\u00e9e, reliefs escarp\u00e9s. Une exposition gratuite pour une immersion artistique et naturelle.","_yoast_wpseo_opengraph-image":"https:\/\/www.locansol.fr\/wp-content\/uploads\/2026\/04\/exposition-artistique-cerbere-mediterranee.webp","_yoast_wpseo_opengraph-image-id":"","_yoast_wpseo_twitter-title":"D\u00e9couvrez l'exposition Un Regard \u00e0 Cerb\u00e8re : art et nature en harmonie","_yoast_wpseo_twitter-description":"Plongez dans une exp\u00e9rience artistique unique \u00e0 Cerb\u00e8re. D\u00e9couvrez des \u0153uvres inspir\u00e9es par les paysages m\u00e9diterran\u00e9ens et les reliefs escarp\u00e9s. Gratuit et accessible \u00e0 tous !","_yoast_wpseo_twitter-image":"https:\/\/www.locansol.fr\/wp-content\/uploads\/2026\/04\/exposition-artistique-cerbere-mediterranee.webp","_yoast_wpseo_twitter-image-id":"","yoast_primary_category":"Exposition","footnotes":""},"categories":[35],"tags":[66,76],"class_list":["post-5401","post","type-post","status-publish","format-standard","has-post-thumbnail","hentry","category-carnaval","tag-evenement-culturel","tag-pyrenees-orientales"],"yoast_head":"<!-- This site is optimized with the Yoast SEO Premium plugin v23.3 (Yoast SEO v26.9) - https:\/\/yoast.com\/product\/yoast-seo-premium-wordpress\/ -->\n<title>Exposition Un Regard \u00e0 Cerb\u00e8re Cerb\u00e8re : immersion artistique unique<\/title>\n<meta name=\"description\" content=\"Exposition Un Regard \u00e0 Cerb\u00e8re Cerb\u00e8re : d\u00e9couvrez une immersion artistique unique c\u00e9l\u00e9brant la beaut\u00e9 naturelle des Pyr\u00e9n\u00e9es-Orientales. \u0153uvres inspir\u00e9es par les paysages m\u00e9diterran\u00e9ens et l&#039;\u00e9nergie brute des reliefs escarp\u00e9s.\" \/>\n<meta name=\"robots\" content=\"index, follow, max-snippet:-1, max-image-preview:large, max-video-preview:-1\" \/>\n<link rel=\"canonical\" href=\"https:\/\/www.locansol.fr\/ca\/exposition-artistique-cerbere-mediterranee\/\" \/>\n<meta property=\"og:locale\" content=\"ca_ES\" \/>\n<meta property=\"og:type\" content=\"article\" \/>\n<meta property=\"og:title\" content=\"Plongez dans l&#039;art et la nature : Exposition Un Regard \u00e0 Cerb\u00e8re \u2014 une exp\u00e9rience sensorielle unique\" \/>\n<meta property=\"og:description\" content=\"Imaginez des toiles captant l&#039;essence de Cerb\u00e8re : couchers de soleil sur la M\u00e9diterran\u00e9e, reliefs escarp\u00e9s. Une exposition gratuite pour une immersion artistique et naturelle.\" \/>\n<meta property=\"og:url\" content=\"https:\/\/www.locansol.fr\/ca\/exposition-artistique-cerbere-mediterranee\/\" \/>\n<meta property=\"og:site_name\" content=\"Locansol, louer un h\u00e9bergement dans les Pyr\u00e9n\u00e9es Orientales\" \/>\n<meta property=\"article:published_time\" content=\"2026-04-01T00:08:49+00:00\" \/>\n<meta property=\"article:modified_time\" content=\"2026-04-01T00:08:54+00:00\" \/>\n<meta property=\"og:image\" content=\"https:\/\/www.locansol.fr\/wp-content\/uploads\/2026\/04\/exposition-artistique-cerbere-mediterranee.webp\" \/>\n<meta name=\"author\" content=\"H\u00e9bergements Locansol\" \/>\n<meta name=\"twitter:card\" content=\"summary_large_image\" \/>\n<meta name=\"twitter:title\" content=\"D\u00e9couvrez l&#039;exposition Un Regard \u00e0 Cerb\u00e8re : art et nature en harmonie\" \/>\n<meta name=\"twitter:description\" content=\"Plongez dans une exp\u00e9rience artistique unique \u00e0 Cerb\u00e8re. D\u00e9couvrez des \u0153uvres inspir\u00e9es par les paysages m\u00e9diterran\u00e9ens et les reliefs escarp\u00e9s. Gratuit et accessible \u00e0 tous !\" \/>\n<meta name=\"twitter:image\" content=\"https:\/\/www.locansol.fr\/wp-content\/uploads\/2026\/04\/exposition-artistique-cerbere-mediterranee.webp\" \/>\n<meta name=\"twitter:label1\" content=\"Escrit per\" \/>\n\t<meta name=\"twitter:data1\" content=\"H\u00e9bergements Locansol\" \/>\n\t<meta name=\"twitter:label2\" content=\"Temps estimat de lectura\" \/>\n\t<meta name=\"twitter:data2\" content=\"2 minuts\" \/>\n<script type=\"application\/ld+json\" class=\"yoast-schema-graph\">{\"@context\":\"https:\/\/schema.org\",\"@graph\":[{\"@type\":\"Article\",\"@id\":\"https:\/\/www.locansol.fr\/exposition-artistique-cerbere-mediterranee\/#article\",\"isPartOf\":{\"@id\":\"https:\/\/www.locansol.fr\/exposition-artistique-cerbere-mediterranee\/\"},\"author\":{\"name\":\"H\u00e9bergements Locansol\",\"@id\":\"https:\/\/www.locansol.fr\/#\/schema\/person\/0b08d440f1ac44674c6d498107de351d\"},\"headline\":\"Exposition Un Regard \u00e0 Cerb\u00e8re : 31 mars au 2 avril 2023, une immersion artistique unique\",\"datePublished\":\"2026-04-01T00:08:49+00:00\",\"dateModified\":\"2026-04-01T00:08:54+00:00\",\"mainEntityOfPage\":{\"@id\":\"https:\/\/www.locansol.fr\/exposition-artistique-cerbere-mediterranee\/\"},\"wordCount\":451,\"publisher\":{\"@id\":\"https:\/\/www.locansol.fr\/#organization\"},\"image\":{\"@id\":\"https:\/\/www.locansol.fr\/exposition-artistique-cerbere-mediterranee\/#primaryimage\"},\"thumbnailUrl\":\"https:\/\/www.locansol.fr\/wp-content\/uploads\/2026\/04\/exposition-artistique-cerbere-mediterranee.webp\",\"keywords\":[\"\u00c9v\u00e8nement culturel\",\"Pyr\u00e9n\u00e9es-Orientales\"],\"articleSection\":[\"Carnaval\"],\"inLanguage\":\"ca\"},{\"@type\":\"WebPage\",\"@id\":\"https:\/\/www.locansol.fr\/exposition-artistique-cerbere-mediterranee\/\",\"url\":\"https:\/\/www.locansol.fr\/exposition-artistique-cerbere-mediterranee\/\",\"name\":\"Exposition Un Regard \u00e0 Cerb\u00e8re Cerb\u00e8re : immersion artistique unique\",\"isPartOf\":{\"@id\":\"https:\/\/www.locansol.fr\/#website\"},\"primaryImageOfPage\":{\"@id\":\"https:\/\/www.locansol.fr\/exposition-artistique-cerbere-mediterranee\/#primaryimage\"},\"image\":{\"@id\":\"https:\/\/www.locansol.fr\/exposition-artistique-cerbere-mediterranee\/#primaryimage\"},\"thumbnailUrl\":\"https:\/\/www.locansol.fr\/wp-content\/uploads\/2026\/04\/exposition-artistique-cerbere-mediterranee.webp\",\"datePublished\":\"2026-04-01T00:08:49+00:00\",\"dateModified\":\"2026-04-01T00:08:54+00:00\",\"description\":\"Exposition Un Regard \u00e0 Cerb\u00e8re Cerb\u00e8re : d\u00e9couvrez une immersion artistique unique c\u00e9l\u00e9brant la beaut\u00e9 naturelle des Pyr\u00e9n\u00e9es-Orientales. \u0153uvres inspir\u00e9es par les paysages m\u00e9diterran\u00e9ens et l'\u00e9nergie brute des reliefs escarp\u00e9s.\",\"breadcrumb\":{\"@id\":\"https:\/\/www.locansol.fr\/exposition-artistique-cerbere-mediterranee\/#breadcrumb\"},\"inLanguage\":\"ca\",\"potentialAction\":[{\"@type\":\"ReadAction\",\"target\":[\"https:\/\/www.locansol.fr\/exposition-artistique-cerbere-mediterranee\/\"]}]},{\"@type\":\"ImageObject\",\"inLanguage\":\"ca\",\"@id\":\"https:\/\/www.locansol.fr\/exposition-artistique-cerbere-mediterranee\/#primaryimage\",\"url\":\"https:\/\/www.locansol.fr\/wp-content\/uploads\/2026\/04\/exposition-artistique-cerbere-mediterranee.webp\",\"contentUrl\":\"https:\/\/www.locansol.fr\/wp-content\/uploads\/2026\/04\/exposition-artistique-cerbere-mediterranee.webp\",\"width\":1280,\"height\":856,\"caption\":\"Exposition Un Regard \u00e0 Cerb\u00e8re Cerb\u00e8re : immersion artistique unique\"},{\"@type\":\"BreadcrumbList\",\"@id\":\"https:\/\/www.locansol.fr\/exposition-artistique-cerbere-mediterranee\/#breadcrumb\",\"itemListElement\":[{\"@type\":\"ListItem\",\"position\":1,\"name\":\"Accueil\",\"item\":\"https:\/\/www.locansol.fr\/\"},{\"@type\":\"ListItem\",\"position\":2,\"name\":\"Exposition Un Regard \u00e0 Cerb\u00e8re : 31 mars au 2 avril 2023, une immersion artistique unique\"}]},{\"@type\":\"WebSite\",\"@id\":\"https:\/\/www.locansol.fr\/#website\",\"url\":\"https:\/\/www.locansol.fr\/\",\"name\":\"Locansol, louer un h\u00e9bergement dans les Pyr\u00e9n\u00e9es-Orientales\",\"description\":\"Location Mobil-home Mer M\u00e9diterran\u00e9e &amp; Chalet de Montagne dans les Pyr\u00e9n\u00e9es Orientales (Occitanie, 66). Weekend, s\u00e9jour &amp; vacances en famille et entre amis.\",\"publisher\":{\"@id\":\"https:\/\/www.locansol.fr\/#organization\"},\"alternateName\":\"Louer un h\u00e9bergement dans les Pyr\u00e9n\u00e9es Orientales, chalet & mobil-home en Occitanie\",\"potentialAction\":[{\"@type\":\"SearchAction\",\"target\":{\"@type\":\"EntryPoint\",\"urlTemplate\":\"https:\/\/www.locansol.fr\/?s={search_term_string}\"},\"query-input\":{\"@type\":\"PropertyValueSpecification\",\"valueRequired\":true,\"valueName\":\"search_term_string\"}}],\"inLanguage\":\"ca\"},{\"@type\":\"Organization\",\"@id\":\"https:\/\/www.locansol.fr\/#organization\",\"name\":\"Location MobilHome & chalet dans les Pyr\u00e9n\u00e9es Orientales\",\"alternateName\":\"Louer un h\u00e9bergement dans les Pyr\u00e9n\u00e9es Orientales en Occitanie\",\"url\":\"https:\/\/www.locansol.fr\/\",\"logo\":{\"@type\":\"ImageObject\",\"inLanguage\":\"ca\",\"@id\":\"https:\/\/www.locansol.fr\/#\/schema\/logo\/image\/\",\"url\":\"https:\/\/www.locansol.fr\/wp-content\/uploads\/2024\/04\/AdobeStock_303324767-scaled.jpeg\",\"contentUrl\":\"https:\/\/www.locansol.fr\/wp-content\/uploads\/2024\/04\/AdobeStock_303324767-scaled.jpeg\",\"width\":2560,\"height\":1707,\"caption\":\"Location MobilHome & chalet dans les Pyr\u00e9n\u00e9es Orientales\"},\"image\":{\"@id\":\"https:\/\/www.locansol.fr\/#\/schema\/logo\/image\/\"}},{\"@type\":\"Person\",\"@id\":\"https:\/\/www.locansol.fr\/#\/schema\/person\/0b08d440f1ac44674c6d498107de351d\",\"name\":\"H\u00e9bergements Locansol\",\"image\":{\"@type\":\"ImageObject\",\"inLanguage\":\"ca\",\"@id\":\"https:\/\/www.locansol.fr\/#\/schema\/person\/image\/\",\"url\":\"https:\/\/secure.gravatar.com\/avatar\/444436b93284204f8116b6e0eb964cd3fcb811519c737232bde6dd5743c37ee5?s=96&d=mm&r=g\",\"contentUrl\":\"https:\/\/secure.gravatar.com\/avatar\/444436b93284204f8116b6e0eb964cd3fcb811519c737232bde6dd5743c37ee5?s=96&d=mm&r=g\",\"caption\":\"H\u00e9bergements Locansol\"},\"sameAs\":[\"https:\/\/www.locansol.fr\/\"],\"url\":\"https:\/\/www.locansol.fr\/ca\/author\/locansol\/\"}]}<\/script>\n<!-- \/ Yoast SEO Premium plugin. -->","yoast_head_json":{"title":"Exposition Un Regard \u00e0 Cerb\u00e8re Cerb\u00e8re : immersion artistique unique","description":"Exposition Un Regard \u00e0 Cerb\u00e8re Cerb\u00e8re : d\u00e9couvrez une immersion artistique unique c\u00e9l\u00e9brant la beaut\u00e9 naturelle des Pyr\u00e9n\u00e9es-Orientales. \u0153uvres inspir\u00e9es par les paysages m\u00e9diterran\u00e9ens et l'\u00e9nergie brute des reliefs escarp\u00e9s.","robots":{"index":"index","follow":"follow","max-snippet":"max-snippet:-1","max-image-preview":"max-image-preview:large","max-video-preview":"max-video-preview:-1"},"canonical":"https:\/\/www.locansol.fr\/ca\/exposition-artistique-cerbere-mediterranee\/","og_locale":"ca_ES","og_type":"article","og_title":"Plongez dans l'art et la nature : Exposition Un Regard \u00e0 Cerb\u00e8re \u2014 une exp\u00e9rience sensorielle unique","og_description":"Imaginez des toiles captant l'essence de Cerb\u00e8re : couchers de soleil sur la M\u00e9diterran\u00e9e, reliefs escarp\u00e9s. Une exposition gratuite pour une immersion artistique et naturelle.","og_url":"https:\/\/www.locansol.fr\/ca\/exposition-artistique-cerbere-mediterranee\/","og_site_name":"Locansol, louer un h\u00e9bergement dans les Pyr\u00e9n\u00e9es Orientales","article_published_time":"2026-04-01T00:08:49+00:00","article_modified_time":"2026-04-01T00:08:54+00:00","og_image":[{"url":"https:\/\/www.locansol.fr\/wp-content\/uploads\/2026\/04\/exposition-artistique-cerbere-mediterranee.webp","type":"","width":"","height":""}],"author":"H\u00e9bergements Locansol","twitter_card":"summary_large_image","twitter_title":"D\u00e9couvrez l'exposition Un Regard \u00e0 Cerb\u00e8re : art et nature en harmonie","twitter_description":"Plongez dans une exp\u00e9rience artistique unique \u00e0 Cerb\u00e8re. D\u00e9couvrez des \u0153uvres inspir\u00e9es par les paysages m\u00e9diterran\u00e9ens et les reliefs escarp\u00e9s. Gratuit et accessible \u00e0 tous !","twitter_image":"https:\/\/www.locansol.fr\/wp-content\/uploads\/2026\/04\/exposition-artistique-cerbere-mediterranee.webp","twitter_misc":{"Escrit per":"H\u00e9bergements Locansol","Temps estimat de lectura":"2 minuts"},"schema":{"@context":"https:\/\/schema.org","@graph":[{"@type":"Article","@id":"https:\/\/www.locansol.fr\/exposition-artistique-cerbere-mediterranee\/#article","isPartOf":{"@id":"https:\/\/www.locansol.fr\/exposition-artistique-cerbere-mediterranee\/"},"author":{"name":"H\u00e9bergements Locansol","@id":"https:\/\/www.locansol.fr\/#\/schema\/person\/0b08d440f1ac44674c6d498107de351d"},"headline":"Exposition Un Regard \u00e0 Cerb\u00e8re : 31 mars au 2 avril 2023, une immersion artistique unique","datePublished":"2026-04-01T00:08:49+00:00","dateModified":"2026-04-01T00:08:54+00:00","mainEntityOfPage":{"@id":"https:\/\/www.locansol.fr\/exposition-artistique-cerbere-mediterranee\/"},"wordCount":451,"publisher":{"@id":"https:\/\/www.locansol.fr\/#organization"},"image":{"@id":"https:\/\/www.locansol.fr\/exposition-artistique-cerbere-mediterranee\/#primaryimage"},"thumbnailUrl":"https:\/\/www.locansol.fr\/wp-content\/uploads\/2026\/04\/exposition-artistique-cerbere-mediterranee.webp","keywords":["\u00c9v\u00e8nement culturel","Pyr\u00e9n\u00e9es-Orientales"],"articleSection":["Carnaval"],"inLanguage":"ca"},{"@type":"WebPage","@id":"https:\/\/www.locansol.fr\/exposition-artistique-cerbere-mediterranee\/","url":"https:\/\/www.locansol.fr\/exposition-artistique-cerbere-mediterranee\/","name":"Exposition Un Regard \u00e0 Cerb\u00e8re Cerb\u00e8re : immersion artistique unique","isPartOf":{"@id":"https:\/\/www.locansol.fr\/#website"},"primaryImageOfPage":{"@id":"https:\/\/www.locansol.fr\/exposition-artistique-cerbere-mediterranee\/#primaryimage"},"image":{"@id":"https:\/\/www.locansol.fr\/exposition-artistique-cerbere-mediterranee\/#primaryimage"},"thumbnailUrl":"https:\/\/www.locansol.fr\/wp-content\/uploads\/2026\/04\/exposition-artistique-cerbere-mediterranee.webp","datePublished":"2026-04-01T00:08:49+00:00","dateModified":"2026-04-01T00:08:54+00:00","description":"Exposition Un Regard \u00e0 Cerb\u00e8re Cerb\u00e8re : d\u00e9couvrez une immersion artistique unique c\u00e9l\u00e9brant la beaut\u00e9 naturelle des Pyr\u00e9n\u00e9es-Orientales. \u0153uvres inspir\u00e9es par les paysages m\u00e9diterran\u00e9ens et l'\u00e9nergie brute des reliefs escarp\u00e9s.","breadcrumb":{"@id":"https:\/\/www.locansol.fr\/exposition-artistique-cerbere-mediterranee\/#breadcrumb"},"inLanguage":"ca","potentialAction":[{"@type":"ReadAction","target":["https:\/\/www.locansol.fr\/exposition-artistique-cerbere-mediterranee\/"]}]},{"@type":"ImageObject","inLanguage":"ca","@id":"https:\/\/www.locansol.fr\/exposition-artistique-cerbere-mediterranee\/#primaryimage","url":"https:\/\/www.locansol.fr\/wp-content\/uploads\/2026\/04\/exposition-artistique-cerbere-mediterranee.webp","contentUrl":"https:\/\/www.locansol.fr\/wp-content\/uploads\/2026\/04\/exposition-artistique-cerbere-mediterranee.webp","width":1280,"height":856,"caption":"Exposition Un Regard \u00e0 Cerb\u00e8re Cerb\u00e8re : immersion artistique unique"},{"@type":"BreadcrumbList","@id":"https:\/\/www.locansol.fr\/exposition-artistique-cerbere-mediterranee\/#breadcrumb","itemListElement":[{"@type":"ListItem","position":1,"name":"Accueil","item":"https:\/\/www.locansol.fr\/"},{"@type":"ListItem","position":2,"name":"Exposition Un Regard \u00e0 Cerb\u00e8re : 31 mars au 2 avril 2023, une immersion artistique unique"}]},{"@type":"WebSite","@id":"https:\/\/www.locansol.fr\/#website","url":"https:\/\/www.locansol.fr\/","name":"Locansol, louer un h\u00e9bergement dans les Pyr\u00e9n\u00e9es-Orientales","description":"Location Mobil-home Mer M\u00e9diterran\u00e9e &amp; Chalet de Montagne dans les Pyr\u00e9n\u00e9es Orientales (Occitanie, 66). Weekend, s\u00e9jour &amp; vacances en famille et entre amis.","publisher":{"@id":"https:\/\/www.locansol.fr\/#organization"},"alternateName":"Louer un h\u00e9bergement dans les Pyr\u00e9n\u00e9es Orientales, chalet & mobil-home en Occitanie","potentialAction":[{"@type":"SearchAction","target":{"@type":"EntryPoint","urlTemplate":"https:\/\/www.locansol.fr\/?s={search_term_string}"},"query-input":{"@type":"PropertyValueSpecification","valueRequired":true,"valueName":"search_term_string"}}],"inLanguage":"ca"},{"@type":"Organization","@id":"https:\/\/www.locansol.fr\/#organization","name":"Location MobilHome & chalet dans les Pyr\u00e9n\u00e9es Orientales","alternateName":"Louer un h\u00e9bergement dans les Pyr\u00e9n\u00e9es Orientales en Occitanie","url":"https:\/\/www.locansol.fr\/","logo":{"@type":"ImageObject","inLanguage":"ca","@id":"https:\/\/www.locansol.fr\/#\/schema\/logo\/image\/","url":"https:\/\/www.locansol.fr\/wp-content\/uploads\/2024\/04\/AdobeStock_303324767-scaled.jpeg","contentUrl":"https:\/\/www.locansol.fr\/wp-content\/uploads\/2024\/04\/AdobeStock_303324767-scaled.jpeg","width":2560,"height":1707,"caption":"Location MobilHome & chalet dans les Pyr\u00e9n\u00e9es Orientales"},"image":{"@id":"https:\/\/www.locansol.fr\/#\/schema\/logo\/image\/"}},{"@type":"Person","@id":"https:\/\/www.locansol.fr\/#\/schema\/person\/0b08d440f1ac44674c6d498107de351d","name":"H\u00e9bergements Locansol","image":{"@type":"ImageObject","inLanguage":"ca","@id":"https:\/\/www.locansol.fr\/#\/schema\/person\/image\/","url":"https:\/\/secure.gravatar.com\/avatar\/444436b93284204f8116b6e0eb964cd3fcb811519c737232bde6dd5743c37ee5?s=96&d=mm&r=g","contentUrl":"https:\/\/secure.gravatar.com\/avatar\/444436b93284204f8116b6e0eb964cd3fcb811519c737232bde6dd5743c37ee5?s=96&d=mm&r=g","caption":"H\u00e9bergements Locansol"},"sameAs":["https:\/\/www.locansol.fr\/"],"url":"https:\/\/www.locansol.fr\/ca\/author\/locansol\/"}]}},"_links":{"self":[{"href":"https:\/\/www.locansol.fr\/ca\/wp-json\/wp\/v2\/posts\/5401","targetHints":{"allow":["GET"]}}],"collection":[{"href":"https:\/\/www.locansol.fr\/ca\/wp-json\/wp\/v2\/posts"}],"about":[{"href":"https:\/\/www.locansol.fr\/ca\/wp-json\/wp\/v2\/types\/post"}],"author":[{"embeddable":true,"href":"https:\/\/www.locansol.fr\/ca\/wp-json\/wp\/v2\/users\/5"}],"replies":[{"embeddable":true,"href":"https:\/\/www.locansol.fr\/ca\/wp-json\/wp\/v2\/comments?post=5401"}],"version-history":[{"count":1,"href":"https:\/\/www.locansol.fr\/ca\/wp-json\/wp\/v2\/posts\/5401\/revisions"}],"predecessor-version":[{"id":5402,"href":"https:\/\/www.locansol.fr\/ca\/wp-json\/wp\/v2\/posts\/5401\/revisions\/5402"}],"wp:featuredmedia":[{"embeddable":true,"href":"https:\/\/www.locansol.fr\/ca\/wp-json\/wp\/v2\/media\/5400"}],"wp:attachment":[{"href":"https:\/\/www.locansol.fr\/ca\/wp-json\/wp\/v2\/media?parent=5401"}],"wp:term":[{"taxonomy":"category","embeddable":true,"href":"https:\/\/www.locansol.fr\/ca\/wp-json\/wp\/v2\/categories?post=5401"},{"taxonomy":"post_tag","embeddable":true,"href":"https:\/\/www.locansol.fr\/ca\/wp-json\/wp\/v2\/tags?post=5401"}],"curies":[{"name":"wp","href":"https:\/\/api.w.org\/{rel}","templated":true}]}}