{"id":5476,"date":"2026-04-02T20:08:56","date_gmt":"2026-04-02T18:08:56","guid":{"rendered":"https:\/\/www.locansol.fr\/randonnee-jujols-canigou-molitg-les-bains\/"},"modified":"2026-04-02T20:09:02","modified_gmt":"2026-04-02T18:09:02","slug":"randonnee-jujols-canigou-molitg-les-bains","status":"publish","type":"post","link":"https:\/\/www.locansol.fr\/ca\/randonnee-jujols-canigou-molitg-les-bains\/","title":{"rendered":"Molitg-les-Bains, 2 avril 2023 : randonn\u00e9e Jujols et ses vues \u00e9poustouflantes sur le Canigou"},"content":{"rendered":"<p>Amateurs de nature et de randonn\u00e9e, pr\u00e9parez vos chaussures et vos b\u00e2tons de marche ! Le jeudi 2 avril \u00e0 14h30, partez explorer les merveilles naturelles du Conflent avec la randonn\u00e9e \u00ab Jujols, Fen\u00eatre sur le Canigou \u00bb. Cette balade de 3 heures vous permettra d\u2019admirer des paysages spectaculaires tout en d\u00e9couvrant la richesse \u00e9cologique de la r\u00e9gion.<\/p>\n<p>Avec un d\u00e9part programm\u00e9 \u00e0 Molitg-les-Bains, cette randonn\u00e9e est accessible aux marcheurs habitu\u00e9s. Le parcours, sans grandes difficult\u00e9s, est id\u00e9al pour profiter sereinement des joyaux naturels environnants. Des options de covoiturage sont \u00e9galement disponibles pour faciliter votre d\u00e9placement. N&rsquo;h\u00e9sitez pas \u00e0 vous renseigner lors de votre inscription pour optimiser votre organisation.<\/p>\n<p>Le village de Jujols, situ\u00e9 \u00e0 960 m\u00e8tres d\u2019altitude, vous accueille dans un cadre authentique et pr\u00e9serv\u00e9. Il offre une vue grandiose sur le massif majestueux du Canigou, que l\u2019on surnomme tendrement \u00ab la montagne sacr\u00e9e des Catalans \u00bb. Culminant \u00e0 2784 m\u00e8tres, ce massif embl\u00e9matique d\u00e9voile une silhouette imposante qui domine l\u2019horizon. Tout au long de la balade, les randonneurs profiteront d\u2019une v\u00e9ritable immersion au c\u0153ur de la r\u00e9serve naturelle de Jujols.<\/p>\n<p>Cr\u00e9\u00e9e en 1986 et s\u2019\u00e9tendant sur 472 hectares, cette r\u00e9serve est un sanctuaire de biodiversit\u00e9. Les amoureux de la nature auront l\u2019occasion unique d\u2019observer une faune exceptionnelle, telle que le gypa\u00e8te barbu, le vautour percnopt\u00e8re ou encore le faucon p\u00e8lerin, des esp\u00e8ces aujourd\u2019hui prot\u00e9g\u00e9es. C\u00f4t\u00e9 flore, le site est tout aussi impressionnant avec ses plantes rares, comme la gentiane de Koch et l&rsquo;orchis de Provence qui ajoutent des touches de couleur \u00e0 cette terre montagneuse. Chaque pas dans cette nature pr\u00e9serv\u00e9e vous rappellera \u00e0 quel point le patrimoine naturel du Conflent est unique.<\/p>\n<p>Le tarif de cette aventure est de 14,00 \u20ac par personne, un investissement qui vaut largement la peine pour une exp\u00e9rience aussi riche sur le plan visuel et \u00e9motionnel. Puisque la randonn\u00e9e est con\u00e7ue pour durer environ trois heures, elle laisse \u00e9galement le temps parfait pour une d\u00e9couverte sans pr\u00e9cipitation des lieux et des esp\u00e8ces. Pr\u00e9parez votre appareil photo : les souvenirs que vous rapporterez surpasseront vos attentes.<\/p>\n<p>Que vous soyez un habitu\u00e9 des randonn\u00e9es ou en qu\u00eate d\u2019un moment d\u2019\u00e9vasion en pleine nature, la balade \u00ab Jujols, Fen\u00eatre sur le Canigou \u00bb vous promet un moment ressour\u00e7ant. Alors, chaussez vos baskets et venez partager cette aventure conviviale et revitalisante, au c\u0153ur du Conflent !<\/p>\n<p>Les places \u00e9tant limit\u00e9es, il est vivement conseill\u00e9 de r\u00e9server votre participation et de vous renseigner sur les points de covoiturage pour un d\u00e9part en toute s\u00e9r\u00e9nit\u00e9.<\/p>\n<h3>Informaci\u00f3 pr\u00e0ctica<\/h3>\n<p>\ud83d\udcc5 QUAND ? Jeudi 2 avril, 14h30<br \/>\ud83d\udccd O\u00d9 ? Molitg-les-Bains, Conflent<br \/>\ud83d\udcb6 COMBIEN ? 14,00 \u20ac par personne<\/p>","protected":false},"excerpt":{"rendered":"<p>D\u00e9couvrez le massif du Canigou lors d&rsquo;une randonn\u00e9e exceptionnelle \u00e0 Jujols le 2 avril, une exp\u00e9rience immersive au c\u0153ur d&rsquo;une r\u00e9serve naturelle prot\u00e9g\u00e9e.<\/p>","protected":false},"author":5,"featured_media":5475,"comment_status":"closed","ping_status":"open","sticky":false,"template":"","format":"standard","meta":{"_yoast_wpseo_focuskw":"randonn\u00e9e Jujols Canigou Molitg-les-Bains","_yoast_wpseo_title":"Jujols Fen\u00eatre sur le Canigou Molitg-les-Bains : randonn\u00e9e spectaculaire","_yoast_wpseo_metadesc":"Jujols Fen\u00eatre sur le Canigou Molitg-les-Bains : d\u00e9couvrez des paysages spectaculaires et une biodiversit\u00e9 exceptionnelle dans les Pyr\u00e9n\u00e9es-Orientales. Randonn\u00e9e de 3h pour tous les niveaux.","_yoast_wpseo_canonical":"","_yoast_wpseo_opengraph-title":"\u00c9merveillement garanti : randonn\u00e9e \u00e0 Jujols avec vue sur le Canigou - une exp\u00e9rience inoubliable","_yoast_wpseo_opengraph-description":"Immergez-vous dans les paysages spectaculaires de Jujols et admirez le Canigou. Une randonn\u00e9e inoubliable au c\u0153ur de la nature pr\u00e9serv\u00e9e des Pyr\u00e9n\u00e9es-Orientales.","_yoast_wpseo_opengraph-image":"https:\/\/www.locansol.fr\/wp-content\/uploads\/2026\/04\/randonnee-jujols-canigou-molitg-les-bains.webp","_yoast_wpseo_opengraph-image-id":"","_yoast_wpseo_twitter-title":"Randonn\u00e9e \u00e0 Jujols : vues \u00e9poustouflantes sur le Canigou","_yoast_wpseo_twitter-description":"D\u00e9couvrez des paysages spectaculaires et une biodiversit\u00e9 exceptionnelle lors de la randonn\u00e9e \u00e0 Jujols. Vue imprenable sur le Canigou. R\u00e9servez vite !","_yoast_wpseo_twitter-image":"https:\/\/www.locansol.fr\/wp-content\/uploads\/2026\/04\/randonnee-jujols-canigou-molitg-les-bains.webp","_yoast_wpseo_twitter-image-id":"","yoast_primary_category":"Randonn\u00e9e","footnotes":""},"categories":[29],"tags":[70,76],"class_list":["post-5476","post","type-post","status-publish","format-standard","has-post-thumbnail","hentry","category-agenda-pyrenees-orientales","tag-nature","tag-pyrenees-orientales"],"yoast_head":"<!-- This site is optimized with the Yoast SEO Premium plugin v23.3 (Yoast SEO v26.9) - https:\/\/yoast.com\/product\/yoast-seo-premium-wordpress\/ -->\n<title>Jujols Fen\u00eatre sur le Canigou Molitg-les-Bains : randonn\u00e9e spectaculaire<\/title>\n<meta name=\"description\" content=\"Jujols Fen\u00eatre sur le Canigou Molitg-les-Bains : d\u00e9couvrez des paysages spectaculaires et une biodiversit\u00e9 exceptionnelle dans les Pyr\u00e9n\u00e9es-Orientales. Randonn\u00e9e de 3h pour tous les niveaux.\" \/>\n<meta name=\"robots\" content=\"index, follow, max-snippet:-1, max-image-preview:large, max-video-preview:-1\" \/>\n<link rel=\"canonical\" href=\"https:\/\/www.locansol.fr\/ca\/randonnee-jujols-canigou-molitg-les-bains\/\" \/>\n<meta property=\"og:locale\" content=\"ca_ES\" \/>\n<meta property=\"og:type\" content=\"article\" \/>\n<meta property=\"og:title\" content=\"\u00c9merveillement garanti : randonn\u00e9e \u00e0 Jujols avec vue sur le Canigou - une exp\u00e9rience inoubliable\" \/>\n<meta property=\"og:description\" content=\"Immergez-vous dans les paysages spectaculaires de Jujols et admirez le Canigou. Une randonn\u00e9e inoubliable au c\u0153ur de la nature pr\u00e9serv\u00e9e des Pyr\u00e9n\u00e9es-Orientales.\" \/>\n<meta property=\"og:url\" content=\"https:\/\/www.locansol.fr\/ca\/randonnee-jujols-canigou-molitg-les-bains\/\" \/>\n<meta property=\"og:site_name\" content=\"Locansol, louer un h\u00e9bergement dans les Pyr\u00e9n\u00e9es Orientales\" \/>\n<meta property=\"article:published_time\" content=\"2026-04-02T18:08:56+00:00\" \/>\n<meta property=\"article:modified_time\" content=\"2026-04-02T18:09:02+00:00\" \/>\n<meta property=\"og:image\" content=\"https:\/\/www.locansol.fr\/wp-content\/uploads\/2026\/04\/randonnee-jujols-canigou-molitg-les-bains.webp\" \/>\n<meta name=\"author\" content=\"H\u00e9bergements Locansol\" \/>\n<meta name=\"twitter:card\" content=\"summary_large_image\" \/>\n<meta name=\"twitter:title\" content=\"Randonn\u00e9e \u00e0 Jujols : vues \u00e9poustouflantes sur le Canigou\" \/>\n<meta name=\"twitter:description\" content=\"D\u00e9couvrez des paysages spectaculaires et une biodiversit\u00e9 exceptionnelle lors de la randonn\u00e9e \u00e0 Jujols. Vue imprenable sur le Canigou. R\u00e9servez vite !\" \/>\n<meta name=\"twitter:image\" content=\"https:\/\/www.locansol.fr\/wp-content\/uploads\/2026\/04\/randonnee-jujols-canigou-molitg-les-bains.webp\" \/>\n<meta name=\"twitter:label1\" content=\"Escrit per\" \/>\n\t<meta name=\"twitter:data1\" content=\"H\u00e9bergements Locansol\" \/>\n\t<meta name=\"twitter:label2\" content=\"Temps estimat de lectura\" \/>\n\t<meta name=\"twitter:data2\" content=\"2 minuts\" \/>\n<script type=\"application\/ld+json\" class=\"yoast-schema-graph\">{\"@context\":\"https:\/\/schema.org\",\"@graph\":[{\"@type\":\"Article\",\"@id\":\"https:\/\/www.locansol.fr\/randonnee-jujols-canigou-molitg-les-bains\/#article\",\"isPartOf\":{\"@id\":\"https:\/\/www.locansol.fr\/randonnee-jujols-canigou-molitg-les-bains\/\"},\"author\":{\"name\":\"H\u00e9bergements Locansol\",\"@id\":\"https:\/\/www.locansol.fr\/#\/schema\/person\/0b08d440f1ac44674c6d498107de351d\"},\"headline\":\"Molitg-les-Bains, 2 avril 2023 : randonn\u00e9e Jujols et ses vues \u00e9poustouflantes sur le Canigou\",\"datePublished\":\"2026-04-02T18:08:56+00:00\",\"dateModified\":\"2026-04-02T18:09:02+00:00\",\"mainEntityOfPage\":{\"@id\":\"https:\/\/www.locansol.fr\/randonnee-jujols-canigou-molitg-les-bains\/\"},\"wordCount\":481,\"publisher\":{\"@id\":\"https:\/\/www.locansol.fr\/#organization\"},\"image\":{\"@id\":\"https:\/\/www.locansol.fr\/randonnee-jujols-canigou-molitg-les-bains\/#primaryimage\"},\"thumbnailUrl\":\"https:\/\/www.locansol.fr\/wp-content\/uploads\/2026\/04\/randonnee-jujols-canigou-molitg-les-bains.webp\",\"keywords\":[\"Nature\",\"Pyr\u00e9n\u00e9es-Orientales\"],\"articleSection\":[\"Agenda\"],\"inLanguage\":\"ca\"},{\"@type\":\"WebPage\",\"@id\":\"https:\/\/www.locansol.fr\/randonnee-jujols-canigou-molitg-les-bains\/\",\"url\":\"https:\/\/www.locansol.fr\/randonnee-jujols-canigou-molitg-les-bains\/\",\"name\":\"Jujols Fen\u00eatre sur le Canigou Molitg-les-Bains : randonn\u00e9e spectaculaire\",\"isPartOf\":{\"@id\":\"https:\/\/www.locansol.fr\/#website\"},\"primaryImageOfPage\":{\"@id\":\"https:\/\/www.locansol.fr\/randonnee-jujols-canigou-molitg-les-bains\/#primaryimage\"},\"image\":{\"@id\":\"https:\/\/www.locansol.fr\/randonnee-jujols-canigou-molitg-les-bains\/#primaryimage\"},\"thumbnailUrl\":\"https:\/\/www.locansol.fr\/wp-content\/uploads\/2026\/04\/randonnee-jujols-canigou-molitg-les-bains.webp\",\"datePublished\":\"2026-04-02T18:08:56+00:00\",\"dateModified\":\"2026-04-02T18:09:02+00:00\",\"description\":\"Jujols Fen\u00eatre sur le Canigou Molitg-les-Bains : d\u00e9couvrez des paysages spectaculaires et une biodiversit\u00e9 exceptionnelle dans les Pyr\u00e9n\u00e9es-Orientales. Randonn\u00e9e de 3h pour tous les niveaux.\",\"breadcrumb\":{\"@id\":\"https:\/\/www.locansol.fr\/randonnee-jujols-canigou-molitg-les-bains\/#breadcrumb\"},\"inLanguage\":\"ca\",\"potentialAction\":[{\"@type\":\"ReadAction\",\"target\":[\"https:\/\/www.locansol.fr\/randonnee-jujols-canigou-molitg-les-bains\/\"]}]},{\"@type\":\"ImageObject\",\"inLanguage\":\"ca\",\"@id\":\"https:\/\/www.locansol.fr\/randonnee-jujols-canigou-molitg-les-bains\/#primaryimage\",\"url\":\"https:\/\/www.locansol.fr\/wp-content\/uploads\/2026\/04\/randonnee-jujols-canigou-molitg-les-bains.webp\",\"contentUrl\":\"https:\/\/www.locansol.fr\/wp-content\/uploads\/2026\/04\/randonnee-jujols-canigou-molitg-les-bains.webp\",\"width\":600,\"height\":850,\"caption\":\"Jujols Fen\u00eatre sur le Canigou Molitg-les-Bains : randonn\u00e9e spectaculaire\"},{\"@type\":\"BreadcrumbList\",\"@id\":\"https:\/\/www.locansol.fr\/randonnee-jujols-canigou-molitg-les-bains\/#breadcrumb\",\"itemListElement\":[{\"@type\":\"ListItem\",\"position\":1,\"name\":\"Accueil\",\"item\":\"https:\/\/www.locansol.fr\/\"},{\"@type\":\"ListItem\",\"position\":2,\"name\":\"Molitg-les-Bains, 2 avril 2023 : randonn\u00e9e Jujols et ses vues \u00e9poustouflantes sur le Canigou\"}]},{\"@type\":\"WebSite\",\"@id\":\"https:\/\/www.locansol.fr\/#website\",\"url\":\"https:\/\/www.locansol.fr\/\",\"name\":\"Locansol, louer un h\u00e9bergement dans les Pyr\u00e9n\u00e9es-Orientales\",\"description\":\"Location Mobil-home Mer M\u00e9diterran\u00e9e &amp; Chalet de Montagne dans les Pyr\u00e9n\u00e9es Orientales (Occitanie, 66). Weekend, s\u00e9jour &amp; vacances en famille et entre amis.\",\"publisher\":{\"@id\":\"https:\/\/www.locansol.fr\/#organization\"},\"alternateName\":\"Louer un h\u00e9bergement dans les Pyr\u00e9n\u00e9es Orientales, chalet & mobil-home en Occitanie\",\"potentialAction\":[{\"@type\":\"SearchAction\",\"target\":{\"@type\":\"EntryPoint\",\"urlTemplate\":\"https:\/\/www.locansol.fr\/?s={search_term_string}\"},\"query-input\":{\"@type\":\"PropertyValueSpecification\",\"valueRequired\":true,\"valueName\":\"search_term_string\"}}],\"inLanguage\":\"ca\"},{\"@type\":\"Organization\",\"@id\":\"https:\/\/www.locansol.fr\/#organization\",\"name\":\"Location MobilHome & chalet dans les Pyr\u00e9n\u00e9es Orientales\",\"alternateName\":\"Louer un h\u00e9bergement dans les Pyr\u00e9n\u00e9es Orientales en Occitanie\",\"url\":\"https:\/\/www.locansol.fr\/\",\"logo\":{\"@type\":\"ImageObject\",\"inLanguage\":\"ca\",\"@id\":\"https:\/\/www.locansol.fr\/#\/schema\/logo\/image\/\",\"url\":\"https:\/\/www.locansol.fr\/wp-content\/uploads\/2024\/04\/AdobeStock_303324767-scaled.jpeg\",\"contentUrl\":\"https:\/\/www.locansol.fr\/wp-content\/uploads\/2024\/04\/AdobeStock_303324767-scaled.jpeg\",\"width\":2560,\"height\":1707,\"caption\":\"Location MobilHome & chalet dans les Pyr\u00e9n\u00e9es Orientales\"},\"image\":{\"@id\":\"https:\/\/www.locansol.fr\/#\/schema\/logo\/image\/\"}},{\"@type\":\"Person\",\"@id\":\"https:\/\/www.locansol.fr\/#\/schema\/person\/0b08d440f1ac44674c6d498107de351d\",\"name\":\"H\u00e9bergements Locansol\",\"image\":{\"@type\":\"ImageObject\",\"inLanguage\":\"ca\",\"@id\":\"https:\/\/www.locansol.fr\/#\/schema\/person\/image\/\",\"url\":\"https:\/\/secure.gravatar.com\/avatar\/444436b93284204f8116b6e0eb964cd3fcb811519c737232bde6dd5743c37ee5?s=96&d=mm&r=g\",\"contentUrl\":\"https:\/\/secure.gravatar.com\/avatar\/444436b93284204f8116b6e0eb964cd3fcb811519c737232bde6dd5743c37ee5?s=96&d=mm&r=g\",\"caption\":\"H\u00e9bergements Locansol\"},\"sameAs\":[\"https:\/\/www.locansol.fr\/\"],\"url\":\"https:\/\/www.locansol.fr\/ca\/author\/locansol\/\"}]}<\/script>\n<!-- \/ Yoast SEO Premium plugin. -->","yoast_head_json":{"title":"Jujols Fen\u00eatre sur le Canigou Molitg-les-Bains : randonn\u00e9e spectaculaire","description":"Jujols Fen\u00eatre sur le Canigou Molitg-les-Bains : d\u00e9couvrez des paysages spectaculaires et une biodiversit\u00e9 exceptionnelle dans les Pyr\u00e9n\u00e9es-Orientales. Randonn\u00e9e de 3h pour tous les niveaux.","robots":{"index":"index","follow":"follow","max-snippet":"max-snippet:-1","max-image-preview":"max-image-preview:large","max-video-preview":"max-video-preview:-1"},"canonical":"https:\/\/www.locansol.fr\/ca\/randonnee-jujols-canigou-molitg-les-bains\/","og_locale":"ca_ES","og_type":"article","og_title":"\u00c9merveillement garanti : randonn\u00e9e \u00e0 Jujols avec vue sur le Canigou - une exp\u00e9rience inoubliable","og_description":"Immergez-vous dans les paysages spectaculaires de Jujols et admirez le Canigou. Une randonn\u00e9e inoubliable au c\u0153ur de la nature pr\u00e9serv\u00e9e des Pyr\u00e9n\u00e9es-Orientales.","og_url":"https:\/\/www.locansol.fr\/ca\/randonnee-jujols-canigou-molitg-les-bains\/","og_site_name":"Locansol, louer un h\u00e9bergement dans les Pyr\u00e9n\u00e9es Orientales","article_published_time":"2026-04-02T18:08:56+00:00","article_modified_time":"2026-04-02T18:09:02+00:00","og_image":[{"url":"https:\/\/www.locansol.fr\/wp-content\/uploads\/2026\/04\/randonnee-jujols-canigou-molitg-les-bains.webp","type":"","width":"","height":""}],"author":"H\u00e9bergements Locansol","twitter_card":"summary_large_image","twitter_title":"Randonn\u00e9e \u00e0 Jujols : vues \u00e9poustouflantes sur le Canigou","twitter_description":"D\u00e9couvrez des paysages spectaculaires et une biodiversit\u00e9 exceptionnelle lors de la randonn\u00e9e \u00e0 Jujols. Vue imprenable sur le Canigou. R\u00e9servez vite !","twitter_image":"https:\/\/www.locansol.fr\/wp-content\/uploads\/2026\/04\/randonnee-jujols-canigou-molitg-les-bains.webp","twitter_misc":{"Escrit per":"H\u00e9bergements Locansol","Temps estimat de lectura":"2 minuts"},"schema":{"@context":"https:\/\/schema.org","@graph":[{"@type":"Article","@id":"https:\/\/www.locansol.fr\/randonnee-jujols-canigou-molitg-les-bains\/#article","isPartOf":{"@id":"https:\/\/www.locansol.fr\/randonnee-jujols-canigou-molitg-les-bains\/"},"author":{"name":"H\u00e9bergements Locansol","@id":"https:\/\/www.locansol.fr\/#\/schema\/person\/0b08d440f1ac44674c6d498107de351d"},"headline":"Molitg-les-Bains, 2 avril 2023 : randonn\u00e9e Jujols et ses vues \u00e9poustouflantes sur le Canigou","datePublished":"2026-04-02T18:08:56+00:00","dateModified":"2026-04-02T18:09:02+00:00","mainEntityOfPage":{"@id":"https:\/\/www.locansol.fr\/randonnee-jujols-canigou-molitg-les-bains\/"},"wordCount":481,"publisher":{"@id":"https:\/\/www.locansol.fr\/#organization"},"image":{"@id":"https:\/\/www.locansol.fr\/randonnee-jujols-canigou-molitg-les-bains\/#primaryimage"},"thumbnailUrl":"https:\/\/www.locansol.fr\/wp-content\/uploads\/2026\/04\/randonnee-jujols-canigou-molitg-les-bains.webp","keywords":["Nature","Pyr\u00e9n\u00e9es-Orientales"],"articleSection":["Agenda"],"inLanguage":"ca"},{"@type":"WebPage","@id":"https:\/\/www.locansol.fr\/randonnee-jujols-canigou-molitg-les-bains\/","url":"https:\/\/www.locansol.fr\/randonnee-jujols-canigou-molitg-les-bains\/","name":"Jujols Fen\u00eatre sur le Canigou Molitg-les-Bains : randonn\u00e9e spectaculaire","isPartOf":{"@id":"https:\/\/www.locansol.fr\/#website"},"primaryImageOfPage":{"@id":"https:\/\/www.locansol.fr\/randonnee-jujols-canigou-molitg-les-bains\/#primaryimage"},"image":{"@id":"https:\/\/www.locansol.fr\/randonnee-jujols-canigou-molitg-les-bains\/#primaryimage"},"thumbnailUrl":"https:\/\/www.locansol.fr\/wp-content\/uploads\/2026\/04\/randonnee-jujols-canigou-molitg-les-bains.webp","datePublished":"2026-04-02T18:08:56+00:00","dateModified":"2026-04-02T18:09:02+00:00","description":"Jujols Fen\u00eatre sur le Canigou Molitg-les-Bains : d\u00e9couvrez des paysages spectaculaires et une biodiversit\u00e9 exceptionnelle dans les Pyr\u00e9n\u00e9es-Orientales. Randonn\u00e9e de 3h pour tous les niveaux.","breadcrumb":{"@id":"https:\/\/www.locansol.fr\/randonnee-jujols-canigou-molitg-les-bains\/#breadcrumb"},"inLanguage":"ca","potentialAction":[{"@type":"ReadAction","target":["https:\/\/www.locansol.fr\/randonnee-jujols-canigou-molitg-les-bains\/"]}]},{"@type":"ImageObject","inLanguage":"ca","@id":"https:\/\/www.locansol.fr\/randonnee-jujols-canigou-molitg-les-bains\/#primaryimage","url":"https:\/\/www.locansol.fr\/wp-content\/uploads\/2026\/04\/randonnee-jujols-canigou-molitg-les-bains.webp","contentUrl":"https:\/\/www.locansol.fr\/wp-content\/uploads\/2026\/04\/randonnee-jujols-canigou-molitg-les-bains.webp","width":600,"height":850,"caption":"Jujols Fen\u00eatre sur le Canigou Molitg-les-Bains : randonn\u00e9e spectaculaire"},{"@type":"BreadcrumbList","@id":"https:\/\/www.locansol.fr\/randonnee-jujols-canigou-molitg-les-bains\/#breadcrumb","itemListElement":[{"@type":"ListItem","position":1,"name":"Accueil","item":"https:\/\/www.locansol.fr\/"},{"@type":"ListItem","position":2,"name":"Molitg-les-Bains, 2 avril 2023 : randonn\u00e9e Jujols et ses vues \u00e9poustouflantes sur le Canigou"}]},{"@type":"WebSite","@id":"https:\/\/www.locansol.fr\/#website","url":"https:\/\/www.locansol.fr\/","name":"Locansol, louer un h\u00e9bergement dans les Pyr\u00e9n\u00e9es-Orientales","description":"Location Mobil-home Mer M\u00e9diterran\u00e9e &amp; Chalet de Montagne dans les Pyr\u00e9n\u00e9es Orientales (Occitanie, 66). Weekend, s\u00e9jour &amp; vacances en famille et entre amis.","publisher":{"@id":"https:\/\/www.locansol.fr\/#organization"},"alternateName":"Louer un h\u00e9bergement dans les Pyr\u00e9n\u00e9es Orientales, chalet & mobil-home en Occitanie","potentialAction":[{"@type":"SearchAction","target":{"@type":"EntryPoint","urlTemplate":"https:\/\/www.locansol.fr\/?s={search_term_string}"},"query-input":{"@type":"PropertyValueSpecification","valueRequired":true,"valueName":"search_term_string"}}],"inLanguage":"ca"},{"@type":"Organization","@id":"https:\/\/www.locansol.fr\/#organization","name":"Location MobilHome & chalet dans les Pyr\u00e9n\u00e9es Orientales","alternateName":"Louer un h\u00e9bergement dans les Pyr\u00e9n\u00e9es Orientales en Occitanie","url":"https:\/\/www.locansol.fr\/","logo":{"@type":"ImageObject","inLanguage":"ca","@id":"https:\/\/www.locansol.fr\/#\/schema\/logo\/image\/","url":"https:\/\/www.locansol.fr\/wp-content\/uploads\/2024\/04\/AdobeStock_303324767-scaled.jpeg","contentUrl":"https:\/\/www.locansol.fr\/wp-content\/uploads\/2024\/04\/AdobeStock_303324767-scaled.jpeg","width":2560,"height":1707,"caption":"Location MobilHome & chalet dans les Pyr\u00e9n\u00e9es Orientales"},"image":{"@id":"https:\/\/www.locansol.fr\/#\/schema\/logo\/image\/"}},{"@type":"Person","@id":"https:\/\/www.locansol.fr\/#\/schema\/person\/0b08d440f1ac44674c6d498107de351d","name":"H\u00e9bergements Locansol","image":{"@type":"ImageObject","inLanguage":"ca","@id":"https:\/\/www.locansol.fr\/#\/schema\/person\/image\/","url":"https:\/\/secure.gravatar.com\/avatar\/444436b93284204f8116b6e0eb964cd3fcb811519c737232bde6dd5743c37ee5?s=96&d=mm&r=g","contentUrl":"https:\/\/secure.gravatar.com\/avatar\/444436b93284204f8116b6e0eb964cd3fcb811519c737232bde6dd5743c37ee5?s=96&d=mm&r=g","caption":"H\u00e9bergements Locansol"},"sameAs":["https:\/\/www.locansol.fr\/"],"url":"https:\/\/www.locansol.fr\/ca\/author\/locansol\/"}]}},"_links":{"self":[{"href":"https:\/\/www.locansol.fr\/ca\/wp-json\/wp\/v2\/posts\/5476","targetHints":{"allow":["GET"]}}],"collection":[{"href":"https:\/\/www.locansol.fr\/ca\/wp-json\/wp\/v2\/posts"}],"about":[{"href":"https:\/\/www.locansol.fr\/ca\/wp-json\/wp\/v2\/types\/post"}],"author":[{"embeddable":true,"href":"https:\/\/www.locansol.fr\/ca\/wp-json\/wp\/v2\/users\/5"}],"replies":[{"embeddable":true,"href":"https:\/\/www.locansol.fr\/ca\/wp-json\/wp\/v2\/comments?post=5476"}],"version-history":[{"count":1,"href":"https:\/\/www.locansol.fr\/ca\/wp-json\/wp\/v2\/posts\/5476\/revisions"}],"predecessor-version":[{"id":5477,"href":"https:\/\/www.locansol.fr\/ca\/wp-json\/wp\/v2\/posts\/5476\/revisions\/5477"}],"wp:featuredmedia":[{"embeddable":true,"href":"https:\/\/www.locansol.fr\/ca\/wp-json\/wp\/v2\/media\/5475"}],"wp:attachment":[{"href":"https:\/\/www.locansol.fr\/ca\/wp-json\/wp\/v2\/media?parent=5476"}],"wp:term":[{"taxonomy":"category","embeddable":true,"href":"https:\/\/www.locansol.fr\/ca\/wp-json\/wp\/v2\/categories?post=5476"},{"taxonomy":"post_tag","embeddable":true,"href":"https:\/\/www.locansol.fr\/ca\/wp-json\/wp\/v2\/tags?post=5476"}],"curies":[{"name":"wp","href":"https:\/\/api.w.org\/{rel}","templated":true}]}}