{"id":6256,"date":"2026-04-20T00:11:54","date_gmt":"2026-04-19T22:11:54","guid":{"rendered":"https:\/\/www.locansol.fr\/exposition-troubadours-roussillonnais-belesta\/"},"modified":"2026-04-20T00:11:58","modified_gmt":"2026-04-19T22:11:58","slug":"exposition-troubadours-roussillonnais-belesta","status":"publish","type":"post","link":"https:\/\/www.locansol.fr\/ca\/exposition-troubadours-roussillonnais-belesta\/","title":{"rendered":"B\u00e9lesta 18 avril &#8211; 30 d\u00e9cembre : Exposition Troubadours Roussillonnais, entre histoire et art"},"content":{"rendered":"<p>Du 18 avril au 30 d\u00e9cembre, embarquez pour un voyage fascinant \u00e0 travers les si\u00e8cles au Ch\u00e2teau-Mus\u00e9e de Pr\u00e9histoire de B\u00e9lesta avec l\u2019exposition \u00ab Troubadours Roussillonnais &#8211; Traits d\u2019union entre Catalans et Occitans \u00bb. Situ\u00e9e dans le c\u0153ur pittoresque de B\u00e9lesta, cette exposition culturelle apporte une plong\u00e9e captivante dans l\u2019univers des troubadours du Moyen \u00c2ge, figures embl\u00e9matiques de la po\u00e9sie et de la musique qui ont marqu\u00e9 l\u2019histoire de la Catalogne et de l\u2019Occitanie.<\/p>\n<p>Au programme, les visiteurs pourront admirer une s\u00e9lection pr\u00e9cieuse d\u2019objets, parchemins et repr\u00e9sentations \u00e9voquant les l\u00e9gendes et les traditions des troubadours roussillonnais. Ces artistes d\u2019un autre temps, connus pour leurs r\u00e9cits d\u2019amour courtois et d\u2019aventures chevaleresques, revivent au travers d\u2019une mise en sc\u00e8ne soign\u00e9e, enrichie par les \u0153uvres d\u2019Antoine Noetinger, artiste peintre roussillonnais passionn\u00e9 par l\u2019iconographie m\u00e9di\u00e9vale et les chevaliers catalans. Ses tableaux, impr\u00e9gn\u00e9s de l\u2019\u00e9motion et de la magie du Moyen \u00c2ge, dialoguent harmonieusement avec les \u00e9l\u00e9ments historiques expos\u00e9s, offrant un regard contemporain sur un patrimoine s\u00e9culaire.<\/p>\n<p>Le cadre du Ch\u00e2teau-Mus\u00e9e de Pr\u00e9histoire de B\u00e9lesta, lui-m\u00eame empreint d\u2019histoire, constitue un \u00e9crin remarquable pour ces tr\u00e9sors m\u00e9di\u00e9vaux. Ce lieu embl\u00e9matique, situ\u00e9 au 5 rue du Ch\u00e2teau, abrite \u00e9galement une collection vari\u00e9e d\u2019objets pr\u00e9historiques, renfor\u00e7ant encore le caract\u00e8re exceptionnel de cette visite. La visite devient ainsi une double d\u00e9couverte : celle de l\u2019exposition d\u00e9di\u00e9e aux troubadours, mais \u00e9galement celle d\u2019un site historique \u00e0 part enti\u00e8re.<\/p>\n<p>Que vous soyez passionn\u00e9 d&rsquo;histoire, amateur d\u2019art ou simplement en qu\u00eate de nouvelles explorations culturelles, \u00ab Troubadours Roussillonnais \u00bb saura captiver votre curiosity et enrichir votre connaissance des traditions catalanes et occitanes. Le tarif de 5,50 \u20ac pour profiter de cette immersion compl\u00e8te dans l\u2019univers m\u00e9di\u00e9val est accessible \u00e0 tous, faisant de cet \u00e9v\u00e9nement un rendez-vous incontournable pour petits et grands.<\/p>\n<p>N\u2019h\u00e9sitez pas \u00e0 planifier votre visite et \u00e0 d\u00e9couvrir cette exposition unique, qui promet un v\u00e9ritable voyage dans le temps au c\u0153ur du pays roussillonnais. Une mani\u00e8re id\u00e9ale de m\u00ealer culture, histoire et plaisir dans un cadre d\u2019exception.<\/p>\n<h3>Informaci\u00f3 pr\u00e0ctica<\/h3>\n<p>\ud83d\udcc5 QUAND ? Du 18 avril au 30 d\u00e9cembre<br \/>\ud83d\udccd O\u00d9 ? Ch\u00e2teau mus\u00e9e, 5 rue du ch\u00e2teau, B\u00e9lesta<br \/>\ud83d\udcb6 COMBIEN ? Plein tarif : 5,50 \u20ac<\/p>","protected":false},"excerpt":{"rendered":"<p>D\u00e9couvrez l&rsquo;univers des troubadours roussillonnais au Ch\u00e2teau-Mus\u00e9e de B\u00e9lesta, du 18 avril au 30 d\u00e9cembre.<\/p>","protected":false},"author":5,"featured_media":6255,"comment_status":"closed","ping_status":"open","sticky":false,"template":"","format":"standard","meta":{"_yoast_wpseo_focuskw":"Exposition Troubadours Roussillonnais B\u00e9lesta","_yoast_wpseo_title":"Exposition Troubadours Roussillonnais B\u00e9lesta - Voyage M\u00e9di\u00e9val","_yoast_wpseo_metadesc":"Exposition Troubadours Roussillonnais B\u00e9lesta. D\u00e9couvrez l'univers des troubadours m\u00e9di\u00e9vaux \u00e0 travers des objets et parchemins. Dans les Pyr\u00e9n\u00e9es-Orientales, une immersion culturelle unique vous attend.","_yoast_wpseo_canonical":"","_yoast_wpseo_opengraph-title":"Voyagez dans le temps : Exposition Troubadours Roussillonnais \u00e0 B\u00e9lesta","_yoast_wpseo_opengraph-description":"Plongez dans l'univers des troubadours m\u00e9di\u00e9vaux \u00e0 B\u00e9lesta. Une exposition captivante o\u00f9 histoire et art se rencontrent, avec des \u0153uvres uniques et des parchemins anciens.","_yoast_wpseo_opengraph-image":"https:\/\/www.locansol.fr\/wp-content\/uploads\/2026\/04\/exposition-troubadours-roussillonnais-belesta.webp","_yoast_wpseo_opengraph-image-id":"","_yoast_wpseo_twitter-title":"D\u00e9couvrez les Troubadours Roussillonnais \u00e0 B\u00e9lesta","_yoast_wpseo_twitter-description":"Plongez dans l'histoire m\u00e9di\u00e9vale avec l'exposition Troubadours Roussillonnais \u00e0 B\u00e9lesta. Une exp\u00e9rience culturelle unique \u00e0 ne pas manquer !","_yoast_wpseo_twitter-image":"https:\/\/www.locansol.fr\/wp-content\/uploads\/2026\/04\/exposition-troubadours-roussillonnais-belesta.webp","_yoast_wpseo_twitter-image-id":"","yoast_primary_category":"Exposition","footnotes":""},"categories":[35],"tags":[66,76],"class_list":["post-6256","post","type-post","status-publish","format-standard","has-post-thumbnail","hentry","category-carnaval","tag-evenement-culturel","tag-pyrenees-orientales"],"yoast_head":"<!-- This site is optimized with the Yoast SEO Premium plugin v23.3 (Yoast SEO v26.9) - https:\/\/yoast.com\/product\/yoast-seo-premium-wordpress\/ -->\n<title>Exposition Troubadours Roussillonnais B\u00e9lesta - Voyage M\u00e9di\u00e9val<\/title>\n<meta name=\"description\" content=\"Exposition Troubadours Roussillonnais B\u00e9lesta. D\u00e9couvrez l&#039;univers des troubadours m\u00e9di\u00e9vaux \u00e0 travers des objets et parchemins. Dans les Pyr\u00e9n\u00e9es-Orientales, une immersion culturelle unique vous attend.\" \/>\n<meta name=\"robots\" content=\"index, follow, max-snippet:-1, max-image-preview:large, max-video-preview:-1\" \/>\n<link rel=\"canonical\" href=\"https:\/\/www.locansol.fr\/ca\/exposition-troubadours-roussillonnais-belesta\/\" \/>\n<meta property=\"og:locale\" content=\"ca_ES\" \/>\n<meta property=\"og:type\" content=\"article\" \/>\n<meta property=\"og:title\" content=\"Voyagez dans le temps : Exposition Troubadours Roussillonnais \u00e0 B\u00e9lesta\" \/>\n<meta property=\"og:description\" content=\"Plongez dans l&#039;univers des troubadours m\u00e9di\u00e9vaux \u00e0 B\u00e9lesta. Une exposition captivante o\u00f9 histoire et art se rencontrent, avec des \u0153uvres uniques et des parchemins anciens.\" \/>\n<meta property=\"og:url\" content=\"https:\/\/www.locansol.fr\/ca\/exposition-troubadours-roussillonnais-belesta\/\" \/>\n<meta property=\"og:site_name\" content=\"Locansol, louer un h\u00e9bergement dans les Pyr\u00e9n\u00e9es Orientales\" \/>\n<meta property=\"article:published_time\" content=\"2026-04-19T22:11:54+00:00\" \/>\n<meta property=\"article:modified_time\" content=\"2026-04-19T22:11:58+00:00\" \/>\n<meta property=\"og:image\" content=\"https:\/\/www.locansol.fr\/wp-content\/uploads\/2026\/04\/exposition-troubadours-roussillonnais-belesta.webp\" \/>\n<meta name=\"author\" content=\"H\u00e9bergements Locansol\" \/>\n<meta name=\"twitter:card\" content=\"summary_large_image\" \/>\n<meta name=\"twitter:title\" content=\"D\u00e9couvrez les Troubadours Roussillonnais \u00e0 B\u00e9lesta\" \/>\n<meta name=\"twitter:description\" content=\"Plongez dans l&#039;histoire m\u00e9di\u00e9vale avec l&#039;exposition Troubadours Roussillonnais \u00e0 B\u00e9lesta. Une exp\u00e9rience culturelle unique \u00e0 ne pas manquer !\" \/>\n<meta name=\"twitter:image\" content=\"https:\/\/www.locansol.fr\/wp-content\/uploads\/2026\/04\/exposition-troubadours-roussillonnais-belesta.webp\" \/>\n<meta name=\"twitter:label1\" content=\"Escrit per\" \/>\n\t<meta name=\"twitter:data1\" content=\"H\u00e9bergements Locansol\" \/>\n\t<meta name=\"twitter:label2\" content=\"Temps estimat de lectura\" \/>\n\t<meta name=\"twitter:data2\" content=\"2 minuts\" \/>\n<script type=\"application\/ld+json\" class=\"yoast-schema-graph\">{\"@context\":\"https:\/\/schema.org\",\"@graph\":[{\"@type\":\"Article\",\"@id\":\"https:\/\/www.locansol.fr\/exposition-troubadours-roussillonnais-belesta\/#article\",\"isPartOf\":{\"@id\":\"https:\/\/www.locansol.fr\/exposition-troubadours-roussillonnais-belesta\/\"},\"author\":{\"name\":\"H\u00e9bergements Locansol\",\"@id\":\"https:\/\/www.locansol.fr\/#\/schema\/person\/0b08d440f1ac44674c6d498107de351d\"},\"headline\":\"B\u00e9lesta 18 avril &#8211; 30 d\u00e9cembre : Exposition Troubadours Roussillonnais, entre histoire et art\",\"datePublished\":\"2026-04-19T22:11:54+00:00\",\"dateModified\":\"2026-04-19T22:11:58+00:00\",\"mainEntityOfPage\":{\"@id\":\"https:\/\/www.locansol.fr\/exposition-troubadours-roussillonnais-belesta\/\"},\"wordCount\":425,\"publisher\":{\"@id\":\"https:\/\/www.locansol.fr\/#organization\"},\"image\":{\"@id\":\"https:\/\/www.locansol.fr\/exposition-troubadours-roussillonnais-belesta\/#primaryimage\"},\"thumbnailUrl\":\"https:\/\/www.locansol.fr\/wp-content\/uploads\/2026\/04\/exposition-troubadours-roussillonnais-belesta.webp\",\"keywords\":[\"\u00c9v\u00e8nement culturel\",\"Pyr\u00e9n\u00e9es-Orientales\"],\"articleSection\":[\"Carnaval\"],\"inLanguage\":\"ca\"},{\"@type\":\"WebPage\",\"@id\":\"https:\/\/www.locansol.fr\/exposition-troubadours-roussillonnais-belesta\/\",\"url\":\"https:\/\/www.locansol.fr\/exposition-troubadours-roussillonnais-belesta\/\",\"name\":\"Exposition Troubadours Roussillonnais B\u00e9lesta - Voyage M\u00e9di\u00e9val\",\"isPartOf\":{\"@id\":\"https:\/\/www.locansol.fr\/#website\"},\"primaryImageOfPage\":{\"@id\":\"https:\/\/www.locansol.fr\/exposition-troubadours-roussillonnais-belesta\/#primaryimage\"},\"image\":{\"@id\":\"https:\/\/www.locansol.fr\/exposition-troubadours-roussillonnais-belesta\/#primaryimage\"},\"thumbnailUrl\":\"https:\/\/www.locansol.fr\/wp-content\/uploads\/2026\/04\/exposition-troubadours-roussillonnais-belesta.webp\",\"datePublished\":\"2026-04-19T22:11:54+00:00\",\"dateModified\":\"2026-04-19T22:11:58+00:00\",\"description\":\"Exposition Troubadours Roussillonnais B\u00e9lesta. D\u00e9couvrez l'univers des troubadours m\u00e9di\u00e9vaux \u00e0 travers des objets et parchemins. Dans les Pyr\u00e9n\u00e9es-Orientales, une immersion culturelle unique vous attend.\",\"breadcrumb\":{\"@id\":\"https:\/\/www.locansol.fr\/exposition-troubadours-roussillonnais-belesta\/#breadcrumb\"},\"inLanguage\":\"ca\",\"potentialAction\":[{\"@type\":\"ReadAction\",\"target\":[\"https:\/\/www.locansol.fr\/exposition-troubadours-roussillonnais-belesta\/\"]}]},{\"@type\":\"ImageObject\",\"inLanguage\":\"ca\",\"@id\":\"https:\/\/www.locansol.fr\/exposition-troubadours-roussillonnais-belesta\/#primaryimage\",\"url\":\"https:\/\/www.locansol.fr\/wp-content\/uploads\/2026\/04\/exposition-troubadours-roussillonnais-belesta.webp\",\"contentUrl\":\"https:\/\/www.locansol.fr\/wp-content\/uploads\/2026\/04\/exposition-troubadours-roussillonnais-belesta.webp\",\"width\":720,\"height\":1040,\"caption\":\"Exposition Troubadours Roussillonnais B\u00e9lesta - Voyage M\u00e9di\u00e9val\"},{\"@type\":\"BreadcrumbList\",\"@id\":\"https:\/\/www.locansol.fr\/exposition-troubadours-roussillonnais-belesta\/#breadcrumb\",\"itemListElement\":[{\"@type\":\"ListItem\",\"position\":1,\"name\":\"Accueil\",\"item\":\"https:\/\/www.locansol.fr\/\"},{\"@type\":\"ListItem\",\"position\":2,\"name\":\"B\u00e9lesta 18 avril &#8211; 30 d\u00e9cembre : Exposition Troubadours Roussillonnais, entre histoire et art\"}]},{\"@type\":\"WebSite\",\"@id\":\"https:\/\/www.locansol.fr\/#website\",\"url\":\"https:\/\/www.locansol.fr\/\",\"name\":\"Locansol, louer un h\u00e9bergement dans les Pyr\u00e9n\u00e9es-Orientales\",\"description\":\"Location Mobil-home Mer M\u00e9diterran\u00e9e &amp; Chalet de Montagne dans les Pyr\u00e9n\u00e9es Orientales (Occitanie, 66). Weekend, s\u00e9jour &amp; vacances en famille et entre amis.\",\"publisher\":{\"@id\":\"https:\/\/www.locansol.fr\/#organization\"},\"alternateName\":\"Louer un h\u00e9bergement dans les Pyr\u00e9n\u00e9es Orientales, chalet & mobil-home en Occitanie\",\"potentialAction\":[{\"@type\":\"SearchAction\",\"target\":{\"@type\":\"EntryPoint\",\"urlTemplate\":\"https:\/\/www.locansol.fr\/?s={search_term_string}\"},\"query-input\":{\"@type\":\"PropertyValueSpecification\",\"valueRequired\":true,\"valueName\":\"search_term_string\"}}],\"inLanguage\":\"ca\"},{\"@type\":\"Organization\",\"@id\":\"https:\/\/www.locansol.fr\/#organization\",\"name\":\"Location MobilHome & chalet dans les Pyr\u00e9n\u00e9es Orientales\",\"alternateName\":\"Louer un h\u00e9bergement dans les Pyr\u00e9n\u00e9es Orientales en Occitanie\",\"url\":\"https:\/\/www.locansol.fr\/\",\"logo\":{\"@type\":\"ImageObject\",\"inLanguage\":\"ca\",\"@id\":\"https:\/\/www.locansol.fr\/#\/schema\/logo\/image\/\",\"url\":\"https:\/\/www.locansol.fr\/wp-content\/uploads\/2024\/04\/AdobeStock_303324767-scaled.jpeg\",\"contentUrl\":\"https:\/\/www.locansol.fr\/wp-content\/uploads\/2024\/04\/AdobeStock_303324767-scaled.jpeg\",\"width\":2560,\"height\":1707,\"caption\":\"Location MobilHome & chalet dans les Pyr\u00e9n\u00e9es Orientales\"},\"image\":{\"@id\":\"https:\/\/www.locansol.fr\/#\/schema\/logo\/image\/\"}},{\"@type\":\"Person\",\"@id\":\"https:\/\/www.locansol.fr\/#\/schema\/person\/0b08d440f1ac44674c6d498107de351d\",\"name\":\"H\u00e9bergements Locansol\",\"image\":{\"@type\":\"ImageObject\",\"inLanguage\":\"ca\",\"@id\":\"https:\/\/www.locansol.fr\/#\/schema\/person\/image\/\",\"url\":\"https:\/\/secure.gravatar.com\/avatar\/444436b93284204f8116b6e0eb964cd3fcb811519c737232bde6dd5743c37ee5?s=96&d=mm&r=g\",\"contentUrl\":\"https:\/\/secure.gravatar.com\/avatar\/444436b93284204f8116b6e0eb964cd3fcb811519c737232bde6dd5743c37ee5?s=96&d=mm&r=g\",\"caption\":\"H\u00e9bergements Locansol\"},\"sameAs\":[\"https:\/\/www.locansol.fr\/\"],\"url\":\"https:\/\/www.locansol.fr\/ca\/author\/locansol\/\"}]}<\/script>\n<!-- \/ Yoast SEO Premium plugin. -->","yoast_head_json":{"title":"Exposition Troubadours Roussillonnais B\u00e9lesta - Voyage M\u00e9di\u00e9val","description":"Exposition Troubadours Roussillonnais B\u00e9lesta. D\u00e9couvrez l'univers des troubadours m\u00e9di\u00e9vaux \u00e0 travers des objets et parchemins. Dans les Pyr\u00e9n\u00e9es-Orientales, une immersion culturelle unique vous attend.","robots":{"index":"index","follow":"follow","max-snippet":"max-snippet:-1","max-image-preview":"max-image-preview:large","max-video-preview":"max-video-preview:-1"},"canonical":"https:\/\/www.locansol.fr\/ca\/exposition-troubadours-roussillonnais-belesta\/","og_locale":"ca_ES","og_type":"article","og_title":"Voyagez dans le temps : Exposition Troubadours Roussillonnais \u00e0 B\u00e9lesta","og_description":"Plongez dans l'univers des troubadours m\u00e9di\u00e9vaux \u00e0 B\u00e9lesta. Une exposition captivante o\u00f9 histoire et art se rencontrent, avec des \u0153uvres uniques et des parchemins anciens.","og_url":"https:\/\/www.locansol.fr\/ca\/exposition-troubadours-roussillonnais-belesta\/","og_site_name":"Locansol, louer un h\u00e9bergement dans les Pyr\u00e9n\u00e9es Orientales","article_published_time":"2026-04-19T22:11:54+00:00","article_modified_time":"2026-04-19T22:11:58+00:00","og_image":[{"url":"https:\/\/www.locansol.fr\/wp-content\/uploads\/2026\/04\/exposition-troubadours-roussillonnais-belesta.webp","type":"","width":"","height":""}],"author":"H\u00e9bergements Locansol","twitter_card":"summary_large_image","twitter_title":"D\u00e9couvrez les Troubadours Roussillonnais \u00e0 B\u00e9lesta","twitter_description":"Plongez dans l'histoire m\u00e9di\u00e9vale avec l'exposition Troubadours Roussillonnais \u00e0 B\u00e9lesta. Une exp\u00e9rience culturelle unique \u00e0 ne pas manquer !","twitter_image":"https:\/\/www.locansol.fr\/wp-content\/uploads\/2026\/04\/exposition-troubadours-roussillonnais-belesta.webp","twitter_misc":{"Escrit per":"H\u00e9bergements Locansol","Temps estimat de lectura":"2 minuts"},"schema":{"@context":"https:\/\/schema.org","@graph":[{"@type":"Article","@id":"https:\/\/www.locansol.fr\/exposition-troubadours-roussillonnais-belesta\/#article","isPartOf":{"@id":"https:\/\/www.locansol.fr\/exposition-troubadours-roussillonnais-belesta\/"},"author":{"name":"H\u00e9bergements Locansol","@id":"https:\/\/www.locansol.fr\/#\/schema\/person\/0b08d440f1ac44674c6d498107de351d"},"headline":"B\u00e9lesta 18 avril &#8211; 30 d\u00e9cembre : Exposition Troubadours Roussillonnais, entre histoire et art","datePublished":"2026-04-19T22:11:54+00:00","dateModified":"2026-04-19T22:11:58+00:00","mainEntityOfPage":{"@id":"https:\/\/www.locansol.fr\/exposition-troubadours-roussillonnais-belesta\/"},"wordCount":425,"publisher":{"@id":"https:\/\/www.locansol.fr\/#organization"},"image":{"@id":"https:\/\/www.locansol.fr\/exposition-troubadours-roussillonnais-belesta\/#primaryimage"},"thumbnailUrl":"https:\/\/www.locansol.fr\/wp-content\/uploads\/2026\/04\/exposition-troubadours-roussillonnais-belesta.webp","keywords":["\u00c9v\u00e8nement culturel","Pyr\u00e9n\u00e9es-Orientales"],"articleSection":["Carnaval"],"inLanguage":"ca"},{"@type":"WebPage","@id":"https:\/\/www.locansol.fr\/exposition-troubadours-roussillonnais-belesta\/","url":"https:\/\/www.locansol.fr\/exposition-troubadours-roussillonnais-belesta\/","name":"Exposition Troubadours Roussillonnais B\u00e9lesta - Voyage M\u00e9di\u00e9val","isPartOf":{"@id":"https:\/\/www.locansol.fr\/#website"},"primaryImageOfPage":{"@id":"https:\/\/www.locansol.fr\/exposition-troubadours-roussillonnais-belesta\/#primaryimage"},"image":{"@id":"https:\/\/www.locansol.fr\/exposition-troubadours-roussillonnais-belesta\/#primaryimage"},"thumbnailUrl":"https:\/\/www.locansol.fr\/wp-content\/uploads\/2026\/04\/exposition-troubadours-roussillonnais-belesta.webp","datePublished":"2026-04-19T22:11:54+00:00","dateModified":"2026-04-19T22:11:58+00:00","description":"Exposition Troubadours Roussillonnais B\u00e9lesta. D\u00e9couvrez l'univers des troubadours m\u00e9di\u00e9vaux \u00e0 travers des objets et parchemins. Dans les Pyr\u00e9n\u00e9es-Orientales, une immersion culturelle unique vous attend.","breadcrumb":{"@id":"https:\/\/www.locansol.fr\/exposition-troubadours-roussillonnais-belesta\/#breadcrumb"},"inLanguage":"ca","potentialAction":[{"@type":"ReadAction","target":["https:\/\/www.locansol.fr\/exposition-troubadours-roussillonnais-belesta\/"]}]},{"@type":"ImageObject","inLanguage":"ca","@id":"https:\/\/www.locansol.fr\/exposition-troubadours-roussillonnais-belesta\/#primaryimage","url":"https:\/\/www.locansol.fr\/wp-content\/uploads\/2026\/04\/exposition-troubadours-roussillonnais-belesta.webp","contentUrl":"https:\/\/www.locansol.fr\/wp-content\/uploads\/2026\/04\/exposition-troubadours-roussillonnais-belesta.webp","width":720,"height":1040,"caption":"Exposition Troubadours Roussillonnais B\u00e9lesta - Voyage M\u00e9di\u00e9val"},{"@type":"BreadcrumbList","@id":"https:\/\/www.locansol.fr\/exposition-troubadours-roussillonnais-belesta\/#breadcrumb","itemListElement":[{"@type":"ListItem","position":1,"name":"Accueil","item":"https:\/\/www.locansol.fr\/"},{"@type":"ListItem","position":2,"name":"B\u00e9lesta 18 avril &#8211; 30 d\u00e9cembre : Exposition Troubadours Roussillonnais, entre histoire et art"}]},{"@type":"WebSite","@id":"https:\/\/www.locansol.fr\/#website","url":"https:\/\/www.locansol.fr\/","name":"Locansol, louer un h\u00e9bergement dans les Pyr\u00e9n\u00e9es-Orientales","description":"Location Mobil-home Mer M\u00e9diterran\u00e9e &amp; Chalet de Montagne dans les Pyr\u00e9n\u00e9es Orientales (Occitanie, 66). Weekend, s\u00e9jour &amp; vacances en famille et entre amis.","publisher":{"@id":"https:\/\/www.locansol.fr\/#organization"},"alternateName":"Louer un h\u00e9bergement dans les Pyr\u00e9n\u00e9es Orientales, chalet & mobil-home en Occitanie","potentialAction":[{"@type":"SearchAction","target":{"@type":"EntryPoint","urlTemplate":"https:\/\/www.locansol.fr\/?s={search_term_string}"},"query-input":{"@type":"PropertyValueSpecification","valueRequired":true,"valueName":"search_term_string"}}],"inLanguage":"ca"},{"@type":"Organization","@id":"https:\/\/www.locansol.fr\/#organization","name":"Location MobilHome & chalet dans les Pyr\u00e9n\u00e9es Orientales","alternateName":"Louer un h\u00e9bergement dans les Pyr\u00e9n\u00e9es Orientales en Occitanie","url":"https:\/\/www.locansol.fr\/","logo":{"@type":"ImageObject","inLanguage":"ca","@id":"https:\/\/www.locansol.fr\/#\/schema\/logo\/image\/","url":"https:\/\/www.locansol.fr\/wp-content\/uploads\/2024\/04\/AdobeStock_303324767-scaled.jpeg","contentUrl":"https:\/\/www.locansol.fr\/wp-content\/uploads\/2024\/04\/AdobeStock_303324767-scaled.jpeg","width":2560,"height":1707,"caption":"Location MobilHome & chalet dans les Pyr\u00e9n\u00e9es Orientales"},"image":{"@id":"https:\/\/www.locansol.fr\/#\/schema\/logo\/image\/"}},{"@type":"Person","@id":"https:\/\/www.locansol.fr\/#\/schema\/person\/0b08d440f1ac44674c6d498107de351d","name":"H\u00e9bergements Locansol","image":{"@type":"ImageObject","inLanguage":"ca","@id":"https:\/\/www.locansol.fr\/#\/schema\/person\/image\/","url":"https:\/\/secure.gravatar.com\/avatar\/444436b93284204f8116b6e0eb964cd3fcb811519c737232bde6dd5743c37ee5?s=96&d=mm&r=g","contentUrl":"https:\/\/secure.gravatar.com\/avatar\/444436b93284204f8116b6e0eb964cd3fcb811519c737232bde6dd5743c37ee5?s=96&d=mm&r=g","caption":"H\u00e9bergements Locansol"},"sameAs":["https:\/\/www.locansol.fr\/"],"url":"https:\/\/www.locansol.fr\/ca\/author\/locansol\/"}]}},"_links":{"self":[{"href":"https:\/\/www.locansol.fr\/ca\/wp-json\/wp\/v2\/posts\/6256","targetHints":{"allow":["GET"]}}],"collection":[{"href":"https:\/\/www.locansol.fr\/ca\/wp-json\/wp\/v2\/posts"}],"about":[{"href":"https:\/\/www.locansol.fr\/ca\/wp-json\/wp\/v2\/types\/post"}],"author":[{"embeddable":true,"href":"https:\/\/www.locansol.fr\/ca\/wp-json\/wp\/v2\/users\/5"}],"replies":[{"embeddable":true,"href":"https:\/\/www.locansol.fr\/ca\/wp-json\/wp\/v2\/comments?post=6256"}],"version-history":[{"count":1,"href":"https:\/\/www.locansol.fr\/ca\/wp-json\/wp\/v2\/posts\/6256\/revisions"}],"predecessor-version":[{"id":6257,"href":"https:\/\/www.locansol.fr\/ca\/wp-json\/wp\/v2\/posts\/6256\/revisions\/6257"}],"wp:featuredmedia":[{"embeddable":true,"href":"https:\/\/www.locansol.fr\/ca\/wp-json\/wp\/v2\/media\/6255"}],"wp:attachment":[{"href":"https:\/\/www.locansol.fr\/ca\/wp-json\/wp\/v2\/media?parent=6256"}],"wp:term":[{"taxonomy":"category","embeddable":true,"href":"https:\/\/www.locansol.fr\/ca\/wp-json\/wp\/v2\/categories?post=6256"},{"taxonomy":"post_tag","embeddable":true,"href":"https:\/\/www.locansol.fr\/ca\/wp-json\/wp\/v2\/tags?post=6256"}],"curies":[{"name":"wp","href":"https:\/\/api.w.org\/{rel}","templated":true}]}}