{"id":6277,"date":"2026-04-20T16:12:12","date_gmt":"2026-04-20T14:12:12","guid":{"rendered":"https:\/\/www.locansol.fr\/volets-orgue-perpignan-exposition\/"},"modified":"2026-04-20T16:12:18","modified_gmt":"2026-04-20T14:12:18","slug":"volets-orgue-perpignan-exposition","status":"publish","type":"post","link":"https:\/\/www.locansol.fr\/ca\/volets-orgue-perpignan-exposition\/","title":{"rendered":"Perpignan, du 24 mars au 31 mai 2026 : D\u00e9couvrez un chef-d&rsquo;\u0153uvre monumental restaur\u00e9"},"content":{"rendered":"<p>Le mus\u00e9e Hyacinthe Rigaud de Perpignan vous invite \u00e0 un \u00e9v\u00e9nement exceptionnel : l&rsquo;exposition \u00ab La red\u00e9couverte d&rsquo;un chef-d&rsquo;\u0153uvre monumental \u00bb, qui se tiendra du 24 mars au 31 mai 2026. Cette exposition met en lumi\u00e8re les magnifiques volets du grand orgue de la cath\u00e9drale Saint-Jean-Baptiste de Perpignan, des \u0153uvres remarquables par leur histoire, leur grandeur et leur qualit\u00e9 artistique.<\/p>\n<p>Ces volets, peints \u00e0 la d\u00e9trempe sur toile en 1504, occupent une place unique dans le patrimoine culturel europ\u00e9en. Avec leurs dimensions monumentales et leurs riches motifs polychromes d&rsquo;un c\u00f4t\u00e9, et leur d\u00e9licate grisaille de l&rsquo;autre, ils t\u00e9moignent de leur fonction liturgique et de leur immense valeur spirituelle. \u00c0 l&rsquo;origine, ces panneaux ornaient le buffet de l&rsquo;orgue et s&rsquo;ouvraient et se refermaient au gr\u00e9 du calendrier liturgique. Mais leur destin a chang\u00e9 au XIXe si\u00e8cle, lorsque les volets furent d\u00e9mont\u00e9s et fix\u00e9s aux murs de la cath\u00e9drale, devenant ainsi presque invisibles et tombant en d\u00e9su\u00e9tude dans la m\u00e9moire collective.<\/p>\n<p>C\u2019est gr\u00e2ce \u00e0 un vaste chantier de restauration, lanc\u00e9 en 2022 sous la Direction r\u00e9gionale des affaires culturelles (DRAC) d\u2019Occitanie, que ces chefs-d\u2019\u0153uvre ont retrouv\u00e9 leur splendeur et leur visibilit\u00e9. L\u2019exposition permet aujourd\u2019hui de redonner \u00e0 ces toiles leur juste place dans le patrimoine historique et artistique de Perpignan et de la r\u00e9gion.<\/p>\n<p>Rendez-vous au mus\u00e9e Hyacinthe Rigaud, situ\u00e9 au 21 Rue Mailly, pour une d\u00e9couverte immersive et hautement enrichissante. Sous la direction de la conservatrice Pascale Picard et en partenariat avec la DRAC Occitanie, le mus\u00e9e met en sc\u00e8ne ces \u0153uvres exceptionnelles dans un cadre propice \u00e0 la contemplation et \u00e0 l&rsquo;\u00e9motion. C\u2019est une occasion rare de contempler ces volets, habituellement inaccessibles au regard, dans toute leur grandeur et leur magnificence.<\/p>\n<p>Que vous soyez amateur d\u2019art, passionn\u00e9 de patrimoine ou curieux d\u2019histoire, cette exposition est un rendez-vous incontournable. Avec un tarif d\u2019entr\u00e9e \u00e0 8 euros, \u00ab La red\u00e9couverte d\u2019un chef-d\u2019\u0153uvre monumental \u00bb promet de laisser des souvenirs imp\u00e9rissables et de renforcer l\u2019attachement des visiteurs au riche patrimoine des Pyr\u00e9n\u00e9es-Orientales.<\/p>\n<p>Ne manquez pas cette opportunit\u00e9 unique de mesurer l\u2019ampleur d\u2019un h\u00e9ritage culturel exceptionnel, \u00e0 port\u00e9e de main, en plein c\u0153ur de Perpignan.<\/p>\n<h3>Informaci\u00f3 pr\u00e0ctica<\/h3>\n<p>\ud83d\udcc5 QUAND ? Du 24 mars au 31 mai 2026<br \/>\ud83d\udccd O\u00d9 ? Mus\u00e9e Hyacinthe Rigaud, 21 Rue Mailly, Perpignan<br \/>\ud83d\udcb6 COMBIEN ? 8,00 \u20ac<\/p>","protected":false},"excerpt":{"rendered":"<p>Red\u00e9couvrez les volets monumentaux du grand orgue de la cath\u00e9drale Saint-Jean-Baptiste, restaur\u00e9s et expos\u00e9s au mus\u00e9e Hyacinthe Rigaud \u00e0 Perpignan.<\/p>","protected":false},"author":5,"featured_media":6276,"comment_status":"closed","ping_status":"open","sticky":false,"template":"","format":"standard","meta":{"_yoast_wpseo_focuskw":"exposition volets orgue Perpignan","_yoast_wpseo_title":"Exposition volets orgue Perpignan : red\u00e9couverte d'un chef-d'\u0153uvre","_yoast_wpseo_metadesc":"Exposition volets orgue Perpignan : d\u00e9couvrez des \u0153uvres monumentales restaur\u00e9es du 24 mars au 31 mai 2026 au mus\u00e9e Hyacinthe Rigaud. Une plong\u00e9e unique dans le patrimoine des Pyr\u00e9n\u00e9es-Orientales.","_yoast_wpseo_canonical":"","_yoast_wpseo_opengraph-title":"\u00c9merveillement garanti : les tr\u00e9sors cach\u00e9s de l'orgue de Perpignan","_yoast_wpseo_opengraph-description":"Plongez dans l'\u00e9clat des couleurs et l'\u00e9motion de l'histoire avec les volets restaur\u00e9s de l'orgue de la cath\u00e9drale de Perpignan, une exp\u00e9rience immersive unique.","_yoast_wpseo_opengraph-image":"https:\/\/www.locansol.fr\/wp-content\/uploads\/2026\/04\/volets-orgue-perpignan-exposition.webp","_yoast_wpseo_opengraph-image-id":"","_yoast_wpseo_twitter-title":"D\u00e9couvrez un tr\u00e9sor cach\u00e9 \u00e0 Perpignan : l'exposition des volets de l'orgue","_yoast_wpseo_twitter-description":"Du 24 mars au 31 mai 2026, d\u00e9couvrez les volets restaur\u00e9s de l'orgue de la cath\u00e9drale de Perpignan. Une exposition immersive \u00e0 seulement 8\u20ac !","_yoast_wpseo_twitter-image":"https:\/\/www.locansol.fr\/wp-content\/uploads\/2026\/04\/volets-orgue-perpignan-exposition.webp","_yoast_wpseo_twitter-image-id":"","yoast_primary_category":"Exposition","footnotes":""},"categories":[35],"tags":[66,76],"class_list":["post-6277","post","type-post","status-publish","format-standard","has-post-thumbnail","hentry","category-carnaval","tag-evenement-culturel","tag-pyrenees-orientales"],"yoast_head":"<!-- This site is optimized with the Yoast SEO Premium plugin v23.3 (Yoast SEO v26.9) - https:\/\/yoast.com\/product\/yoast-seo-premium-wordpress\/ -->\n<title>Exposition volets orgue Perpignan : red\u00e9couverte d&#039;un chef-d&#039;\u0153uvre<\/title>\n<meta name=\"description\" content=\"Exposition volets orgue Perpignan : d\u00e9couvrez des \u0153uvres monumentales restaur\u00e9es du 24 mars au 31 mai 2026 au mus\u00e9e Hyacinthe Rigaud. Une plong\u00e9e unique dans le patrimoine des Pyr\u00e9n\u00e9es-Orientales.\" \/>\n<meta name=\"robots\" content=\"index, follow, max-snippet:-1, max-image-preview:large, max-video-preview:-1\" \/>\n<link rel=\"canonical\" href=\"https:\/\/www.locansol.fr\/ca\/volets-orgue-perpignan-exposition\/\" \/>\n<meta property=\"og:locale\" content=\"ca_ES\" \/>\n<meta property=\"og:type\" content=\"article\" \/>\n<meta property=\"og:title\" content=\"\u00c9merveillement garanti : les tr\u00e9sors cach\u00e9s de l&#039;orgue de Perpignan\" \/>\n<meta property=\"og:description\" content=\"Plongez dans l&#039;\u00e9clat des couleurs et l&#039;\u00e9motion de l&#039;histoire avec les volets restaur\u00e9s de l&#039;orgue de la cath\u00e9drale de Perpignan, une exp\u00e9rience immersive unique.\" \/>\n<meta property=\"og:url\" content=\"https:\/\/www.locansol.fr\/ca\/volets-orgue-perpignan-exposition\/\" \/>\n<meta property=\"og:site_name\" content=\"Locansol, louer un h\u00e9bergement dans les Pyr\u00e9n\u00e9es Orientales\" \/>\n<meta property=\"article:published_time\" content=\"2026-04-20T14:12:12+00:00\" \/>\n<meta property=\"article:modified_time\" content=\"2026-04-20T14:12:18+00:00\" \/>\n<meta property=\"og:image\" content=\"https:\/\/www.locansol.fr\/wp-content\/uploads\/2026\/04\/volets-orgue-perpignan-exposition.webp\" \/>\n<meta name=\"author\" content=\"H\u00e9bergements Locansol\" \/>\n<meta name=\"twitter:card\" content=\"summary_large_image\" \/>\n<meta name=\"twitter:title\" content=\"D\u00e9couvrez un tr\u00e9sor cach\u00e9 \u00e0 Perpignan : l&#039;exposition des volets de l&#039;orgue\" \/>\n<meta name=\"twitter:description\" content=\"Du 24 mars au 31 mai 2026, d\u00e9couvrez les volets restaur\u00e9s de l&#039;orgue de la cath\u00e9drale de Perpignan. Une exposition immersive \u00e0 seulement 8\u20ac !\" \/>\n<meta name=\"twitter:image\" content=\"https:\/\/www.locansol.fr\/wp-content\/uploads\/2026\/04\/volets-orgue-perpignan-exposition.webp\" \/>\n<meta name=\"twitter:label1\" content=\"Escrit per\" \/>\n\t<meta name=\"twitter:data1\" content=\"H\u00e9bergements Locansol\" \/>\n\t<meta name=\"twitter:label2\" content=\"Temps estimat de lectura\" \/>\n\t<meta name=\"twitter:data2\" content=\"2 minuts\" \/>\n<script type=\"application\/ld+json\" class=\"yoast-schema-graph\">{\"@context\":\"https:\/\/schema.org\",\"@graph\":[{\"@type\":\"Article\",\"@id\":\"https:\/\/www.locansol.fr\/volets-orgue-perpignan-exposition\/#article\",\"isPartOf\":{\"@id\":\"https:\/\/www.locansol.fr\/volets-orgue-perpignan-exposition\/\"},\"author\":{\"name\":\"H\u00e9bergements Locansol\",\"@id\":\"https:\/\/www.locansol.fr\/#\/schema\/person\/0b08d440f1ac44674c6d498107de351d\"},\"headline\":\"Perpignan, du 24 mars au 31 mai 2026 : D\u00e9couvrez un chef-d&rsquo;\u0153uvre monumental restaur\u00e9\",\"datePublished\":\"2026-04-20T14:12:12+00:00\",\"dateModified\":\"2026-04-20T14:12:18+00:00\",\"mainEntityOfPage\":{\"@id\":\"https:\/\/www.locansol.fr\/volets-orgue-perpignan-exposition\/\"},\"wordCount\":414,\"publisher\":{\"@id\":\"https:\/\/www.locansol.fr\/#organization\"},\"image\":{\"@id\":\"https:\/\/www.locansol.fr\/volets-orgue-perpignan-exposition\/#primaryimage\"},\"thumbnailUrl\":\"https:\/\/www.locansol.fr\/wp-content\/uploads\/2026\/04\/volets-orgue-perpignan-exposition.webp\",\"keywords\":[\"\u00c9v\u00e8nement culturel\",\"Pyr\u00e9n\u00e9es-Orientales\"],\"articleSection\":[\"Carnaval\"],\"inLanguage\":\"ca\"},{\"@type\":\"WebPage\",\"@id\":\"https:\/\/www.locansol.fr\/volets-orgue-perpignan-exposition\/\",\"url\":\"https:\/\/www.locansol.fr\/volets-orgue-perpignan-exposition\/\",\"name\":\"Exposition volets orgue Perpignan : red\u00e9couverte d'un chef-d'\u0153uvre\",\"isPartOf\":{\"@id\":\"https:\/\/www.locansol.fr\/#website\"},\"primaryImageOfPage\":{\"@id\":\"https:\/\/www.locansol.fr\/volets-orgue-perpignan-exposition\/#primaryimage\"},\"image\":{\"@id\":\"https:\/\/www.locansol.fr\/volets-orgue-perpignan-exposition\/#primaryimage\"},\"thumbnailUrl\":\"https:\/\/www.locansol.fr\/wp-content\/uploads\/2026\/04\/volets-orgue-perpignan-exposition.webp\",\"datePublished\":\"2026-04-20T14:12:12+00:00\",\"dateModified\":\"2026-04-20T14:12:18+00:00\",\"description\":\"Exposition volets orgue Perpignan : d\u00e9couvrez des \u0153uvres monumentales restaur\u00e9es du 24 mars au 31 mai 2026 au mus\u00e9e Hyacinthe Rigaud. Une plong\u00e9e unique dans le patrimoine des Pyr\u00e9n\u00e9es-Orientales.\",\"breadcrumb\":{\"@id\":\"https:\/\/www.locansol.fr\/volets-orgue-perpignan-exposition\/#breadcrumb\"},\"inLanguage\":\"ca\",\"potentialAction\":[{\"@type\":\"ReadAction\",\"target\":[\"https:\/\/www.locansol.fr\/volets-orgue-perpignan-exposition\/\"]}]},{\"@type\":\"ImageObject\",\"inLanguage\":\"ca\",\"@id\":\"https:\/\/www.locansol.fr\/volets-orgue-perpignan-exposition\/#primaryimage\",\"url\":\"https:\/\/www.locansol.fr\/wp-content\/uploads\/2026\/04\/volets-orgue-perpignan-exposition.webp\",\"contentUrl\":\"https:\/\/www.locansol.fr\/wp-content\/uploads\/2026\/04\/volets-orgue-perpignan-exposition.webp\",\"width\":1024,\"height\":605,\"caption\":\"Exposition volets orgue Perpignan : red\u00e9couverte d'un chef-d'\u0153uvre\"},{\"@type\":\"BreadcrumbList\",\"@id\":\"https:\/\/www.locansol.fr\/volets-orgue-perpignan-exposition\/#breadcrumb\",\"itemListElement\":[{\"@type\":\"ListItem\",\"position\":1,\"name\":\"Accueil\",\"item\":\"https:\/\/www.locansol.fr\/\"},{\"@type\":\"ListItem\",\"position\":2,\"name\":\"Perpignan, du 24 mars au 31 mai 2026 : D\u00e9couvrez un chef-d&rsquo;\u0153uvre monumental restaur\u00e9\"}]},{\"@type\":\"WebSite\",\"@id\":\"https:\/\/www.locansol.fr\/#website\",\"url\":\"https:\/\/www.locansol.fr\/\",\"name\":\"Locansol, louer un h\u00e9bergement dans les Pyr\u00e9n\u00e9es-Orientales\",\"description\":\"Location Mobil-home Mer M\u00e9diterran\u00e9e &amp; Chalet de Montagne dans les Pyr\u00e9n\u00e9es Orientales (Occitanie, 66). Weekend, s\u00e9jour &amp; vacances en famille et entre amis.\",\"publisher\":{\"@id\":\"https:\/\/www.locansol.fr\/#organization\"},\"alternateName\":\"Louer un h\u00e9bergement dans les Pyr\u00e9n\u00e9es Orientales, chalet & mobil-home en Occitanie\",\"potentialAction\":[{\"@type\":\"SearchAction\",\"target\":{\"@type\":\"EntryPoint\",\"urlTemplate\":\"https:\/\/www.locansol.fr\/?s={search_term_string}\"},\"query-input\":{\"@type\":\"PropertyValueSpecification\",\"valueRequired\":true,\"valueName\":\"search_term_string\"}}],\"inLanguage\":\"ca\"},{\"@type\":\"Organization\",\"@id\":\"https:\/\/www.locansol.fr\/#organization\",\"name\":\"Location MobilHome & chalet dans les Pyr\u00e9n\u00e9es Orientales\",\"alternateName\":\"Louer un h\u00e9bergement dans les Pyr\u00e9n\u00e9es Orientales en Occitanie\",\"url\":\"https:\/\/www.locansol.fr\/\",\"logo\":{\"@type\":\"ImageObject\",\"inLanguage\":\"ca\",\"@id\":\"https:\/\/www.locansol.fr\/#\/schema\/logo\/image\/\",\"url\":\"https:\/\/www.locansol.fr\/wp-content\/uploads\/2024\/04\/AdobeStock_303324767-scaled.jpeg\",\"contentUrl\":\"https:\/\/www.locansol.fr\/wp-content\/uploads\/2024\/04\/AdobeStock_303324767-scaled.jpeg\",\"width\":2560,\"height\":1707,\"caption\":\"Location MobilHome & chalet dans les Pyr\u00e9n\u00e9es Orientales\"},\"image\":{\"@id\":\"https:\/\/www.locansol.fr\/#\/schema\/logo\/image\/\"}},{\"@type\":\"Person\",\"@id\":\"https:\/\/www.locansol.fr\/#\/schema\/person\/0b08d440f1ac44674c6d498107de351d\",\"name\":\"H\u00e9bergements Locansol\",\"image\":{\"@type\":\"ImageObject\",\"inLanguage\":\"ca\",\"@id\":\"https:\/\/www.locansol.fr\/#\/schema\/person\/image\/\",\"url\":\"https:\/\/secure.gravatar.com\/avatar\/444436b93284204f8116b6e0eb964cd3fcb811519c737232bde6dd5743c37ee5?s=96&d=mm&r=g\",\"contentUrl\":\"https:\/\/secure.gravatar.com\/avatar\/444436b93284204f8116b6e0eb964cd3fcb811519c737232bde6dd5743c37ee5?s=96&d=mm&r=g\",\"caption\":\"H\u00e9bergements Locansol\"},\"sameAs\":[\"https:\/\/www.locansol.fr\/\"],\"url\":\"https:\/\/www.locansol.fr\/ca\/author\/locansol\/\"}]}<\/script>\n<!-- \/ Yoast SEO Premium plugin. -->","yoast_head_json":{"title":"Exposition volets orgue Perpignan : red\u00e9couverte d'un chef-d'\u0153uvre","description":"Exposition volets orgue Perpignan : d\u00e9couvrez des \u0153uvres monumentales restaur\u00e9es du 24 mars au 31 mai 2026 au mus\u00e9e Hyacinthe Rigaud. Une plong\u00e9e unique dans le patrimoine des Pyr\u00e9n\u00e9es-Orientales.","robots":{"index":"index","follow":"follow","max-snippet":"max-snippet:-1","max-image-preview":"max-image-preview:large","max-video-preview":"max-video-preview:-1"},"canonical":"https:\/\/www.locansol.fr\/ca\/volets-orgue-perpignan-exposition\/","og_locale":"ca_ES","og_type":"article","og_title":"\u00c9merveillement garanti : les tr\u00e9sors cach\u00e9s de l'orgue de Perpignan","og_description":"Plongez dans l'\u00e9clat des couleurs et l'\u00e9motion de l'histoire avec les volets restaur\u00e9s de l'orgue de la cath\u00e9drale de Perpignan, une exp\u00e9rience immersive unique.","og_url":"https:\/\/www.locansol.fr\/ca\/volets-orgue-perpignan-exposition\/","og_site_name":"Locansol, louer un h\u00e9bergement dans les Pyr\u00e9n\u00e9es Orientales","article_published_time":"2026-04-20T14:12:12+00:00","article_modified_time":"2026-04-20T14:12:18+00:00","og_image":[{"url":"https:\/\/www.locansol.fr\/wp-content\/uploads\/2026\/04\/volets-orgue-perpignan-exposition.webp","type":"","width":"","height":""}],"author":"H\u00e9bergements Locansol","twitter_card":"summary_large_image","twitter_title":"D\u00e9couvrez un tr\u00e9sor cach\u00e9 \u00e0 Perpignan : l'exposition des volets de l'orgue","twitter_description":"Du 24 mars au 31 mai 2026, d\u00e9couvrez les volets restaur\u00e9s de l'orgue de la cath\u00e9drale de Perpignan. Une exposition immersive \u00e0 seulement 8\u20ac !","twitter_image":"https:\/\/www.locansol.fr\/wp-content\/uploads\/2026\/04\/volets-orgue-perpignan-exposition.webp","twitter_misc":{"Escrit per":"H\u00e9bergements Locansol","Temps estimat de lectura":"2 minuts"},"schema":{"@context":"https:\/\/schema.org","@graph":[{"@type":"Article","@id":"https:\/\/www.locansol.fr\/volets-orgue-perpignan-exposition\/#article","isPartOf":{"@id":"https:\/\/www.locansol.fr\/volets-orgue-perpignan-exposition\/"},"author":{"name":"H\u00e9bergements Locansol","@id":"https:\/\/www.locansol.fr\/#\/schema\/person\/0b08d440f1ac44674c6d498107de351d"},"headline":"Perpignan, du 24 mars au 31 mai 2026 : D\u00e9couvrez un chef-d&rsquo;\u0153uvre monumental restaur\u00e9","datePublished":"2026-04-20T14:12:12+00:00","dateModified":"2026-04-20T14:12:18+00:00","mainEntityOfPage":{"@id":"https:\/\/www.locansol.fr\/volets-orgue-perpignan-exposition\/"},"wordCount":414,"publisher":{"@id":"https:\/\/www.locansol.fr\/#organization"},"image":{"@id":"https:\/\/www.locansol.fr\/volets-orgue-perpignan-exposition\/#primaryimage"},"thumbnailUrl":"https:\/\/www.locansol.fr\/wp-content\/uploads\/2026\/04\/volets-orgue-perpignan-exposition.webp","keywords":["\u00c9v\u00e8nement culturel","Pyr\u00e9n\u00e9es-Orientales"],"articleSection":["Carnaval"],"inLanguage":"ca"},{"@type":"WebPage","@id":"https:\/\/www.locansol.fr\/volets-orgue-perpignan-exposition\/","url":"https:\/\/www.locansol.fr\/volets-orgue-perpignan-exposition\/","name":"Exposition volets orgue Perpignan : red\u00e9couverte d'un chef-d'\u0153uvre","isPartOf":{"@id":"https:\/\/www.locansol.fr\/#website"},"primaryImageOfPage":{"@id":"https:\/\/www.locansol.fr\/volets-orgue-perpignan-exposition\/#primaryimage"},"image":{"@id":"https:\/\/www.locansol.fr\/volets-orgue-perpignan-exposition\/#primaryimage"},"thumbnailUrl":"https:\/\/www.locansol.fr\/wp-content\/uploads\/2026\/04\/volets-orgue-perpignan-exposition.webp","datePublished":"2026-04-20T14:12:12+00:00","dateModified":"2026-04-20T14:12:18+00:00","description":"Exposition volets orgue Perpignan : d\u00e9couvrez des \u0153uvres monumentales restaur\u00e9es du 24 mars au 31 mai 2026 au mus\u00e9e Hyacinthe Rigaud. Une plong\u00e9e unique dans le patrimoine des Pyr\u00e9n\u00e9es-Orientales.","breadcrumb":{"@id":"https:\/\/www.locansol.fr\/volets-orgue-perpignan-exposition\/#breadcrumb"},"inLanguage":"ca","potentialAction":[{"@type":"ReadAction","target":["https:\/\/www.locansol.fr\/volets-orgue-perpignan-exposition\/"]}]},{"@type":"ImageObject","inLanguage":"ca","@id":"https:\/\/www.locansol.fr\/volets-orgue-perpignan-exposition\/#primaryimage","url":"https:\/\/www.locansol.fr\/wp-content\/uploads\/2026\/04\/volets-orgue-perpignan-exposition.webp","contentUrl":"https:\/\/www.locansol.fr\/wp-content\/uploads\/2026\/04\/volets-orgue-perpignan-exposition.webp","width":1024,"height":605,"caption":"Exposition volets orgue Perpignan : red\u00e9couverte d'un chef-d'\u0153uvre"},{"@type":"BreadcrumbList","@id":"https:\/\/www.locansol.fr\/volets-orgue-perpignan-exposition\/#breadcrumb","itemListElement":[{"@type":"ListItem","position":1,"name":"Accueil","item":"https:\/\/www.locansol.fr\/"},{"@type":"ListItem","position":2,"name":"Perpignan, du 24 mars au 31 mai 2026 : D\u00e9couvrez un chef-d&rsquo;\u0153uvre monumental restaur\u00e9"}]},{"@type":"WebSite","@id":"https:\/\/www.locansol.fr\/#website","url":"https:\/\/www.locansol.fr\/","name":"Locansol, louer un h\u00e9bergement dans les Pyr\u00e9n\u00e9es-Orientales","description":"Location Mobil-home Mer M\u00e9diterran\u00e9e &amp; Chalet de Montagne dans les Pyr\u00e9n\u00e9es Orientales (Occitanie, 66). Weekend, s\u00e9jour &amp; vacances en famille et entre amis.","publisher":{"@id":"https:\/\/www.locansol.fr\/#organization"},"alternateName":"Louer un h\u00e9bergement dans les Pyr\u00e9n\u00e9es Orientales, chalet & mobil-home en Occitanie","potentialAction":[{"@type":"SearchAction","target":{"@type":"EntryPoint","urlTemplate":"https:\/\/www.locansol.fr\/?s={search_term_string}"},"query-input":{"@type":"PropertyValueSpecification","valueRequired":true,"valueName":"search_term_string"}}],"inLanguage":"ca"},{"@type":"Organization","@id":"https:\/\/www.locansol.fr\/#organization","name":"Location MobilHome & chalet dans les Pyr\u00e9n\u00e9es Orientales","alternateName":"Louer un h\u00e9bergement dans les Pyr\u00e9n\u00e9es Orientales en Occitanie","url":"https:\/\/www.locansol.fr\/","logo":{"@type":"ImageObject","inLanguage":"ca","@id":"https:\/\/www.locansol.fr\/#\/schema\/logo\/image\/","url":"https:\/\/www.locansol.fr\/wp-content\/uploads\/2024\/04\/AdobeStock_303324767-scaled.jpeg","contentUrl":"https:\/\/www.locansol.fr\/wp-content\/uploads\/2024\/04\/AdobeStock_303324767-scaled.jpeg","width":2560,"height":1707,"caption":"Location MobilHome & chalet dans les Pyr\u00e9n\u00e9es Orientales"},"image":{"@id":"https:\/\/www.locansol.fr\/#\/schema\/logo\/image\/"}},{"@type":"Person","@id":"https:\/\/www.locansol.fr\/#\/schema\/person\/0b08d440f1ac44674c6d498107de351d","name":"H\u00e9bergements Locansol","image":{"@type":"ImageObject","inLanguage":"ca","@id":"https:\/\/www.locansol.fr\/#\/schema\/person\/image\/","url":"https:\/\/secure.gravatar.com\/avatar\/444436b93284204f8116b6e0eb964cd3fcb811519c737232bde6dd5743c37ee5?s=96&d=mm&r=g","contentUrl":"https:\/\/secure.gravatar.com\/avatar\/444436b93284204f8116b6e0eb964cd3fcb811519c737232bde6dd5743c37ee5?s=96&d=mm&r=g","caption":"H\u00e9bergements Locansol"},"sameAs":["https:\/\/www.locansol.fr\/"],"url":"https:\/\/www.locansol.fr\/ca\/author\/locansol\/"}]}},"_links":{"self":[{"href":"https:\/\/www.locansol.fr\/ca\/wp-json\/wp\/v2\/posts\/6277","targetHints":{"allow":["GET"]}}],"collection":[{"href":"https:\/\/www.locansol.fr\/ca\/wp-json\/wp\/v2\/posts"}],"about":[{"href":"https:\/\/www.locansol.fr\/ca\/wp-json\/wp\/v2\/types\/post"}],"author":[{"embeddable":true,"href":"https:\/\/www.locansol.fr\/ca\/wp-json\/wp\/v2\/users\/5"}],"replies":[{"embeddable":true,"href":"https:\/\/www.locansol.fr\/ca\/wp-json\/wp\/v2\/comments?post=6277"}],"version-history":[{"count":1,"href":"https:\/\/www.locansol.fr\/ca\/wp-json\/wp\/v2\/posts\/6277\/revisions"}],"predecessor-version":[{"id":6278,"href":"https:\/\/www.locansol.fr\/ca\/wp-json\/wp\/v2\/posts\/6277\/revisions\/6278"}],"wp:featuredmedia":[{"embeddable":true,"href":"https:\/\/www.locansol.fr\/ca\/wp-json\/wp\/v2\/media\/6276"}],"wp:attachment":[{"href":"https:\/\/www.locansol.fr\/ca\/wp-json\/wp\/v2\/media?parent=6277"}],"wp:term":[{"taxonomy":"category","embeddable":true,"href":"https:\/\/www.locansol.fr\/ca\/wp-json\/wp\/v2\/categories?post=6277"},{"taxonomy":"post_tag","embeddable":true,"href":"https:\/\/www.locansol.fr\/ca\/wp-json\/wp\/v2\/tags?post=6277"}],"curies":[{"name":"wp","href":"https:\/\/api.w.org\/{rel}","templated":true}]}}