{"id":6282,"date":"2026-04-20T18:15:18","date_gmt":"2026-04-20T16:15:18","guid":{"rendered":"https:\/\/www.locansol.fr\/exposition-monumentale-perpignan-cathedrale\/"},"modified":"2026-04-20T18:15:21","modified_gmt":"2026-04-20T16:15:21","slug":"exposition-monumentale-perpignan-cathedrale","status":"publish","type":"post","link":"https:\/\/www.locansol.fr\/ca\/exposition-monumentale-perpignan-cathedrale\/","title":{"rendered":"Perpignan, mars-mai 2024 : Exposition monumentale \u00e0 la cath\u00e9drale Saint-Jean-Baptiste"},"content":{"rendered":"<p>Du 24 mars au 31 mai 2024, la majestueuse cath\u00e9drale Saint-Jean-Baptiste de Perpignan vous ouvre ses portes pour une exposition hors du commun intitul\u00e9e \u00ab La red\u00e9couverte d\u2019un chef-d\u2019\u0153uvre monumental \u00bb. Cet \u00e9v\u00e9nement mettra en lumi\u00e8re un pan singulier du patrimoine europ\u00e9en : les volets du grand orgue de la cath\u00e9drale, dont la restauration r\u00e9cente permet de reconnecter avec une partie de l\u2019histoire artistique et spirituelle de la r\u00e9gion.<\/p>\n<p>Ces volets, r\u00e9alis\u00e9s en 1504, sont consid\u00e9r\u00e9s parmi les ensembles picturaux les plus spectaculaires de leur \u00e9poque. De dimensions impressionnantes \u2014 12,6 m\u00e8tres de haut pour 4,3 m\u00e8tres de large \u2014 chaque panneau constitue une \u0153uvre monumentale \u00e0 part enti\u00e8re avec plus de 83 m\u00b2 de surface. Initialement con\u00e7us pour \u00eatre int\u00e9gr\u00e9s au buffet du grand orgue, ces volets s\u2019ouvraient et se fermaient au fil du calendrier liturgique, cr\u00e9ant une interaction harmonieuse entre musique, architecture et iconographie sacr\u00e9e.<\/p>\n<p>Ainsi, l\u2019exposition sera l\u2019occasion unique d\u2019admirer ces \u0153uvres restaur\u00e9es et de comprendre leur histoire fascinante. D\u00e9plac\u00e9s au XIXe si\u00e8cle et fix\u00e9s au-dessus de la porte de Bethl\u00e9em, ces panneaux sont, pendant longtemps, rest\u00e9s hors de leur emplacement originel et tomb\u00e9s dans l\u2019oubli. Le projet de restauration, commenc\u00e9 en 2022 sous la supervision de la Direction r\u00e9gionale des affaires culturelles d\u2019Occitanie, vise \u00e0 leur rendre leur splendeur et leur contexte initial. Les travaux incluent des interventions en atelier et la mise en place d\u2019\u00e9chafaudages spectaculaires dans la nef de la cath\u00e9drale.<\/p>\n<p>L\u2019exposition vous permettra de d\u00e9couvrir de pr\u00e8s ces chefs-d\u2019\u0153uvre restaur\u00e9s, qui t\u00e9moignent de l\u2019importance culturelle et historique de Perpignan. Des dispositifs p\u00e9dagogiques sur site offriront aux visiteurs une immersion approfondie dans l\u2019histoire de la cath\u00e9drale et du grand orgue. Vous pourrez aussi enrichir votre visite avec des informations compl\u00e9mentaires disponibles sur le site de la Communaut\u00e9 de Paroisses Saint-Jean Baptiste de Perpignan et celui du Minist\u00e8re de la Culture.<\/p>\n<p>Pr\u00e9voyez votre venue : l\u2019entr\u00e9e est accessible \u00e0 tous pour le tarif de 8 \u20ac, une somme modique pour une plong\u00e9e au c\u0153ur de l\u2019art et du patrimoine. Situ\u00e9e au 21 rue Mailly, au centre de la ville, la cath\u00e9drale est facile d\u2019acc\u00e8s, que vous soyez local ou visiteur de passage.<\/p>\n<p>Ne manquez pas cette occasion exceptionnelle de vous \u00e9merveiller devant un tr\u00e9sor patrimonial et de d\u00e9couvrir ou red\u00e9couvrir la richesse artistique de Perpignan. Une invitation \u00e0 un voyage dans le temps et l\u2019histoire de l\u2019art.<\/p>\n<h3>Informaci\u00f3 pr\u00e0ctica<\/h3>\n<p>\ud83d\udcc5 QUAND ? Du 24 mars au 31 mai 2024<br \/>\ud83d\udccd O\u00d9 ? Cath\u00e9drale Saint-Jean-Baptiste, 21 Rue Mailly, Perpignan<br \/>\ud83d\udcb6 COMBIEN ? 8 \u20ac<\/p>","protected":false},"excerpt":{"rendered":"<p>D\u00e9couvrez une exposition exceptionnelle \u00e0 la cath\u00e9drale Saint-Jean-Baptiste de Perpignan mettant en avant les volets restaur\u00e9s du grand orgue, t\u00e9moins d&rsquo;un patrimoine monumental.<\/p>","protected":false},"author":5,"featured_media":6281,"comment_status":"closed","ping_status":"open","sticky":false,"template":"","format":"standard","meta":{"_yoast_wpseo_focuskw":"Exposition monumentale Perpignan cath\u00e9drale","_yoast_wpseo_title":"Exposition monumentale \u00e0 la cath\u00e9drale Saint-Jean-Baptiste Perpignan","_yoast_wpseo_metadesc":"Exposition monumentale \u00e0 la cath\u00e9drale Saint-Jean-Baptiste Perpignan. D\u00e9couvrez les volets restaur\u00e9s du grand orgue, un tr\u00e9sor artistique des Pyr\u00e9n\u00e9es-Orientales.","_yoast_wpseo_canonical":"","_yoast_wpseo_opengraph-title":"\u00c9merveillement garanti : D\u00e9couvrez un chef-d'\u0153uvre monumental \u00e0 Perpignan","_yoast_wpseo_opengraph-description":"Plongez dans l'histoire et l'art avec les volets restaur\u00e9s du grand orgue de la cath\u00e9drale Saint-Jean-Baptiste. Une exp\u00e9rience unique \u00e0 Perpignan.","_yoast_wpseo_opengraph-image":"https:\/\/www.locansol.fr\/wp-content\/uploads\/2026\/04\/exposition-monumentale-perpignan-cathedrale.webp","_yoast_wpseo_opengraph-image-id":"","_yoast_wpseo_twitter-title":"D\u00e9couvrez un tr\u00e9sor artistique \u00e0 Perpignan","_yoast_wpseo_twitter-description":"Ne manquez pas l'exposition monumentale \u00e0 la cath\u00e9drale Saint-Jean-Baptiste de Perpignan. Une plong\u00e9e unique dans l'art et l'histoire.","_yoast_wpseo_twitter-image":"https:\/\/www.locansol.fr\/wp-content\/uploads\/2026\/04\/exposition-monumentale-perpignan-cathedrale.webp","_yoast_wpseo_twitter-image-id":"","yoast_primary_category":"Exposition","footnotes":""},"categories":[35],"tags":[66,76],"class_list":["post-6282","post","type-post","status-publish","format-standard","has-post-thumbnail","hentry","category-carnaval","tag-evenement-culturel","tag-pyrenees-orientales"],"yoast_head":"<!-- This site is optimized with the Yoast SEO Premium plugin v23.3 (Yoast SEO v26.9) - https:\/\/yoast.com\/product\/yoast-seo-premium-wordpress\/ -->\n<title>Exposition monumentale \u00e0 la cath\u00e9drale Saint-Jean-Baptiste Perpignan<\/title>\n<meta name=\"description\" content=\"Exposition monumentale \u00e0 la cath\u00e9drale Saint-Jean-Baptiste Perpignan. D\u00e9couvrez les volets restaur\u00e9s du grand orgue, un tr\u00e9sor artistique des Pyr\u00e9n\u00e9es-Orientales.\" \/>\n<meta name=\"robots\" content=\"index, follow, max-snippet:-1, max-image-preview:large, max-video-preview:-1\" \/>\n<link rel=\"canonical\" href=\"https:\/\/www.locansol.fr\/ca\/exposition-monumentale-perpignan-cathedrale\/\" \/>\n<meta property=\"og:locale\" content=\"ca_ES\" \/>\n<meta property=\"og:type\" content=\"article\" \/>\n<meta property=\"og:title\" content=\"\u00c9merveillement garanti : D\u00e9couvrez un chef-d&#039;\u0153uvre monumental \u00e0 Perpignan\" \/>\n<meta property=\"og:description\" content=\"Plongez dans l&#039;histoire et l&#039;art avec les volets restaur\u00e9s du grand orgue de la cath\u00e9drale Saint-Jean-Baptiste. Une exp\u00e9rience unique \u00e0 Perpignan.\" \/>\n<meta property=\"og:url\" content=\"https:\/\/www.locansol.fr\/ca\/exposition-monumentale-perpignan-cathedrale\/\" \/>\n<meta property=\"og:site_name\" content=\"Locansol, louer un h\u00e9bergement dans les Pyr\u00e9n\u00e9es Orientales\" \/>\n<meta property=\"article:published_time\" content=\"2026-04-20T16:15:18+00:00\" \/>\n<meta property=\"article:modified_time\" content=\"2026-04-20T16:15:21+00:00\" \/>\n<meta property=\"og:image\" content=\"https:\/\/www.locansol.fr\/wp-content\/uploads\/2026\/04\/exposition-monumentale-perpignan-cathedrale.webp\" \/>\n<meta name=\"author\" content=\"H\u00e9bergements Locansol\" \/>\n<meta name=\"twitter:card\" content=\"summary_large_image\" \/>\n<meta name=\"twitter:title\" content=\"D\u00e9couvrez un tr\u00e9sor artistique \u00e0 Perpignan\" \/>\n<meta name=\"twitter:description\" content=\"Ne manquez pas l&#039;exposition monumentale \u00e0 la cath\u00e9drale Saint-Jean-Baptiste de Perpignan. Une plong\u00e9e unique dans l&#039;art et l&#039;histoire.\" \/>\n<meta name=\"twitter:image\" content=\"https:\/\/www.locansol.fr\/wp-content\/uploads\/2026\/04\/exposition-monumentale-perpignan-cathedrale.webp\" \/>\n<meta name=\"twitter:label1\" content=\"Escrit per\" \/>\n\t<meta name=\"twitter:data1\" content=\"H\u00e9bergements Locansol\" \/>\n\t<meta name=\"twitter:label2\" content=\"Temps estimat de lectura\" \/>\n\t<meta name=\"twitter:data2\" content=\"2 minuts\" \/>\n<script type=\"application\/ld+json\" class=\"yoast-schema-graph\">{\"@context\":\"https:\/\/schema.org\",\"@graph\":[{\"@type\":\"Article\",\"@id\":\"https:\/\/www.locansol.fr\/exposition-monumentale-perpignan-cathedrale\/#article\",\"isPartOf\":{\"@id\":\"https:\/\/www.locansol.fr\/exposition-monumentale-perpignan-cathedrale\/\"},\"author\":{\"name\":\"H\u00e9bergements Locansol\",\"@id\":\"https:\/\/www.locansol.fr\/#\/schema\/person\/0b08d440f1ac44674c6d498107de351d\"},\"headline\":\"Perpignan, mars-mai 2024 : Exposition monumentale \u00e0 la cath\u00e9drale Saint-Jean-Baptiste\",\"datePublished\":\"2026-04-20T16:15:18+00:00\",\"dateModified\":\"2026-04-20T16:15:21+00:00\",\"mainEntityOfPage\":{\"@id\":\"https:\/\/www.locansol.fr\/exposition-monumentale-perpignan-cathedrale\/\"},\"wordCount\":462,\"publisher\":{\"@id\":\"https:\/\/www.locansol.fr\/#organization\"},\"image\":{\"@id\":\"https:\/\/www.locansol.fr\/exposition-monumentale-perpignan-cathedrale\/#primaryimage\"},\"thumbnailUrl\":\"https:\/\/www.locansol.fr\/wp-content\/uploads\/2026\/04\/exposition-monumentale-perpignan-cathedrale.webp\",\"keywords\":[\"\u00c9v\u00e8nement culturel\",\"Pyr\u00e9n\u00e9es-Orientales\"],\"articleSection\":[\"Carnaval\"],\"inLanguage\":\"ca\"},{\"@type\":\"WebPage\",\"@id\":\"https:\/\/www.locansol.fr\/exposition-monumentale-perpignan-cathedrale\/\",\"url\":\"https:\/\/www.locansol.fr\/exposition-monumentale-perpignan-cathedrale\/\",\"name\":\"Exposition monumentale \u00e0 la cath\u00e9drale Saint-Jean-Baptiste Perpignan\",\"isPartOf\":{\"@id\":\"https:\/\/www.locansol.fr\/#website\"},\"primaryImageOfPage\":{\"@id\":\"https:\/\/www.locansol.fr\/exposition-monumentale-perpignan-cathedrale\/#primaryimage\"},\"image\":{\"@id\":\"https:\/\/www.locansol.fr\/exposition-monumentale-perpignan-cathedrale\/#primaryimage\"},\"thumbnailUrl\":\"https:\/\/www.locansol.fr\/wp-content\/uploads\/2026\/04\/exposition-monumentale-perpignan-cathedrale.webp\",\"datePublished\":\"2026-04-20T16:15:18+00:00\",\"dateModified\":\"2026-04-20T16:15:21+00:00\",\"description\":\"Exposition monumentale \u00e0 la cath\u00e9drale Saint-Jean-Baptiste Perpignan. D\u00e9couvrez les volets restaur\u00e9s du grand orgue, un tr\u00e9sor artistique des Pyr\u00e9n\u00e9es-Orientales.\",\"breadcrumb\":{\"@id\":\"https:\/\/www.locansol.fr\/exposition-monumentale-perpignan-cathedrale\/#breadcrumb\"},\"inLanguage\":\"ca\",\"potentialAction\":[{\"@type\":\"ReadAction\",\"target\":[\"https:\/\/www.locansol.fr\/exposition-monumentale-perpignan-cathedrale\/\"]}]},{\"@type\":\"ImageObject\",\"inLanguage\":\"ca\",\"@id\":\"https:\/\/www.locansol.fr\/exposition-monumentale-perpignan-cathedrale\/#primaryimage\",\"url\":\"https:\/\/www.locansol.fr\/wp-content\/uploads\/2026\/04\/exposition-monumentale-perpignan-cathedrale.webp\",\"contentUrl\":\"https:\/\/www.locansol.fr\/wp-content\/uploads\/2026\/04\/exposition-monumentale-perpignan-cathedrale.webp\",\"width\":1024,\"height\":605,\"caption\":\"Exposition monumentale \u00e0 la cath\u00e9drale Saint-Jean-Baptiste Perpignan\"},{\"@type\":\"BreadcrumbList\",\"@id\":\"https:\/\/www.locansol.fr\/exposition-monumentale-perpignan-cathedrale\/#breadcrumb\",\"itemListElement\":[{\"@type\":\"ListItem\",\"position\":1,\"name\":\"Accueil\",\"item\":\"https:\/\/www.locansol.fr\/\"},{\"@type\":\"ListItem\",\"position\":2,\"name\":\"Perpignan, mars-mai 2024 : Exposition monumentale \u00e0 la cath\u00e9drale Saint-Jean-Baptiste\"}]},{\"@type\":\"WebSite\",\"@id\":\"https:\/\/www.locansol.fr\/#website\",\"url\":\"https:\/\/www.locansol.fr\/\",\"name\":\"Locansol, louer un h\u00e9bergement dans les Pyr\u00e9n\u00e9es-Orientales\",\"description\":\"Location Mobil-home Mer M\u00e9diterran\u00e9e &amp; Chalet de Montagne dans les Pyr\u00e9n\u00e9es Orientales (Occitanie, 66). Weekend, s\u00e9jour &amp; vacances en famille et entre amis.\",\"publisher\":{\"@id\":\"https:\/\/www.locansol.fr\/#organization\"},\"alternateName\":\"Louer un h\u00e9bergement dans les Pyr\u00e9n\u00e9es Orientales, chalet & mobil-home en Occitanie\",\"potentialAction\":[{\"@type\":\"SearchAction\",\"target\":{\"@type\":\"EntryPoint\",\"urlTemplate\":\"https:\/\/www.locansol.fr\/?s={search_term_string}\"},\"query-input\":{\"@type\":\"PropertyValueSpecification\",\"valueRequired\":true,\"valueName\":\"search_term_string\"}}],\"inLanguage\":\"ca\"},{\"@type\":\"Organization\",\"@id\":\"https:\/\/www.locansol.fr\/#organization\",\"name\":\"Location MobilHome & chalet dans les Pyr\u00e9n\u00e9es Orientales\",\"alternateName\":\"Louer un h\u00e9bergement dans les Pyr\u00e9n\u00e9es Orientales en Occitanie\",\"url\":\"https:\/\/www.locansol.fr\/\",\"logo\":{\"@type\":\"ImageObject\",\"inLanguage\":\"ca\",\"@id\":\"https:\/\/www.locansol.fr\/#\/schema\/logo\/image\/\",\"url\":\"https:\/\/www.locansol.fr\/wp-content\/uploads\/2024\/04\/AdobeStock_303324767-scaled.jpeg\",\"contentUrl\":\"https:\/\/www.locansol.fr\/wp-content\/uploads\/2024\/04\/AdobeStock_303324767-scaled.jpeg\",\"width\":2560,\"height\":1707,\"caption\":\"Location MobilHome & chalet dans les Pyr\u00e9n\u00e9es Orientales\"},\"image\":{\"@id\":\"https:\/\/www.locansol.fr\/#\/schema\/logo\/image\/\"}},{\"@type\":\"Person\",\"@id\":\"https:\/\/www.locansol.fr\/#\/schema\/person\/0b08d440f1ac44674c6d498107de351d\",\"name\":\"H\u00e9bergements Locansol\",\"image\":{\"@type\":\"ImageObject\",\"inLanguage\":\"ca\",\"@id\":\"https:\/\/www.locansol.fr\/#\/schema\/person\/image\/\",\"url\":\"https:\/\/secure.gravatar.com\/avatar\/444436b93284204f8116b6e0eb964cd3fcb811519c737232bde6dd5743c37ee5?s=96&d=mm&r=g\",\"contentUrl\":\"https:\/\/secure.gravatar.com\/avatar\/444436b93284204f8116b6e0eb964cd3fcb811519c737232bde6dd5743c37ee5?s=96&d=mm&r=g\",\"caption\":\"H\u00e9bergements Locansol\"},\"sameAs\":[\"https:\/\/www.locansol.fr\/\"],\"url\":\"https:\/\/www.locansol.fr\/ca\/author\/locansol\/\"}]}<\/script>\n<!-- \/ Yoast SEO Premium plugin. -->","yoast_head_json":{"title":"Exposition monumentale \u00e0 la cath\u00e9drale Saint-Jean-Baptiste Perpignan","description":"Exposition monumentale \u00e0 la cath\u00e9drale Saint-Jean-Baptiste Perpignan. D\u00e9couvrez les volets restaur\u00e9s du grand orgue, un tr\u00e9sor artistique des Pyr\u00e9n\u00e9es-Orientales.","robots":{"index":"index","follow":"follow","max-snippet":"max-snippet:-1","max-image-preview":"max-image-preview:large","max-video-preview":"max-video-preview:-1"},"canonical":"https:\/\/www.locansol.fr\/ca\/exposition-monumentale-perpignan-cathedrale\/","og_locale":"ca_ES","og_type":"article","og_title":"\u00c9merveillement garanti : D\u00e9couvrez un chef-d'\u0153uvre monumental \u00e0 Perpignan","og_description":"Plongez dans l'histoire et l'art avec les volets restaur\u00e9s du grand orgue de la cath\u00e9drale Saint-Jean-Baptiste. Une exp\u00e9rience unique \u00e0 Perpignan.","og_url":"https:\/\/www.locansol.fr\/ca\/exposition-monumentale-perpignan-cathedrale\/","og_site_name":"Locansol, louer un h\u00e9bergement dans les Pyr\u00e9n\u00e9es Orientales","article_published_time":"2026-04-20T16:15:18+00:00","article_modified_time":"2026-04-20T16:15:21+00:00","og_image":[{"url":"https:\/\/www.locansol.fr\/wp-content\/uploads\/2026\/04\/exposition-monumentale-perpignan-cathedrale.webp","type":"","width":"","height":""}],"author":"H\u00e9bergements Locansol","twitter_card":"summary_large_image","twitter_title":"D\u00e9couvrez un tr\u00e9sor artistique \u00e0 Perpignan","twitter_description":"Ne manquez pas l'exposition monumentale \u00e0 la cath\u00e9drale Saint-Jean-Baptiste de Perpignan. Une plong\u00e9e unique dans l'art et l'histoire.","twitter_image":"https:\/\/www.locansol.fr\/wp-content\/uploads\/2026\/04\/exposition-monumentale-perpignan-cathedrale.webp","twitter_misc":{"Escrit per":"H\u00e9bergements Locansol","Temps estimat de lectura":"2 minuts"},"schema":{"@context":"https:\/\/schema.org","@graph":[{"@type":"Article","@id":"https:\/\/www.locansol.fr\/exposition-monumentale-perpignan-cathedrale\/#article","isPartOf":{"@id":"https:\/\/www.locansol.fr\/exposition-monumentale-perpignan-cathedrale\/"},"author":{"name":"H\u00e9bergements Locansol","@id":"https:\/\/www.locansol.fr\/#\/schema\/person\/0b08d440f1ac44674c6d498107de351d"},"headline":"Perpignan, mars-mai 2024 : Exposition monumentale \u00e0 la cath\u00e9drale Saint-Jean-Baptiste","datePublished":"2026-04-20T16:15:18+00:00","dateModified":"2026-04-20T16:15:21+00:00","mainEntityOfPage":{"@id":"https:\/\/www.locansol.fr\/exposition-monumentale-perpignan-cathedrale\/"},"wordCount":462,"publisher":{"@id":"https:\/\/www.locansol.fr\/#organization"},"image":{"@id":"https:\/\/www.locansol.fr\/exposition-monumentale-perpignan-cathedrale\/#primaryimage"},"thumbnailUrl":"https:\/\/www.locansol.fr\/wp-content\/uploads\/2026\/04\/exposition-monumentale-perpignan-cathedrale.webp","keywords":["\u00c9v\u00e8nement culturel","Pyr\u00e9n\u00e9es-Orientales"],"articleSection":["Carnaval"],"inLanguage":"ca"},{"@type":"WebPage","@id":"https:\/\/www.locansol.fr\/exposition-monumentale-perpignan-cathedrale\/","url":"https:\/\/www.locansol.fr\/exposition-monumentale-perpignan-cathedrale\/","name":"Exposition monumentale \u00e0 la cath\u00e9drale Saint-Jean-Baptiste Perpignan","isPartOf":{"@id":"https:\/\/www.locansol.fr\/#website"},"primaryImageOfPage":{"@id":"https:\/\/www.locansol.fr\/exposition-monumentale-perpignan-cathedrale\/#primaryimage"},"image":{"@id":"https:\/\/www.locansol.fr\/exposition-monumentale-perpignan-cathedrale\/#primaryimage"},"thumbnailUrl":"https:\/\/www.locansol.fr\/wp-content\/uploads\/2026\/04\/exposition-monumentale-perpignan-cathedrale.webp","datePublished":"2026-04-20T16:15:18+00:00","dateModified":"2026-04-20T16:15:21+00:00","description":"Exposition monumentale \u00e0 la cath\u00e9drale Saint-Jean-Baptiste Perpignan. D\u00e9couvrez les volets restaur\u00e9s du grand orgue, un tr\u00e9sor artistique des Pyr\u00e9n\u00e9es-Orientales.","breadcrumb":{"@id":"https:\/\/www.locansol.fr\/exposition-monumentale-perpignan-cathedrale\/#breadcrumb"},"inLanguage":"ca","potentialAction":[{"@type":"ReadAction","target":["https:\/\/www.locansol.fr\/exposition-monumentale-perpignan-cathedrale\/"]}]},{"@type":"ImageObject","inLanguage":"ca","@id":"https:\/\/www.locansol.fr\/exposition-monumentale-perpignan-cathedrale\/#primaryimage","url":"https:\/\/www.locansol.fr\/wp-content\/uploads\/2026\/04\/exposition-monumentale-perpignan-cathedrale.webp","contentUrl":"https:\/\/www.locansol.fr\/wp-content\/uploads\/2026\/04\/exposition-monumentale-perpignan-cathedrale.webp","width":1024,"height":605,"caption":"Exposition monumentale \u00e0 la cath\u00e9drale Saint-Jean-Baptiste Perpignan"},{"@type":"BreadcrumbList","@id":"https:\/\/www.locansol.fr\/exposition-monumentale-perpignan-cathedrale\/#breadcrumb","itemListElement":[{"@type":"ListItem","position":1,"name":"Accueil","item":"https:\/\/www.locansol.fr\/"},{"@type":"ListItem","position":2,"name":"Perpignan, mars-mai 2024 : Exposition monumentale \u00e0 la cath\u00e9drale Saint-Jean-Baptiste"}]},{"@type":"WebSite","@id":"https:\/\/www.locansol.fr\/#website","url":"https:\/\/www.locansol.fr\/","name":"Locansol, louer un h\u00e9bergement dans les Pyr\u00e9n\u00e9es-Orientales","description":"Location Mobil-home Mer M\u00e9diterran\u00e9e &amp; Chalet de Montagne dans les Pyr\u00e9n\u00e9es Orientales (Occitanie, 66). Weekend, s\u00e9jour &amp; vacances en famille et entre amis.","publisher":{"@id":"https:\/\/www.locansol.fr\/#organization"},"alternateName":"Louer un h\u00e9bergement dans les Pyr\u00e9n\u00e9es Orientales, chalet & mobil-home en Occitanie","potentialAction":[{"@type":"SearchAction","target":{"@type":"EntryPoint","urlTemplate":"https:\/\/www.locansol.fr\/?s={search_term_string}"},"query-input":{"@type":"PropertyValueSpecification","valueRequired":true,"valueName":"search_term_string"}}],"inLanguage":"ca"},{"@type":"Organization","@id":"https:\/\/www.locansol.fr\/#organization","name":"Location MobilHome & chalet dans les Pyr\u00e9n\u00e9es Orientales","alternateName":"Louer un h\u00e9bergement dans les Pyr\u00e9n\u00e9es Orientales en Occitanie","url":"https:\/\/www.locansol.fr\/","logo":{"@type":"ImageObject","inLanguage":"ca","@id":"https:\/\/www.locansol.fr\/#\/schema\/logo\/image\/","url":"https:\/\/www.locansol.fr\/wp-content\/uploads\/2024\/04\/AdobeStock_303324767-scaled.jpeg","contentUrl":"https:\/\/www.locansol.fr\/wp-content\/uploads\/2024\/04\/AdobeStock_303324767-scaled.jpeg","width":2560,"height":1707,"caption":"Location MobilHome & chalet dans les Pyr\u00e9n\u00e9es Orientales"},"image":{"@id":"https:\/\/www.locansol.fr\/#\/schema\/logo\/image\/"}},{"@type":"Person","@id":"https:\/\/www.locansol.fr\/#\/schema\/person\/0b08d440f1ac44674c6d498107de351d","name":"H\u00e9bergements Locansol","image":{"@type":"ImageObject","inLanguage":"ca","@id":"https:\/\/www.locansol.fr\/#\/schema\/person\/image\/","url":"https:\/\/secure.gravatar.com\/avatar\/444436b93284204f8116b6e0eb964cd3fcb811519c737232bde6dd5743c37ee5?s=96&d=mm&r=g","contentUrl":"https:\/\/secure.gravatar.com\/avatar\/444436b93284204f8116b6e0eb964cd3fcb811519c737232bde6dd5743c37ee5?s=96&d=mm&r=g","caption":"H\u00e9bergements Locansol"},"sameAs":["https:\/\/www.locansol.fr\/"],"url":"https:\/\/www.locansol.fr\/ca\/author\/locansol\/"}]}},"_links":{"self":[{"href":"https:\/\/www.locansol.fr\/ca\/wp-json\/wp\/v2\/posts\/6282","targetHints":{"allow":["GET"]}}],"collection":[{"href":"https:\/\/www.locansol.fr\/ca\/wp-json\/wp\/v2\/posts"}],"about":[{"href":"https:\/\/www.locansol.fr\/ca\/wp-json\/wp\/v2\/types\/post"}],"author":[{"embeddable":true,"href":"https:\/\/www.locansol.fr\/ca\/wp-json\/wp\/v2\/users\/5"}],"replies":[{"embeddable":true,"href":"https:\/\/www.locansol.fr\/ca\/wp-json\/wp\/v2\/comments?post=6282"}],"version-history":[{"count":1,"href":"https:\/\/www.locansol.fr\/ca\/wp-json\/wp\/v2\/posts\/6282\/revisions"}],"predecessor-version":[{"id":6283,"href":"https:\/\/www.locansol.fr\/ca\/wp-json\/wp\/v2\/posts\/6282\/revisions\/6283"}],"wp:featuredmedia":[{"embeddable":true,"href":"https:\/\/www.locansol.fr\/ca\/wp-json\/wp\/v2\/media\/6281"}],"wp:attachment":[{"href":"https:\/\/www.locansol.fr\/ca\/wp-json\/wp\/v2\/media?parent=6282"}],"wp:term":[{"taxonomy":"category","embeddable":true,"href":"https:\/\/www.locansol.fr\/ca\/wp-json\/wp\/v2\/categories?post=6282"},{"taxonomy":"post_tag","embeddable":true,"href":"https:\/\/www.locansol.fr\/ca\/wp-json\/wp\/v2\/tags?post=6282"}],"curies":[{"name":"wp","href":"https:\/\/api.w.org\/{rel}","templated":true}]}}