{"id":6296,"date":"2026-04-21T00:06:46","date_gmt":"2026-04-20T22:06:46","guid":{"rendered":"https:\/\/www.locansol.fr\/balades-naturalistes-collioure-mediterranee\/"},"modified":"2026-04-21T00:06:51","modified_gmt":"2026-04-20T22:06:51","slug":"balades-naturalistes-collioure-mediterranee","status":"publish","type":"post","link":"https:\/\/www.locansol.fr\/ca\/balades-naturalistes-collioure-mediterranee\/","title":{"rendered":"Collioure le 21 avril : Balades naturalistes du mardi, une immersion en pleine nature !"},"content":{"rendered":"<p>Si vous \u00eates amoureux de la nature et des paysages m\u00e9diterran\u00e9ens, les balades naturalistes du mardi \u00e0 Collioure sont un rendez-vous \u00e0 ne pas manquer. Organis\u00e9es le 21 avril prochain, ces sorties mettent \u00e0 l&rsquo;honneur la biodiversit\u00e9 exceptionnelle de la r\u00e9gion dans une ambiance conviviale et \u00e9ducative.<\/p>\n<p>Cette activit\u00e9 unique, orchestr\u00e9e par Direction Nature, offre \u00e0 ses participants une occasion privil\u00e9gi\u00e9e d&rsquo;explorer la richesse de la faune et de la flore locales. En parcourant les sentiers pittoresques de Collioure, vous aurez la chance d&rsquo;observer les esp\u00e8ces qui peuplent ce territoire si particulier et de mieux comprendre leur adaptation \u00e0 cet environnement m\u00e9diterran\u00e9en. En prime, ces balades sont aussi l&rsquo;occasion de partager vos propres connaissances ou d&rsquo;apprendre aupr\u00e8s d&rsquo;autres passionn\u00e9s, sous la guidance bienveillante d&rsquo;un sp\u00e9cialiste de la nature.<\/p>\n<p>Le rendez-vous est donn\u00e9 \u00e0 9h15 devant l&rsquo;Office de Tourisme de Collioure, situ\u00e9 au 6, rue de la R\u00e9publique. Pendant pr\u00e8s de trois heures, laissez-vous guider \u00e0 travers les paysages enchanteurs de ce village o\u00f9 terre et mer s&#8217;embrassent harmonieusement. Collioure, c\u00e9l\u00e8bre pour ses panoramas et sa lumi\u00e8re qui inspira Matisse et Derain, r\u00e9v\u00e8le ici une facette moins connue, celle de ses tr\u00e9sors naturels. Des esp\u00e8ces sous-marines comme les herbiers de posidonies et les majestueux m\u00e9rous t\u00e9moignent de la vitalit\u00e9 du milieu marin, tandis que la flore et la faune terrestre enrichissent encore cette mosa\u00efque \u00e9cologique.<\/p>\n<p>Ce parcours est id\u00e9al autant pour les familles avec enfants (les plus petits b\u00e9n\u00e9ficient d&rsquo;une entr\u00e9e gratuite jusqu&rsquo;\u00e0 8 ans) que pour les adultes curieux et les amateurs de promenades au grand air. Les balades sont propos\u00e9es principalement en langue fran\u00e7aise, mais il est possible de contacter le guide pour des informations dans une autre langue. Plus qu&rsquo;une simple marche, cet \u00e9v\u00e9nement se veut p\u00e9dagogique et sensibilisant \u00e0 l&rsquo;importance de la pr\u00e9servation des \u00e9cosyst\u00e8mes locaux.<\/p>\n<p>Avec un tarif accessible de 13 euros, les balades naturalistes du mardi ne vous r\u00e9servent pas seulement un moment de d\u00e9tente mais aussi une v\u00e9ritable aventure \u00e9ducative. Qu&rsquo;il s&rsquo;agisse de comprendre les interactions entre les diff\u00e9rentes esp\u00e8ces ou simplement de savourer la tranquillit\u00e9 d&rsquo;un matin au c\u0153ur de la nature, ce rendez-vous promet de repartir avec des yeux \u00e9merveill\u00e9s et une nouvelle appr\u00e9ciation de notre environnement.<\/p>\n<p>Alors, r\u00e9servez d\u00e8s maintenant votre matin\u00e9e du mardi 21 avril pour cette plong\u00e9e dans la biodiversit\u00e9 exceptionnelle de Collioure. Une petite pause nature qui vous permettra de d\u00e9connecter et de reconnecter avec l&rsquo;essentiel. Un conseil : n&rsquo;oubliez pas vos chaussures confortables et votre curiosit\u00e9 !<\/p>\n<h3>Informaci\u00f3 pr\u00e0ctica<\/h3>\n<p>\ud83d\udcc5 QUAND ? Mardi 21 avril de 09:15 \u00e0 12:00<br \/>\ud83d\udccd O\u00d9 ? 6, rue de la R\u00e9publique, Collioure<br \/>\ud83d\udcb6 COMBIEN ? \u00c0 partir de 13,00 \u20ac<\/p>","protected":false},"excerpt":{"rendered":"<p>Les balades naturalistes du mardi \u00e0 Collioure, le 21 avril, offrent une immersion p\u00e9dagogique et conviviale dans la biodiversit\u00e9 locale. Parfait pour les amoureux de la nature !<\/p>","protected":false},"author":5,"featured_media":6295,"comment_status":"closed","ping_status":"open","sticky":false,"template":"","format":"standard","meta":{"_yoast_wpseo_focuskw":"balades naturalistes Collioure M\u00e9diterran\u00e9e","_yoast_wpseo_title":"Balades naturalistes du mardi Collioure - Immersion nature","_yoast_wpseo_metadesc":"Balades naturalistes du mardi Collioure : explorez la biodiversit\u00e9 exceptionnelle des Pyr\u00e9n\u00e9es-Orientales. Une sortie \u00e9ducative et conviviale pour toute la famille.","_yoast_wpseo_canonical":"","_yoast_wpseo_opengraph-title":"D\u00e9couvrez la nature sauvage : Collioure \u2014 Une immersion sensorielle unique","_yoast_wpseo_opengraph-description":"Plongez dans la biodiversit\u00e9 de Collioure. Une balade \u00e9ducative au c\u0153ur des paysages m\u00e9diterran\u00e9ens, entre mer et terre.","_yoast_wpseo_opengraph-image":"https:\/\/www.locansol.fr\/wp-content\/uploads\/2026\/04\/balades-naturalistes-collioure-mediterranee.webp","_yoast_wpseo_opengraph-image-id":"","_yoast_wpseo_twitter-title":"Explorez la nature \u00e0 Collioure : balades naturalistes","_yoast_wpseo_twitter-description":"D\u00e9couvrez la biodiversit\u00e9 de Collioure lors de balades naturalistes \u00e9ducatives et conviviales. Une exp\u00e9rience inoubliable pour toute la famille.","_yoast_wpseo_twitter-image":"https:\/\/www.locansol.fr\/wp-content\/uploads\/2026\/04\/balades-naturalistes-collioure-mediterranee.webp","_yoast_wpseo_twitter-image-id":"","yoast_primary_category":"Randonn\u00e9e","footnotes":""},"categories":[29],"tags":[70,76],"class_list":["post-6296","post","type-post","status-publish","format-standard","has-post-thumbnail","hentry","category-agenda-pyrenees-orientales","tag-nature","tag-pyrenees-orientales"],"yoast_head":"<!-- This site is optimized with the Yoast SEO Premium plugin v23.3 (Yoast SEO v26.9) - https:\/\/yoast.com\/product\/yoast-seo-premium-wordpress\/ -->\n<title>Balades naturalistes du mardi Collioure - Immersion nature<\/title>\n<meta name=\"description\" content=\"Balades naturalistes du mardi Collioure : explorez la biodiversit\u00e9 exceptionnelle des Pyr\u00e9n\u00e9es-Orientales. Une sortie \u00e9ducative et conviviale pour toute la famille.\" \/>\n<meta name=\"robots\" content=\"index, follow, max-snippet:-1, max-image-preview:large, max-video-preview:-1\" \/>\n<link rel=\"canonical\" href=\"https:\/\/www.locansol.fr\/ca\/balades-naturalistes-collioure-mediterranee\/\" \/>\n<meta property=\"og:locale\" content=\"ca_ES\" \/>\n<meta property=\"og:type\" content=\"article\" \/>\n<meta property=\"og:title\" content=\"D\u00e9couvrez la nature sauvage : Collioure \u2014 Une immersion sensorielle unique\" \/>\n<meta property=\"og:description\" content=\"Plongez dans la biodiversit\u00e9 de Collioure. Une balade \u00e9ducative au c\u0153ur des paysages m\u00e9diterran\u00e9ens, entre mer et terre.\" \/>\n<meta property=\"og:url\" content=\"https:\/\/www.locansol.fr\/ca\/balades-naturalistes-collioure-mediterranee\/\" \/>\n<meta property=\"og:site_name\" content=\"Locansol, louer un h\u00e9bergement dans les Pyr\u00e9n\u00e9es Orientales\" \/>\n<meta property=\"article:published_time\" content=\"2026-04-20T22:06:46+00:00\" \/>\n<meta property=\"article:modified_time\" content=\"2026-04-20T22:06:51+00:00\" \/>\n<meta property=\"og:image\" content=\"https:\/\/www.locansol.fr\/wp-content\/uploads\/2026\/04\/balades-naturalistes-collioure-mediterranee.webp\" \/>\n<meta name=\"author\" content=\"H\u00e9bergements Locansol\" \/>\n<meta name=\"twitter:card\" content=\"summary_large_image\" \/>\n<meta name=\"twitter:title\" content=\"Explorez la nature \u00e0 Collioure : balades naturalistes\" \/>\n<meta name=\"twitter:description\" content=\"D\u00e9couvrez la biodiversit\u00e9 de Collioure lors de balades naturalistes \u00e9ducatives et conviviales. Une exp\u00e9rience inoubliable pour toute la famille.\" \/>\n<meta name=\"twitter:image\" content=\"https:\/\/www.locansol.fr\/wp-content\/uploads\/2026\/04\/balades-naturalistes-collioure-mediterranee.webp\" \/>\n<meta name=\"twitter:label1\" content=\"Escrit per\" \/>\n\t<meta name=\"twitter:data1\" content=\"H\u00e9bergements Locansol\" \/>\n\t<meta name=\"twitter:label2\" content=\"Temps estimat de lectura\" \/>\n\t<meta name=\"twitter:data2\" content=\"2 minuts\" \/>\n<script type=\"application\/ld+json\" class=\"yoast-schema-graph\">{\"@context\":\"https:\/\/schema.org\",\"@graph\":[{\"@type\":\"Article\",\"@id\":\"https:\/\/www.locansol.fr\/balades-naturalistes-collioure-mediterranee\/#article\",\"isPartOf\":{\"@id\":\"https:\/\/www.locansol.fr\/balades-naturalistes-collioure-mediterranee\/\"},\"author\":{\"name\":\"H\u00e9bergements Locansol\",\"@id\":\"https:\/\/www.locansol.fr\/#\/schema\/person\/0b08d440f1ac44674c6d498107de351d\"},\"headline\":\"Collioure le 21 avril : Balades naturalistes du mardi, une immersion en pleine nature !\",\"datePublished\":\"2026-04-20T22:06:46+00:00\",\"dateModified\":\"2026-04-20T22:06:51+00:00\",\"mainEntityOfPage\":{\"@id\":\"https:\/\/www.locansol.fr\/balades-naturalistes-collioure-mediterranee\/\"},\"wordCount\":488,\"publisher\":{\"@id\":\"https:\/\/www.locansol.fr\/#organization\"},\"image\":{\"@id\":\"https:\/\/www.locansol.fr\/balades-naturalistes-collioure-mediterranee\/#primaryimage\"},\"thumbnailUrl\":\"https:\/\/www.locansol.fr\/wp-content\/uploads\/2026\/04\/balades-naturalistes-collioure-mediterranee.webp\",\"keywords\":[\"Nature\",\"Pyr\u00e9n\u00e9es-Orientales\"],\"articleSection\":[\"Agenda\"],\"inLanguage\":\"ca\"},{\"@type\":\"WebPage\",\"@id\":\"https:\/\/www.locansol.fr\/balades-naturalistes-collioure-mediterranee\/\",\"url\":\"https:\/\/www.locansol.fr\/balades-naturalistes-collioure-mediterranee\/\",\"name\":\"Balades naturalistes du mardi Collioure - Immersion nature\",\"isPartOf\":{\"@id\":\"https:\/\/www.locansol.fr\/#website\"},\"primaryImageOfPage\":{\"@id\":\"https:\/\/www.locansol.fr\/balades-naturalistes-collioure-mediterranee\/#primaryimage\"},\"image\":{\"@id\":\"https:\/\/www.locansol.fr\/balades-naturalistes-collioure-mediterranee\/#primaryimage\"},\"thumbnailUrl\":\"https:\/\/www.locansol.fr\/wp-content\/uploads\/2026\/04\/balades-naturalistes-collioure-mediterranee.webp\",\"datePublished\":\"2026-04-20T22:06:46+00:00\",\"dateModified\":\"2026-04-20T22:06:51+00:00\",\"description\":\"Balades naturalistes du mardi Collioure : explorez la biodiversit\u00e9 exceptionnelle des Pyr\u00e9n\u00e9es-Orientales. Une sortie \u00e9ducative et conviviale pour toute la famille.\",\"breadcrumb\":{\"@id\":\"https:\/\/www.locansol.fr\/balades-naturalistes-collioure-mediterranee\/#breadcrumb\"},\"inLanguage\":\"ca\",\"potentialAction\":[{\"@type\":\"ReadAction\",\"target\":[\"https:\/\/www.locansol.fr\/balades-naturalistes-collioure-mediterranee\/\"]}]},{\"@type\":\"ImageObject\",\"inLanguage\":\"ca\",\"@id\":\"https:\/\/www.locansol.fr\/balades-naturalistes-collioure-mediterranee\/#primaryimage\",\"url\":\"https:\/\/www.locansol.fr\/wp-content\/uploads\/2026\/04\/balades-naturalistes-collioure-mediterranee.webp\",\"contentUrl\":\"https:\/\/www.locansol.fr\/wp-content\/uploads\/2026\/04\/balades-naturalistes-collioure-mediterranee.webp\",\"width\":602,\"height\":506,\"caption\":\"Balades naturalistes du mardi Collioure - Immersion nature\"},{\"@type\":\"BreadcrumbList\",\"@id\":\"https:\/\/www.locansol.fr\/balades-naturalistes-collioure-mediterranee\/#breadcrumb\",\"itemListElement\":[{\"@type\":\"ListItem\",\"position\":1,\"name\":\"Accueil\",\"item\":\"https:\/\/www.locansol.fr\/\"},{\"@type\":\"ListItem\",\"position\":2,\"name\":\"Collioure le 21 avril : Balades naturalistes du mardi, une immersion en pleine nature !\"}]},{\"@type\":\"WebSite\",\"@id\":\"https:\/\/www.locansol.fr\/#website\",\"url\":\"https:\/\/www.locansol.fr\/\",\"name\":\"Locansol, louer un h\u00e9bergement dans les Pyr\u00e9n\u00e9es-Orientales\",\"description\":\"Location Mobil-home Mer M\u00e9diterran\u00e9e &amp; Chalet de Montagne dans les Pyr\u00e9n\u00e9es Orientales (Occitanie, 66). Weekend, s\u00e9jour &amp; vacances en famille et entre amis.\",\"publisher\":{\"@id\":\"https:\/\/www.locansol.fr\/#organization\"},\"alternateName\":\"Louer un h\u00e9bergement dans les Pyr\u00e9n\u00e9es Orientales, chalet & mobil-home en Occitanie\",\"potentialAction\":[{\"@type\":\"SearchAction\",\"target\":{\"@type\":\"EntryPoint\",\"urlTemplate\":\"https:\/\/www.locansol.fr\/?s={search_term_string}\"},\"query-input\":{\"@type\":\"PropertyValueSpecification\",\"valueRequired\":true,\"valueName\":\"search_term_string\"}}],\"inLanguage\":\"ca\"},{\"@type\":\"Organization\",\"@id\":\"https:\/\/www.locansol.fr\/#organization\",\"name\":\"Location MobilHome & chalet dans les Pyr\u00e9n\u00e9es Orientales\",\"alternateName\":\"Louer un h\u00e9bergement dans les Pyr\u00e9n\u00e9es Orientales en Occitanie\",\"url\":\"https:\/\/www.locansol.fr\/\",\"logo\":{\"@type\":\"ImageObject\",\"inLanguage\":\"ca\",\"@id\":\"https:\/\/www.locansol.fr\/#\/schema\/logo\/image\/\",\"url\":\"https:\/\/www.locansol.fr\/wp-content\/uploads\/2024\/04\/AdobeStock_303324767-scaled.jpeg\",\"contentUrl\":\"https:\/\/www.locansol.fr\/wp-content\/uploads\/2024\/04\/AdobeStock_303324767-scaled.jpeg\",\"width\":2560,\"height\":1707,\"caption\":\"Location MobilHome & chalet dans les Pyr\u00e9n\u00e9es Orientales\"},\"image\":{\"@id\":\"https:\/\/www.locansol.fr\/#\/schema\/logo\/image\/\"}},{\"@type\":\"Person\",\"@id\":\"https:\/\/www.locansol.fr\/#\/schema\/person\/0b08d440f1ac44674c6d498107de351d\",\"name\":\"H\u00e9bergements Locansol\",\"image\":{\"@type\":\"ImageObject\",\"inLanguage\":\"ca\",\"@id\":\"https:\/\/www.locansol.fr\/#\/schema\/person\/image\/\",\"url\":\"https:\/\/secure.gravatar.com\/avatar\/444436b93284204f8116b6e0eb964cd3fcb811519c737232bde6dd5743c37ee5?s=96&d=mm&r=g\",\"contentUrl\":\"https:\/\/secure.gravatar.com\/avatar\/444436b93284204f8116b6e0eb964cd3fcb811519c737232bde6dd5743c37ee5?s=96&d=mm&r=g\",\"caption\":\"H\u00e9bergements Locansol\"},\"sameAs\":[\"https:\/\/www.locansol.fr\/\"],\"url\":\"https:\/\/www.locansol.fr\/ca\/author\/locansol\/\"}]}<\/script>\n<!-- \/ Yoast SEO Premium plugin. -->","yoast_head_json":{"title":"Balades naturalistes du mardi Collioure - Immersion nature","description":"Balades naturalistes du mardi Collioure : explorez la biodiversit\u00e9 exceptionnelle des Pyr\u00e9n\u00e9es-Orientales. Une sortie \u00e9ducative et conviviale pour toute la famille.","robots":{"index":"index","follow":"follow","max-snippet":"max-snippet:-1","max-image-preview":"max-image-preview:large","max-video-preview":"max-video-preview:-1"},"canonical":"https:\/\/www.locansol.fr\/ca\/balades-naturalistes-collioure-mediterranee\/","og_locale":"ca_ES","og_type":"article","og_title":"D\u00e9couvrez la nature sauvage : Collioure \u2014 Une immersion sensorielle unique","og_description":"Plongez dans la biodiversit\u00e9 de Collioure. Une balade \u00e9ducative au c\u0153ur des paysages m\u00e9diterran\u00e9ens, entre mer et terre.","og_url":"https:\/\/www.locansol.fr\/ca\/balades-naturalistes-collioure-mediterranee\/","og_site_name":"Locansol, louer un h\u00e9bergement dans les Pyr\u00e9n\u00e9es Orientales","article_published_time":"2026-04-20T22:06:46+00:00","article_modified_time":"2026-04-20T22:06:51+00:00","og_image":[{"url":"https:\/\/www.locansol.fr\/wp-content\/uploads\/2026\/04\/balades-naturalistes-collioure-mediterranee.webp","type":"","width":"","height":""}],"author":"H\u00e9bergements Locansol","twitter_card":"summary_large_image","twitter_title":"Explorez la nature \u00e0 Collioure : balades naturalistes","twitter_description":"D\u00e9couvrez la biodiversit\u00e9 de Collioure lors de balades naturalistes \u00e9ducatives et conviviales. Une exp\u00e9rience inoubliable pour toute la famille.","twitter_image":"https:\/\/www.locansol.fr\/wp-content\/uploads\/2026\/04\/balades-naturalistes-collioure-mediterranee.webp","twitter_misc":{"Escrit per":"H\u00e9bergements Locansol","Temps estimat de lectura":"2 minuts"},"schema":{"@context":"https:\/\/schema.org","@graph":[{"@type":"Article","@id":"https:\/\/www.locansol.fr\/balades-naturalistes-collioure-mediterranee\/#article","isPartOf":{"@id":"https:\/\/www.locansol.fr\/balades-naturalistes-collioure-mediterranee\/"},"author":{"name":"H\u00e9bergements Locansol","@id":"https:\/\/www.locansol.fr\/#\/schema\/person\/0b08d440f1ac44674c6d498107de351d"},"headline":"Collioure le 21 avril : Balades naturalistes du mardi, une immersion en pleine nature !","datePublished":"2026-04-20T22:06:46+00:00","dateModified":"2026-04-20T22:06:51+00:00","mainEntityOfPage":{"@id":"https:\/\/www.locansol.fr\/balades-naturalistes-collioure-mediterranee\/"},"wordCount":488,"publisher":{"@id":"https:\/\/www.locansol.fr\/#organization"},"image":{"@id":"https:\/\/www.locansol.fr\/balades-naturalistes-collioure-mediterranee\/#primaryimage"},"thumbnailUrl":"https:\/\/www.locansol.fr\/wp-content\/uploads\/2026\/04\/balades-naturalistes-collioure-mediterranee.webp","keywords":["Nature","Pyr\u00e9n\u00e9es-Orientales"],"articleSection":["Agenda"],"inLanguage":"ca"},{"@type":"WebPage","@id":"https:\/\/www.locansol.fr\/balades-naturalistes-collioure-mediterranee\/","url":"https:\/\/www.locansol.fr\/balades-naturalistes-collioure-mediterranee\/","name":"Balades naturalistes du mardi Collioure - Immersion nature","isPartOf":{"@id":"https:\/\/www.locansol.fr\/#website"},"primaryImageOfPage":{"@id":"https:\/\/www.locansol.fr\/balades-naturalistes-collioure-mediterranee\/#primaryimage"},"image":{"@id":"https:\/\/www.locansol.fr\/balades-naturalistes-collioure-mediterranee\/#primaryimage"},"thumbnailUrl":"https:\/\/www.locansol.fr\/wp-content\/uploads\/2026\/04\/balades-naturalistes-collioure-mediterranee.webp","datePublished":"2026-04-20T22:06:46+00:00","dateModified":"2026-04-20T22:06:51+00:00","description":"Balades naturalistes du mardi Collioure : explorez la biodiversit\u00e9 exceptionnelle des Pyr\u00e9n\u00e9es-Orientales. Une sortie \u00e9ducative et conviviale pour toute la famille.","breadcrumb":{"@id":"https:\/\/www.locansol.fr\/balades-naturalistes-collioure-mediterranee\/#breadcrumb"},"inLanguage":"ca","potentialAction":[{"@type":"ReadAction","target":["https:\/\/www.locansol.fr\/balades-naturalistes-collioure-mediterranee\/"]}]},{"@type":"ImageObject","inLanguage":"ca","@id":"https:\/\/www.locansol.fr\/balades-naturalistes-collioure-mediterranee\/#primaryimage","url":"https:\/\/www.locansol.fr\/wp-content\/uploads\/2026\/04\/balades-naturalistes-collioure-mediterranee.webp","contentUrl":"https:\/\/www.locansol.fr\/wp-content\/uploads\/2026\/04\/balades-naturalistes-collioure-mediterranee.webp","width":602,"height":506,"caption":"Balades naturalistes du mardi Collioure - Immersion nature"},{"@type":"BreadcrumbList","@id":"https:\/\/www.locansol.fr\/balades-naturalistes-collioure-mediterranee\/#breadcrumb","itemListElement":[{"@type":"ListItem","position":1,"name":"Accueil","item":"https:\/\/www.locansol.fr\/"},{"@type":"ListItem","position":2,"name":"Collioure le 21 avril : Balades naturalistes du mardi, une immersion en pleine nature !"}]},{"@type":"WebSite","@id":"https:\/\/www.locansol.fr\/#website","url":"https:\/\/www.locansol.fr\/","name":"Locansol, louer un h\u00e9bergement dans les Pyr\u00e9n\u00e9es-Orientales","description":"Location Mobil-home Mer M\u00e9diterran\u00e9e &amp; Chalet de Montagne dans les Pyr\u00e9n\u00e9es Orientales (Occitanie, 66). Weekend, s\u00e9jour &amp; vacances en famille et entre amis.","publisher":{"@id":"https:\/\/www.locansol.fr\/#organization"},"alternateName":"Louer un h\u00e9bergement dans les Pyr\u00e9n\u00e9es Orientales, chalet & mobil-home en Occitanie","potentialAction":[{"@type":"SearchAction","target":{"@type":"EntryPoint","urlTemplate":"https:\/\/www.locansol.fr\/?s={search_term_string}"},"query-input":{"@type":"PropertyValueSpecification","valueRequired":true,"valueName":"search_term_string"}}],"inLanguage":"ca"},{"@type":"Organization","@id":"https:\/\/www.locansol.fr\/#organization","name":"Location MobilHome & chalet dans les Pyr\u00e9n\u00e9es Orientales","alternateName":"Louer un h\u00e9bergement dans les Pyr\u00e9n\u00e9es Orientales en Occitanie","url":"https:\/\/www.locansol.fr\/","logo":{"@type":"ImageObject","inLanguage":"ca","@id":"https:\/\/www.locansol.fr\/#\/schema\/logo\/image\/","url":"https:\/\/www.locansol.fr\/wp-content\/uploads\/2024\/04\/AdobeStock_303324767-scaled.jpeg","contentUrl":"https:\/\/www.locansol.fr\/wp-content\/uploads\/2024\/04\/AdobeStock_303324767-scaled.jpeg","width":2560,"height":1707,"caption":"Location MobilHome & chalet dans les Pyr\u00e9n\u00e9es Orientales"},"image":{"@id":"https:\/\/www.locansol.fr\/#\/schema\/logo\/image\/"}},{"@type":"Person","@id":"https:\/\/www.locansol.fr\/#\/schema\/person\/0b08d440f1ac44674c6d498107de351d","name":"H\u00e9bergements Locansol","image":{"@type":"ImageObject","inLanguage":"ca","@id":"https:\/\/www.locansol.fr\/#\/schema\/person\/image\/","url":"https:\/\/secure.gravatar.com\/avatar\/444436b93284204f8116b6e0eb964cd3fcb811519c737232bde6dd5743c37ee5?s=96&d=mm&r=g","contentUrl":"https:\/\/secure.gravatar.com\/avatar\/444436b93284204f8116b6e0eb964cd3fcb811519c737232bde6dd5743c37ee5?s=96&d=mm&r=g","caption":"H\u00e9bergements Locansol"},"sameAs":["https:\/\/www.locansol.fr\/"],"url":"https:\/\/www.locansol.fr\/ca\/author\/locansol\/"}]}},"_links":{"self":[{"href":"https:\/\/www.locansol.fr\/ca\/wp-json\/wp\/v2\/posts\/6296","targetHints":{"allow":["GET"]}}],"collection":[{"href":"https:\/\/www.locansol.fr\/ca\/wp-json\/wp\/v2\/posts"}],"about":[{"href":"https:\/\/www.locansol.fr\/ca\/wp-json\/wp\/v2\/types\/post"}],"author":[{"embeddable":true,"href":"https:\/\/www.locansol.fr\/ca\/wp-json\/wp\/v2\/users\/5"}],"replies":[{"embeddable":true,"href":"https:\/\/www.locansol.fr\/ca\/wp-json\/wp\/v2\/comments?post=6296"}],"version-history":[{"count":1,"href":"https:\/\/www.locansol.fr\/ca\/wp-json\/wp\/v2\/posts\/6296\/revisions"}],"predecessor-version":[{"id":6297,"href":"https:\/\/www.locansol.fr\/ca\/wp-json\/wp\/v2\/posts\/6296\/revisions\/6297"}],"wp:featuredmedia":[{"embeddable":true,"href":"https:\/\/www.locansol.fr\/ca\/wp-json\/wp\/v2\/media\/6295"}],"wp:attachment":[{"href":"https:\/\/www.locansol.fr\/ca\/wp-json\/wp\/v2\/media?parent=6296"}],"wp:term":[{"taxonomy":"category","embeddable":true,"href":"https:\/\/www.locansol.fr\/ca\/wp-json\/wp\/v2\/categories?post=6296"},{"taxonomy":"post_tag","embeddable":true,"href":"https:\/\/www.locansol.fr\/ca\/wp-json\/wp\/v2\/tags?post=6296"}],"curies":[{"name":"wp","href":"https:\/\/api.w.org\/{rel}","templated":true}]}}