{"id":6301,"date":"2026-04-21T00:11:53","date_gmt":"2026-04-20T22:11:53","guid":{"rendered":"https:\/\/www.locansol.fr\/visite-guidee-elne-histoire\/"},"modified":"2026-04-21T00:11:59","modified_gmt":"2026-04-20T22:11:59","slug":"visite-guidee-elne-histoire","status":"publish","type":"post","link":"https:\/\/www.locansol.fr\/ca\/visite-guidee-elne-histoire\/","title":{"rendered":"Visite guid\u00e9e \u00e0 Elne : Plongez dans 27 si\u00e8cles d&rsquo;histoire le 21 avril 2023"},"content":{"rendered":"<p>Partez \u00e0 la d\u00e9couverte d\u2019Elne, une ville au riche pass\u00e9 historique, lors de la visite guid\u00e9e \u00ab Elne Historique \u00bb le mardi 21 avril, de 10h00 \u00e0 11h30. Situ\u00e9e au c\u0153ur des Pyr\u00e9n\u00e9es-Orientales, cette visite vous plonge dans les tr\u00e9sors arch\u00e9ologiques et culturels de la cit\u00e9, ancienne capitale du Roussillon.<\/p>\n<p>Organis\u00e9e par l\u2019Office de Tourisme Intercommunal Pyr\u00e9n\u00e9es M\u00e9diterran\u00e9e, la visite vous promet une immersion exceptionnelle dans 27 si\u00e8cles d\u2019histoire. Vous commencerez par explorer les fouilles du plateau des Garaffes, site embl\u00e9matique o\u00f9 des vestiges impressionnants d\u2019une cath\u00e9drale primitive datant du VIe si\u00e8cle ont \u00e9t\u00e9 mis au jour. Vous y d\u00e9couvrirez ses fondations monumentales, avec un remarquable chevet de 12,70 m\u00e8tres de diam\u00e8tre et une nef impressionnante de plus de 18 m\u00e8tres de largeur. Une plong\u00e9e dans le pass\u00e9 religieux et architectural d\u2019Elne qui ne manquera pas de vous \u00e9tonner.<\/p>\n<p>Le parcours se poursuit dans les ruelles pittoresques de la ville haute d\u2019Elne, o\u00f9 vous serez t\u00e9moin de son patrimoine m\u00e9di\u00e9val remarquable. Les tours, portes, et courtines, datant des XIIIe et XIVe si\u00e8cles, racontent les riches heures de cette cit\u00e9. De ce promontoire, profitez \u00e9galement des vues imprenables sur la plaine du Roussillon et les contreforts des Alb\u00e8res.<\/p>\n<p>La visite inclut \u00e9galement un arr\u00eat au Mus\u00e9e arch\u00e9ologique d\u2019Elne, v\u00e9ritable \u00e9crin de tr\u00e9sors historiques issus des fouilles locales. Pour tous les amoureux de culture et d\u2019histoire, cette \u00e9tape sera l\u2019occasion d\u2019apprendre davantage sur la vie et les traditions de l\u2019\u00e9poque, \u00e0 travers ces pi\u00e8ces uniques qui t\u00e9moignent d\u2019une civilisation ancienne.<\/p>\n<p>Cet \u00e9v\u00e9nement s\u2019inscrit dans le cadre du Printemps Mar i Munt, une initiative qui valorise le patrimoine culturel et naturel des Pyr\u00e9n\u00e9es-Orientales. C\u2019est l\u2019occasion id\u00e9ale de s\u2019immerger dans la richesse historique et architecturale de la r\u00e9gion tout en profitant d\u2019une matin\u00e9e pleine de d\u00e9couvertes.<\/p>\n<p>Pour vivre l\u2019exp\u00e9rience, rendez-vous \u00e0 l\u2019adresse 2 Rue du Couvent, devant l\u2019Office de Tourisme d\u2019Elne. N\u2019oubliez de pr\u00e9voir des chaussures confortables pour parcourir les ruelles escarp\u00e9es. Le plein tarif est fix\u00e9 \u00e0 6 euros, une somme modique pour une plong\u00e9e passionnante dans l\u2019histoire mill\u00e9naire d\u2019Elne.<\/p>\n<p>N\u2019attendez plus pour r\u00e9server votre place et vous offrir cette parenth\u00e8se culturelle unique. Que vous soyez en visite dans la r\u00e9gion ou un habitant curieux de mieux conna\u00eetre les tr\u00e9sors de votre ville, cette visite guid\u00e9e saura vous s\u00e9duire et enrichir votre vision d\u2019Elne et de son importance historique.<\/p>\n<h3>Informaci\u00f3 pr\u00e0ctica<\/h3>\n<p>\ud83d\udcc5 QUAND ? Mardi 21 avril, de 10:00 \u00e0 11:30<br \/>\ud83d\udccd O\u00d9 ? 2 Rue du Couvent, Elne<br \/>\ud83d\udcb6 COMBIEN ? Plein tarif : 6,00 \u20ac<\/p>","protected":false},"excerpt":{"rendered":"<p>D\u00e9couvrez l&rsquo;histoire fascinante d&rsquo;Elne lors d&rsquo;une visite guid\u00e9e. Plongez dans 27 si\u00e8cles de patrimoine et explorez des vestiges uniques le 21 avril.<\/p>","protected":false},"author":5,"featured_media":6300,"comment_status":"closed","ping_status":"open","sticky":false,"template":"","format":"standard","meta":{"_yoast_wpseo_focuskw":"Visite guid\u00e9e Elne histoire","_yoast_wpseo_title":"Visite guid\u00e9e Elne : D\u00e9couvrez 27 si\u00e8cles d'histoire","_yoast_wpseo_metadesc":"Visite guid\u00e9e Elne : Plongez dans 27 si\u00e8cles d'histoire \u00e0 Elne, Pyr\u00e9n\u00e9es-Orientales. D\u00e9couvrez des sites arch\u00e9ologiques, des ruelles m\u00e9di\u00e9vales et un mus\u00e9e. Une exp\u00e9rience culturelle unique.","_yoast_wpseo_canonical":"","_yoast_wpseo_opengraph-title":"Plongez dans l'histoire : Visite guid\u00e9e \u00e0 Elne \u2014 D\u00e9couvrez 27 si\u00e8cles de tr\u00e9sors cach\u00e9s","_yoast_wpseo_opengraph-description":"Imaginez marcher dans les pas des Romains et des rois : la visite guid\u00e9e \u00e0 Elne vous transporte \u00e0 travers 27 si\u00e8cles d'histoire, des ruines antiques aux ruelles m\u00e9di\u00e9vales. Une aventure culturelle inoubliable.","_yoast_wpseo_opengraph-image":"https:\/\/www.locansol.fr\/wp-content\/uploads\/2026\/04\/visite-guidee-elne-histoire.webp","_yoast_wpseo_opengraph-image-id":"","_yoast_wpseo_twitter-title":"D\u00e9couvrez 27 si\u00e8cles d'histoire \u00e0 Elne lors d'une visite guid\u00e9e unique !","_yoast_wpseo_twitter-description":"Plongez dans l'histoire d'Elne lors d'une visite guid\u00e9e unique. D\u00e9couvrez des sites arch\u00e9ologiques, des ruelles m\u00e9di\u00e9vales et un mus\u00e9e. Une exp\u00e9rience culturelle inoubliable dans les Pyr\u00e9n\u00e9es-Orientales.","_yoast_wpseo_twitter-image":"https:\/\/www.locansol.fr\/wp-content\/uploads\/2026\/04\/visite-guidee-elne-histoire.webp","_yoast_wpseo_twitter-image-id":"","yoast_primary_category":"Visite guid\u00e9e","footnotes":""},"categories":[65],"tags":[66,76],"class_list":["post-6301","post","type-post","status-publish","format-standard","has-post-thumbnail","hentry","category-visite-guidee","tag-evenement-culturel","tag-pyrenees-orientales"],"yoast_head":"<!-- This site is optimized with the Yoast SEO Premium plugin v23.3 (Yoast SEO v26.9) - https:\/\/yoast.com\/product\/yoast-seo-premium-wordpress\/ -->\n<title>Visite guid\u00e9e Elne : D\u00e9couvrez 27 si\u00e8cles d&#039;histoire<\/title>\n<meta name=\"description\" content=\"Visite guid\u00e9e Elne : Plongez dans 27 si\u00e8cles d&#039;histoire \u00e0 Elne, Pyr\u00e9n\u00e9es-Orientales. D\u00e9couvrez des sites arch\u00e9ologiques, des ruelles m\u00e9di\u00e9vales et un mus\u00e9e. Une exp\u00e9rience culturelle unique.\" \/>\n<meta name=\"robots\" content=\"index, follow, max-snippet:-1, max-image-preview:large, max-video-preview:-1\" \/>\n<link rel=\"canonical\" href=\"https:\/\/www.locansol.fr\/ca\/visite-guidee-elne-histoire\/\" \/>\n<meta property=\"og:locale\" content=\"ca_ES\" \/>\n<meta property=\"og:type\" content=\"article\" \/>\n<meta property=\"og:title\" content=\"Plongez dans l&#039;histoire : Visite guid\u00e9e \u00e0 Elne \u2014 D\u00e9couvrez 27 si\u00e8cles de tr\u00e9sors cach\u00e9s\" \/>\n<meta property=\"og:description\" content=\"Imaginez marcher dans les pas des Romains et des rois : la visite guid\u00e9e \u00e0 Elne vous transporte \u00e0 travers 27 si\u00e8cles d&#039;histoire, des ruines antiques aux ruelles m\u00e9di\u00e9vales. Une aventure culturelle inoubliable.\" \/>\n<meta property=\"og:url\" content=\"https:\/\/www.locansol.fr\/ca\/visite-guidee-elne-histoire\/\" \/>\n<meta property=\"og:site_name\" content=\"Locansol, louer un h\u00e9bergement dans les Pyr\u00e9n\u00e9es Orientales\" \/>\n<meta property=\"article:published_time\" content=\"2026-04-20T22:11:53+00:00\" \/>\n<meta property=\"article:modified_time\" content=\"2026-04-20T22:11:59+00:00\" \/>\n<meta property=\"og:image\" content=\"https:\/\/www.locansol.fr\/wp-content\/uploads\/2026\/04\/visite-guidee-elne-histoire.webp\" \/>\n<meta name=\"author\" content=\"H\u00e9bergements Locansol\" \/>\n<meta name=\"twitter:card\" content=\"summary_large_image\" \/>\n<meta name=\"twitter:title\" content=\"D\u00e9couvrez 27 si\u00e8cles d&#039;histoire \u00e0 Elne lors d&#039;une visite guid\u00e9e unique !\" \/>\n<meta name=\"twitter:description\" content=\"Plongez dans l&#039;histoire d&#039;Elne lors d&#039;une visite guid\u00e9e unique. D\u00e9couvrez des sites arch\u00e9ologiques, des ruelles m\u00e9di\u00e9vales et un mus\u00e9e. Une exp\u00e9rience culturelle inoubliable dans les Pyr\u00e9n\u00e9es-Orientales.\" \/>\n<meta name=\"twitter:image\" content=\"https:\/\/www.locansol.fr\/wp-content\/uploads\/2026\/04\/visite-guidee-elne-histoire.webp\" \/>\n<meta name=\"twitter:label1\" content=\"Escrit per\" \/>\n\t<meta name=\"twitter:data1\" content=\"H\u00e9bergements Locansol\" \/>\n\t<meta name=\"twitter:label2\" content=\"Temps estimat de lectura\" \/>\n\t<meta name=\"twitter:data2\" content=\"2 minuts\" \/>\n<script type=\"application\/ld+json\" class=\"yoast-schema-graph\">{\"@context\":\"https:\/\/schema.org\",\"@graph\":[{\"@type\":\"Article\",\"@id\":\"https:\/\/www.locansol.fr\/visite-guidee-elne-histoire\/#article\",\"isPartOf\":{\"@id\":\"https:\/\/www.locansol.fr\/visite-guidee-elne-histoire\/\"},\"author\":{\"name\":\"H\u00e9bergements Locansol\",\"@id\":\"https:\/\/www.locansol.fr\/#\/schema\/person\/0b08d440f1ac44674c6d498107de351d\"},\"headline\":\"Visite guid\u00e9e \u00e0 Elne : Plongez dans 27 si\u00e8cles d&rsquo;histoire le 21 avril 2023\",\"datePublished\":\"2026-04-20T22:11:53+00:00\",\"dateModified\":\"2026-04-20T22:11:59+00:00\",\"mainEntityOfPage\":{\"@id\":\"https:\/\/www.locansol.fr\/visite-guidee-elne-histoire\/\"},\"wordCount\":478,\"publisher\":{\"@id\":\"https:\/\/www.locansol.fr\/#organization\"},\"image\":{\"@id\":\"https:\/\/www.locansol.fr\/visite-guidee-elne-histoire\/#primaryimage\"},\"thumbnailUrl\":\"https:\/\/www.locansol.fr\/wp-content\/uploads\/2026\/04\/visite-guidee-elne-histoire.webp\",\"keywords\":[\"\u00c9v\u00e8nement culturel\",\"Pyr\u00e9n\u00e9es-Orientales\"],\"articleSection\":[\"Visite guid\u00e9e\"],\"inLanguage\":\"ca\"},{\"@type\":\"WebPage\",\"@id\":\"https:\/\/www.locansol.fr\/visite-guidee-elne-histoire\/\",\"url\":\"https:\/\/www.locansol.fr\/visite-guidee-elne-histoire\/\",\"name\":\"Visite guid\u00e9e Elne : D\u00e9couvrez 27 si\u00e8cles d'histoire\",\"isPartOf\":{\"@id\":\"https:\/\/www.locansol.fr\/#website\"},\"primaryImageOfPage\":{\"@id\":\"https:\/\/www.locansol.fr\/visite-guidee-elne-histoire\/#primaryimage\"},\"image\":{\"@id\":\"https:\/\/www.locansol.fr\/visite-guidee-elne-histoire\/#primaryimage\"},\"thumbnailUrl\":\"https:\/\/www.locansol.fr\/wp-content\/uploads\/2026\/04\/visite-guidee-elne-histoire.webp\",\"datePublished\":\"2026-04-20T22:11:53+00:00\",\"dateModified\":\"2026-04-20T22:11:59+00:00\",\"description\":\"Visite guid\u00e9e Elne : Plongez dans 27 si\u00e8cles d'histoire \u00e0 Elne, Pyr\u00e9n\u00e9es-Orientales. D\u00e9couvrez des sites arch\u00e9ologiques, des ruelles m\u00e9di\u00e9vales et un mus\u00e9e. Une exp\u00e9rience culturelle unique.\",\"breadcrumb\":{\"@id\":\"https:\/\/www.locansol.fr\/visite-guidee-elne-histoire\/#breadcrumb\"},\"inLanguage\":\"ca\",\"potentialAction\":[{\"@type\":\"ReadAction\",\"target\":[\"https:\/\/www.locansol.fr\/visite-guidee-elne-histoire\/\"]}]},{\"@type\":\"ImageObject\",\"inLanguage\":\"ca\",\"@id\":\"https:\/\/www.locansol.fr\/visite-guidee-elne-histoire\/#primaryimage\",\"url\":\"https:\/\/www.locansol.fr\/wp-content\/uploads\/2026\/04\/visite-guidee-elne-histoire.webp\",\"contentUrl\":\"https:\/\/www.locansol.fr\/wp-content\/uploads\/2026\/04\/visite-guidee-elne-histoire.webp\",\"width\":1800,\"height\":1202,\"caption\":\"Visite guid\u00e9e Elne : D\u00e9couvrez 27 si\u00e8cles d'histoire\"},{\"@type\":\"BreadcrumbList\",\"@id\":\"https:\/\/www.locansol.fr\/visite-guidee-elne-histoire\/#breadcrumb\",\"itemListElement\":[{\"@type\":\"ListItem\",\"position\":1,\"name\":\"Accueil\",\"item\":\"https:\/\/www.locansol.fr\/\"},{\"@type\":\"ListItem\",\"position\":2,\"name\":\"Visite guid\u00e9e \u00e0 Elne : Plongez dans 27 si\u00e8cles d&rsquo;histoire le 21 avril 2023\"}]},{\"@type\":\"WebSite\",\"@id\":\"https:\/\/www.locansol.fr\/#website\",\"url\":\"https:\/\/www.locansol.fr\/\",\"name\":\"Locansol, louer un h\u00e9bergement dans les Pyr\u00e9n\u00e9es-Orientales\",\"description\":\"Location Mobil-home Mer M\u00e9diterran\u00e9e &amp; Chalet de Montagne dans les Pyr\u00e9n\u00e9es Orientales (Occitanie, 66). Weekend, s\u00e9jour &amp; vacances en famille et entre amis.\",\"publisher\":{\"@id\":\"https:\/\/www.locansol.fr\/#organization\"},\"alternateName\":\"Louer un h\u00e9bergement dans les Pyr\u00e9n\u00e9es Orientales, chalet & mobil-home en Occitanie\",\"potentialAction\":[{\"@type\":\"SearchAction\",\"target\":{\"@type\":\"EntryPoint\",\"urlTemplate\":\"https:\/\/www.locansol.fr\/?s={search_term_string}\"},\"query-input\":{\"@type\":\"PropertyValueSpecification\",\"valueRequired\":true,\"valueName\":\"search_term_string\"}}],\"inLanguage\":\"ca\"},{\"@type\":\"Organization\",\"@id\":\"https:\/\/www.locansol.fr\/#organization\",\"name\":\"Location MobilHome & chalet dans les Pyr\u00e9n\u00e9es Orientales\",\"alternateName\":\"Louer un h\u00e9bergement dans les Pyr\u00e9n\u00e9es Orientales en Occitanie\",\"url\":\"https:\/\/www.locansol.fr\/\",\"logo\":{\"@type\":\"ImageObject\",\"inLanguage\":\"ca\",\"@id\":\"https:\/\/www.locansol.fr\/#\/schema\/logo\/image\/\",\"url\":\"https:\/\/www.locansol.fr\/wp-content\/uploads\/2024\/04\/AdobeStock_303324767-scaled.jpeg\",\"contentUrl\":\"https:\/\/www.locansol.fr\/wp-content\/uploads\/2024\/04\/AdobeStock_303324767-scaled.jpeg\",\"width\":2560,\"height\":1707,\"caption\":\"Location MobilHome & chalet dans les Pyr\u00e9n\u00e9es Orientales\"},\"image\":{\"@id\":\"https:\/\/www.locansol.fr\/#\/schema\/logo\/image\/\"}},{\"@type\":\"Person\",\"@id\":\"https:\/\/www.locansol.fr\/#\/schema\/person\/0b08d440f1ac44674c6d498107de351d\",\"name\":\"H\u00e9bergements Locansol\",\"image\":{\"@type\":\"ImageObject\",\"inLanguage\":\"ca\",\"@id\":\"https:\/\/www.locansol.fr\/#\/schema\/person\/image\/\",\"url\":\"https:\/\/secure.gravatar.com\/avatar\/444436b93284204f8116b6e0eb964cd3fcb811519c737232bde6dd5743c37ee5?s=96&d=mm&r=g\",\"contentUrl\":\"https:\/\/secure.gravatar.com\/avatar\/444436b93284204f8116b6e0eb964cd3fcb811519c737232bde6dd5743c37ee5?s=96&d=mm&r=g\",\"caption\":\"H\u00e9bergements Locansol\"},\"sameAs\":[\"https:\/\/www.locansol.fr\/\"],\"url\":\"https:\/\/www.locansol.fr\/ca\/author\/locansol\/\"}]}<\/script>\n<!-- \/ Yoast SEO Premium plugin. -->","yoast_head_json":{"title":"Visite guid\u00e9e Elne : D\u00e9couvrez 27 si\u00e8cles d'histoire","description":"Visite guid\u00e9e Elne : Plongez dans 27 si\u00e8cles d'histoire \u00e0 Elne, Pyr\u00e9n\u00e9es-Orientales. D\u00e9couvrez des sites arch\u00e9ologiques, des ruelles m\u00e9di\u00e9vales et un mus\u00e9e. Une exp\u00e9rience culturelle unique.","robots":{"index":"index","follow":"follow","max-snippet":"max-snippet:-1","max-image-preview":"max-image-preview:large","max-video-preview":"max-video-preview:-1"},"canonical":"https:\/\/www.locansol.fr\/ca\/visite-guidee-elne-histoire\/","og_locale":"ca_ES","og_type":"article","og_title":"Plongez dans l'histoire : Visite guid\u00e9e \u00e0 Elne \u2014 D\u00e9couvrez 27 si\u00e8cles de tr\u00e9sors cach\u00e9s","og_description":"Imaginez marcher dans les pas des Romains et des rois : la visite guid\u00e9e \u00e0 Elne vous transporte \u00e0 travers 27 si\u00e8cles d'histoire, des ruines antiques aux ruelles m\u00e9di\u00e9vales. Une aventure culturelle inoubliable.","og_url":"https:\/\/www.locansol.fr\/ca\/visite-guidee-elne-histoire\/","og_site_name":"Locansol, louer un h\u00e9bergement dans les Pyr\u00e9n\u00e9es Orientales","article_published_time":"2026-04-20T22:11:53+00:00","article_modified_time":"2026-04-20T22:11:59+00:00","og_image":[{"url":"https:\/\/www.locansol.fr\/wp-content\/uploads\/2026\/04\/visite-guidee-elne-histoire.webp","type":"","width":"","height":""}],"author":"H\u00e9bergements Locansol","twitter_card":"summary_large_image","twitter_title":"D\u00e9couvrez 27 si\u00e8cles d'histoire \u00e0 Elne lors d'une visite guid\u00e9e unique !","twitter_description":"Plongez dans l'histoire d'Elne lors d'une visite guid\u00e9e unique. D\u00e9couvrez des sites arch\u00e9ologiques, des ruelles m\u00e9di\u00e9vales et un mus\u00e9e. Une exp\u00e9rience culturelle inoubliable dans les Pyr\u00e9n\u00e9es-Orientales.","twitter_image":"https:\/\/www.locansol.fr\/wp-content\/uploads\/2026\/04\/visite-guidee-elne-histoire.webp","twitter_misc":{"Escrit per":"H\u00e9bergements Locansol","Temps estimat de lectura":"2 minuts"},"schema":{"@context":"https:\/\/schema.org","@graph":[{"@type":"Article","@id":"https:\/\/www.locansol.fr\/visite-guidee-elne-histoire\/#article","isPartOf":{"@id":"https:\/\/www.locansol.fr\/visite-guidee-elne-histoire\/"},"author":{"name":"H\u00e9bergements Locansol","@id":"https:\/\/www.locansol.fr\/#\/schema\/person\/0b08d440f1ac44674c6d498107de351d"},"headline":"Visite guid\u00e9e \u00e0 Elne : Plongez dans 27 si\u00e8cles d&rsquo;histoire le 21 avril 2023","datePublished":"2026-04-20T22:11:53+00:00","dateModified":"2026-04-20T22:11:59+00:00","mainEntityOfPage":{"@id":"https:\/\/www.locansol.fr\/visite-guidee-elne-histoire\/"},"wordCount":478,"publisher":{"@id":"https:\/\/www.locansol.fr\/#organization"},"image":{"@id":"https:\/\/www.locansol.fr\/visite-guidee-elne-histoire\/#primaryimage"},"thumbnailUrl":"https:\/\/www.locansol.fr\/wp-content\/uploads\/2026\/04\/visite-guidee-elne-histoire.webp","keywords":["\u00c9v\u00e8nement culturel","Pyr\u00e9n\u00e9es-Orientales"],"articleSection":["Visite guid\u00e9e"],"inLanguage":"ca"},{"@type":"WebPage","@id":"https:\/\/www.locansol.fr\/visite-guidee-elne-histoire\/","url":"https:\/\/www.locansol.fr\/visite-guidee-elne-histoire\/","name":"Visite guid\u00e9e Elne : D\u00e9couvrez 27 si\u00e8cles d'histoire","isPartOf":{"@id":"https:\/\/www.locansol.fr\/#website"},"primaryImageOfPage":{"@id":"https:\/\/www.locansol.fr\/visite-guidee-elne-histoire\/#primaryimage"},"image":{"@id":"https:\/\/www.locansol.fr\/visite-guidee-elne-histoire\/#primaryimage"},"thumbnailUrl":"https:\/\/www.locansol.fr\/wp-content\/uploads\/2026\/04\/visite-guidee-elne-histoire.webp","datePublished":"2026-04-20T22:11:53+00:00","dateModified":"2026-04-20T22:11:59+00:00","description":"Visite guid\u00e9e Elne : Plongez dans 27 si\u00e8cles d'histoire \u00e0 Elne, Pyr\u00e9n\u00e9es-Orientales. D\u00e9couvrez des sites arch\u00e9ologiques, des ruelles m\u00e9di\u00e9vales et un mus\u00e9e. Une exp\u00e9rience culturelle unique.","breadcrumb":{"@id":"https:\/\/www.locansol.fr\/visite-guidee-elne-histoire\/#breadcrumb"},"inLanguage":"ca","potentialAction":[{"@type":"ReadAction","target":["https:\/\/www.locansol.fr\/visite-guidee-elne-histoire\/"]}]},{"@type":"ImageObject","inLanguage":"ca","@id":"https:\/\/www.locansol.fr\/visite-guidee-elne-histoire\/#primaryimage","url":"https:\/\/www.locansol.fr\/wp-content\/uploads\/2026\/04\/visite-guidee-elne-histoire.webp","contentUrl":"https:\/\/www.locansol.fr\/wp-content\/uploads\/2026\/04\/visite-guidee-elne-histoire.webp","width":1800,"height":1202,"caption":"Visite guid\u00e9e Elne : D\u00e9couvrez 27 si\u00e8cles d'histoire"},{"@type":"BreadcrumbList","@id":"https:\/\/www.locansol.fr\/visite-guidee-elne-histoire\/#breadcrumb","itemListElement":[{"@type":"ListItem","position":1,"name":"Accueil","item":"https:\/\/www.locansol.fr\/"},{"@type":"ListItem","position":2,"name":"Visite guid\u00e9e \u00e0 Elne : Plongez dans 27 si\u00e8cles d&rsquo;histoire le 21 avril 2023"}]},{"@type":"WebSite","@id":"https:\/\/www.locansol.fr\/#website","url":"https:\/\/www.locansol.fr\/","name":"Locansol, louer un h\u00e9bergement dans les Pyr\u00e9n\u00e9es-Orientales","description":"Location Mobil-home Mer M\u00e9diterran\u00e9e &amp; Chalet de Montagne dans les Pyr\u00e9n\u00e9es Orientales (Occitanie, 66). Weekend, s\u00e9jour &amp; vacances en famille et entre amis.","publisher":{"@id":"https:\/\/www.locansol.fr\/#organization"},"alternateName":"Louer un h\u00e9bergement dans les Pyr\u00e9n\u00e9es Orientales, chalet & mobil-home en Occitanie","potentialAction":[{"@type":"SearchAction","target":{"@type":"EntryPoint","urlTemplate":"https:\/\/www.locansol.fr\/?s={search_term_string}"},"query-input":{"@type":"PropertyValueSpecification","valueRequired":true,"valueName":"search_term_string"}}],"inLanguage":"ca"},{"@type":"Organization","@id":"https:\/\/www.locansol.fr\/#organization","name":"Location MobilHome & chalet dans les Pyr\u00e9n\u00e9es Orientales","alternateName":"Louer un h\u00e9bergement dans les Pyr\u00e9n\u00e9es Orientales en Occitanie","url":"https:\/\/www.locansol.fr\/","logo":{"@type":"ImageObject","inLanguage":"ca","@id":"https:\/\/www.locansol.fr\/#\/schema\/logo\/image\/","url":"https:\/\/www.locansol.fr\/wp-content\/uploads\/2024\/04\/AdobeStock_303324767-scaled.jpeg","contentUrl":"https:\/\/www.locansol.fr\/wp-content\/uploads\/2024\/04\/AdobeStock_303324767-scaled.jpeg","width":2560,"height":1707,"caption":"Location MobilHome & chalet dans les Pyr\u00e9n\u00e9es Orientales"},"image":{"@id":"https:\/\/www.locansol.fr\/#\/schema\/logo\/image\/"}},{"@type":"Person","@id":"https:\/\/www.locansol.fr\/#\/schema\/person\/0b08d440f1ac44674c6d498107de351d","name":"H\u00e9bergements Locansol","image":{"@type":"ImageObject","inLanguage":"ca","@id":"https:\/\/www.locansol.fr\/#\/schema\/person\/image\/","url":"https:\/\/secure.gravatar.com\/avatar\/444436b93284204f8116b6e0eb964cd3fcb811519c737232bde6dd5743c37ee5?s=96&d=mm&r=g","contentUrl":"https:\/\/secure.gravatar.com\/avatar\/444436b93284204f8116b6e0eb964cd3fcb811519c737232bde6dd5743c37ee5?s=96&d=mm&r=g","caption":"H\u00e9bergements Locansol"},"sameAs":["https:\/\/www.locansol.fr\/"],"url":"https:\/\/www.locansol.fr\/ca\/author\/locansol\/"}]}},"_links":{"self":[{"href":"https:\/\/www.locansol.fr\/ca\/wp-json\/wp\/v2\/posts\/6301","targetHints":{"allow":["GET"]}}],"collection":[{"href":"https:\/\/www.locansol.fr\/ca\/wp-json\/wp\/v2\/posts"}],"about":[{"href":"https:\/\/www.locansol.fr\/ca\/wp-json\/wp\/v2\/types\/post"}],"author":[{"embeddable":true,"href":"https:\/\/www.locansol.fr\/ca\/wp-json\/wp\/v2\/users\/5"}],"replies":[{"embeddable":true,"href":"https:\/\/www.locansol.fr\/ca\/wp-json\/wp\/v2\/comments?post=6301"}],"version-history":[{"count":1,"href":"https:\/\/www.locansol.fr\/ca\/wp-json\/wp\/v2\/posts\/6301\/revisions"}],"predecessor-version":[{"id":6302,"href":"https:\/\/www.locansol.fr\/ca\/wp-json\/wp\/v2\/posts\/6301\/revisions\/6302"}],"wp:featuredmedia":[{"embeddable":true,"href":"https:\/\/www.locansol.fr\/ca\/wp-json\/wp\/v2\/media\/6300"}],"wp:attachment":[{"href":"https:\/\/www.locansol.fr\/ca\/wp-json\/wp\/v2\/media?parent=6301"}],"wp:term":[{"taxonomy":"category","embeddable":true,"href":"https:\/\/www.locansol.fr\/ca\/wp-json\/wp\/v2\/categories?post=6301"},{"taxonomy":"post_tag","embeddable":true,"href":"https:\/\/www.locansol.fr\/ca\/wp-json\/wp\/v2\/tags?post=6301"}],"curies":[{"name":"wp","href":"https:\/\/api.w.org\/{rel}","templated":true}]}}