{"id":6354,"date":"2026-04-22T02:16:59","date_gmt":"2026-04-22T00:16:59","guid":{"rendered":"https:\/\/www.locansol.fr\/recital-sacre-amelie-les-bains\/"},"modified":"2026-04-22T02:17:03","modified_gmt":"2026-04-22T00:17:03","slug":"recital-sacre-amelie-les-bains","status":"publish","type":"post","link":"https:\/\/www.locansol.fr\/ca\/recital-sacre-amelie-les-bains\/","title":{"rendered":"Am\u00e9lie-les-Bains 21 avril : R\u00e9cital classique et sacr\u00e9 par la troupe Chants de Si de La"},"content":{"rendered":"<p>Am\u00e9lie-les-Bains, connue pour ses thermes et son charme paisible, accueille un \u00e9v\u00e9nement exceptionnel le mardi 21 avril \u00e0 16h00. La troupe locale Chants de Si de La propose un r\u00e9cital de chants sacr\u00e9s et d\u2019extraits d\u2019op\u00e9ras \u00e0 la salle Rue des Thermes. Ce concert promet de vous faire voyager \u00e0 travers diff\u00e9rentes \u00e9poques et styles musicaux, avec un programme riche et vari\u00e9.<\/p>\n<p>Au menu de cette belle fin d\u2019apr\u00e8s-midi musicale, vous retrouverez des \u0153uvres embl\u00e9matiques de compositeurs tels que Haendel, Saint-Sa\u00ebns, C\u00e9sar Franck, Caccini et Pergol\u00e8se. Les amateurs d\u2019op\u00e9ra pourront \u00e9galement savourer des extraits c\u00e9l\u00e8bres de \u00ab\u00a0Rom\u00e9o et Juliette\u00a0\u00bb, \u00ab\u00a0Les P\u00eacheurs de perles\u00a0\u00bb et \u00ab\u00a0Eug\u00e8ne On\u00e9guine\u00a0\u00bb, entre autres. En guise de conclusion, le r\u00e9cital s\u2019ach\u00e8vera avec des gospels, ajoutant une note dynamique et spirituelle \u00e0 l&rsquo;ensemble.<\/p>\n<p>Cette repr\u00e9sentation sera interpr\u00e9t\u00e9e par des artistes de talent. Vous aurez le plaisir d&rsquo;\u00e9couter Gis\u00e9le Xerri (soprano l\u00e9ger), H\u00e9l\u00e8ne Daviaud (soprano dramatique), et Lambert Barth\u00e9s (t\u00e9nor), qui seront accompagn\u00e9s par Fran\u00e7ois-Michel Rignol au piano. Pianiste de renomm\u00e9e nationale, Fran\u00e7ois-Michel Rignol, bien qu&rsquo;initialement passionn\u00e9 de math\u00e9matiques, a choisi de se consacrer pleinement \u00e0 la musique. Il enseigne actuellement au Conservatoire National de R\u00e9gion de Perpignan et partage son expertise lors de concerts organis\u00e9s dans divers pays comme la France, le Br\u00e9sil, le Japon ou encore l&rsquo;Allemagne.<\/p>\n<p>Le cadre intimiste de la salle Rue des Thermes, coupl\u00e9 \u00e0 une acoustique de qualit\u00e9, promet une ambiance propice \u00e0 l\u2019\u00e9coute et \u00e0 une immersion totale dans cet univers musical. Ce contexte chaleureux et artistique fait de ce r\u00e9cital un rendez-vous id\u00e9al pour les m\u00e9lomanes comme pour les novices souhaitant s\u2019initier \u00e0 la beaut\u00e9 du r\u00e9pertoire classique.<\/p>\n<p>L\u2019entr\u00e9e est propos\u00e9e \u00e0 10 euros, et elle est gratuite pour les enfants jusqu\u2019\u00e0 14 ans. Un programme d\u00e9taill\u00e9, disponible au prix modique de 1 euro, permettra aux spectateurs de mieux profiter de cet \u00e9v\u00e9nement. Les b\u00e9n\u00e9fices de cette vente seront int\u00e9gralement revers\u00e9s \u00e0 la paroisse locale, ajoutant une dimension solidaire \u00e0 cette prestation remarquable. En outre, cet \u00e9v\u00e9nement est organis\u00e9 par la troupe Chants de Si de La, une association qui, depuis pr\u00e8s de 29 ans, agit activement pour enrichir la vie culturelle d\u2019Am\u00e9lie-les-Bains.<\/p>\n<p>Ne manquez pas cette occasion unique de vivre une exp\u00e9rience musicale enrichissante, entre intemporalit\u00e9 des \u0153uvres et performance d\u2019artistes passionn\u00e9s. Rendez-vous le mardi 21 avril pour une immersion totale dans l\u2019univers du chant sacr\u00e9 et classique qui saura raviver l\u2019\u00e2me et les \u00e9motions.<\/p>\n<h3>Informaci\u00f3 pr\u00e0ctica<\/h3>\n<p>\ud83d\udcc5 QUAND ? Mardi 21 avril \u00e0 16h00<br \/>\ud83d\udccd O\u00d9 ? Salle Rue des Thermes, Am\u00e9lie-les-Bains<br \/>\ud83d\udcb6 COMBIEN ? 10\u20ac (Gratuit pour les enfants jusqu&rsquo;\u00e0 14 ans)<\/p>","protected":false},"excerpt":{"rendered":"<p>La troupe Chants de Si de La vous propose un r\u00e9cital classique et sacr\u00e9 \u00e0 Am\u00e9lie-les-Bains le 21 avril. Un \u00e9v\u00e9nement musical \u00e0 ne pas manquer.<\/p>","protected":false},"author":5,"featured_media":6353,"comment_status":"closed","ping_status":"open","sticky":false,"template":"","format":"standard","meta":{"_yoast_wpseo_focuskw":"R\u00e9cital sacr\u00e9 Am\u00e9lie-les-Bains","_yoast_wpseo_title":"R\u00e9cital classique Am\u00e9lie-les-Bains - Chants sacr\u00e9s et op\u00e9ras","_yoast_wpseo_metadesc":"R\u00e9cital classique Am\u00e9lie-les-Bains. D\u00e9couvrez des chants sacr\u00e9s et des extraits d\u2019op\u00e9ras interpr\u00e9t\u00e9s par la troupe Chants de Si de La. Un \u00e9v\u00e9nement culturel unique dans les Pyr\u00e9n\u00e9es-Orientales.","_yoast_wpseo_canonical":"","_yoast_wpseo_opengraph-title":"Laissez-vous transporter par un r\u00e9cital sacr\u00e9 \u00e0 Am\u00e9lie-les-Bains - Une exp\u00e9rience intemporelle","_yoast_wpseo_opengraph-description":"Imaginez une apr\u00e8s-midi o\u00f9 les notes de Haendel et Saint-Sa\u00ebns r\u00e9sonnent dans une salle intimiste. \u00c0 Am\u00e9lie-les-Bains, vivez un r\u00e9cital sacr\u00e9 inoubliable avec des artistes de talent. Une immersion musicale qui ravive l\u2019\u00e2me.","_yoast_wpseo_opengraph-image":"https:\/\/www.locansol.fr\/wp-content\/uploads\/2026\/04\/recital-sacre-amelie-les-bains.webp","_yoast_wpseo_opengraph-image-id":"","_yoast_wpseo_twitter-title":"R\u00e9cital classique \u00e0 Am\u00e9lie-les-Bains : une exp\u00e9rience musicale \u00e0 ne pas manquer !","_yoast_wpseo_twitter-description":"D\u00e9couvrez des chants sacr\u00e9s et des extraits d\u2019op\u00e9ras \u00e0 Am\u00e9lie-les-Bains. Un moment magique avec la troupe Chants de Si de La. R\u00e9servez d\u00e8s maintenant !","_yoast_wpseo_twitter-image":"https:\/\/www.locansol.fr\/wp-content\/uploads\/2026\/04\/recital-sacre-amelie-les-bains.webp","_yoast_wpseo_twitter-image-id":"","yoast_primary_category":"Concert","footnotes":""},"categories":[45],"tags":[66,69,76],"class_list":["post-6354","post","type-post","status-publish","format-standard","has-post-thumbnail","hentry","category-festival","tag-evenement-culturel","tag-musique","tag-pyrenees-orientales"],"yoast_head":"<!-- This site is optimized with the Yoast SEO Premium plugin v23.3 (Yoast SEO v26.9) - https:\/\/yoast.com\/product\/yoast-seo-premium-wordpress\/ -->\n<title>R\u00e9cital classique Am\u00e9lie-les-Bains - Chants sacr\u00e9s et op\u00e9ras<\/title>\n<meta name=\"description\" content=\"R\u00e9cital classique Am\u00e9lie-les-Bains. D\u00e9couvrez des chants sacr\u00e9s et des extraits d\u2019op\u00e9ras interpr\u00e9t\u00e9s par la troupe Chants de Si de La. Un \u00e9v\u00e9nement culturel unique dans les Pyr\u00e9n\u00e9es-Orientales.\" \/>\n<meta name=\"robots\" content=\"index, follow, max-snippet:-1, max-image-preview:large, max-video-preview:-1\" \/>\n<link rel=\"canonical\" href=\"https:\/\/www.locansol.fr\/ca\/recital-sacre-amelie-les-bains\/\" \/>\n<meta property=\"og:locale\" content=\"ca_ES\" \/>\n<meta property=\"og:type\" content=\"article\" \/>\n<meta property=\"og:title\" content=\"Laissez-vous transporter par un r\u00e9cital sacr\u00e9 \u00e0 Am\u00e9lie-les-Bains - Une exp\u00e9rience intemporelle\" \/>\n<meta property=\"og:description\" content=\"Imaginez une apr\u00e8s-midi o\u00f9 les notes de Haendel et Saint-Sa\u00ebns r\u00e9sonnent dans une salle intimiste. \u00c0 Am\u00e9lie-les-Bains, vivez un r\u00e9cital sacr\u00e9 inoubliable avec des artistes de talent. Une immersion musicale qui ravive l\u2019\u00e2me.\" \/>\n<meta property=\"og:url\" content=\"https:\/\/www.locansol.fr\/ca\/recital-sacre-amelie-les-bains\/\" \/>\n<meta property=\"og:site_name\" content=\"Locansol, louer un h\u00e9bergement dans les Pyr\u00e9n\u00e9es Orientales\" \/>\n<meta property=\"article:published_time\" content=\"2026-04-22T00:16:59+00:00\" \/>\n<meta property=\"article:modified_time\" content=\"2026-04-22T00:17:03+00:00\" \/>\n<meta property=\"og:image\" content=\"https:\/\/www.locansol.fr\/wp-content\/uploads\/2026\/04\/recital-sacre-amelie-les-bains.webp\" \/>\n<meta name=\"author\" content=\"H\u00e9bergements Locansol\" \/>\n<meta name=\"twitter:card\" content=\"summary_large_image\" \/>\n<meta name=\"twitter:title\" content=\"R\u00e9cital classique \u00e0 Am\u00e9lie-les-Bains : une exp\u00e9rience musicale \u00e0 ne pas manquer !\" \/>\n<meta name=\"twitter:description\" content=\"D\u00e9couvrez des chants sacr\u00e9s et des extraits d\u2019op\u00e9ras \u00e0 Am\u00e9lie-les-Bains. Un moment magique avec la troupe Chants de Si de La. R\u00e9servez d\u00e8s maintenant !\" \/>\n<meta name=\"twitter:image\" content=\"https:\/\/www.locansol.fr\/wp-content\/uploads\/2026\/04\/recital-sacre-amelie-les-bains.webp\" \/>\n<meta name=\"twitter:label1\" content=\"Escrit per\" \/>\n\t<meta name=\"twitter:data1\" content=\"H\u00e9bergements Locansol\" \/>\n\t<meta name=\"twitter:label2\" content=\"Temps estimat de lectura\" \/>\n\t<meta name=\"twitter:data2\" content=\"2 minuts\" \/>\n<script type=\"application\/ld+json\" class=\"yoast-schema-graph\">{\"@context\":\"https:\/\/schema.org\",\"@graph\":[{\"@type\":\"Article\",\"@id\":\"https:\/\/www.locansol.fr\/recital-sacre-amelie-les-bains\/#article\",\"isPartOf\":{\"@id\":\"https:\/\/www.locansol.fr\/recital-sacre-amelie-les-bains\/\"},\"author\":{\"name\":\"H\u00e9bergements Locansol\",\"@id\":\"https:\/\/www.locansol.fr\/#\/schema\/person\/0b08d440f1ac44674c6d498107de351d\"},\"headline\":\"Am\u00e9lie-les-Bains 21 avril : R\u00e9cital classique et sacr\u00e9 par la troupe Chants de Si de La\",\"datePublished\":\"2026-04-22T00:16:59+00:00\",\"dateModified\":\"2026-04-22T00:17:03+00:00\",\"mainEntityOfPage\":{\"@id\":\"https:\/\/www.locansol.fr\/recital-sacre-amelie-les-bains\/\"},\"wordCount\":484,\"publisher\":{\"@id\":\"https:\/\/www.locansol.fr\/#organization\"},\"image\":{\"@id\":\"https:\/\/www.locansol.fr\/recital-sacre-amelie-les-bains\/#primaryimage\"},\"thumbnailUrl\":\"https:\/\/www.locansol.fr\/wp-content\/uploads\/2026\/04\/recital-sacre-amelie-les-bains.webp\",\"keywords\":[\"\u00c9v\u00e8nement culturel\",\"Musique\",\"Pyr\u00e9n\u00e9es-Orientales\"],\"articleSection\":[\"Festival\"],\"inLanguage\":\"ca\"},{\"@type\":\"WebPage\",\"@id\":\"https:\/\/www.locansol.fr\/recital-sacre-amelie-les-bains\/\",\"url\":\"https:\/\/www.locansol.fr\/recital-sacre-amelie-les-bains\/\",\"name\":\"R\u00e9cital classique Am\u00e9lie-les-Bains - Chants sacr\u00e9s et op\u00e9ras\",\"isPartOf\":{\"@id\":\"https:\/\/www.locansol.fr\/#website\"},\"primaryImageOfPage\":{\"@id\":\"https:\/\/www.locansol.fr\/recital-sacre-amelie-les-bains\/#primaryimage\"},\"image\":{\"@id\":\"https:\/\/www.locansol.fr\/recital-sacre-amelie-les-bains\/#primaryimage\"},\"thumbnailUrl\":\"https:\/\/www.locansol.fr\/wp-content\/uploads\/2026\/04\/recital-sacre-amelie-les-bains.webp\",\"datePublished\":\"2026-04-22T00:16:59+00:00\",\"dateModified\":\"2026-04-22T00:17:03+00:00\",\"description\":\"R\u00e9cital classique Am\u00e9lie-les-Bains. D\u00e9couvrez des chants sacr\u00e9s et des extraits d\u2019op\u00e9ras interpr\u00e9t\u00e9s par la troupe Chants de Si de La. Un \u00e9v\u00e9nement culturel unique dans les Pyr\u00e9n\u00e9es-Orientales.\",\"breadcrumb\":{\"@id\":\"https:\/\/www.locansol.fr\/recital-sacre-amelie-les-bains\/#breadcrumb\"},\"inLanguage\":\"ca\",\"potentialAction\":[{\"@type\":\"ReadAction\",\"target\":[\"https:\/\/www.locansol.fr\/recital-sacre-amelie-les-bains\/\"]}]},{\"@type\":\"ImageObject\",\"inLanguage\":\"ca\",\"@id\":\"https:\/\/www.locansol.fr\/recital-sacre-amelie-les-bains\/#primaryimage\",\"url\":\"https:\/\/www.locansol.fr\/wp-content\/uploads\/2026\/04\/recital-sacre-amelie-les-bains.webp\",\"contentUrl\":\"https:\/\/www.locansol.fr\/wp-content\/uploads\/2026\/04\/recital-sacre-amelie-les-bains.webp\",\"width\":1920,\"height\":1440,\"caption\":\"R\u00e9cital classique Am\u00e9lie-les-Bains - Chants sacr\u00e9s et op\u00e9ras\"},{\"@type\":\"BreadcrumbList\",\"@id\":\"https:\/\/www.locansol.fr\/recital-sacre-amelie-les-bains\/#breadcrumb\",\"itemListElement\":[{\"@type\":\"ListItem\",\"position\":1,\"name\":\"Accueil\",\"item\":\"https:\/\/www.locansol.fr\/\"},{\"@type\":\"ListItem\",\"position\":2,\"name\":\"Am\u00e9lie-les-Bains 21 avril : R\u00e9cital classique et sacr\u00e9 par la troupe Chants de Si de La\"}]},{\"@type\":\"WebSite\",\"@id\":\"https:\/\/www.locansol.fr\/#website\",\"url\":\"https:\/\/www.locansol.fr\/\",\"name\":\"Locansol, louer un h\u00e9bergement dans les Pyr\u00e9n\u00e9es-Orientales\",\"description\":\"Location Mobil-home Mer M\u00e9diterran\u00e9e &amp; Chalet de Montagne dans les Pyr\u00e9n\u00e9es Orientales (Occitanie, 66). Weekend, s\u00e9jour &amp; vacances en famille et entre amis.\",\"publisher\":{\"@id\":\"https:\/\/www.locansol.fr\/#organization\"},\"alternateName\":\"Louer un h\u00e9bergement dans les Pyr\u00e9n\u00e9es Orientales, chalet & mobil-home en Occitanie\",\"potentialAction\":[{\"@type\":\"SearchAction\",\"target\":{\"@type\":\"EntryPoint\",\"urlTemplate\":\"https:\/\/www.locansol.fr\/?s={search_term_string}\"},\"query-input\":{\"@type\":\"PropertyValueSpecification\",\"valueRequired\":true,\"valueName\":\"search_term_string\"}}],\"inLanguage\":\"ca\"},{\"@type\":\"Organization\",\"@id\":\"https:\/\/www.locansol.fr\/#organization\",\"name\":\"Location MobilHome & chalet dans les Pyr\u00e9n\u00e9es Orientales\",\"alternateName\":\"Louer un h\u00e9bergement dans les Pyr\u00e9n\u00e9es Orientales en Occitanie\",\"url\":\"https:\/\/www.locansol.fr\/\",\"logo\":{\"@type\":\"ImageObject\",\"inLanguage\":\"ca\",\"@id\":\"https:\/\/www.locansol.fr\/#\/schema\/logo\/image\/\",\"url\":\"https:\/\/www.locansol.fr\/wp-content\/uploads\/2024\/04\/AdobeStock_303324767-scaled.jpeg\",\"contentUrl\":\"https:\/\/www.locansol.fr\/wp-content\/uploads\/2024\/04\/AdobeStock_303324767-scaled.jpeg\",\"width\":2560,\"height\":1707,\"caption\":\"Location MobilHome & chalet dans les Pyr\u00e9n\u00e9es Orientales\"},\"image\":{\"@id\":\"https:\/\/www.locansol.fr\/#\/schema\/logo\/image\/\"}},{\"@type\":\"Person\",\"@id\":\"https:\/\/www.locansol.fr\/#\/schema\/person\/0b08d440f1ac44674c6d498107de351d\",\"name\":\"H\u00e9bergements Locansol\",\"image\":{\"@type\":\"ImageObject\",\"inLanguage\":\"ca\",\"@id\":\"https:\/\/www.locansol.fr\/#\/schema\/person\/image\/\",\"url\":\"https:\/\/secure.gravatar.com\/avatar\/444436b93284204f8116b6e0eb964cd3fcb811519c737232bde6dd5743c37ee5?s=96&d=mm&r=g\",\"contentUrl\":\"https:\/\/secure.gravatar.com\/avatar\/444436b93284204f8116b6e0eb964cd3fcb811519c737232bde6dd5743c37ee5?s=96&d=mm&r=g\",\"caption\":\"H\u00e9bergements Locansol\"},\"sameAs\":[\"https:\/\/www.locansol.fr\/\"],\"url\":\"https:\/\/www.locansol.fr\/ca\/author\/locansol\/\"}]}<\/script>\n<!-- \/ Yoast SEO Premium plugin. -->","yoast_head_json":{"title":"R\u00e9cital classique Am\u00e9lie-les-Bains - Chants sacr\u00e9s et op\u00e9ras","description":"R\u00e9cital classique Am\u00e9lie-les-Bains. D\u00e9couvrez des chants sacr\u00e9s et des extraits d\u2019op\u00e9ras interpr\u00e9t\u00e9s par la troupe Chants de Si de La. Un \u00e9v\u00e9nement culturel unique dans les Pyr\u00e9n\u00e9es-Orientales.","robots":{"index":"index","follow":"follow","max-snippet":"max-snippet:-1","max-image-preview":"max-image-preview:large","max-video-preview":"max-video-preview:-1"},"canonical":"https:\/\/www.locansol.fr\/ca\/recital-sacre-amelie-les-bains\/","og_locale":"ca_ES","og_type":"article","og_title":"Laissez-vous transporter par un r\u00e9cital sacr\u00e9 \u00e0 Am\u00e9lie-les-Bains - Une exp\u00e9rience intemporelle","og_description":"Imaginez une apr\u00e8s-midi o\u00f9 les notes de Haendel et Saint-Sa\u00ebns r\u00e9sonnent dans une salle intimiste. \u00c0 Am\u00e9lie-les-Bains, vivez un r\u00e9cital sacr\u00e9 inoubliable avec des artistes de talent. Une immersion musicale qui ravive l\u2019\u00e2me.","og_url":"https:\/\/www.locansol.fr\/ca\/recital-sacre-amelie-les-bains\/","og_site_name":"Locansol, louer un h\u00e9bergement dans les Pyr\u00e9n\u00e9es Orientales","article_published_time":"2026-04-22T00:16:59+00:00","article_modified_time":"2026-04-22T00:17:03+00:00","og_image":[{"url":"https:\/\/www.locansol.fr\/wp-content\/uploads\/2026\/04\/recital-sacre-amelie-les-bains.webp","type":"","width":"","height":""}],"author":"H\u00e9bergements Locansol","twitter_card":"summary_large_image","twitter_title":"R\u00e9cital classique \u00e0 Am\u00e9lie-les-Bains : une exp\u00e9rience musicale \u00e0 ne pas manquer !","twitter_description":"D\u00e9couvrez des chants sacr\u00e9s et des extraits d\u2019op\u00e9ras \u00e0 Am\u00e9lie-les-Bains. Un moment magique avec la troupe Chants de Si de La. R\u00e9servez d\u00e8s maintenant !","twitter_image":"https:\/\/www.locansol.fr\/wp-content\/uploads\/2026\/04\/recital-sacre-amelie-les-bains.webp","twitter_misc":{"Escrit per":"H\u00e9bergements Locansol","Temps estimat de lectura":"2 minuts"},"schema":{"@context":"https:\/\/schema.org","@graph":[{"@type":"Article","@id":"https:\/\/www.locansol.fr\/recital-sacre-amelie-les-bains\/#article","isPartOf":{"@id":"https:\/\/www.locansol.fr\/recital-sacre-amelie-les-bains\/"},"author":{"name":"H\u00e9bergements Locansol","@id":"https:\/\/www.locansol.fr\/#\/schema\/person\/0b08d440f1ac44674c6d498107de351d"},"headline":"Am\u00e9lie-les-Bains 21 avril : R\u00e9cital classique et sacr\u00e9 par la troupe Chants de Si de La","datePublished":"2026-04-22T00:16:59+00:00","dateModified":"2026-04-22T00:17:03+00:00","mainEntityOfPage":{"@id":"https:\/\/www.locansol.fr\/recital-sacre-amelie-les-bains\/"},"wordCount":484,"publisher":{"@id":"https:\/\/www.locansol.fr\/#organization"},"image":{"@id":"https:\/\/www.locansol.fr\/recital-sacre-amelie-les-bains\/#primaryimage"},"thumbnailUrl":"https:\/\/www.locansol.fr\/wp-content\/uploads\/2026\/04\/recital-sacre-amelie-les-bains.webp","keywords":["\u00c9v\u00e8nement culturel","Musique","Pyr\u00e9n\u00e9es-Orientales"],"articleSection":["Festival"],"inLanguage":"ca"},{"@type":"WebPage","@id":"https:\/\/www.locansol.fr\/recital-sacre-amelie-les-bains\/","url":"https:\/\/www.locansol.fr\/recital-sacre-amelie-les-bains\/","name":"R\u00e9cital classique Am\u00e9lie-les-Bains - Chants sacr\u00e9s et op\u00e9ras","isPartOf":{"@id":"https:\/\/www.locansol.fr\/#website"},"primaryImageOfPage":{"@id":"https:\/\/www.locansol.fr\/recital-sacre-amelie-les-bains\/#primaryimage"},"image":{"@id":"https:\/\/www.locansol.fr\/recital-sacre-amelie-les-bains\/#primaryimage"},"thumbnailUrl":"https:\/\/www.locansol.fr\/wp-content\/uploads\/2026\/04\/recital-sacre-amelie-les-bains.webp","datePublished":"2026-04-22T00:16:59+00:00","dateModified":"2026-04-22T00:17:03+00:00","description":"R\u00e9cital classique Am\u00e9lie-les-Bains. D\u00e9couvrez des chants sacr\u00e9s et des extraits d\u2019op\u00e9ras interpr\u00e9t\u00e9s par la troupe Chants de Si de La. Un \u00e9v\u00e9nement culturel unique dans les Pyr\u00e9n\u00e9es-Orientales.","breadcrumb":{"@id":"https:\/\/www.locansol.fr\/recital-sacre-amelie-les-bains\/#breadcrumb"},"inLanguage":"ca","potentialAction":[{"@type":"ReadAction","target":["https:\/\/www.locansol.fr\/recital-sacre-amelie-les-bains\/"]}]},{"@type":"ImageObject","inLanguage":"ca","@id":"https:\/\/www.locansol.fr\/recital-sacre-amelie-les-bains\/#primaryimage","url":"https:\/\/www.locansol.fr\/wp-content\/uploads\/2026\/04\/recital-sacre-amelie-les-bains.webp","contentUrl":"https:\/\/www.locansol.fr\/wp-content\/uploads\/2026\/04\/recital-sacre-amelie-les-bains.webp","width":1920,"height":1440,"caption":"R\u00e9cital classique Am\u00e9lie-les-Bains - Chants sacr\u00e9s et op\u00e9ras"},{"@type":"BreadcrumbList","@id":"https:\/\/www.locansol.fr\/recital-sacre-amelie-les-bains\/#breadcrumb","itemListElement":[{"@type":"ListItem","position":1,"name":"Accueil","item":"https:\/\/www.locansol.fr\/"},{"@type":"ListItem","position":2,"name":"Am\u00e9lie-les-Bains 21 avril : R\u00e9cital classique et sacr\u00e9 par la troupe Chants de Si de La"}]},{"@type":"WebSite","@id":"https:\/\/www.locansol.fr\/#website","url":"https:\/\/www.locansol.fr\/","name":"Locansol, louer un h\u00e9bergement dans les Pyr\u00e9n\u00e9es-Orientales","description":"Location Mobil-home Mer M\u00e9diterran\u00e9e &amp; Chalet de Montagne dans les Pyr\u00e9n\u00e9es Orientales (Occitanie, 66). Weekend, s\u00e9jour &amp; vacances en famille et entre amis.","publisher":{"@id":"https:\/\/www.locansol.fr\/#organization"},"alternateName":"Louer un h\u00e9bergement dans les Pyr\u00e9n\u00e9es Orientales, chalet & mobil-home en Occitanie","potentialAction":[{"@type":"SearchAction","target":{"@type":"EntryPoint","urlTemplate":"https:\/\/www.locansol.fr\/?s={search_term_string}"},"query-input":{"@type":"PropertyValueSpecification","valueRequired":true,"valueName":"search_term_string"}}],"inLanguage":"ca"},{"@type":"Organization","@id":"https:\/\/www.locansol.fr\/#organization","name":"Location MobilHome & chalet dans les Pyr\u00e9n\u00e9es Orientales","alternateName":"Louer un h\u00e9bergement dans les Pyr\u00e9n\u00e9es Orientales en Occitanie","url":"https:\/\/www.locansol.fr\/","logo":{"@type":"ImageObject","inLanguage":"ca","@id":"https:\/\/www.locansol.fr\/#\/schema\/logo\/image\/","url":"https:\/\/www.locansol.fr\/wp-content\/uploads\/2024\/04\/AdobeStock_303324767-scaled.jpeg","contentUrl":"https:\/\/www.locansol.fr\/wp-content\/uploads\/2024\/04\/AdobeStock_303324767-scaled.jpeg","width":2560,"height":1707,"caption":"Location MobilHome & chalet dans les Pyr\u00e9n\u00e9es Orientales"},"image":{"@id":"https:\/\/www.locansol.fr\/#\/schema\/logo\/image\/"}},{"@type":"Person","@id":"https:\/\/www.locansol.fr\/#\/schema\/person\/0b08d440f1ac44674c6d498107de351d","name":"H\u00e9bergements Locansol","image":{"@type":"ImageObject","inLanguage":"ca","@id":"https:\/\/www.locansol.fr\/#\/schema\/person\/image\/","url":"https:\/\/secure.gravatar.com\/avatar\/444436b93284204f8116b6e0eb964cd3fcb811519c737232bde6dd5743c37ee5?s=96&d=mm&r=g","contentUrl":"https:\/\/secure.gravatar.com\/avatar\/444436b93284204f8116b6e0eb964cd3fcb811519c737232bde6dd5743c37ee5?s=96&d=mm&r=g","caption":"H\u00e9bergements Locansol"},"sameAs":["https:\/\/www.locansol.fr\/"],"url":"https:\/\/www.locansol.fr\/ca\/author\/locansol\/"}]}},"_links":{"self":[{"href":"https:\/\/www.locansol.fr\/ca\/wp-json\/wp\/v2\/posts\/6354","targetHints":{"allow":["GET"]}}],"collection":[{"href":"https:\/\/www.locansol.fr\/ca\/wp-json\/wp\/v2\/posts"}],"about":[{"href":"https:\/\/www.locansol.fr\/ca\/wp-json\/wp\/v2\/types\/post"}],"author":[{"embeddable":true,"href":"https:\/\/www.locansol.fr\/ca\/wp-json\/wp\/v2\/users\/5"}],"replies":[{"embeddable":true,"href":"https:\/\/www.locansol.fr\/ca\/wp-json\/wp\/v2\/comments?post=6354"}],"version-history":[{"count":1,"href":"https:\/\/www.locansol.fr\/ca\/wp-json\/wp\/v2\/posts\/6354\/revisions"}],"predecessor-version":[{"id":6355,"href":"https:\/\/www.locansol.fr\/ca\/wp-json\/wp\/v2\/posts\/6354\/revisions\/6355"}],"wp:featuredmedia":[{"embeddable":true,"href":"https:\/\/www.locansol.fr\/ca\/wp-json\/wp\/v2\/media\/6353"}],"wp:attachment":[{"href":"https:\/\/www.locansol.fr\/ca\/wp-json\/wp\/v2\/media?parent=6354"}],"wp:term":[{"taxonomy":"category","embeddable":true,"href":"https:\/\/www.locansol.fr\/ca\/wp-json\/wp\/v2\/categories?post=6354"},{"taxonomy":"post_tag","embeddable":true,"href":"https:\/\/www.locansol.fr\/ca\/wp-json\/wp\/v2\/tags?post=6354"}],"curies":[{"name":"wp","href":"https:\/\/api.w.org\/{rel}","templated":true}]}}