{"id":6379,"date":"2026-04-22T08:08:31","date_gmt":"2026-04-22T06:08:31","guid":{"rendered":"https:\/\/www.locansol.fr\/conference-canigo-resistance-bastide\/"},"modified":"2026-04-22T08:08:35","modified_gmt":"2026-04-22T06:08:35","slug":"conference-canigo-resistance-bastide","status":"publish","type":"post","link":"https:\/\/www.locansol.fr\/ca\/conference-canigo-resistance-bastide\/","title":{"rendered":"La Bastide &#8211; 22 avril : Conf\u00e9rence sur le r\u00f4le historique du Canig\u00f3 pendant la R\u00e9sistance"},"content":{"rendered":"<p>Le massif du Canig\u00f3, surnomm\u00e9 la \u00ab montagne sacr\u00e9e des Catalans \u00bb, a \u00e9t\u00e9 le th\u00e9\u00e2tre de nombreux \u00e9pisodes marquants de l\u2019histoire, notamment durant la Seconde Guerre mondiale. Le mercredi 22 avril, de 17h \u00e0 18h30, le village de La Bastide vous invite \u00e0 plonger dans cette page m\u00e9connue de notre pass\u00e9 gr\u00e2ce \u00e0 la conf\u00e9rence \u00ab Le Canig\u00f3 au temps de la R\u00e9sistance \u00bb, anim\u00e9e par l\u2019historien et \u00e9crivain Jean-Pierre Bobo.<\/p>\n<p>Organis\u00e9 par le Syndicat Mixte Canig\u00f3 Grand Site et le Pays d\u2019Art et d\u2019Histoire Transfrontalier Les Vall\u00e9es Catalanes, cet \u00e9v\u00e9nement gratuit se tiendra dans la conviviale Salle des F\u00eates de La Bastide, situ\u00e9e au Col de Palom\u00e8res. Gr\u00e2ce au talent d\u2019orateur de Jean-Pierre Bobo, fin connaisseur de l\u2019histoire de la R\u00e9sistance, vous d\u00e9couvrirez les r\u00f4les essentiels jou\u00e9s par le Canig\u00f3 et ses \u00ab chemins de la libert\u00e9 \u00bb pendant l\u2019occupation nazie et le r\u00e9gime de Vichy. Ces sentiers escarp\u00e9s ont permis \u00e0 de nombreux r\u00e9sistants et r\u00e9fugi\u00e9s de passer clandestinement en Espagne, au p\u00e9ril de leur vie, pour \u00e9chapper \u00e0 la pers\u00e9cution et rejoindre les forces alli\u00e9es.<\/p>\n<p>Au programme de cette conf\u00e9rence : r\u00e9cits \u00e9mouvants, t\u00e9moignages historiques et d\u00e9tails sur les actions courageuses des h\u00e9ros locaux. Jean-Pierre Bobo mettra en lumi\u00e8re la bravoure des passeurs et des r\u00e9sistants qui ont fait preuve d\u2019un incroyable courage en d\u00e9fiant les dangers pour sauver des vies. Que vous soyez passionn\u00e9 d\u2019histoire, amateur de patrimoine, randonneur inv\u00e9t\u00e9r\u00e9 ou curieux de d\u00e9couvrir la culture catalane, cette conf\u00e9rence est une parfaite opportunit\u00e9 pour mieux comprendre l\u2019impact de la R\u00e9sistance sur le territoire pyr\u00e9n\u00e9en.<\/p>\n<p>Au-del\u00e0 de l\u2019int\u00e9r\u00eat historique, cet \u00e9v\u00e9nement sera une belle occasion de profiter du cadre pittoresque de La Bastide et de son environnement authentique. Imaginez-vous au Col de Palom\u00e8res, entour\u00e9 des paysages majestueux du Canig\u00f3, pr\u00eat \u00e0 plonger dans une aventure d\u2019un autre temps. Et avec une entr\u00e9e gratuite, tout le monde est invit\u00e9 \u00e0 participer \u00e0 ce voyage m\u00e9moriel.<\/p>\n<p>Alors, r\u00e9servez votre mercredi apr\u00e8s-midi du 22 avril pour cette parenth\u00e8se instructive et \u00e9mouvante. Venez nombreux \u00e0 La Bastide pour d\u00e9couvrir, \u00e9changer et rendre hommage \u00e0 ces destins h\u00e9ro\u00efques du Canig\u00f3, l\u00e0 o\u00f9 l\u2019histoire et le patrimoine r\u00e9sonnent encore aujourd\u2019hui.<\/p>\n<h3>Informaci\u00f3 pr\u00e0ctica<\/h3>\n<p>\ud83d\udcc5 QUAND ? Mercredi 22 avril de 17:00 \u00e0 18:30<br \/>\ud83d\udccd O\u00d9 ? Col de Palom\u00e8res, La Bastide<br \/>\ud83d\udcb6 COMBIEN ? Entr\u00e9e gratuite<\/p>","protected":false},"excerpt":{"rendered":"<p>Participez \u00e0 une conf\u00e9rence historique gratuite sur le Canig\u00f3 et la R\u00e9sistance, mercredi 22 avril \u00e0 La Bastide.<\/p>","protected":false},"author":5,"featured_media":6378,"comment_status":"closed","ping_status":"open","sticky":false,"template":"","format":"standard","meta":{"_yoast_wpseo_focuskw":"Conf\u00e9rence Canig\u00f3 R\u00e9sistance Bastide","_yoast_wpseo_title":"Conf\u00e9rence sur le Canig\u00f3 pendant la R\u00e9sistance \u00e0 La Bastide","_yoast_wpseo_metadesc":"Conf\u00e9rence sur le r\u00f4le historique du Canig\u00f3 pendant la R\u00e9sistance La Bastide. D\u00e9couvrez les r\u00e9cits \u00e9mouvants et les actions courageuses des h\u00e9ros locaux. Entr\u00e9e gratuite. D\u00e9partement des Pyr\u00e9n\u00e9es-Orientales.","_yoast_wpseo_canonical":"","_yoast_wpseo_opengraph-title":"Plongez dans l'histoire h\u00e9ro\u00efque du Canig\u00f3 \u00e0 La Bastide \u2014 Une conf\u00e9rence \u00e9mouvante","_yoast_wpseo_opengraph-description":"Imaginez-vous au Col de Palom\u00e8res, entour\u00e9 des paysages majestueux du Canig\u00f3, pr\u00eat \u00e0 plonger dans une aventure historique. D\u00e9couvrez les r\u00e9cits \u00e9mouvants de la R\u00e9sistance.","_yoast_wpseo_opengraph-image":"https:\/\/www.locansol.fr\/wp-content\/uploads\/2026\/04\/conference-canigo-resistance-bastide.webp","_yoast_wpseo_opengraph-image-id":"","_yoast_wpseo_twitter-title":"Conf\u00e9rence \u00e9mouvante sur le Canig\u00f3 pendant la R\u00e9sistance \u00e0 La Bastide","_yoast_wpseo_twitter-description":"Plongez dans l'histoire h\u00e9ro\u00efque du Canig\u00f3 pendant la R\u00e9sistance. D\u00e9couvrez les r\u00e9cits \u00e9mouvants et les actions courageuses des h\u00e9ros locaux. Entr\u00e9e gratuite.","_yoast_wpseo_twitter-image":"https:\/\/www.locansol.fr\/wp-content\/uploads\/2026\/04\/conference-canigo-resistance-bastide.webp","_yoast_wpseo_twitter-image-id":"","yoast_primary_category":"Randonn\u00e9e","footnotes":""},"categories":[29],"tags":[66,76,73],"class_list":["post-6379","post","type-post","status-publish","format-standard","has-post-thumbnail","hentry","category-agenda-pyrenees-orientales","tag-evenement-culturel","tag-pyrenees-orientales","tag-sports"],"yoast_head":"<!-- This site is optimized with the Yoast SEO Premium plugin v23.3 (Yoast SEO v26.9) - https:\/\/yoast.com\/product\/yoast-seo-premium-wordpress\/ -->\n<title>Conf\u00e9rence sur le Canig\u00f3 pendant la R\u00e9sistance \u00e0 La Bastide<\/title>\n<meta name=\"description\" content=\"Conf\u00e9rence sur le r\u00f4le historique du Canig\u00f3 pendant la R\u00e9sistance La Bastide. D\u00e9couvrez les r\u00e9cits \u00e9mouvants et les actions courageuses des h\u00e9ros locaux. Entr\u00e9e gratuite. D\u00e9partement des Pyr\u00e9n\u00e9es-Orientales.\" \/>\n<meta name=\"robots\" content=\"index, follow, max-snippet:-1, max-image-preview:large, max-video-preview:-1\" \/>\n<link rel=\"canonical\" href=\"https:\/\/www.locansol.fr\/ca\/conference-canigo-resistance-bastide\/\" \/>\n<meta property=\"og:locale\" content=\"ca_ES\" \/>\n<meta property=\"og:type\" content=\"article\" \/>\n<meta property=\"og:title\" content=\"Plongez dans l&#039;histoire h\u00e9ro\u00efque du Canig\u00f3 \u00e0 La Bastide \u2014 Une conf\u00e9rence \u00e9mouvante\" \/>\n<meta property=\"og:description\" content=\"Imaginez-vous au Col de Palom\u00e8res, entour\u00e9 des paysages majestueux du Canig\u00f3, pr\u00eat \u00e0 plonger dans une aventure historique. D\u00e9couvrez les r\u00e9cits \u00e9mouvants de la R\u00e9sistance.\" \/>\n<meta property=\"og:url\" content=\"https:\/\/www.locansol.fr\/ca\/conference-canigo-resistance-bastide\/\" \/>\n<meta property=\"og:site_name\" content=\"Locansol, louer un h\u00e9bergement dans les Pyr\u00e9n\u00e9es Orientales\" \/>\n<meta property=\"article:published_time\" content=\"2026-04-22T06:08:31+00:00\" \/>\n<meta property=\"article:modified_time\" content=\"2026-04-22T06:08:35+00:00\" \/>\n<meta property=\"og:image\" content=\"https:\/\/www.locansol.fr\/wp-content\/uploads\/2026\/04\/conference-canigo-resistance-bastide.webp\" \/>\n<meta name=\"author\" content=\"H\u00e9bergements Locansol\" \/>\n<meta name=\"twitter:card\" content=\"summary_large_image\" \/>\n<meta name=\"twitter:title\" content=\"Conf\u00e9rence \u00e9mouvante sur le Canig\u00f3 pendant la R\u00e9sistance \u00e0 La Bastide\" \/>\n<meta name=\"twitter:description\" content=\"Plongez dans l&#039;histoire h\u00e9ro\u00efque du Canig\u00f3 pendant la R\u00e9sistance. D\u00e9couvrez les r\u00e9cits \u00e9mouvants et les actions courageuses des h\u00e9ros locaux. Entr\u00e9e gratuite.\" \/>\n<meta name=\"twitter:image\" content=\"https:\/\/www.locansol.fr\/wp-content\/uploads\/2026\/04\/conference-canigo-resistance-bastide.webp\" \/>\n<meta name=\"twitter:label1\" content=\"Escrit per\" \/>\n\t<meta name=\"twitter:data1\" content=\"H\u00e9bergements Locansol\" \/>\n\t<meta name=\"twitter:label2\" content=\"Temps estimat de lectura\" \/>\n\t<meta name=\"twitter:data2\" content=\"2 minuts\" \/>\n<script type=\"application\/ld+json\" class=\"yoast-schema-graph\">{\"@context\":\"https:\/\/schema.org\",\"@graph\":[{\"@type\":\"Article\",\"@id\":\"https:\/\/www.locansol.fr\/conference-canigo-resistance-bastide\/#article\",\"isPartOf\":{\"@id\":\"https:\/\/www.locansol.fr\/conference-canigo-resistance-bastide\/\"},\"author\":{\"name\":\"H\u00e9bergements Locansol\",\"@id\":\"https:\/\/www.locansol.fr\/#\/schema\/person\/0b08d440f1ac44674c6d498107de351d\"},\"headline\":\"La Bastide &#8211; 22 avril : Conf\u00e9rence sur le r\u00f4le historique du Canig\u00f3 pendant la R\u00e9sistance\",\"datePublished\":\"2026-04-22T06:08:31+00:00\",\"dateModified\":\"2026-04-22T06:08:35+00:00\",\"mainEntityOfPage\":{\"@id\":\"https:\/\/www.locansol.fr\/conference-canigo-resistance-bastide\/\"},\"wordCount\":441,\"publisher\":{\"@id\":\"https:\/\/www.locansol.fr\/#organization\"},\"image\":{\"@id\":\"https:\/\/www.locansol.fr\/conference-canigo-resistance-bastide\/#primaryimage\"},\"thumbnailUrl\":\"https:\/\/www.locansol.fr\/wp-content\/uploads\/2026\/04\/conference-canigo-resistance-bastide.webp\",\"keywords\":[\"\u00c9v\u00e8nement culturel\",\"Pyr\u00e9n\u00e9es-Orientales\",\"Sports\"],\"articleSection\":[\"Agenda\"],\"inLanguage\":\"ca\"},{\"@type\":\"WebPage\",\"@id\":\"https:\/\/www.locansol.fr\/conference-canigo-resistance-bastide\/\",\"url\":\"https:\/\/www.locansol.fr\/conference-canigo-resistance-bastide\/\",\"name\":\"Conf\u00e9rence sur le Canig\u00f3 pendant la R\u00e9sistance \u00e0 La Bastide\",\"isPartOf\":{\"@id\":\"https:\/\/www.locansol.fr\/#website\"},\"primaryImageOfPage\":{\"@id\":\"https:\/\/www.locansol.fr\/conference-canigo-resistance-bastide\/#primaryimage\"},\"image\":{\"@id\":\"https:\/\/www.locansol.fr\/conference-canigo-resistance-bastide\/#primaryimage\"},\"thumbnailUrl\":\"https:\/\/www.locansol.fr\/wp-content\/uploads\/2026\/04\/conference-canigo-resistance-bastide.webp\",\"datePublished\":\"2026-04-22T06:08:31+00:00\",\"dateModified\":\"2026-04-22T06:08:35+00:00\",\"description\":\"Conf\u00e9rence sur le r\u00f4le historique du Canig\u00f3 pendant la R\u00e9sistance La Bastide. D\u00e9couvrez les r\u00e9cits \u00e9mouvants et les actions courageuses des h\u00e9ros locaux. Entr\u00e9e gratuite. D\u00e9partement des Pyr\u00e9n\u00e9es-Orientales.\",\"breadcrumb\":{\"@id\":\"https:\/\/www.locansol.fr\/conference-canigo-resistance-bastide\/#breadcrumb\"},\"inLanguage\":\"ca\",\"potentialAction\":[{\"@type\":\"ReadAction\",\"target\":[\"https:\/\/www.locansol.fr\/conference-canigo-resistance-bastide\/\"]}]},{\"@type\":\"ImageObject\",\"inLanguage\":\"ca\",\"@id\":\"https:\/\/www.locansol.fr\/conference-canigo-resistance-bastide\/#primaryimage\",\"url\":\"https:\/\/www.locansol.fr\/wp-content\/uploads\/2026\/04\/conference-canigo-resistance-bastide.webp\",\"contentUrl\":\"https:\/\/www.locansol.fr\/wp-content\/uploads\/2026\/04\/conference-canigo-resistance-bastide.webp\",\"width\":362,\"height\":500,\"caption\":\"Conf\u00e9rence sur le Canig\u00f3 pendant la R\u00e9sistance \u00e0 La Bastide\"},{\"@type\":\"BreadcrumbList\",\"@id\":\"https:\/\/www.locansol.fr\/conference-canigo-resistance-bastide\/#breadcrumb\",\"itemListElement\":[{\"@type\":\"ListItem\",\"position\":1,\"name\":\"Accueil\",\"item\":\"https:\/\/www.locansol.fr\/\"},{\"@type\":\"ListItem\",\"position\":2,\"name\":\"La Bastide &#8211; 22 avril : Conf\u00e9rence sur le r\u00f4le historique du Canig\u00f3 pendant la R\u00e9sistance\"}]},{\"@type\":\"WebSite\",\"@id\":\"https:\/\/www.locansol.fr\/#website\",\"url\":\"https:\/\/www.locansol.fr\/\",\"name\":\"Locansol, louer un h\u00e9bergement dans les Pyr\u00e9n\u00e9es-Orientales\",\"description\":\"Location Mobil-home Mer M\u00e9diterran\u00e9e &amp; Chalet de Montagne dans les Pyr\u00e9n\u00e9es Orientales (Occitanie, 66). Weekend, s\u00e9jour &amp; vacances en famille et entre amis.\",\"publisher\":{\"@id\":\"https:\/\/www.locansol.fr\/#organization\"},\"alternateName\":\"Louer un h\u00e9bergement dans les Pyr\u00e9n\u00e9es Orientales, chalet & mobil-home en Occitanie\",\"potentialAction\":[{\"@type\":\"SearchAction\",\"target\":{\"@type\":\"EntryPoint\",\"urlTemplate\":\"https:\/\/www.locansol.fr\/?s={search_term_string}\"},\"query-input\":{\"@type\":\"PropertyValueSpecification\",\"valueRequired\":true,\"valueName\":\"search_term_string\"}}],\"inLanguage\":\"ca\"},{\"@type\":\"Organization\",\"@id\":\"https:\/\/www.locansol.fr\/#organization\",\"name\":\"Location MobilHome & chalet dans les Pyr\u00e9n\u00e9es Orientales\",\"alternateName\":\"Louer un h\u00e9bergement dans les Pyr\u00e9n\u00e9es Orientales en Occitanie\",\"url\":\"https:\/\/www.locansol.fr\/\",\"logo\":{\"@type\":\"ImageObject\",\"inLanguage\":\"ca\",\"@id\":\"https:\/\/www.locansol.fr\/#\/schema\/logo\/image\/\",\"url\":\"https:\/\/www.locansol.fr\/wp-content\/uploads\/2024\/04\/AdobeStock_303324767-scaled.jpeg\",\"contentUrl\":\"https:\/\/www.locansol.fr\/wp-content\/uploads\/2024\/04\/AdobeStock_303324767-scaled.jpeg\",\"width\":2560,\"height\":1707,\"caption\":\"Location MobilHome & chalet dans les Pyr\u00e9n\u00e9es Orientales\"},\"image\":{\"@id\":\"https:\/\/www.locansol.fr\/#\/schema\/logo\/image\/\"}},{\"@type\":\"Person\",\"@id\":\"https:\/\/www.locansol.fr\/#\/schema\/person\/0b08d440f1ac44674c6d498107de351d\",\"name\":\"H\u00e9bergements Locansol\",\"image\":{\"@type\":\"ImageObject\",\"inLanguage\":\"ca\",\"@id\":\"https:\/\/www.locansol.fr\/#\/schema\/person\/image\/\",\"url\":\"https:\/\/secure.gravatar.com\/avatar\/444436b93284204f8116b6e0eb964cd3fcb811519c737232bde6dd5743c37ee5?s=96&d=mm&r=g\",\"contentUrl\":\"https:\/\/secure.gravatar.com\/avatar\/444436b93284204f8116b6e0eb964cd3fcb811519c737232bde6dd5743c37ee5?s=96&d=mm&r=g\",\"caption\":\"H\u00e9bergements Locansol\"},\"sameAs\":[\"https:\/\/www.locansol.fr\/\"],\"url\":\"https:\/\/www.locansol.fr\/ca\/author\/locansol\/\"}]}<\/script>\n<!-- \/ Yoast SEO Premium plugin. -->","yoast_head_json":{"title":"Conf\u00e9rence sur le Canig\u00f3 pendant la R\u00e9sistance \u00e0 La Bastide","description":"Conf\u00e9rence sur le r\u00f4le historique du Canig\u00f3 pendant la R\u00e9sistance La Bastide. D\u00e9couvrez les r\u00e9cits \u00e9mouvants et les actions courageuses des h\u00e9ros locaux. Entr\u00e9e gratuite. D\u00e9partement des Pyr\u00e9n\u00e9es-Orientales.","robots":{"index":"index","follow":"follow","max-snippet":"max-snippet:-1","max-image-preview":"max-image-preview:large","max-video-preview":"max-video-preview:-1"},"canonical":"https:\/\/www.locansol.fr\/ca\/conference-canigo-resistance-bastide\/","og_locale":"ca_ES","og_type":"article","og_title":"Plongez dans l'histoire h\u00e9ro\u00efque du Canig\u00f3 \u00e0 La Bastide \u2014 Une conf\u00e9rence \u00e9mouvante","og_description":"Imaginez-vous au Col de Palom\u00e8res, entour\u00e9 des paysages majestueux du Canig\u00f3, pr\u00eat \u00e0 plonger dans une aventure historique. D\u00e9couvrez les r\u00e9cits \u00e9mouvants de la R\u00e9sistance.","og_url":"https:\/\/www.locansol.fr\/ca\/conference-canigo-resistance-bastide\/","og_site_name":"Locansol, louer un h\u00e9bergement dans les Pyr\u00e9n\u00e9es Orientales","article_published_time":"2026-04-22T06:08:31+00:00","article_modified_time":"2026-04-22T06:08:35+00:00","og_image":[{"url":"https:\/\/www.locansol.fr\/wp-content\/uploads\/2026\/04\/conference-canigo-resistance-bastide.webp","type":"","width":"","height":""}],"author":"H\u00e9bergements Locansol","twitter_card":"summary_large_image","twitter_title":"Conf\u00e9rence \u00e9mouvante sur le Canig\u00f3 pendant la R\u00e9sistance \u00e0 La Bastide","twitter_description":"Plongez dans l'histoire h\u00e9ro\u00efque du Canig\u00f3 pendant la R\u00e9sistance. D\u00e9couvrez les r\u00e9cits \u00e9mouvants et les actions courageuses des h\u00e9ros locaux. Entr\u00e9e gratuite.","twitter_image":"https:\/\/www.locansol.fr\/wp-content\/uploads\/2026\/04\/conference-canigo-resistance-bastide.webp","twitter_misc":{"Escrit per":"H\u00e9bergements Locansol","Temps estimat de lectura":"2 minuts"},"schema":{"@context":"https:\/\/schema.org","@graph":[{"@type":"Article","@id":"https:\/\/www.locansol.fr\/conference-canigo-resistance-bastide\/#article","isPartOf":{"@id":"https:\/\/www.locansol.fr\/conference-canigo-resistance-bastide\/"},"author":{"name":"H\u00e9bergements Locansol","@id":"https:\/\/www.locansol.fr\/#\/schema\/person\/0b08d440f1ac44674c6d498107de351d"},"headline":"La Bastide &#8211; 22 avril : Conf\u00e9rence sur le r\u00f4le historique du Canig\u00f3 pendant la R\u00e9sistance","datePublished":"2026-04-22T06:08:31+00:00","dateModified":"2026-04-22T06:08:35+00:00","mainEntityOfPage":{"@id":"https:\/\/www.locansol.fr\/conference-canigo-resistance-bastide\/"},"wordCount":441,"publisher":{"@id":"https:\/\/www.locansol.fr\/#organization"},"image":{"@id":"https:\/\/www.locansol.fr\/conference-canigo-resistance-bastide\/#primaryimage"},"thumbnailUrl":"https:\/\/www.locansol.fr\/wp-content\/uploads\/2026\/04\/conference-canigo-resistance-bastide.webp","keywords":["\u00c9v\u00e8nement culturel","Pyr\u00e9n\u00e9es-Orientales","Sports"],"articleSection":["Agenda"],"inLanguage":"ca"},{"@type":"WebPage","@id":"https:\/\/www.locansol.fr\/conference-canigo-resistance-bastide\/","url":"https:\/\/www.locansol.fr\/conference-canigo-resistance-bastide\/","name":"Conf\u00e9rence sur le Canig\u00f3 pendant la R\u00e9sistance \u00e0 La Bastide","isPartOf":{"@id":"https:\/\/www.locansol.fr\/#website"},"primaryImageOfPage":{"@id":"https:\/\/www.locansol.fr\/conference-canigo-resistance-bastide\/#primaryimage"},"image":{"@id":"https:\/\/www.locansol.fr\/conference-canigo-resistance-bastide\/#primaryimage"},"thumbnailUrl":"https:\/\/www.locansol.fr\/wp-content\/uploads\/2026\/04\/conference-canigo-resistance-bastide.webp","datePublished":"2026-04-22T06:08:31+00:00","dateModified":"2026-04-22T06:08:35+00:00","description":"Conf\u00e9rence sur le r\u00f4le historique du Canig\u00f3 pendant la R\u00e9sistance La Bastide. D\u00e9couvrez les r\u00e9cits \u00e9mouvants et les actions courageuses des h\u00e9ros locaux. Entr\u00e9e gratuite. D\u00e9partement des Pyr\u00e9n\u00e9es-Orientales.","breadcrumb":{"@id":"https:\/\/www.locansol.fr\/conference-canigo-resistance-bastide\/#breadcrumb"},"inLanguage":"ca","potentialAction":[{"@type":"ReadAction","target":["https:\/\/www.locansol.fr\/conference-canigo-resistance-bastide\/"]}]},{"@type":"ImageObject","inLanguage":"ca","@id":"https:\/\/www.locansol.fr\/conference-canigo-resistance-bastide\/#primaryimage","url":"https:\/\/www.locansol.fr\/wp-content\/uploads\/2026\/04\/conference-canigo-resistance-bastide.webp","contentUrl":"https:\/\/www.locansol.fr\/wp-content\/uploads\/2026\/04\/conference-canigo-resistance-bastide.webp","width":362,"height":500,"caption":"Conf\u00e9rence sur le Canig\u00f3 pendant la R\u00e9sistance \u00e0 La Bastide"},{"@type":"BreadcrumbList","@id":"https:\/\/www.locansol.fr\/conference-canigo-resistance-bastide\/#breadcrumb","itemListElement":[{"@type":"ListItem","position":1,"name":"Accueil","item":"https:\/\/www.locansol.fr\/"},{"@type":"ListItem","position":2,"name":"La Bastide &#8211; 22 avril : Conf\u00e9rence sur le r\u00f4le historique du Canig\u00f3 pendant la R\u00e9sistance"}]},{"@type":"WebSite","@id":"https:\/\/www.locansol.fr\/#website","url":"https:\/\/www.locansol.fr\/","name":"Locansol, louer un h\u00e9bergement dans les Pyr\u00e9n\u00e9es-Orientales","description":"Location Mobil-home Mer M\u00e9diterran\u00e9e &amp; Chalet de Montagne dans les Pyr\u00e9n\u00e9es Orientales (Occitanie, 66). Weekend, s\u00e9jour &amp; vacances en famille et entre amis.","publisher":{"@id":"https:\/\/www.locansol.fr\/#organization"},"alternateName":"Louer un h\u00e9bergement dans les Pyr\u00e9n\u00e9es Orientales, chalet & mobil-home en Occitanie","potentialAction":[{"@type":"SearchAction","target":{"@type":"EntryPoint","urlTemplate":"https:\/\/www.locansol.fr\/?s={search_term_string}"},"query-input":{"@type":"PropertyValueSpecification","valueRequired":true,"valueName":"search_term_string"}}],"inLanguage":"ca"},{"@type":"Organization","@id":"https:\/\/www.locansol.fr\/#organization","name":"Location MobilHome & chalet dans les Pyr\u00e9n\u00e9es Orientales","alternateName":"Louer un h\u00e9bergement dans les Pyr\u00e9n\u00e9es Orientales en Occitanie","url":"https:\/\/www.locansol.fr\/","logo":{"@type":"ImageObject","inLanguage":"ca","@id":"https:\/\/www.locansol.fr\/#\/schema\/logo\/image\/","url":"https:\/\/www.locansol.fr\/wp-content\/uploads\/2024\/04\/AdobeStock_303324767-scaled.jpeg","contentUrl":"https:\/\/www.locansol.fr\/wp-content\/uploads\/2024\/04\/AdobeStock_303324767-scaled.jpeg","width":2560,"height":1707,"caption":"Location MobilHome & chalet dans les Pyr\u00e9n\u00e9es Orientales"},"image":{"@id":"https:\/\/www.locansol.fr\/#\/schema\/logo\/image\/"}},{"@type":"Person","@id":"https:\/\/www.locansol.fr\/#\/schema\/person\/0b08d440f1ac44674c6d498107de351d","name":"H\u00e9bergements Locansol","image":{"@type":"ImageObject","inLanguage":"ca","@id":"https:\/\/www.locansol.fr\/#\/schema\/person\/image\/","url":"https:\/\/secure.gravatar.com\/avatar\/444436b93284204f8116b6e0eb964cd3fcb811519c737232bde6dd5743c37ee5?s=96&d=mm&r=g","contentUrl":"https:\/\/secure.gravatar.com\/avatar\/444436b93284204f8116b6e0eb964cd3fcb811519c737232bde6dd5743c37ee5?s=96&d=mm&r=g","caption":"H\u00e9bergements Locansol"},"sameAs":["https:\/\/www.locansol.fr\/"],"url":"https:\/\/www.locansol.fr\/ca\/author\/locansol\/"}]}},"_links":{"self":[{"href":"https:\/\/www.locansol.fr\/ca\/wp-json\/wp\/v2\/posts\/6379","targetHints":{"allow":["GET"]}}],"collection":[{"href":"https:\/\/www.locansol.fr\/ca\/wp-json\/wp\/v2\/posts"}],"about":[{"href":"https:\/\/www.locansol.fr\/ca\/wp-json\/wp\/v2\/types\/post"}],"author":[{"embeddable":true,"href":"https:\/\/www.locansol.fr\/ca\/wp-json\/wp\/v2\/users\/5"}],"replies":[{"embeddable":true,"href":"https:\/\/www.locansol.fr\/ca\/wp-json\/wp\/v2\/comments?post=6379"}],"version-history":[{"count":1,"href":"https:\/\/www.locansol.fr\/ca\/wp-json\/wp\/v2\/posts\/6379\/revisions"}],"predecessor-version":[{"id":6380,"href":"https:\/\/www.locansol.fr\/ca\/wp-json\/wp\/v2\/posts\/6379\/revisions\/6380"}],"wp:featuredmedia":[{"embeddable":true,"href":"https:\/\/www.locansol.fr\/ca\/wp-json\/wp\/v2\/media\/6378"}],"wp:attachment":[{"href":"https:\/\/www.locansol.fr\/ca\/wp-json\/wp\/v2\/media?parent=6379"}],"wp:term":[{"taxonomy":"category","embeddable":true,"href":"https:\/\/www.locansol.fr\/ca\/wp-json\/wp\/v2\/categories?post=6379"},{"taxonomy":"post_tag","embeddable":true,"href":"https:\/\/www.locansol.fr\/ca\/wp-json\/wp\/v2\/tags?post=6379"}],"curies":[{"name":"wp","href":"https:\/\/api.w.org\/{rel}","templated":true}]}}