{"id":6419,"date":"2026-04-23T02:16:17","date_gmt":"2026-04-23T00:16:17","guid":{"rendered":"https:\/\/www.locansol.fr\/salvador-dali-perpignan-visite\/"},"modified":"2026-04-23T02:16:21","modified_gmt":"2026-04-23T00:16:21","slug":"salvador-dali-perpignan-visite","status":"publish","type":"post","link":"https:\/\/www.locansol.fr\/ca\/salvador-dali-perpignan-visite\/","title":{"rendered":"Perpignan &#8211; Du 21 au 24 avril &#8211; SALVADOR DAL\u00cd au Mus\u00e9e Hyacinthe Rigaud"},"content":{"rendered":"<p>Du 21 au 24 avril, le Mus\u00e9e Hyacinthe Rigaud, situ\u00e9 en plein c\u0153ur de Perpignan, propose une exp\u00e9rience culturelle incontournable : une \u00ab visite flash \u00bb consacr\u00e9e au c\u00e9l\u00e8bre artiste Salvador Dal\u00ed et \u00e0 son \u0153uvre \u00ab Hallucination partielle. Six images de L\u00e9nine sur un piano \u00bb. Pr\u00eat\u00e9e par le prestigieux Centre Pompidou, cette \u0153uvre embl\u00e9matique du surr\u00e9alisme vous invite \u00e0 explorer l&rsquo;univers fascinant de l&rsquo;un des plus grands ma\u00eetres de ce mouvement artistique.<\/p>\n<p>Dans le cadre prestigieux du mus\u00e9e, les visiteurs auront l&rsquo;occasion d&rsquo;appr\u00e9cier cette peinture datant de 1931 qui illustre \u00e0 merveille le style unique de Dal\u00ed, fusionnant r\u00eave et r\u00e9alit\u00e9 de mani\u00e8re hallucinatoire. Cet \u00e9v\u00e9nement pr\u00e9figure une grande r\u00e9trospective d\u00e9di\u00e9e \u00e0 l&rsquo;artiste catalan, pr\u00e9vue en 2027 au Mus\u00e9e Hyacinthe Rigaud, et met ainsi l&rsquo;accent sur le dialogue entre son \u0153uvre et le territoire de Perpignan. Plus qu&rsquo;une simple rencontre artistique, cette visite est une plong\u00e9e dans l&rsquo;univers surr\u00e9aliste de Dal\u00ed, o\u00f9 chaque d\u00e9tail de la peinture prend vie et r\u00e9sonne avec le lieu environnant.<\/p>\n<p>Que vous soyez un amateur averti ou simplement curieux d&rsquo;en apprendre plus sur Salvador Dal\u00ed, cette visite flash est une occasion pr\u00e9cieuse. Le charme historique du Mus\u00e9e Hyacinthe Rigaud ajoute une dimension suppl\u00e9mentaire \u00e0 l&rsquo;exp\u00e9rience, en cr\u00e9ant une atmosph\u00e8re intimiste propice \u00e0 la r\u00e9flexion et \u00e0 l&rsquo;admiration. De plus, l&rsquo;\u00e9v\u00e9nement met en avant les liens de Dal\u00ed avec la r\u00e9gion catalane, une dimension souvent m\u00e9connue mais essentielle pour mieux comprendre son \u0153uvre.<\/p>\n<p>Tout-en-un, cette initiative promet de marquer les esprits avec une immersion v\u00e9ritable au c\u0153ur d&rsquo;une \u0153uvre unique. \u00c9changes, histoires, et d\u00e9couvertes artistiques seront au rendez-vous, dans le respect des contraintes temporelles d&rsquo;une visite flash.<\/p>\n<p>Ne manquez pas cette opportunit\u00e9 d&rsquo;admirer une \u0153uvre embl\u00e9matique de Dal\u00ed et d&rsquo;explorer l&rsquo;histoire artistique du Mus\u00e9e Hyacinthe Rigaud, fusionnant brillamment patrimoine et modernit\u00e9. Prenez votre billet et laissez-vous captiver par l&rsquo;intriguant dialogue entre le mus\u00e9e et l&rsquo;\u0153uvre \u00ab Hallucination partielle. Six images de L\u00e9nine sur un piano \u00bb du ma\u00eetre surr\u00e9aliste !<\/p>\n<h3>Informaci\u00f3 pr\u00e0ctica<\/h3>\n<p>\ud83d\udcc5 QUAND ? Du 21 au 24 avril<br \/>\ud83d\udccd O\u00d9 ? Mus\u00e9e Hyacinthe Rigaud, Perpignan<br \/>\ud83d\udcb6 COMBIEN ? Plein tarif : 8,00 \u20ac<\/p>","protected":false},"excerpt":{"rendered":"<p>Plongez dans l&rsquo;univers surr\u00e9aliste de Salvador Dal\u00ed lors d&rsquo;une visite flash au Mus\u00e9e Hyacinthe Rigaud, du 21 au 24 avril \u00e0 Perpignan.<\/p>","protected":false},"author":5,"featured_media":6418,"comment_status":"closed","ping_status":"open","sticky":false,"template":"","format":"standard","meta":{"_yoast_wpseo_focuskw":"Salvador Dal\u00ed Perpignan visite","_yoast_wpseo_title":"SALVADOR DAL\u00cd au Mus\u00e9e Hyacinthe Rigaud Perpignan - Visite flash","_yoast_wpseo_metadesc":"SALVADOR DAL\u00cd au Mus\u00e9e Hyacinthe Rigaud Perpignan. D\u00e9couvrez l'\u0153uvre embl\u00e9matique 'Hallucination partielle' et plongez dans l'univers surr\u00e9aliste de Dal\u00ed. \u00c9v\u00e9nement incontournable dans les Pyr\u00e9n\u00e9es-Orientales.","_yoast_wpseo_canonical":"","_yoast_wpseo_opengraph-title":"Plongez dans l'univers surr\u00e9aliste de Dal\u00ed \u00e0 Perpignan \u2014 Une exp\u00e9rience unique","_yoast_wpseo_opengraph-description":"Imaginez-vous devant une \u0153uvre embl\u00e9matique de Dal\u00ed, au c\u0153ur de Perpignan. Une immersion unique dans le surr\u00e9alisme vous attend au Mus\u00e9e Hyacinthe Rigaud. Ne manquez pas cette exp\u00e9rience culturelle incontournable.","_yoast_wpseo_opengraph-image":"https:\/\/www.locansol.fr\/wp-content\/uploads\/2026\/04\/salvador-dali-perpignan-visite.webp","_yoast_wpseo_opengraph-image-id":"","_yoast_wpseo_twitter-title":"D\u00e9couvrez Dal\u00ed \u00e0 Perpignan : une visite flash incontournable","_yoast_wpseo_twitter-description":"Plongez dans l'univers surr\u00e9aliste de Dal\u00ed au Mus\u00e9e Hyacinthe Rigaud \u00e0 Perpignan. Une exp\u00e9rience culturelle unique \u00e0 ne pas manquer !","_yoast_wpseo_twitter-image":"https:\/\/www.locansol.fr\/wp-content\/uploads\/2026\/04\/salvador-dali-perpignan-visite.webp","_yoast_wpseo_twitter-image-id":"","yoast_primary_category":"Exposition","footnotes":""},"categories":[35],"tags":[66,76],"class_list":["post-6419","post","type-post","status-publish","format-standard","has-post-thumbnail","hentry","category-carnaval","tag-evenement-culturel","tag-pyrenees-orientales"],"yoast_head":"<!-- This site is optimized with the Yoast SEO Premium plugin v23.3 (Yoast SEO v26.9) - https:\/\/yoast.com\/product\/yoast-seo-premium-wordpress\/ -->\n<title>SALVADOR DAL\u00cd au Mus\u00e9e Hyacinthe Rigaud Perpignan - Visite flash<\/title>\n<meta name=\"description\" content=\"SALVADOR DAL\u00cd au Mus\u00e9e Hyacinthe Rigaud Perpignan. D\u00e9couvrez l&#039;\u0153uvre embl\u00e9matique &#039;Hallucination partielle&#039; et plongez dans l&#039;univers surr\u00e9aliste de Dal\u00ed. \u00c9v\u00e9nement incontournable dans les Pyr\u00e9n\u00e9es-Orientales.\" \/>\n<meta name=\"robots\" content=\"index, follow, max-snippet:-1, max-image-preview:large, max-video-preview:-1\" \/>\n<link rel=\"canonical\" href=\"https:\/\/www.locansol.fr\/ca\/salvador-dali-perpignan-visite\/\" \/>\n<meta property=\"og:locale\" content=\"ca_ES\" \/>\n<meta property=\"og:type\" content=\"article\" \/>\n<meta property=\"og:title\" content=\"Plongez dans l&#039;univers surr\u00e9aliste de Dal\u00ed \u00e0 Perpignan \u2014 Une exp\u00e9rience unique\" \/>\n<meta property=\"og:description\" content=\"Imaginez-vous devant une \u0153uvre embl\u00e9matique de Dal\u00ed, au c\u0153ur de Perpignan. Une immersion unique dans le surr\u00e9alisme vous attend au Mus\u00e9e Hyacinthe Rigaud. Ne manquez pas cette exp\u00e9rience culturelle incontournable.\" \/>\n<meta property=\"og:url\" content=\"https:\/\/www.locansol.fr\/ca\/salvador-dali-perpignan-visite\/\" \/>\n<meta property=\"og:site_name\" content=\"Locansol, louer un h\u00e9bergement dans les Pyr\u00e9n\u00e9es Orientales\" \/>\n<meta property=\"article:published_time\" content=\"2026-04-23T00:16:17+00:00\" \/>\n<meta property=\"article:modified_time\" content=\"2026-04-23T00:16:21+00:00\" \/>\n<meta property=\"og:image\" content=\"https:\/\/www.locansol.fr\/wp-content\/uploads\/2026\/04\/salvador-dali-perpignan-visite.webp\" \/>\n<meta name=\"author\" content=\"H\u00e9bergements Locansol\" \/>\n<meta name=\"twitter:card\" content=\"summary_large_image\" \/>\n<meta name=\"twitter:title\" content=\"D\u00e9couvrez Dal\u00ed \u00e0 Perpignan : une visite flash incontournable\" \/>\n<meta name=\"twitter:description\" content=\"Plongez dans l&#039;univers surr\u00e9aliste de Dal\u00ed au Mus\u00e9e Hyacinthe Rigaud \u00e0 Perpignan. Une exp\u00e9rience culturelle unique \u00e0 ne pas manquer !\" \/>\n<meta name=\"twitter:image\" content=\"https:\/\/www.locansol.fr\/wp-content\/uploads\/2026\/04\/salvador-dali-perpignan-visite.webp\" \/>\n<meta name=\"twitter:label1\" content=\"Escrit per\" \/>\n\t<meta name=\"twitter:data1\" content=\"H\u00e9bergements Locansol\" \/>\n\t<meta name=\"twitter:label2\" content=\"Temps estimat de lectura\" \/>\n\t<meta name=\"twitter:data2\" content=\"2 minuts\" \/>\n<script type=\"application\/ld+json\" class=\"yoast-schema-graph\">{\"@context\":\"https:\/\/schema.org\",\"@graph\":[{\"@type\":\"Article\",\"@id\":\"https:\/\/www.locansol.fr\/salvador-dali-perpignan-visite\/#article\",\"isPartOf\":{\"@id\":\"https:\/\/www.locansol.fr\/salvador-dali-perpignan-visite\/\"},\"author\":{\"name\":\"H\u00e9bergements Locansol\",\"@id\":\"https:\/\/www.locansol.fr\/#\/schema\/person\/0b08d440f1ac44674c6d498107de351d\"},\"headline\":\"Perpignan &#8211; Du 21 au 24 avril &#8211; SALVADOR DAL\u00cd au Mus\u00e9e Hyacinthe Rigaud\",\"datePublished\":\"2026-04-23T00:16:17+00:00\",\"dateModified\":\"2026-04-23T00:16:21+00:00\",\"mainEntityOfPage\":{\"@id\":\"https:\/\/www.locansol.fr\/salvador-dali-perpignan-visite\/\"},\"wordCount\":401,\"publisher\":{\"@id\":\"https:\/\/www.locansol.fr\/#organization\"},\"image\":{\"@id\":\"https:\/\/www.locansol.fr\/salvador-dali-perpignan-visite\/#primaryimage\"},\"thumbnailUrl\":\"https:\/\/www.locansol.fr\/wp-content\/uploads\/2026\/04\/salvador-dali-perpignan-visite.webp\",\"keywords\":[\"\u00c9v\u00e8nement culturel\",\"Pyr\u00e9n\u00e9es-Orientales\"],\"articleSection\":[\"Carnaval\"],\"inLanguage\":\"ca\"},{\"@type\":\"WebPage\",\"@id\":\"https:\/\/www.locansol.fr\/salvador-dali-perpignan-visite\/\",\"url\":\"https:\/\/www.locansol.fr\/salvador-dali-perpignan-visite\/\",\"name\":\"SALVADOR DAL\u00cd au Mus\u00e9e Hyacinthe Rigaud Perpignan - Visite flash\",\"isPartOf\":{\"@id\":\"https:\/\/www.locansol.fr\/#website\"},\"primaryImageOfPage\":{\"@id\":\"https:\/\/www.locansol.fr\/salvador-dali-perpignan-visite\/#primaryimage\"},\"image\":{\"@id\":\"https:\/\/www.locansol.fr\/salvador-dali-perpignan-visite\/#primaryimage\"},\"thumbnailUrl\":\"https:\/\/www.locansol.fr\/wp-content\/uploads\/2026\/04\/salvador-dali-perpignan-visite.webp\",\"datePublished\":\"2026-04-23T00:16:17+00:00\",\"dateModified\":\"2026-04-23T00:16:21+00:00\",\"description\":\"SALVADOR DAL\u00cd au Mus\u00e9e Hyacinthe Rigaud Perpignan. D\u00e9couvrez l'\u0153uvre embl\u00e9matique 'Hallucination partielle' et plongez dans l'univers surr\u00e9aliste de Dal\u00ed. \u00c9v\u00e9nement incontournable dans les Pyr\u00e9n\u00e9es-Orientales.\",\"breadcrumb\":{\"@id\":\"https:\/\/www.locansol.fr\/salvador-dali-perpignan-visite\/#breadcrumb\"},\"inLanguage\":\"ca\",\"potentialAction\":[{\"@type\":\"ReadAction\",\"target\":[\"https:\/\/www.locansol.fr\/salvador-dali-perpignan-visite\/\"]}]},{\"@type\":\"ImageObject\",\"inLanguage\":\"ca\",\"@id\":\"https:\/\/www.locansol.fr\/salvador-dali-perpignan-visite\/#primaryimage\",\"url\":\"https:\/\/www.locansol.fr\/wp-content\/uploads\/2026\/04\/salvador-dali-perpignan-visite.webp\",\"contentUrl\":\"https:\/\/www.locansol.fr\/wp-content\/uploads\/2026\/04\/salvador-dali-perpignan-visite.webp\",\"width\":1920,\"height\":1280,\"caption\":\"SALVADOR DAL\u00cd au Mus\u00e9e Hyacinthe Rigaud Perpignan - Visite flash\"},{\"@type\":\"BreadcrumbList\",\"@id\":\"https:\/\/www.locansol.fr\/salvador-dali-perpignan-visite\/#breadcrumb\",\"itemListElement\":[{\"@type\":\"ListItem\",\"position\":1,\"name\":\"Accueil\",\"item\":\"https:\/\/www.locansol.fr\/\"},{\"@type\":\"ListItem\",\"position\":2,\"name\":\"Perpignan &#8211; Du 21 au 24 avril &#8211; SALVADOR DAL\u00cd au Mus\u00e9e Hyacinthe Rigaud\"}]},{\"@type\":\"WebSite\",\"@id\":\"https:\/\/www.locansol.fr\/#website\",\"url\":\"https:\/\/www.locansol.fr\/\",\"name\":\"Locansol, louer un h\u00e9bergement dans les Pyr\u00e9n\u00e9es-Orientales\",\"description\":\"Location Mobil-home Mer M\u00e9diterran\u00e9e &amp; Chalet de Montagne dans les Pyr\u00e9n\u00e9es Orientales (Occitanie, 66). Weekend, s\u00e9jour &amp; vacances en famille et entre amis.\",\"publisher\":{\"@id\":\"https:\/\/www.locansol.fr\/#organization\"},\"alternateName\":\"Louer un h\u00e9bergement dans les Pyr\u00e9n\u00e9es Orientales, chalet & mobil-home en Occitanie\",\"potentialAction\":[{\"@type\":\"SearchAction\",\"target\":{\"@type\":\"EntryPoint\",\"urlTemplate\":\"https:\/\/www.locansol.fr\/?s={search_term_string}\"},\"query-input\":{\"@type\":\"PropertyValueSpecification\",\"valueRequired\":true,\"valueName\":\"search_term_string\"}}],\"inLanguage\":\"ca\"},{\"@type\":\"Organization\",\"@id\":\"https:\/\/www.locansol.fr\/#organization\",\"name\":\"Location MobilHome & chalet dans les Pyr\u00e9n\u00e9es Orientales\",\"alternateName\":\"Louer un h\u00e9bergement dans les Pyr\u00e9n\u00e9es Orientales en Occitanie\",\"url\":\"https:\/\/www.locansol.fr\/\",\"logo\":{\"@type\":\"ImageObject\",\"inLanguage\":\"ca\",\"@id\":\"https:\/\/www.locansol.fr\/#\/schema\/logo\/image\/\",\"url\":\"https:\/\/www.locansol.fr\/wp-content\/uploads\/2024\/04\/AdobeStock_303324767-scaled.jpeg\",\"contentUrl\":\"https:\/\/www.locansol.fr\/wp-content\/uploads\/2024\/04\/AdobeStock_303324767-scaled.jpeg\",\"width\":2560,\"height\":1707,\"caption\":\"Location MobilHome & chalet dans les Pyr\u00e9n\u00e9es Orientales\"},\"image\":{\"@id\":\"https:\/\/www.locansol.fr\/#\/schema\/logo\/image\/\"}},{\"@type\":\"Person\",\"@id\":\"https:\/\/www.locansol.fr\/#\/schema\/person\/0b08d440f1ac44674c6d498107de351d\",\"name\":\"H\u00e9bergements Locansol\",\"image\":{\"@type\":\"ImageObject\",\"inLanguage\":\"ca\",\"@id\":\"https:\/\/www.locansol.fr\/#\/schema\/person\/image\/\",\"url\":\"https:\/\/secure.gravatar.com\/avatar\/444436b93284204f8116b6e0eb964cd3fcb811519c737232bde6dd5743c37ee5?s=96&d=mm&r=g\",\"contentUrl\":\"https:\/\/secure.gravatar.com\/avatar\/444436b93284204f8116b6e0eb964cd3fcb811519c737232bde6dd5743c37ee5?s=96&d=mm&r=g\",\"caption\":\"H\u00e9bergements Locansol\"},\"sameAs\":[\"https:\/\/www.locansol.fr\/\"],\"url\":\"https:\/\/www.locansol.fr\/ca\/author\/locansol\/\"}]}<\/script>\n<!-- \/ Yoast SEO Premium plugin. -->","yoast_head_json":{"title":"SALVADOR DAL\u00cd au Mus\u00e9e Hyacinthe Rigaud Perpignan - Visite flash","description":"SALVADOR DAL\u00cd au Mus\u00e9e Hyacinthe Rigaud Perpignan. D\u00e9couvrez l'\u0153uvre embl\u00e9matique 'Hallucination partielle' et plongez dans l'univers surr\u00e9aliste de Dal\u00ed. \u00c9v\u00e9nement incontournable dans les Pyr\u00e9n\u00e9es-Orientales.","robots":{"index":"index","follow":"follow","max-snippet":"max-snippet:-1","max-image-preview":"max-image-preview:large","max-video-preview":"max-video-preview:-1"},"canonical":"https:\/\/www.locansol.fr\/ca\/salvador-dali-perpignan-visite\/","og_locale":"ca_ES","og_type":"article","og_title":"Plongez dans l'univers surr\u00e9aliste de Dal\u00ed \u00e0 Perpignan \u2014 Une exp\u00e9rience unique","og_description":"Imaginez-vous devant une \u0153uvre embl\u00e9matique de Dal\u00ed, au c\u0153ur de Perpignan. Une immersion unique dans le surr\u00e9alisme vous attend au Mus\u00e9e Hyacinthe Rigaud. Ne manquez pas cette exp\u00e9rience culturelle incontournable.","og_url":"https:\/\/www.locansol.fr\/ca\/salvador-dali-perpignan-visite\/","og_site_name":"Locansol, louer un h\u00e9bergement dans les Pyr\u00e9n\u00e9es Orientales","article_published_time":"2026-04-23T00:16:17+00:00","article_modified_time":"2026-04-23T00:16:21+00:00","og_image":[{"url":"https:\/\/www.locansol.fr\/wp-content\/uploads\/2026\/04\/salvador-dali-perpignan-visite.webp","type":"","width":"","height":""}],"author":"H\u00e9bergements Locansol","twitter_card":"summary_large_image","twitter_title":"D\u00e9couvrez Dal\u00ed \u00e0 Perpignan : une visite flash incontournable","twitter_description":"Plongez dans l'univers surr\u00e9aliste de Dal\u00ed au Mus\u00e9e Hyacinthe Rigaud \u00e0 Perpignan. Une exp\u00e9rience culturelle unique \u00e0 ne pas manquer !","twitter_image":"https:\/\/www.locansol.fr\/wp-content\/uploads\/2026\/04\/salvador-dali-perpignan-visite.webp","twitter_misc":{"Escrit per":"H\u00e9bergements Locansol","Temps estimat de lectura":"2 minuts"},"schema":{"@context":"https:\/\/schema.org","@graph":[{"@type":"Article","@id":"https:\/\/www.locansol.fr\/salvador-dali-perpignan-visite\/#article","isPartOf":{"@id":"https:\/\/www.locansol.fr\/salvador-dali-perpignan-visite\/"},"author":{"name":"H\u00e9bergements Locansol","@id":"https:\/\/www.locansol.fr\/#\/schema\/person\/0b08d440f1ac44674c6d498107de351d"},"headline":"Perpignan &#8211; Du 21 au 24 avril &#8211; SALVADOR DAL\u00cd au Mus\u00e9e Hyacinthe Rigaud","datePublished":"2026-04-23T00:16:17+00:00","dateModified":"2026-04-23T00:16:21+00:00","mainEntityOfPage":{"@id":"https:\/\/www.locansol.fr\/salvador-dali-perpignan-visite\/"},"wordCount":401,"publisher":{"@id":"https:\/\/www.locansol.fr\/#organization"},"image":{"@id":"https:\/\/www.locansol.fr\/salvador-dali-perpignan-visite\/#primaryimage"},"thumbnailUrl":"https:\/\/www.locansol.fr\/wp-content\/uploads\/2026\/04\/salvador-dali-perpignan-visite.webp","keywords":["\u00c9v\u00e8nement culturel","Pyr\u00e9n\u00e9es-Orientales"],"articleSection":["Carnaval"],"inLanguage":"ca"},{"@type":"WebPage","@id":"https:\/\/www.locansol.fr\/salvador-dali-perpignan-visite\/","url":"https:\/\/www.locansol.fr\/salvador-dali-perpignan-visite\/","name":"SALVADOR DAL\u00cd au Mus\u00e9e Hyacinthe Rigaud Perpignan - Visite flash","isPartOf":{"@id":"https:\/\/www.locansol.fr\/#website"},"primaryImageOfPage":{"@id":"https:\/\/www.locansol.fr\/salvador-dali-perpignan-visite\/#primaryimage"},"image":{"@id":"https:\/\/www.locansol.fr\/salvador-dali-perpignan-visite\/#primaryimage"},"thumbnailUrl":"https:\/\/www.locansol.fr\/wp-content\/uploads\/2026\/04\/salvador-dali-perpignan-visite.webp","datePublished":"2026-04-23T00:16:17+00:00","dateModified":"2026-04-23T00:16:21+00:00","description":"SALVADOR DAL\u00cd au Mus\u00e9e Hyacinthe Rigaud Perpignan. D\u00e9couvrez l'\u0153uvre embl\u00e9matique 'Hallucination partielle' et plongez dans l'univers surr\u00e9aliste de Dal\u00ed. \u00c9v\u00e9nement incontournable dans les Pyr\u00e9n\u00e9es-Orientales.","breadcrumb":{"@id":"https:\/\/www.locansol.fr\/salvador-dali-perpignan-visite\/#breadcrumb"},"inLanguage":"ca","potentialAction":[{"@type":"ReadAction","target":["https:\/\/www.locansol.fr\/salvador-dali-perpignan-visite\/"]}]},{"@type":"ImageObject","inLanguage":"ca","@id":"https:\/\/www.locansol.fr\/salvador-dali-perpignan-visite\/#primaryimage","url":"https:\/\/www.locansol.fr\/wp-content\/uploads\/2026\/04\/salvador-dali-perpignan-visite.webp","contentUrl":"https:\/\/www.locansol.fr\/wp-content\/uploads\/2026\/04\/salvador-dali-perpignan-visite.webp","width":1920,"height":1280,"caption":"SALVADOR DAL\u00cd au Mus\u00e9e Hyacinthe Rigaud Perpignan - Visite flash"},{"@type":"BreadcrumbList","@id":"https:\/\/www.locansol.fr\/salvador-dali-perpignan-visite\/#breadcrumb","itemListElement":[{"@type":"ListItem","position":1,"name":"Accueil","item":"https:\/\/www.locansol.fr\/"},{"@type":"ListItem","position":2,"name":"Perpignan &#8211; Du 21 au 24 avril &#8211; SALVADOR DAL\u00cd au Mus\u00e9e Hyacinthe Rigaud"}]},{"@type":"WebSite","@id":"https:\/\/www.locansol.fr\/#website","url":"https:\/\/www.locansol.fr\/","name":"Locansol, louer un h\u00e9bergement dans les Pyr\u00e9n\u00e9es-Orientales","description":"Location Mobil-home Mer M\u00e9diterran\u00e9e &amp; Chalet de Montagne dans les Pyr\u00e9n\u00e9es Orientales (Occitanie, 66). Weekend, s\u00e9jour &amp; vacances en famille et entre amis.","publisher":{"@id":"https:\/\/www.locansol.fr\/#organization"},"alternateName":"Louer un h\u00e9bergement dans les Pyr\u00e9n\u00e9es Orientales, chalet & mobil-home en Occitanie","potentialAction":[{"@type":"SearchAction","target":{"@type":"EntryPoint","urlTemplate":"https:\/\/www.locansol.fr\/?s={search_term_string}"},"query-input":{"@type":"PropertyValueSpecification","valueRequired":true,"valueName":"search_term_string"}}],"inLanguage":"ca"},{"@type":"Organization","@id":"https:\/\/www.locansol.fr\/#organization","name":"Location MobilHome & chalet dans les Pyr\u00e9n\u00e9es Orientales","alternateName":"Louer un h\u00e9bergement dans les Pyr\u00e9n\u00e9es Orientales en Occitanie","url":"https:\/\/www.locansol.fr\/","logo":{"@type":"ImageObject","inLanguage":"ca","@id":"https:\/\/www.locansol.fr\/#\/schema\/logo\/image\/","url":"https:\/\/www.locansol.fr\/wp-content\/uploads\/2024\/04\/AdobeStock_303324767-scaled.jpeg","contentUrl":"https:\/\/www.locansol.fr\/wp-content\/uploads\/2024\/04\/AdobeStock_303324767-scaled.jpeg","width":2560,"height":1707,"caption":"Location MobilHome & chalet dans les Pyr\u00e9n\u00e9es Orientales"},"image":{"@id":"https:\/\/www.locansol.fr\/#\/schema\/logo\/image\/"}},{"@type":"Person","@id":"https:\/\/www.locansol.fr\/#\/schema\/person\/0b08d440f1ac44674c6d498107de351d","name":"H\u00e9bergements Locansol","image":{"@type":"ImageObject","inLanguage":"ca","@id":"https:\/\/www.locansol.fr\/#\/schema\/person\/image\/","url":"https:\/\/secure.gravatar.com\/avatar\/444436b93284204f8116b6e0eb964cd3fcb811519c737232bde6dd5743c37ee5?s=96&d=mm&r=g","contentUrl":"https:\/\/secure.gravatar.com\/avatar\/444436b93284204f8116b6e0eb964cd3fcb811519c737232bde6dd5743c37ee5?s=96&d=mm&r=g","caption":"H\u00e9bergements Locansol"},"sameAs":["https:\/\/www.locansol.fr\/"],"url":"https:\/\/www.locansol.fr\/ca\/author\/locansol\/"}]}},"_links":{"self":[{"href":"https:\/\/www.locansol.fr\/ca\/wp-json\/wp\/v2\/posts\/6419","targetHints":{"allow":["GET"]}}],"collection":[{"href":"https:\/\/www.locansol.fr\/ca\/wp-json\/wp\/v2\/posts"}],"about":[{"href":"https:\/\/www.locansol.fr\/ca\/wp-json\/wp\/v2\/types\/post"}],"author":[{"embeddable":true,"href":"https:\/\/www.locansol.fr\/ca\/wp-json\/wp\/v2\/users\/5"}],"replies":[{"embeddable":true,"href":"https:\/\/www.locansol.fr\/ca\/wp-json\/wp\/v2\/comments?post=6419"}],"version-history":[{"count":1,"href":"https:\/\/www.locansol.fr\/ca\/wp-json\/wp\/v2\/posts\/6419\/revisions"}],"predecessor-version":[{"id":6420,"href":"https:\/\/www.locansol.fr\/ca\/wp-json\/wp\/v2\/posts\/6419\/revisions\/6420"}],"wp:featuredmedia":[{"embeddable":true,"href":"https:\/\/www.locansol.fr\/ca\/wp-json\/wp\/v2\/media\/6418"}],"wp:attachment":[{"href":"https:\/\/www.locansol.fr\/ca\/wp-json\/wp\/v2\/media?parent=6419"}],"wp:term":[{"taxonomy":"category","embeddable":true,"href":"https:\/\/www.locansol.fr\/ca\/wp-json\/wp\/v2\/categories?post=6419"},{"taxonomy":"post_tag","embeddable":true,"href":"https:\/\/www.locansol.fr\/ca\/wp-json\/wp\/v2\/tags?post=6419"}],"curies":[{"name":"wp","href":"https:\/\/api.w.org\/{rel}","templated":true}]}}