{"id":6432,"date":"2026-04-23T22:20:13","date_gmt":"2026-04-23T20:20:13","guid":{"rendered":"https:\/\/www.locansol.fr\/exposition-volets-orgue-perpignan-6\/"},"modified":"2026-04-23T22:20:16","modified_gmt":"2026-04-23T20:20:16","slug":"exposition-volets-orgue-perpignan-6","status":"publish","type":"post","link":"https:\/\/www.locansol.fr\/ca\/exposition-volets-orgue-perpignan-6\/","title":{"rendered":"Perpignan &#8211; Printemps 2026 : Une exposition in\u00e9dite sur les volets du grand orgue de la cath\u00e9drale"},"content":{"rendered":"<p>\u00c0 partir du 24 mars et jusqu\u2019au 31 mai 2026, Perpignan ouvre ses portes \u00e0 une exposition in\u00e9dite au sein du Mus\u00e9e Hyacinthe Rigaud : \u00ab La Red\u00e9couverte d\u2019un Chef d\u2019\u0152uvre Monumental : Les Volets du Grand Orgue de la Cath\u00e9drale de Perpignan \u00bb. Cet \u00e9v\u00e9nement met en lumi\u00e8re l\u2019une des merveilles, souvent m\u00e9connues, de l\u2019art sacr\u00e9 europ\u00e9en : les volets monumentaux du grand orgue de la cath\u00e9drale Saint-Jean-Baptiste, r\u00e9cemment restaur\u00e9s \u00e0 l\u2019initiative de la Direction r\u00e9gionale des affaires culturelles d\u2019Occitanie.<\/p>\n<p>Les visiteurs auront l\u2019opportunit\u00e9 de contempler ces gigantesques \u0153uvres picturales datant de 1504, mesurant pas moins de 12,6 m\u00e8tres de haut sur 4,3 m\u00e8tres de large. Ces volets, peints \u00e0 la d\u00e9trempe sur toile, r\u00e9v\u00e8lent deux facettes distinctes : une riche polychromie sur leur face principale et des grisailles tout en finesse sur leur revers. Ces chefs-d\u2019\u0153uvre uniques ne sont pas seulement impressionnants par leur taille, mais ils relatent aussi l\u2019histoire du dialogue artistique entre musique, architecture et images liturgiques, parfaitement incarn\u00e9 par leur fonction initiale de volets de l\u2019orgue, activ\u00e9s selon le calendrier religieux.<\/p>\n<p>Longtemps oubli\u00e9s, ces volets avaient \u00e9t\u00e9 retir\u00e9s de leur emplacement au XIXe si\u00e8cle pour \u00eatre expos\u00e9s au-dessus de la porte dite \u00ab de Bethl\u00e9em \u00bb. Gr\u00e2ce \u00e0 un chantier de restauration titanesque entrepris depuis 2022, ces tr\u00e9sors patrimoniaux ont retrouv\u00e9 leur splendeur d\u2019antan gr\u00e2ce \u00e0 un soin minutieux de nettoyage, de consolidation et d\u2019\u00e9tude de leur composition mat\u00e9rielle. L\u2019exposition d\u00e9voile non seulement leur \u00e9clat retrouv\u00e9 mais \u00e9galement les secrets de leur cr\u00e9ation et de leur histoire, pour une immersion totale dans l\u2019art et la spiritualit\u00e9 m\u00e9di\u00e9vale.<\/p>\n<p>Cet \u00e9v\u00e9nement ne se limite pas \u00e0 une simple exposition : il s\u2019enrichit \u00e9galement de moments culturels compl\u00e9mentaires. Assistez par exemple \u00e0 la conf\u00e9rence gratuite pr\u00e9vue le 7 avril \u00e0 la m\u00e9diath\u00e8que centrale de Perpignan, o\u00f9 des experts partageront les coulisses de cette restauration, ou plongez dans une soir\u00e9e musicale exceptionnelle avec le concert qui se tiendra le 12 avril. Ces \u00e9v\u00e9nements mettent en perspective le lien \u00e9troit entre l\u2019h\u00e9ritage pictural et musical de la cath\u00e9drale.<\/p>\n<p>Que vous soyez f\u00e9ru d\u2019histoire, passionn\u00e9 d\u2019art ou simplement curieux, ne manquez pas cette opportunit\u00e9 unique de (re)d\u00e9couvrir un v\u00e9ritable chef-d\u2019\u0153uvre de l\u2019histoire du Languedoc. La visite se d\u00e9roule dans le cadre prestigieux du Mus\u00e9e Hyacinthe Rigaud, situ\u00e9 au 21 Rue Mailly, en plein c\u0153ur de Perpignan. Le tarif d\u2019entr\u00e9e est fix\u00e9 \u00e0 8 euros, une modeste contribution pour une exp\u00e9rience culturelle exceptionnelle.<\/p>\n<p>Plongez dans cinq si\u00e8cles d\u2019histoire et laissez-vous emporter par la grandeur et la beaut\u00e9 de ces pr\u00e9cieuses toiles. L\u2019exposition \u00ab La Red\u00e9couverte d\u2019un Chef d\u2019\u0152uvre Monumental \u00bb est une invitation \u00e0 vivre un moment unique et inoubliable dans la capitale des Pyr\u00e9n\u00e9es-Orientales.<\/p>\n<h3>Informaci\u00f3 pr\u00e0ctica<\/h3>\n<p>\ud83d\udcc5 QUAND ? Du 24 mars au 31 mai 2026<br \/>\ud83d\udccd O\u00d9 ? Mus\u00e9e Hyacinthe Rigaud, 21 Rue Mailly, Perpignan<br \/>\ud83d\udcb6 COMBIEN ? 8,00 \u20ac<\/p>","protected":false},"excerpt":{"rendered":"<p>Plongez dans l&rsquo;histoire intemporelle du patrimoine avec cette exposition unique sur les volets majestueux du grand orgue de la cath\u00e9drale de Perpignan.<\/p>","protected":false},"author":5,"featured_media":6431,"comment_status":"closed","ping_status":"open","sticky":false,"template":"","format":"standard","meta":{"_yoast_wpseo_focuskw":"exposition volets orgue Perpignan","_yoast_wpseo_title":"Exposition volets grand orgue cath\u00e9drale Perpignan - Mus\u00e9e Hyacinthe Rigaud","_yoast_wpseo_metadesc":"Exposition volets grand orgue cath\u00e9drale Perpignan. D\u00e9couvrez ces chefs-d'\u0153uvre restaur\u00e9s du XVe si\u00e8cle au Mus\u00e9e Hyacinthe Rigaud. Pyr\u00e9n\u00e9es-Orientales.","_yoast_wpseo_canonical":"","_yoast_wpseo_opengraph-title":"Voyagez dans le temps : les volets de l'orgue de Perpignan expos\u00e9s au Mus\u00e9e Hyacinthe Rigaud.","_yoast_wpseo_opengraph-description":"Plongez dans l'histoire et la beaut\u00e9 des volets du grand orgue de la cath\u00e9drale de Perpignan, r\u00e9cemment restaur\u00e9s. Une exp\u00e9rience culturelle unique vous attend.","_yoast_wpseo_opengraph-image":"https:\/\/www.locansol.fr\/wp-content\/uploads\/2026\/04\/exposition-volets-orgue-perpignan-5.webp","_yoast_wpseo_opengraph-image-id":"","_yoast_wpseo_twitter-title":"Ne manquez pas l'exposition des volets de l'orgue de Perpignan - un voyage dans le temps.","_yoast_wpseo_twitter-description":"Plongez dans l'histoire et admirez les volets du grand orgue de la cath\u00e9drale de Perpignan, r\u00e9cemment restaur\u00e9s. Une exp\u00e9rience culturelle inoubliable !","_yoast_wpseo_twitter-image":"https:\/\/www.locansol.fr\/wp-content\/uploads\/2026\/04\/exposition-volets-orgue-perpignan-5.webp","_yoast_wpseo_twitter-image-id":"","yoast_primary_category":"Exposition","footnotes":""},"categories":[35],"tags":[66,76],"class_list":["post-6432","post","type-post","status-publish","format-standard","has-post-thumbnail","hentry","category-carnaval","tag-evenement-culturel","tag-pyrenees-orientales"],"yoast_head":"<!-- This site is optimized with the Yoast SEO Premium plugin v23.3 (Yoast SEO v26.9) - https:\/\/yoast.com\/product\/yoast-seo-premium-wordpress\/ -->\n<title>Exposition volets grand orgue cath\u00e9drale Perpignan - Mus\u00e9e Hyacinthe Rigaud<\/title>\n<meta name=\"description\" content=\"Exposition volets grand orgue cath\u00e9drale Perpignan. D\u00e9couvrez ces chefs-d&#039;\u0153uvre restaur\u00e9s du XVe si\u00e8cle au Mus\u00e9e Hyacinthe Rigaud. Pyr\u00e9n\u00e9es-Orientales.\" \/>\n<meta name=\"robots\" content=\"index, follow, max-snippet:-1, max-image-preview:large, max-video-preview:-1\" \/>\n<link rel=\"canonical\" href=\"https:\/\/www.locansol.fr\/ca\/exposition-volets-orgue-perpignan-6\/\" \/>\n<meta property=\"og:locale\" content=\"ca_ES\" \/>\n<meta property=\"og:type\" content=\"article\" \/>\n<meta property=\"og:title\" content=\"Voyagez dans le temps : les volets de l&#039;orgue de Perpignan expos\u00e9s au Mus\u00e9e Hyacinthe Rigaud.\" \/>\n<meta property=\"og:description\" content=\"Plongez dans l&#039;histoire et la beaut\u00e9 des volets du grand orgue de la cath\u00e9drale de Perpignan, r\u00e9cemment restaur\u00e9s. Une exp\u00e9rience culturelle unique vous attend.\" \/>\n<meta property=\"og:url\" content=\"https:\/\/www.locansol.fr\/ca\/exposition-volets-orgue-perpignan-6\/\" \/>\n<meta property=\"og:site_name\" content=\"Locansol, louer un h\u00e9bergement dans les Pyr\u00e9n\u00e9es Orientales\" \/>\n<meta property=\"article:published_time\" content=\"2026-04-23T20:20:13+00:00\" \/>\n<meta property=\"article:modified_time\" content=\"2026-04-23T20:20:16+00:00\" \/>\n<meta property=\"og:image\" content=\"https:\/\/www.locansol.fr\/wp-content\/uploads\/2026\/04\/exposition-volets-orgue-perpignan-5.webp\" \/>\n<meta name=\"author\" content=\"H\u00e9bergements Locansol\" \/>\n<meta name=\"twitter:card\" content=\"summary_large_image\" \/>\n<meta name=\"twitter:title\" content=\"Ne manquez pas l&#039;exposition des volets de l&#039;orgue de Perpignan - un voyage dans le temps.\" \/>\n<meta name=\"twitter:description\" content=\"Plongez dans l&#039;histoire et admirez les volets du grand orgue de la cath\u00e9drale de Perpignan, r\u00e9cemment restaur\u00e9s. Une exp\u00e9rience culturelle inoubliable !\" \/>\n<meta name=\"twitter:image\" content=\"https:\/\/www.locansol.fr\/wp-content\/uploads\/2026\/04\/exposition-volets-orgue-perpignan-5.webp\" \/>\n<meta name=\"twitter:label1\" content=\"Escrit per\" \/>\n\t<meta name=\"twitter:data1\" content=\"H\u00e9bergements Locansol\" \/>\n\t<meta name=\"twitter:label2\" content=\"Temps estimat de lectura\" \/>\n\t<meta name=\"twitter:data2\" content=\"3 minuts\" \/>\n<script type=\"application\/ld+json\" class=\"yoast-schema-graph\">{\"@context\":\"https:\/\/schema.org\",\"@graph\":[{\"@type\":\"Article\",\"@id\":\"https:\/\/www.locansol.fr\/exposition-volets-orgue-perpignan-6\/#article\",\"isPartOf\":{\"@id\":\"https:\/\/www.locansol.fr\/exposition-volets-orgue-perpignan-6\/\"},\"author\":{\"name\":\"H\u00e9bergements Locansol\",\"@id\":\"https:\/\/www.locansol.fr\/#\/schema\/person\/0b08d440f1ac44674c6d498107de351d\"},\"headline\":\"Perpignan &#8211; Printemps 2026 : Une exposition in\u00e9dite sur les volets du grand orgue de la cath\u00e9drale\",\"datePublished\":\"2026-04-23T20:20:13+00:00\",\"dateModified\":\"2026-04-23T20:20:16+00:00\",\"mainEntityOfPage\":{\"@id\":\"https:\/\/www.locansol.fr\/exposition-volets-orgue-perpignan-6\/\"},\"wordCount\":524,\"publisher\":{\"@id\":\"https:\/\/www.locansol.fr\/#organization\"},\"image\":{\"@id\":\"https:\/\/www.locansol.fr\/exposition-volets-orgue-perpignan-6\/#primaryimage\"},\"thumbnailUrl\":\"https:\/\/www.locansol.fr\/wp-content\/uploads\/2026\/04\/exposition-volets-orgue-perpignan-5.webp\",\"keywords\":[\"\u00c9v\u00e8nement culturel\",\"Pyr\u00e9n\u00e9es-Orientales\"],\"articleSection\":[\"Carnaval\"],\"inLanguage\":\"ca\"},{\"@type\":\"WebPage\",\"@id\":\"https:\/\/www.locansol.fr\/exposition-volets-orgue-perpignan-6\/\",\"url\":\"https:\/\/www.locansol.fr\/exposition-volets-orgue-perpignan-6\/\",\"name\":\"Exposition volets grand orgue cath\u00e9drale Perpignan - Mus\u00e9e Hyacinthe Rigaud\",\"isPartOf\":{\"@id\":\"https:\/\/www.locansol.fr\/#website\"},\"primaryImageOfPage\":{\"@id\":\"https:\/\/www.locansol.fr\/exposition-volets-orgue-perpignan-6\/#primaryimage\"},\"image\":{\"@id\":\"https:\/\/www.locansol.fr\/exposition-volets-orgue-perpignan-6\/#primaryimage\"},\"thumbnailUrl\":\"https:\/\/www.locansol.fr\/wp-content\/uploads\/2026\/04\/exposition-volets-orgue-perpignan-5.webp\",\"datePublished\":\"2026-04-23T20:20:13+00:00\",\"dateModified\":\"2026-04-23T20:20:16+00:00\",\"description\":\"Exposition volets grand orgue cath\u00e9drale Perpignan. D\u00e9couvrez ces chefs-d'\u0153uvre restaur\u00e9s du XVe si\u00e8cle au Mus\u00e9e Hyacinthe Rigaud. Pyr\u00e9n\u00e9es-Orientales.\",\"breadcrumb\":{\"@id\":\"https:\/\/www.locansol.fr\/exposition-volets-orgue-perpignan-6\/#breadcrumb\"},\"inLanguage\":\"ca\",\"potentialAction\":[{\"@type\":\"ReadAction\",\"target\":[\"https:\/\/www.locansol.fr\/exposition-volets-orgue-perpignan-6\/\"]}]},{\"@type\":\"ImageObject\",\"inLanguage\":\"ca\",\"@id\":\"https:\/\/www.locansol.fr\/exposition-volets-orgue-perpignan-6\/#primaryimage\",\"url\":\"https:\/\/www.locansol.fr\/wp-content\/uploads\/2026\/04\/exposition-volets-orgue-perpignan-5.webp\",\"contentUrl\":\"https:\/\/www.locansol.fr\/wp-content\/uploads\/2026\/04\/exposition-volets-orgue-perpignan-5.webp\",\"width\":1024,\"height\":605,\"caption\":\"Exposition volets grand orgue cath\u00e9drale Perpignan - Mus\u00e9e Hyacinthe Rigaud\"},{\"@type\":\"BreadcrumbList\",\"@id\":\"https:\/\/www.locansol.fr\/exposition-volets-orgue-perpignan-6\/#breadcrumb\",\"itemListElement\":[{\"@type\":\"ListItem\",\"position\":1,\"name\":\"Accueil\",\"item\":\"https:\/\/www.locansol.fr\/\"},{\"@type\":\"ListItem\",\"position\":2,\"name\":\"Perpignan &#8211; Printemps 2026 : Une exposition in\u00e9dite sur les volets du grand orgue de la cath\u00e9drale\"}]},{\"@type\":\"WebSite\",\"@id\":\"https:\/\/www.locansol.fr\/#website\",\"url\":\"https:\/\/www.locansol.fr\/\",\"name\":\"Locansol, louer un h\u00e9bergement dans les Pyr\u00e9n\u00e9es-Orientales\",\"description\":\"Location Mobil-home Mer M\u00e9diterran\u00e9e &amp; Chalet de Montagne dans les Pyr\u00e9n\u00e9es Orientales (Occitanie, 66). Weekend, s\u00e9jour &amp; vacances en famille et entre amis.\",\"publisher\":{\"@id\":\"https:\/\/www.locansol.fr\/#organization\"},\"alternateName\":\"Louer un h\u00e9bergement dans les Pyr\u00e9n\u00e9es Orientales, chalet & mobil-home en Occitanie\",\"potentialAction\":[{\"@type\":\"SearchAction\",\"target\":{\"@type\":\"EntryPoint\",\"urlTemplate\":\"https:\/\/www.locansol.fr\/?s={search_term_string}\"},\"query-input\":{\"@type\":\"PropertyValueSpecification\",\"valueRequired\":true,\"valueName\":\"search_term_string\"}}],\"inLanguage\":\"ca\"},{\"@type\":\"Organization\",\"@id\":\"https:\/\/www.locansol.fr\/#organization\",\"name\":\"Location MobilHome & chalet dans les Pyr\u00e9n\u00e9es Orientales\",\"alternateName\":\"Louer un h\u00e9bergement dans les Pyr\u00e9n\u00e9es Orientales en Occitanie\",\"url\":\"https:\/\/www.locansol.fr\/\",\"logo\":{\"@type\":\"ImageObject\",\"inLanguage\":\"ca\",\"@id\":\"https:\/\/www.locansol.fr\/#\/schema\/logo\/image\/\",\"url\":\"https:\/\/www.locansol.fr\/wp-content\/uploads\/2024\/04\/AdobeStock_303324767-scaled.jpeg\",\"contentUrl\":\"https:\/\/www.locansol.fr\/wp-content\/uploads\/2024\/04\/AdobeStock_303324767-scaled.jpeg\",\"width\":2560,\"height\":1707,\"caption\":\"Location MobilHome & chalet dans les Pyr\u00e9n\u00e9es Orientales\"},\"image\":{\"@id\":\"https:\/\/www.locansol.fr\/#\/schema\/logo\/image\/\"}},{\"@type\":\"Person\",\"@id\":\"https:\/\/www.locansol.fr\/#\/schema\/person\/0b08d440f1ac44674c6d498107de351d\",\"name\":\"H\u00e9bergements Locansol\",\"image\":{\"@type\":\"ImageObject\",\"inLanguage\":\"ca\",\"@id\":\"https:\/\/www.locansol.fr\/#\/schema\/person\/image\/\",\"url\":\"https:\/\/secure.gravatar.com\/avatar\/444436b93284204f8116b6e0eb964cd3fcb811519c737232bde6dd5743c37ee5?s=96&d=mm&r=g\",\"contentUrl\":\"https:\/\/secure.gravatar.com\/avatar\/444436b93284204f8116b6e0eb964cd3fcb811519c737232bde6dd5743c37ee5?s=96&d=mm&r=g\",\"caption\":\"H\u00e9bergements Locansol\"},\"sameAs\":[\"https:\/\/www.locansol.fr\/\"],\"url\":\"https:\/\/www.locansol.fr\/ca\/author\/locansol\/\"}]}<\/script>\n<!-- \/ Yoast SEO Premium plugin. -->","yoast_head_json":{"title":"Exposition volets grand orgue cath\u00e9drale Perpignan - Mus\u00e9e Hyacinthe Rigaud","description":"Exposition volets grand orgue cath\u00e9drale Perpignan. D\u00e9couvrez ces chefs-d'\u0153uvre restaur\u00e9s du XVe si\u00e8cle au Mus\u00e9e Hyacinthe Rigaud. Pyr\u00e9n\u00e9es-Orientales.","robots":{"index":"index","follow":"follow","max-snippet":"max-snippet:-1","max-image-preview":"max-image-preview:large","max-video-preview":"max-video-preview:-1"},"canonical":"https:\/\/www.locansol.fr\/ca\/exposition-volets-orgue-perpignan-6\/","og_locale":"ca_ES","og_type":"article","og_title":"Voyagez dans le temps : les volets de l'orgue de Perpignan expos\u00e9s au Mus\u00e9e Hyacinthe Rigaud.","og_description":"Plongez dans l'histoire et la beaut\u00e9 des volets du grand orgue de la cath\u00e9drale de Perpignan, r\u00e9cemment restaur\u00e9s. Une exp\u00e9rience culturelle unique vous attend.","og_url":"https:\/\/www.locansol.fr\/ca\/exposition-volets-orgue-perpignan-6\/","og_site_name":"Locansol, louer un h\u00e9bergement dans les Pyr\u00e9n\u00e9es Orientales","article_published_time":"2026-04-23T20:20:13+00:00","article_modified_time":"2026-04-23T20:20:16+00:00","og_image":[{"url":"https:\/\/www.locansol.fr\/wp-content\/uploads\/2026\/04\/exposition-volets-orgue-perpignan-5.webp","type":"","width":"","height":""}],"author":"H\u00e9bergements Locansol","twitter_card":"summary_large_image","twitter_title":"Ne manquez pas l'exposition des volets de l'orgue de Perpignan - un voyage dans le temps.","twitter_description":"Plongez dans l'histoire et admirez les volets du grand orgue de la cath\u00e9drale de Perpignan, r\u00e9cemment restaur\u00e9s. Une exp\u00e9rience culturelle inoubliable !","twitter_image":"https:\/\/www.locansol.fr\/wp-content\/uploads\/2026\/04\/exposition-volets-orgue-perpignan-5.webp","twitter_misc":{"Escrit per":"H\u00e9bergements Locansol","Temps estimat de lectura":"3 minuts"},"schema":{"@context":"https:\/\/schema.org","@graph":[{"@type":"Article","@id":"https:\/\/www.locansol.fr\/exposition-volets-orgue-perpignan-6\/#article","isPartOf":{"@id":"https:\/\/www.locansol.fr\/exposition-volets-orgue-perpignan-6\/"},"author":{"name":"H\u00e9bergements Locansol","@id":"https:\/\/www.locansol.fr\/#\/schema\/person\/0b08d440f1ac44674c6d498107de351d"},"headline":"Perpignan &#8211; Printemps 2026 : Une exposition in\u00e9dite sur les volets du grand orgue de la cath\u00e9drale","datePublished":"2026-04-23T20:20:13+00:00","dateModified":"2026-04-23T20:20:16+00:00","mainEntityOfPage":{"@id":"https:\/\/www.locansol.fr\/exposition-volets-orgue-perpignan-6\/"},"wordCount":524,"publisher":{"@id":"https:\/\/www.locansol.fr\/#organization"},"image":{"@id":"https:\/\/www.locansol.fr\/exposition-volets-orgue-perpignan-6\/#primaryimage"},"thumbnailUrl":"https:\/\/www.locansol.fr\/wp-content\/uploads\/2026\/04\/exposition-volets-orgue-perpignan-5.webp","keywords":["\u00c9v\u00e8nement culturel","Pyr\u00e9n\u00e9es-Orientales"],"articleSection":["Carnaval"],"inLanguage":"ca"},{"@type":"WebPage","@id":"https:\/\/www.locansol.fr\/exposition-volets-orgue-perpignan-6\/","url":"https:\/\/www.locansol.fr\/exposition-volets-orgue-perpignan-6\/","name":"Exposition volets grand orgue cath\u00e9drale Perpignan - Mus\u00e9e Hyacinthe Rigaud","isPartOf":{"@id":"https:\/\/www.locansol.fr\/#website"},"primaryImageOfPage":{"@id":"https:\/\/www.locansol.fr\/exposition-volets-orgue-perpignan-6\/#primaryimage"},"image":{"@id":"https:\/\/www.locansol.fr\/exposition-volets-orgue-perpignan-6\/#primaryimage"},"thumbnailUrl":"https:\/\/www.locansol.fr\/wp-content\/uploads\/2026\/04\/exposition-volets-orgue-perpignan-5.webp","datePublished":"2026-04-23T20:20:13+00:00","dateModified":"2026-04-23T20:20:16+00:00","description":"Exposition volets grand orgue cath\u00e9drale Perpignan. D\u00e9couvrez ces chefs-d'\u0153uvre restaur\u00e9s du XVe si\u00e8cle au Mus\u00e9e Hyacinthe Rigaud. Pyr\u00e9n\u00e9es-Orientales.","breadcrumb":{"@id":"https:\/\/www.locansol.fr\/exposition-volets-orgue-perpignan-6\/#breadcrumb"},"inLanguage":"ca","potentialAction":[{"@type":"ReadAction","target":["https:\/\/www.locansol.fr\/exposition-volets-orgue-perpignan-6\/"]}]},{"@type":"ImageObject","inLanguage":"ca","@id":"https:\/\/www.locansol.fr\/exposition-volets-orgue-perpignan-6\/#primaryimage","url":"https:\/\/www.locansol.fr\/wp-content\/uploads\/2026\/04\/exposition-volets-orgue-perpignan-5.webp","contentUrl":"https:\/\/www.locansol.fr\/wp-content\/uploads\/2026\/04\/exposition-volets-orgue-perpignan-5.webp","width":1024,"height":605,"caption":"Exposition volets grand orgue cath\u00e9drale Perpignan - Mus\u00e9e Hyacinthe Rigaud"},{"@type":"BreadcrumbList","@id":"https:\/\/www.locansol.fr\/exposition-volets-orgue-perpignan-6\/#breadcrumb","itemListElement":[{"@type":"ListItem","position":1,"name":"Accueil","item":"https:\/\/www.locansol.fr\/"},{"@type":"ListItem","position":2,"name":"Perpignan &#8211; Printemps 2026 : Une exposition in\u00e9dite sur les volets du grand orgue de la cath\u00e9drale"}]},{"@type":"WebSite","@id":"https:\/\/www.locansol.fr\/#website","url":"https:\/\/www.locansol.fr\/","name":"Locansol, louer un h\u00e9bergement dans les Pyr\u00e9n\u00e9es-Orientales","description":"Location Mobil-home Mer M\u00e9diterran\u00e9e &amp; Chalet de Montagne dans les Pyr\u00e9n\u00e9es Orientales (Occitanie, 66). Weekend, s\u00e9jour &amp; vacances en famille et entre amis.","publisher":{"@id":"https:\/\/www.locansol.fr\/#organization"},"alternateName":"Louer un h\u00e9bergement dans les Pyr\u00e9n\u00e9es Orientales, chalet & mobil-home en Occitanie","potentialAction":[{"@type":"SearchAction","target":{"@type":"EntryPoint","urlTemplate":"https:\/\/www.locansol.fr\/?s={search_term_string}"},"query-input":{"@type":"PropertyValueSpecification","valueRequired":true,"valueName":"search_term_string"}}],"inLanguage":"ca"},{"@type":"Organization","@id":"https:\/\/www.locansol.fr\/#organization","name":"Location MobilHome & chalet dans les Pyr\u00e9n\u00e9es Orientales","alternateName":"Louer un h\u00e9bergement dans les Pyr\u00e9n\u00e9es Orientales en Occitanie","url":"https:\/\/www.locansol.fr\/","logo":{"@type":"ImageObject","inLanguage":"ca","@id":"https:\/\/www.locansol.fr\/#\/schema\/logo\/image\/","url":"https:\/\/www.locansol.fr\/wp-content\/uploads\/2024\/04\/AdobeStock_303324767-scaled.jpeg","contentUrl":"https:\/\/www.locansol.fr\/wp-content\/uploads\/2024\/04\/AdobeStock_303324767-scaled.jpeg","width":2560,"height":1707,"caption":"Location MobilHome & chalet dans les Pyr\u00e9n\u00e9es Orientales"},"image":{"@id":"https:\/\/www.locansol.fr\/#\/schema\/logo\/image\/"}},{"@type":"Person","@id":"https:\/\/www.locansol.fr\/#\/schema\/person\/0b08d440f1ac44674c6d498107de351d","name":"H\u00e9bergements Locansol","image":{"@type":"ImageObject","inLanguage":"ca","@id":"https:\/\/www.locansol.fr\/#\/schema\/person\/image\/","url":"https:\/\/secure.gravatar.com\/avatar\/444436b93284204f8116b6e0eb964cd3fcb811519c737232bde6dd5743c37ee5?s=96&d=mm&r=g","contentUrl":"https:\/\/secure.gravatar.com\/avatar\/444436b93284204f8116b6e0eb964cd3fcb811519c737232bde6dd5743c37ee5?s=96&d=mm&r=g","caption":"H\u00e9bergements Locansol"},"sameAs":["https:\/\/www.locansol.fr\/"],"url":"https:\/\/www.locansol.fr\/ca\/author\/locansol\/"}]}},"_links":{"self":[{"href":"https:\/\/www.locansol.fr\/ca\/wp-json\/wp\/v2\/posts\/6432","targetHints":{"allow":["GET"]}}],"collection":[{"href":"https:\/\/www.locansol.fr\/ca\/wp-json\/wp\/v2\/posts"}],"about":[{"href":"https:\/\/www.locansol.fr\/ca\/wp-json\/wp\/v2\/types\/post"}],"author":[{"embeddable":true,"href":"https:\/\/www.locansol.fr\/ca\/wp-json\/wp\/v2\/users\/5"}],"replies":[{"embeddable":true,"href":"https:\/\/www.locansol.fr\/ca\/wp-json\/wp\/v2\/comments?post=6432"}],"version-history":[{"count":1,"href":"https:\/\/www.locansol.fr\/ca\/wp-json\/wp\/v2\/posts\/6432\/revisions"}],"predecessor-version":[{"id":6433,"href":"https:\/\/www.locansol.fr\/ca\/wp-json\/wp\/v2\/posts\/6432\/revisions\/6433"}],"wp:featuredmedia":[{"embeddable":true,"href":"https:\/\/www.locansol.fr\/ca\/wp-json\/wp\/v2\/media\/6431"}],"wp:attachment":[{"href":"https:\/\/www.locansol.fr\/ca\/wp-json\/wp\/v2\/media?parent=6432"}],"wp:term":[{"taxonomy":"category","embeddable":true,"href":"https:\/\/www.locansol.fr\/ca\/wp-json\/wp\/v2\/categories?post=6432"},{"taxonomy":"post_tag","embeddable":true,"href":"https:\/\/www.locansol.fr\/ca\/wp-json\/wp\/v2\/tags?post=6432"}],"curies":[{"name":"wp","href":"https:\/\/api.w.org\/{rel}","templated":true}]}}