{"id":6454,"date":"2026-04-24T16:03:36","date_gmt":"2026-04-24T14:03:36","guid":{"rendered":"https:\/\/www.locansol.fr\/conference-dedicace-arlessurtech-histoire\/"},"modified":"2026-04-24T16:03:41","modified_gmt":"2026-04-24T14:03:41","slug":"conference-dedicace-arlessurtech-histoire","status":"publish","type":"post","link":"https:\/\/www.locansol.fr\/ca\/conference-dedicace-arlessurtech-histoire\/","title":{"rendered":"Conf\u00e9rence et d\u00e9dicace \u00e0 Arles-sur-Tech : Plongez dans l&rsquo;histoire religieuse le 24 avril"},"content":{"rendered":"<p>Le vendredi 24 avril, les amateurs d&rsquo;histoire et de patrimoine ont rendez-vous \u00e0 Arles-sur-Tech pour une soir\u00e9e culturelle passionnante. De 18h \u00e0 21h, la Librairie Lire \u00e0 l&rsquo;Os accueille l&rsquo;auteur et passionn\u00e9 d&rsquo;histoire locale, Jean Boiss\u00e9e, pour une conf\u00e9rence suivie d&rsquo;une s\u00e9ance de d\u00e9dicace autour de son livre \u00ab Les \u00e9difices religieux des Pyr\u00e9n\u00e9es-Orientales \u00bb.<\/p>\n<p>Au c\u0153ur de cette rencontre conviviale, Jean Boiss\u00e9e, \u00e9galement randonneur chevronn\u00e9, partagera avec le public les fruits de ses ann\u00e9es de recherches minutieuses. Son ouvrage, v\u00e9ritable tr\u00e9sor pour les amateurs d&rsquo;histoire et de culture, explore plus de mille \u00e9difices religieux de la r\u00e9gion, remontant du IV\u00e8me au XIX\u00e8me si\u00e8cle. Chapelles oubli\u00e9es, \u00e9glises rurales, monast\u00e8res, sanctuaires et cath\u00e9drales : chaque lieu t\u00e9moigne de l&rsquo;incroyable richesse patrimoniale des Pyr\u00e9n\u00e9es-Orientales.<\/p>\n<p>Cette soir\u00e9e est l&rsquo;occasion parfaite pour les curieux comme les passionn\u00e9s de plonger dans l&rsquo;histoire locale, avec une pr\u00e9sentation captivante qui promet de mettre en lumi\u00e8re des tr\u00e9sors souvent m\u00e9connus. Le cadre chaleureux de la Librairie Lire \u00e0 l&rsquo;Os, situ\u00e9e Voie Communale Valls Jean Baptiste Barja, offrira une ambiance propice aux \u00e9changes avec l&rsquo;auteur, qui se fera une joie d&rsquo;\u00e9voquer ses d\u00e9couvertes et de r\u00e9pondre aux questions.<\/p>\n<p>En plus de la conf\u00e9rence, Jean Boiss\u00e9e d\u00e9dicacera son livre, une parfaite opportunit\u00e9 pour repartir avec un souvenir personnalis\u00e9 et un ouvrage richement document\u00e9. Et pour ne rien g\u00e2cher, cet \u00e9v\u00e9nement est enti\u00e8rement gratuit !<\/p>\n<p>Ne manquez pas cette occasion de red\u00e9couvrir le patrimoine des Pyr\u00e9n\u00e9es-Orientales dans une atmosph\u00e8re conviviale et chaleureuse. En famille, entre amis ou en solo, venez \u00e9changer avec Jean Boiss\u00e9e et laissez-vous transporter par les histoires fascinantes de ces magnifiques \u00e9difices. \u00c0 coup s\u00fbr, vous sortirez de cette soir\u00e9e des \u00e9toiles plein les yeux et des connaissances en plus sur l&rsquo;histoire de la r\u00e9gion.<\/p>\n<h3>Informaci\u00f3 pr\u00e0ctica<\/h3>\n<p>\ud83d\udcc5 QUAND ? Vendredi 24 avril de 18:00 \u00e0 21:00<br \/>\ud83d\udccd O\u00d9 ? Voie Communale Valls Jean Baptiste Barja, Arles-sur-Tech<br \/>\ud83d\udcb6 COMBIEN ? Entr\u00e9e gratuite<\/p>","protected":false},"excerpt":{"rendered":"<p>Participez \u00e0 une rencontre exceptionnelle le 24 avril \u00e0 Arles-sur-Tech avec Jean Boiss\u00e9e, auteur de \u00ab Les \u00e9difices religieux des Pyr\u00e9n\u00e9es-Orientales \u00bb, pour une conf\u00e9rence et une d\u00e9dicace autour du patrimoine local.<\/p>","protected":false},"author":5,"featured_media":6453,"comment_status":"closed","ping_status":"open","sticky":false,"template":"","format":"standard","meta":{"_yoast_wpseo_focuskw":"Conf\u00e9rence d\u00e9dicace Arles-sur-Tech histoire","_yoast_wpseo_title":"Conf\u00e9rence et d\u00e9dicace Arles-sur-Tech - 24 avril","_yoast_wpseo_metadesc":"Conf\u00e9rence et d\u00e9dicace Arles-sur-Tech. D\u00e9couvrez l'histoire religieuse des Pyr\u00e9n\u00e9es-Orientales avec Jean Boiss\u00e9e. Entr\u00e9e gratuite.","_yoast_wpseo_canonical":"","_yoast_wpseo_opengraph-title":"D\u00e9couvrez l'histoire religieuse : Arles-sur-Tech \u2014 Rencontre avec Jean Boiss\u00e9e","_yoast_wpseo_opengraph-description":"Plongez dans l'histoire des \u00e9difices religieux des Pyr\u00e9n\u00e9es-Orientales. Rencontre et d\u00e9dicace avec Jean Boiss\u00e9e \u00e0 Arles-sur-Tech.","_yoast_wpseo_opengraph-image":"https:\/\/www.locansol.fr\/wp-content\/uploads\/2026\/04\/conference-dedicace-arlessurtech-histoire.webp","_yoast_wpseo_opengraph-image-id":"","_yoast_wpseo_twitter-title":"Conf\u00e9rence et d\u00e9dicace \u00e0 Arles-sur-Tech le 24 avril","_yoast_wpseo_twitter-description":"Venez d\u00e9couvrir l'histoire religieuse des Pyr\u00e9n\u00e9es-Orientales avec Jean Boiss\u00e9e. Entr\u00e9e gratuite, ambiance conviviale !","_yoast_wpseo_twitter-image":"https:\/\/www.locansol.fr\/wp-content\/uploads\/2026\/04\/conference-dedicace-arlessurtech-histoire.webp","_yoast_wpseo_twitter-image-id":"","yoast_primary_category":"D\u00e9bat \/ Conf\u00e9rence","footnotes":""},"categories":[47],"tags":[66,76],"class_list":["post-6454","post","type-post","status-publish","format-standard","has-post-thumbnail","hentry","category-foire","tag-evenement-culturel","tag-pyrenees-orientales"],"yoast_head":"<!-- This site is optimized with the Yoast SEO Premium plugin v23.3 (Yoast SEO v26.9) - https:\/\/yoast.com\/product\/yoast-seo-premium-wordpress\/ -->\n<title>Conf\u00e9rence et d\u00e9dicace Arles-sur-Tech - 24 avril<\/title>\n<meta name=\"description\" content=\"Conf\u00e9rence et d\u00e9dicace Arles-sur-Tech. D\u00e9couvrez l&#039;histoire religieuse des Pyr\u00e9n\u00e9es-Orientales avec Jean Boiss\u00e9e. Entr\u00e9e gratuite.\" \/>\n<meta name=\"robots\" content=\"index, follow, max-snippet:-1, max-image-preview:large, max-video-preview:-1\" \/>\n<link rel=\"canonical\" href=\"https:\/\/www.locansol.fr\/ca\/conference-dedicace-arlessurtech-histoire\/\" \/>\n<meta property=\"og:locale\" content=\"ca_ES\" \/>\n<meta property=\"og:type\" content=\"article\" \/>\n<meta property=\"og:title\" content=\"D\u00e9couvrez l&#039;histoire religieuse : Arles-sur-Tech \u2014 Rencontre avec Jean Boiss\u00e9e\" \/>\n<meta property=\"og:description\" content=\"Plongez dans l&#039;histoire des \u00e9difices religieux des Pyr\u00e9n\u00e9es-Orientales. Rencontre et d\u00e9dicace avec Jean Boiss\u00e9e \u00e0 Arles-sur-Tech.\" \/>\n<meta property=\"og:url\" content=\"https:\/\/www.locansol.fr\/ca\/conference-dedicace-arlessurtech-histoire\/\" \/>\n<meta property=\"og:site_name\" content=\"Locansol, louer un h\u00e9bergement dans les Pyr\u00e9n\u00e9es Orientales\" \/>\n<meta property=\"article:published_time\" content=\"2026-04-24T14:03:36+00:00\" \/>\n<meta property=\"article:modified_time\" content=\"2026-04-24T14:03:41+00:00\" \/>\n<meta property=\"og:image\" content=\"https:\/\/www.locansol.fr\/wp-content\/uploads\/2026\/04\/conference-dedicace-arlessurtech-histoire.webp\" \/>\n<meta name=\"author\" content=\"H\u00e9bergements Locansol\" \/>\n<meta name=\"twitter:card\" content=\"summary_large_image\" \/>\n<meta name=\"twitter:title\" content=\"Conf\u00e9rence et d\u00e9dicace \u00e0 Arles-sur-Tech le 24 avril\" \/>\n<meta name=\"twitter:description\" content=\"Venez d\u00e9couvrir l&#039;histoire religieuse des Pyr\u00e9n\u00e9es-Orientales avec Jean Boiss\u00e9e. Entr\u00e9e gratuite, ambiance conviviale !\" \/>\n<meta name=\"twitter:image\" content=\"https:\/\/www.locansol.fr\/wp-content\/uploads\/2026\/04\/conference-dedicace-arlessurtech-histoire.webp\" \/>\n<meta name=\"twitter:label1\" content=\"Escrit per\" \/>\n\t<meta name=\"twitter:data1\" content=\"H\u00e9bergements Locansol\" \/>\n\t<meta name=\"twitter:label2\" content=\"Temps estimat de lectura\" \/>\n\t<meta name=\"twitter:data2\" content=\"2 minuts\" \/>\n<script type=\"application\/ld+json\" class=\"yoast-schema-graph\">{\"@context\":\"https:\/\/schema.org\",\"@graph\":[{\"@type\":\"Article\",\"@id\":\"https:\/\/www.locansol.fr\/conference-dedicace-arlessurtech-histoire\/#article\",\"isPartOf\":{\"@id\":\"https:\/\/www.locansol.fr\/conference-dedicace-arlessurtech-histoire\/\"},\"author\":{\"name\":\"H\u00e9bergements Locansol\",\"@id\":\"https:\/\/www.locansol.fr\/#\/schema\/person\/0b08d440f1ac44674c6d498107de351d\"},\"headline\":\"Conf\u00e9rence et d\u00e9dicace \u00e0 Arles-sur-Tech : Plongez dans l&rsquo;histoire religieuse le 24 avril\",\"datePublished\":\"2026-04-24T14:03:36+00:00\",\"dateModified\":\"2026-04-24T14:03:41+00:00\",\"mainEntityOfPage\":{\"@id\":\"https:\/\/www.locansol.fr\/conference-dedicace-arlessurtech-histoire\/\"},\"wordCount\":366,\"publisher\":{\"@id\":\"https:\/\/www.locansol.fr\/#organization\"},\"image\":{\"@id\":\"https:\/\/www.locansol.fr\/conference-dedicace-arlessurtech-histoire\/#primaryimage\"},\"thumbnailUrl\":\"https:\/\/www.locansol.fr\/wp-content\/uploads\/2026\/04\/conference-dedicace-arlessurtech-histoire.webp\",\"keywords\":[\"\u00c9v\u00e8nement culturel\",\"Pyr\u00e9n\u00e9es-Orientales\"],\"articleSection\":[\"Foire\"],\"inLanguage\":\"ca\"},{\"@type\":\"WebPage\",\"@id\":\"https:\/\/www.locansol.fr\/conference-dedicace-arlessurtech-histoire\/\",\"url\":\"https:\/\/www.locansol.fr\/conference-dedicace-arlessurtech-histoire\/\",\"name\":\"Conf\u00e9rence et d\u00e9dicace Arles-sur-Tech - 24 avril\",\"isPartOf\":{\"@id\":\"https:\/\/www.locansol.fr\/#website\"},\"primaryImageOfPage\":{\"@id\":\"https:\/\/www.locansol.fr\/conference-dedicace-arlessurtech-histoire\/#primaryimage\"},\"image\":{\"@id\":\"https:\/\/www.locansol.fr\/conference-dedicace-arlessurtech-histoire\/#primaryimage\"},\"thumbnailUrl\":\"https:\/\/www.locansol.fr\/wp-content\/uploads\/2026\/04\/conference-dedicace-arlessurtech-histoire.webp\",\"datePublished\":\"2026-04-24T14:03:36+00:00\",\"dateModified\":\"2026-04-24T14:03:41+00:00\",\"description\":\"Conf\u00e9rence et d\u00e9dicace Arles-sur-Tech. D\u00e9couvrez l'histoire religieuse des Pyr\u00e9n\u00e9es-Orientales avec Jean Boiss\u00e9e. Entr\u00e9e gratuite.\",\"breadcrumb\":{\"@id\":\"https:\/\/www.locansol.fr\/conference-dedicace-arlessurtech-histoire\/#breadcrumb\"},\"inLanguage\":\"ca\",\"potentialAction\":[{\"@type\":\"ReadAction\",\"target\":[\"https:\/\/www.locansol.fr\/conference-dedicace-arlessurtech-histoire\/\"]}]},{\"@type\":\"ImageObject\",\"inLanguage\":\"ca\",\"@id\":\"https:\/\/www.locansol.fr\/conference-dedicace-arlessurtech-histoire\/#primaryimage\",\"url\":\"https:\/\/www.locansol.fr\/wp-content\/uploads\/2026\/04\/conference-dedicace-arlessurtech-histoire.webp\",\"contentUrl\":\"https:\/\/www.locansol.fr\/wp-content\/uploads\/2026\/04\/conference-dedicace-arlessurtech-histoire.webp\",\"width\":1920,\"height\":1280,\"caption\":\"Conf\u00e9rence et d\u00e9dicace Arles-sur-Tech - 24 avril\"},{\"@type\":\"BreadcrumbList\",\"@id\":\"https:\/\/www.locansol.fr\/conference-dedicace-arlessurtech-histoire\/#breadcrumb\",\"itemListElement\":[{\"@type\":\"ListItem\",\"position\":1,\"name\":\"Accueil\",\"item\":\"https:\/\/www.locansol.fr\/\"},{\"@type\":\"ListItem\",\"position\":2,\"name\":\"Conf\u00e9rence et d\u00e9dicace \u00e0 Arles-sur-Tech : Plongez dans l&rsquo;histoire religieuse le 24 avril\"}]},{\"@type\":\"WebSite\",\"@id\":\"https:\/\/www.locansol.fr\/#website\",\"url\":\"https:\/\/www.locansol.fr\/\",\"name\":\"Locansol, louer un h\u00e9bergement dans les Pyr\u00e9n\u00e9es-Orientales\",\"description\":\"Location Mobil-home Mer M\u00e9diterran\u00e9e &amp; Chalet de Montagne dans les Pyr\u00e9n\u00e9es Orientales (Occitanie, 66). Weekend, s\u00e9jour &amp; vacances en famille et entre amis.\",\"publisher\":{\"@id\":\"https:\/\/www.locansol.fr\/#organization\"},\"alternateName\":\"Louer un h\u00e9bergement dans les Pyr\u00e9n\u00e9es Orientales, chalet & mobil-home en Occitanie\",\"potentialAction\":[{\"@type\":\"SearchAction\",\"target\":{\"@type\":\"EntryPoint\",\"urlTemplate\":\"https:\/\/www.locansol.fr\/?s={search_term_string}\"},\"query-input\":{\"@type\":\"PropertyValueSpecification\",\"valueRequired\":true,\"valueName\":\"search_term_string\"}}],\"inLanguage\":\"ca\"},{\"@type\":\"Organization\",\"@id\":\"https:\/\/www.locansol.fr\/#organization\",\"name\":\"Location MobilHome & chalet dans les Pyr\u00e9n\u00e9es Orientales\",\"alternateName\":\"Louer un h\u00e9bergement dans les Pyr\u00e9n\u00e9es Orientales en Occitanie\",\"url\":\"https:\/\/www.locansol.fr\/\",\"logo\":{\"@type\":\"ImageObject\",\"inLanguage\":\"ca\",\"@id\":\"https:\/\/www.locansol.fr\/#\/schema\/logo\/image\/\",\"url\":\"https:\/\/www.locansol.fr\/wp-content\/uploads\/2024\/04\/AdobeStock_303324767-scaled.jpeg\",\"contentUrl\":\"https:\/\/www.locansol.fr\/wp-content\/uploads\/2024\/04\/AdobeStock_303324767-scaled.jpeg\",\"width\":2560,\"height\":1707,\"caption\":\"Location MobilHome & chalet dans les Pyr\u00e9n\u00e9es Orientales\"},\"image\":{\"@id\":\"https:\/\/www.locansol.fr\/#\/schema\/logo\/image\/\"}},{\"@type\":\"Person\",\"@id\":\"https:\/\/www.locansol.fr\/#\/schema\/person\/0b08d440f1ac44674c6d498107de351d\",\"name\":\"H\u00e9bergements Locansol\",\"image\":{\"@type\":\"ImageObject\",\"inLanguage\":\"ca\",\"@id\":\"https:\/\/www.locansol.fr\/#\/schema\/person\/image\/\",\"url\":\"https:\/\/secure.gravatar.com\/avatar\/444436b93284204f8116b6e0eb964cd3fcb811519c737232bde6dd5743c37ee5?s=96&d=mm&r=g\",\"contentUrl\":\"https:\/\/secure.gravatar.com\/avatar\/444436b93284204f8116b6e0eb964cd3fcb811519c737232bde6dd5743c37ee5?s=96&d=mm&r=g\",\"caption\":\"H\u00e9bergements Locansol\"},\"sameAs\":[\"https:\/\/www.locansol.fr\/\"],\"url\":\"https:\/\/www.locansol.fr\/ca\/author\/locansol\/\"}]}<\/script>\n<!-- \/ Yoast SEO Premium plugin. -->","yoast_head_json":{"title":"Conf\u00e9rence et d\u00e9dicace Arles-sur-Tech - 24 avril","description":"Conf\u00e9rence et d\u00e9dicace Arles-sur-Tech. D\u00e9couvrez l'histoire religieuse des Pyr\u00e9n\u00e9es-Orientales avec Jean Boiss\u00e9e. Entr\u00e9e gratuite.","robots":{"index":"index","follow":"follow","max-snippet":"max-snippet:-1","max-image-preview":"max-image-preview:large","max-video-preview":"max-video-preview:-1"},"canonical":"https:\/\/www.locansol.fr\/ca\/conference-dedicace-arlessurtech-histoire\/","og_locale":"ca_ES","og_type":"article","og_title":"D\u00e9couvrez l'histoire religieuse : Arles-sur-Tech \u2014 Rencontre avec Jean Boiss\u00e9e","og_description":"Plongez dans l'histoire des \u00e9difices religieux des Pyr\u00e9n\u00e9es-Orientales. Rencontre et d\u00e9dicace avec Jean Boiss\u00e9e \u00e0 Arles-sur-Tech.","og_url":"https:\/\/www.locansol.fr\/ca\/conference-dedicace-arlessurtech-histoire\/","og_site_name":"Locansol, louer un h\u00e9bergement dans les Pyr\u00e9n\u00e9es Orientales","article_published_time":"2026-04-24T14:03:36+00:00","article_modified_time":"2026-04-24T14:03:41+00:00","og_image":[{"url":"https:\/\/www.locansol.fr\/wp-content\/uploads\/2026\/04\/conference-dedicace-arlessurtech-histoire.webp","type":"","width":"","height":""}],"author":"H\u00e9bergements Locansol","twitter_card":"summary_large_image","twitter_title":"Conf\u00e9rence et d\u00e9dicace \u00e0 Arles-sur-Tech le 24 avril","twitter_description":"Venez d\u00e9couvrir l'histoire religieuse des Pyr\u00e9n\u00e9es-Orientales avec Jean Boiss\u00e9e. Entr\u00e9e gratuite, ambiance conviviale !","twitter_image":"https:\/\/www.locansol.fr\/wp-content\/uploads\/2026\/04\/conference-dedicace-arlessurtech-histoire.webp","twitter_misc":{"Escrit per":"H\u00e9bergements Locansol","Temps estimat de lectura":"2 minuts"},"schema":{"@context":"https:\/\/schema.org","@graph":[{"@type":"Article","@id":"https:\/\/www.locansol.fr\/conference-dedicace-arlessurtech-histoire\/#article","isPartOf":{"@id":"https:\/\/www.locansol.fr\/conference-dedicace-arlessurtech-histoire\/"},"author":{"name":"H\u00e9bergements Locansol","@id":"https:\/\/www.locansol.fr\/#\/schema\/person\/0b08d440f1ac44674c6d498107de351d"},"headline":"Conf\u00e9rence et d\u00e9dicace \u00e0 Arles-sur-Tech : Plongez dans l&rsquo;histoire religieuse le 24 avril","datePublished":"2026-04-24T14:03:36+00:00","dateModified":"2026-04-24T14:03:41+00:00","mainEntityOfPage":{"@id":"https:\/\/www.locansol.fr\/conference-dedicace-arlessurtech-histoire\/"},"wordCount":366,"publisher":{"@id":"https:\/\/www.locansol.fr\/#organization"},"image":{"@id":"https:\/\/www.locansol.fr\/conference-dedicace-arlessurtech-histoire\/#primaryimage"},"thumbnailUrl":"https:\/\/www.locansol.fr\/wp-content\/uploads\/2026\/04\/conference-dedicace-arlessurtech-histoire.webp","keywords":["\u00c9v\u00e8nement culturel","Pyr\u00e9n\u00e9es-Orientales"],"articleSection":["Foire"],"inLanguage":"ca"},{"@type":"WebPage","@id":"https:\/\/www.locansol.fr\/conference-dedicace-arlessurtech-histoire\/","url":"https:\/\/www.locansol.fr\/conference-dedicace-arlessurtech-histoire\/","name":"Conf\u00e9rence et d\u00e9dicace Arles-sur-Tech - 24 avril","isPartOf":{"@id":"https:\/\/www.locansol.fr\/#website"},"primaryImageOfPage":{"@id":"https:\/\/www.locansol.fr\/conference-dedicace-arlessurtech-histoire\/#primaryimage"},"image":{"@id":"https:\/\/www.locansol.fr\/conference-dedicace-arlessurtech-histoire\/#primaryimage"},"thumbnailUrl":"https:\/\/www.locansol.fr\/wp-content\/uploads\/2026\/04\/conference-dedicace-arlessurtech-histoire.webp","datePublished":"2026-04-24T14:03:36+00:00","dateModified":"2026-04-24T14:03:41+00:00","description":"Conf\u00e9rence et d\u00e9dicace Arles-sur-Tech. D\u00e9couvrez l'histoire religieuse des Pyr\u00e9n\u00e9es-Orientales avec Jean Boiss\u00e9e. Entr\u00e9e gratuite.","breadcrumb":{"@id":"https:\/\/www.locansol.fr\/conference-dedicace-arlessurtech-histoire\/#breadcrumb"},"inLanguage":"ca","potentialAction":[{"@type":"ReadAction","target":["https:\/\/www.locansol.fr\/conference-dedicace-arlessurtech-histoire\/"]}]},{"@type":"ImageObject","inLanguage":"ca","@id":"https:\/\/www.locansol.fr\/conference-dedicace-arlessurtech-histoire\/#primaryimage","url":"https:\/\/www.locansol.fr\/wp-content\/uploads\/2026\/04\/conference-dedicace-arlessurtech-histoire.webp","contentUrl":"https:\/\/www.locansol.fr\/wp-content\/uploads\/2026\/04\/conference-dedicace-arlessurtech-histoire.webp","width":1920,"height":1280,"caption":"Conf\u00e9rence et d\u00e9dicace Arles-sur-Tech - 24 avril"},{"@type":"BreadcrumbList","@id":"https:\/\/www.locansol.fr\/conference-dedicace-arlessurtech-histoire\/#breadcrumb","itemListElement":[{"@type":"ListItem","position":1,"name":"Accueil","item":"https:\/\/www.locansol.fr\/"},{"@type":"ListItem","position":2,"name":"Conf\u00e9rence et d\u00e9dicace \u00e0 Arles-sur-Tech : Plongez dans l&rsquo;histoire religieuse le 24 avril"}]},{"@type":"WebSite","@id":"https:\/\/www.locansol.fr\/#website","url":"https:\/\/www.locansol.fr\/","name":"Locansol, louer un h\u00e9bergement dans les Pyr\u00e9n\u00e9es-Orientales","description":"Location Mobil-home Mer M\u00e9diterran\u00e9e &amp; Chalet de Montagne dans les Pyr\u00e9n\u00e9es Orientales (Occitanie, 66). Weekend, s\u00e9jour &amp; vacances en famille et entre amis.","publisher":{"@id":"https:\/\/www.locansol.fr\/#organization"},"alternateName":"Louer un h\u00e9bergement dans les Pyr\u00e9n\u00e9es Orientales, chalet & mobil-home en Occitanie","potentialAction":[{"@type":"SearchAction","target":{"@type":"EntryPoint","urlTemplate":"https:\/\/www.locansol.fr\/?s={search_term_string}"},"query-input":{"@type":"PropertyValueSpecification","valueRequired":true,"valueName":"search_term_string"}}],"inLanguage":"ca"},{"@type":"Organization","@id":"https:\/\/www.locansol.fr\/#organization","name":"Location MobilHome & chalet dans les Pyr\u00e9n\u00e9es Orientales","alternateName":"Louer un h\u00e9bergement dans les Pyr\u00e9n\u00e9es Orientales en Occitanie","url":"https:\/\/www.locansol.fr\/","logo":{"@type":"ImageObject","inLanguage":"ca","@id":"https:\/\/www.locansol.fr\/#\/schema\/logo\/image\/","url":"https:\/\/www.locansol.fr\/wp-content\/uploads\/2024\/04\/AdobeStock_303324767-scaled.jpeg","contentUrl":"https:\/\/www.locansol.fr\/wp-content\/uploads\/2024\/04\/AdobeStock_303324767-scaled.jpeg","width":2560,"height":1707,"caption":"Location MobilHome & chalet dans les Pyr\u00e9n\u00e9es Orientales"},"image":{"@id":"https:\/\/www.locansol.fr\/#\/schema\/logo\/image\/"}},{"@type":"Person","@id":"https:\/\/www.locansol.fr\/#\/schema\/person\/0b08d440f1ac44674c6d498107de351d","name":"H\u00e9bergements Locansol","image":{"@type":"ImageObject","inLanguage":"ca","@id":"https:\/\/www.locansol.fr\/#\/schema\/person\/image\/","url":"https:\/\/secure.gravatar.com\/avatar\/444436b93284204f8116b6e0eb964cd3fcb811519c737232bde6dd5743c37ee5?s=96&d=mm&r=g","contentUrl":"https:\/\/secure.gravatar.com\/avatar\/444436b93284204f8116b6e0eb964cd3fcb811519c737232bde6dd5743c37ee5?s=96&d=mm&r=g","caption":"H\u00e9bergements Locansol"},"sameAs":["https:\/\/www.locansol.fr\/"],"url":"https:\/\/www.locansol.fr\/ca\/author\/locansol\/"}]}},"_links":{"self":[{"href":"https:\/\/www.locansol.fr\/ca\/wp-json\/wp\/v2\/posts\/6454","targetHints":{"allow":["GET"]}}],"collection":[{"href":"https:\/\/www.locansol.fr\/ca\/wp-json\/wp\/v2\/posts"}],"about":[{"href":"https:\/\/www.locansol.fr\/ca\/wp-json\/wp\/v2\/types\/post"}],"author":[{"embeddable":true,"href":"https:\/\/www.locansol.fr\/ca\/wp-json\/wp\/v2\/users\/5"}],"replies":[{"embeddable":true,"href":"https:\/\/www.locansol.fr\/ca\/wp-json\/wp\/v2\/comments?post=6454"}],"version-history":[{"count":1,"href":"https:\/\/www.locansol.fr\/ca\/wp-json\/wp\/v2\/posts\/6454\/revisions"}],"predecessor-version":[{"id":6455,"href":"https:\/\/www.locansol.fr\/ca\/wp-json\/wp\/v2\/posts\/6454\/revisions\/6455"}],"wp:featuredmedia":[{"embeddable":true,"href":"https:\/\/www.locansol.fr\/ca\/wp-json\/wp\/v2\/media\/6453"}],"wp:attachment":[{"href":"https:\/\/www.locansol.fr\/ca\/wp-json\/wp\/v2\/media?parent=6454"}],"wp:term":[{"taxonomy":"category","embeddable":true,"href":"https:\/\/www.locansol.fr\/ca\/wp-json\/wp\/v2\/categories?post=6454"},{"taxonomy":"post_tag","embeddable":true,"href":"https:\/\/www.locansol.fr\/ca\/wp-json\/wp\/v2\/tags?post=6454"}],"curies":[{"name":"wp","href":"https:\/\/api.w.org\/{rel}","templated":true}]}}