{"id":6459,"date":"2026-04-24T16:07:25","date_gmt":"2026-04-24T14:07:25","guid":{"rendered":"https:\/\/www.locansol.fr\/festival-jindama-culture-iberique-canet\/"},"modified":"2026-04-24T16:07:30","modified_gmt":"2026-04-24T14:07:30","slug":"festival-jindama-culture-iberique-canet","status":"publish","type":"post","link":"https:\/\/www.locansol.fr\/ca\/festival-jindama-culture-iberique-canet\/","title":{"rendered":"Canet-en-Roussillon : Festival Jindama les 24 et 25 avril 2026 \u2013 Plong\u00e9e dans la culture ib\u00e9rique"},"content":{"rendered":"<p>Le Festival Jindama revient pour une deuxi\u00e8me \u00e9dition tr\u00e8s attendue les 24 et 25 avril 2026 \u00e0 Canet-en-Roussillon. Organis\u00e9 par l&rsquo;Association Zayarts, cet \u00e9v\u00e9nement promet une immersion totale dans la culture ib\u00e9rique \u00e0 travers des spectacles de flamenco, des expositions artistiques et des saveurs espagnoles, dans une ambiance authentique et conviviale. Voici pourquoi ce festival s\u2019annonce comme un incontournable pour les amoureux de la culture et des traditions d&rsquo;Espagne.<\/p>\n<p>D\u00e8s le vendredi 24 avril, le Festival Jindama investira les planches du Th\u00e9\u00e2tre Jean Piat avec une soir\u00e9e d&rsquo;ouverture m\u00e9morable. Le programme commencera d\u00e8s 19h00 avec un vernissage d&rsquo;expositions de photographies mettant en lumi\u00e8re des instants fig\u00e9s \u00e0 couper le souffle. Sur place, les visiteurs pourront \u00e9galement savourer des sp\u00e9cialit\u00e9s culinaires espagnoles, un doux pr\u00e9lude aux festivit\u00e9s. L\u2019apoth\u00e9ose de la soir\u00e9e sera assur\u00e9e par le spectacle exceptionnel \u00ab Yo quiero ser humana \u00bb, propos\u00e9 par l\u2019artiste Bel\u00e9n Maya. Danseuse et fille du c\u00e9l\u00e8bre Mario Maya, Bel\u00e9n Maya r\u00e9interpr\u00e8te le flamenco \u00e0 sa mani\u00e8re unique en y int\u00e9grant des \u00e9l\u00e9ments de danse classique, contemporaine et hindoue. Ce chef-d&rsquo;\u0153uvre artistique, qui explore les relations profondes entre l\u2019art et l\u2019humanit\u00e9, promet une exp\u00e9rience \u00e9motionnelle intense gr\u00e2ce \u00e0 une traduction simultan\u00e9e pour ne rien perdre de ce moment unique.<\/p>\n<p>Le samedi 25 avril ne sera pas en reste, avec une journ\u00e9e d\u00e9di\u00e9e aux ateliers interactifs et aux performances artistiques. Toujours au Th\u00e9\u00e2tre Jean Piat, les amateurs et curieux de flamenco pourront se plonger dans l\u2019apprentissage de cet art gr\u00e2ce aux ateliers anim\u00e9s par Macarena de Jerez, une artiste reconnue pour sa ma\u00eetrise et sa passion. Deux sessions sont pr\u00e9vues : un atelier de chant sur le th\u00e8me des \u00ab Buler\u00edas de Jerez \u00bb et un atelier de danse \u00ab Por Buler\u00edas de Jerez \u00bb. Que vous soyez d\u00e9butant ou exp\u00e9riment\u00e9, ces moments d\u2019apprentissage vous permettront de ressentir le flamenco de l\u2019int\u00e9rieur, accompagn\u00e9 par une guitare en live et l&rsquo;\u00e9nergie in\u00e9galable de Macarena de Jerez.<\/p>\n<p>En soir\u00e9e, d\u00e8s 19h00, le festival prendra une tournure festive avec des d\u00e9gustations gastronomiques de mets andalous suivies d\u2019un r\u00e9cital envo\u00fbtant de chant flamenco par la m\u00eame artiste. Pour clore en beaut\u00e9 cette journ\u00e9e riche en \u00e9motions, le groupe Los Graciosos, connu pour son style humoristique et d\u00e9cal\u00e9, montera sur sc\u00e8ne pour un concert festif et r\u00e9jouissant. De quoi terminer sur une note de bonheur et de partage !<\/p>\n<p>Pour prolonger l&rsquo;exp\u00e9rience, un \u00e9v\u00e9nement est \u00e9galement pr\u00e9vu le dimanche 26 avril au Clap Cin\u00e9 de Canet-en-Roussillon. \u00c0 16h00, venez d\u00e9couvrir \u00ab Impulso \u00bb, un documentaire d\u2019Emilio Belmonte centr\u00e9 sur Roc\u00edo Molina, danseuse moderne de flamenco. Ce film explore les nouveaux horizons du flamenco contemporain tout en apportant un regard poignant sur la condition f\u00e9minine au XXIe si\u00e8cle.<\/p>\n<p>Avec ses spectacles, ateliers, expositions photo, d\u00e9gustations et cin\u00e9ma, le Festival Jindama 2 rassemble une programmation riche et vari\u00e9e qui promet de s\u00e9duire un public large, des amateurs de flamenco aux passionn\u00e9s de culture ib\u00e9rique en g\u00e9n\u00e9ral. Ne manquez pas cette occasion unique de plonger dans l\u2019\u00e2me vibrante de l\u2019Espagne et de vivre des moments d\u2019\u00e9motion et de partage inoubliables.<\/p>\n<p>Alors, \u00eates-vous pr\u00eat \u00e0 d\u00e9couvrir la magie du Festival Jindama ? R\u00e9servez vos places d\u00e8s maintenant via le site : my.weezevent.com\/jindama-festival-2eme-edition ou contactez directement le 06 88 48 53 77.<\/p>\n<p>Pour les tarifs, voici le d\u00e9tail :<br \/>&#8211; Spectacle \u00ab Yo quiero ser humana \u00bb : 15 \u20ac<br \/>&#8211; Atelier de chant flamenco : 20 \u20ac<br \/>&#8211; Atelier de danse flamenco : 30 \u20ac<br \/>&#8211; Soir\u00e9e musicale (r\u00e9cital et concert) : 10 \u20ac<br \/>&#8211; Projection du film \u00ab Impulso \u00bb : 9,90 \u20ac<\/p>\n<h3>Informaci\u00f3 pr\u00e0ctica<\/h3>\n<p>\ud83d\udcc5 QUAND ? 24 avril > 25 avril<br \/>\ud83d\udccd O\u00d9 ? 3 Rue Joseph Lafon, Canet-en-Roussillon<br \/>\ud83d\udcb6 COMBIEN ? Plein tarif : 20,00 \u20ac<\/p>","protected":false},"excerpt":{"rendered":"<p>D\u00e9couvrez le Festival Jindama 2 \u00e0 Canet-en-Roussillon les 24 et 25 avril 2026 : flamenco, expositions, d\u00e9gustations culinaires et projections, pour une immersion dans la culture ib\u00e9rique.<\/p>","protected":false},"author":5,"featured_media":6458,"comment_status":"closed","ping_status":"open","sticky":false,"template":"","format":"standard","meta":{"_yoast_wpseo_focuskw":"Festival Jindama culture ib\u00e9rique Canet-en-Roussillon","_yoast_wpseo_title":"Festival Jindama Canet-en-Roussillon \u2013 Immersion culture ib\u00e9rique","_yoast_wpseo_metadesc":"Festival Jindama Canet-en-Roussillon : d\u00e9couvrez la culture ib\u00e9rique \u00e0 travers des spectacles de flamenco, des expositions et des saveurs espagnoles. Ne manquez pas cet \u00e9v\u00e9nement incontournable dans les Pyr\u00e9n\u00e9es-Orientales.","_yoast_wpseo_canonical":"","_yoast_wpseo_opengraph-title":"Vivez la passion du flamenco \u00e0 Canet-en-Roussillon \u2013 Festival Jindama","_yoast_wpseo_opengraph-description":"Plongez dans l'ambiance vibrante du Festival Jindama \u00e0 Canet-en-Roussillon. Spectacles de flamenco, expositions artistiques et saveurs espagnoles vous attendent pour une exp\u00e9rience inoubliable.","_yoast_wpseo_opengraph-image":"https:\/\/www.locansol.fr\/wp-content\/uploads\/2026\/04\/festival-jindama-culture-iberique-canet.webp","_yoast_wpseo_opengraph-image-id":"","_yoast_wpseo_twitter-title":"Festival Jindama : l'Espagne \u00e0 Canet-en-Roussillon !","_yoast_wpseo_twitter-description":"D\u00e9couvrez le Festival Jindama \u00e0 Canet-en-Roussillon : flamenco, expositions, et saveurs espagnoles pour une immersion culturelle unique.","_yoast_wpseo_twitter-image":"https:\/\/www.locansol.fr\/wp-content\/uploads\/2026\/04\/festival-jindama-culture-iberique-canet.webp","_yoast_wpseo_twitter-image-id":"","yoast_primary_category":"Concert","footnotes":""},"categories":[45],"tags":[66,76],"class_list":["post-6459","post","type-post","status-publish","format-standard","has-post-thumbnail","hentry","category-festival","tag-evenement-culturel","tag-pyrenees-orientales"],"yoast_head":"<!-- This site is optimized with the Yoast SEO Premium plugin v23.3 (Yoast SEO v26.9) - https:\/\/yoast.com\/product\/yoast-seo-premium-wordpress\/ -->\n<title>Festival Jindama Canet-en-Roussillon \u2013 Immersion culture ib\u00e9rique<\/title>\n<meta name=\"description\" content=\"Festival Jindama Canet-en-Roussillon : d\u00e9couvrez la culture ib\u00e9rique \u00e0 travers des spectacles de flamenco, des expositions et des saveurs espagnoles. Ne manquez pas cet \u00e9v\u00e9nement incontournable dans les Pyr\u00e9n\u00e9es-Orientales.\" \/>\n<meta name=\"robots\" content=\"index, follow, max-snippet:-1, max-image-preview:large, max-video-preview:-1\" \/>\n<link rel=\"canonical\" href=\"https:\/\/www.locansol.fr\/ca\/festival-jindama-culture-iberique-canet\/\" \/>\n<meta property=\"og:locale\" content=\"ca_ES\" \/>\n<meta property=\"og:type\" content=\"article\" \/>\n<meta property=\"og:title\" content=\"Vivez la passion du flamenco \u00e0 Canet-en-Roussillon \u2013 Festival Jindama\" \/>\n<meta property=\"og:description\" content=\"Plongez dans l&#039;ambiance vibrante du Festival Jindama \u00e0 Canet-en-Roussillon. Spectacles de flamenco, expositions artistiques et saveurs espagnoles vous attendent pour une exp\u00e9rience inoubliable.\" \/>\n<meta property=\"og:url\" content=\"https:\/\/www.locansol.fr\/ca\/festival-jindama-culture-iberique-canet\/\" \/>\n<meta property=\"og:site_name\" content=\"Locansol, louer un h\u00e9bergement dans les Pyr\u00e9n\u00e9es Orientales\" \/>\n<meta property=\"article:published_time\" content=\"2026-04-24T14:07:25+00:00\" \/>\n<meta property=\"article:modified_time\" content=\"2026-04-24T14:07:30+00:00\" \/>\n<meta property=\"og:image\" content=\"https:\/\/www.locansol.fr\/wp-content\/uploads\/2026\/04\/festival-jindama-culture-iberique-canet.webp\" \/>\n<meta name=\"author\" content=\"H\u00e9bergements Locansol\" \/>\n<meta name=\"twitter:card\" content=\"summary_large_image\" \/>\n<meta name=\"twitter:title\" content=\"Festival Jindama : l&#039;Espagne \u00e0 Canet-en-Roussillon !\" \/>\n<meta name=\"twitter:description\" content=\"D\u00e9couvrez le Festival Jindama \u00e0 Canet-en-Roussillon : flamenco, expositions, et saveurs espagnoles pour une immersion culturelle unique.\" \/>\n<meta name=\"twitter:image\" content=\"https:\/\/www.locansol.fr\/wp-content\/uploads\/2026\/04\/festival-jindama-culture-iberique-canet.webp\" \/>\n<meta name=\"twitter:label1\" content=\"Escrit per\" \/>\n\t<meta name=\"twitter:data1\" content=\"H\u00e9bergements Locansol\" \/>\n\t<meta name=\"twitter:label2\" content=\"Temps estimat de lectura\" \/>\n\t<meta name=\"twitter:data2\" content=\"3 minuts\" \/>\n<script type=\"application\/ld+json\" class=\"yoast-schema-graph\">{\"@context\":\"https:\/\/schema.org\",\"@graph\":[{\"@type\":\"Article\",\"@id\":\"https:\/\/www.locansol.fr\/festival-jindama-culture-iberique-canet\/#article\",\"isPartOf\":{\"@id\":\"https:\/\/www.locansol.fr\/festival-jindama-culture-iberique-canet\/\"},\"author\":{\"name\":\"H\u00e9bergements Locansol\",\"@id\":\"https:\/\/www.locansol.fr\/#\/schema\/person\/0b08d440f1ac44674c6d498107de351d\"},\"headline\":\"Canet-en-Roussillon : Festival Jindama les 24 et 25 avril 2026 \u2013 Plong\u00e9e dans la culture ib\u00e9rique\",\"datePublished\":\"2026-04-24T14:07:25+00:00\",\"dateModified\":\"2026-04-24T14:07:30+00:00\",\"mainEntityOfPage\":{\"@id\":\"https:\/\/www.locansol.fr\/festival-jindama-culture-iberique-canet\/\"},\"wordCount\":665,\"publisher\":{\"@id\":\"https:\/\/www.locansol.fr\/#organization\"},\"image\":{\"@id\":\"https:\/\/www.locansol.fr\/festival-jindama-culture-iberique-canet\/#primaryimage\"},\"thumbnailUrl\":\"https:\/\/www.locansol.fr\/wp-content\/uploads\/2026\/04\/festival-jindama-culture-iberique-canet.webp\",\"keywords\":[\"\u00c9v\u00e8nement culturel\",\"Pyr\u00e9n\u00e9es-Orientales\"],\"articleSection\":[\"Festival\"],\"inLanguage\":\"ca\"},{\"@type\":\"WebPage\",\"@id\":\"https:\/\/www.locansol.fr\/festival-jindama-culture-iberique-canet\/\",\"url\":\"https:\/\/www.locansol.fr\/festival-jindama-culture-iberique-canet\/\",\"name\":\"Festival Jindama Canet-en-Roussillon \u2013 Immersion culture ib\u00e9rique\",\"isPartOf\":{\"@id\":\"https:\/\/www.locansol.fr\/#website\"},\"primaryImageOfPage\":{\"@id\":\"https:\/\/www.locansol.fr\/festival-jindama-culture-iberique-canet\/#primaryimage\"},\"image\":{\"@id\":\"https:\/\/www.locansol.fr\/festival-jindama-culture-iberique-canet\/#primaryimage\"},\"thumbnailUrl\":\"https:\/\/www.locansol.fr\/wp-content\/uploads\/2026\/04\/festival-jindama-culture-iberique-canet.webp\",\"datePublished\":\"2026-04-24T14:07:25+00:00\",\"dateModified\":\"2026-04-24T14:07:30+00:00\",\"description\":\"Festival Jindama Canet-en-Roussillon : d\u00e9couvrez la culture ib\u00e9rique \u00e0 travers des spectacles de flamenco, des expositions et des saveurs espagnoles. Ne manquez pas cet \u00e9v\u00e9nement incontournable dans les Pyr\u00e9n\u00e9es-Orientales.\",\"breadcrumb\":{\"@id\":\"https:\/\/www.locansol.fr\/festival-jindama-culture-iberique-canet\/#breadcrumb\"},\"inLanguage\":\"ca\",\"potentialAction\":[{\"@type\":\"ReadAction\",\"target\":[\"https:\/\/www.locansol.fr\/festival-jindama-culture-iberique-canet\/\"]}]},{\"@type\":\"ImageObject\",\"inLanguage\":\"ca\",\"@id\":\"https:\/\/www.locansol.fr\/festival-jindama-culture-iberique-canet\/#primaryimage\",\"url\":\"https:\/\/www.locansol.fr\/wp-content\/uploads\/2026\/04\/festival-jindama-culture-iberique-canet.webp\",\"contentUrl\":\"https:\/\/www.locansol.fr\/wp-content\/uploads\/2026\/04\/festival-jindama-culture-iberique-canet.webp\",\"width\":1357,\"height\":1920,\"caption\":\"Festival Jindama Canet-en-Roussillon \u2013 Immersion culture ib\u00e9rique\"},{\"@type\":\"BreadcrumbList\",\"@id\":\"https:\/\/www.locansol.fr\/festival-jindama-culture-iberique-canet\/#breadcrumb\",\"itemListElement\":[{\"@type\":\"ListItem\",\"position\":1,\"name\":\"Accueil\",\"item\":\"https:\/\/www.locansol.fr\/\"},{\"@type\":\"ListItem\",\"position\":2,\"name\":\"Canet-en-Roussillon : Festival Jindama les 24 et 25 avril 2026 \u2013 Plong\u00e9e dans la culture ib\u00e9rique\"}]},{\"@type\":\"WebSite\",\"@id\":\"https:\/\/www.locansol.fr\/#website\",\"url\":\"https:\/\/www.locansol.fr\/\",\"name\":\"Locansol, louer un h\u00e9bergement dans les Pyr\u00e9n\u00e9es-Orientales\",\"description\":\"Location Mobil-home Mer M\u00e9diterran\u00e9e &amp; Chalet de Montagne dans les Pyr\u00e9n\u00e9es Orientales (Occitanie, 66). Weekend, s\u00e9jour &amp; vacances en famille et entre amis.\",\"publisher\":{\"@id\":\"https:\/\/www.locansol.fr\/#organization\"},\"alternateName\":\"Louer un h\u00e9bergement dans les Pyr\u00e9n\u00e9es Orientales, chalet & mobil-home en Occitanie\",\"potentialAction\":[{\"@type\":\"SearchAction\",\"target\":{\"@type\":\"EntryPoint\",\"urlTemplate\":\"https:\/\/www.locansol.fr\/?s={search_term_string}\"},\"query-input\":{\"@type\":\"PropertyValueSpecification\",\"valueRequired\":true,\"valueName\":\"search_term_string\"}}],\"inLanguage\":\"ca\"},{\"@type\":\"Organization\",\"@id\":\"https:\/\/www.locansol.fr\/#organization\",\"name\":\"Location MobilHome & chalet dans les Pyr\u00e9n\u00e9es Orientales\",\"alternateName\":\"Louer un h\u00e9bergement dans les Pyr\u00e9n\u00e9es Orientales en Occitanie\",\"url\":\"https:\/\/www.locansol.fr\/\",\"logo\":{\"@type\":\"ImageObject\",\"inLanguage\":\"ca\",\"@id\":\"https:\/\/www.locansol.fr\/#\/schema\/logo\/image\/\",\"url\":\"https:\/\/www.locansol.fr\/wp-content\/uploads\/2024\/04\/AdobeStock_303324767-scaled.jpeg\",\"contentUrl\":\"https:\/\/www.locansol.fr\/wp-content\/uploads\/2024\/04\/AdobeStock_303324767-scaled.jpeg\",\"width\":2560,\"height\":1707,\"caption\":\"Location MobilHome & chalet dans les Pyr\u00e9n\u00e9es Orientales\"},\"image\":{\"@id\":\"https:\/\/www.locansol.fr\/#\/schema\/logo\/image\/\"}},{\"@type\":\"Person\",\"@id\":\"https:\/\/www.locansol.fr\/#\/schema\/person\/0b08d440f1ac44674c6d498107de351d\",\"name\":\"H\u00e9bergements Locansol\",\"image\":{\"@type\":\"ImageObject\",\"inLanguage\":\"ca\",\"@id\":\"https:\/\/www.locansol.fr\/#\/schema\/person\/image\/\",\"url\":\"https:\/\/secure.gravatar.com\/avatar\/444436b93284204f8116b6e0eb964cd3fcb811519c737232bde6dd5743c37ee5?s=96&d=mm&r=g\",\"contentUrl\":\"https:\/\/secure.gravatar.com\/avatar\/444436b93284204f8116b6e0eb964cd3fcb811519c737232bde6dd5743c37ee5?s=96&d=mm&r=g\",\"caption\":\"H\u00e9bergements Locansol\"},\"sameAs\":[\"https:\/\/www.locansol.fr\/\"],\"url\":\"https:\/\/www.locansol.fr\/ca\/author\/locansol\/\"}]}<\/script>\n<!-- \/ Yoast SEO Premium plugin. -->","yoast_head_json":{"title":"Festival Jindama Canet-en-Roussillon \u2013 Immersion culture ib\u00e9rique","description":"Festival Jindama Canet-en-Roussillon : d\u00e9couvrez la culture ib\u00e9rique \u00e0 travers des spectacles de flamenco, des expositions et des saveurs espagnoles. Ne manquez pas cet \u00e9v\u00e9nement incontournable dans les Pyr\u00e9n\u00e9es-Orientales.","robots":{"index":"index","follow":"follow","max-snippet":"max-snippet:-1","max-image-preview":"max-image-preview:large","max-video-preview":"max-video-preview:-1"},"canonical":"https:\/\/www.locansol.fr\/ca\/festival-jindama-culture-iberique-canet\/","og_locale":"ca_ES","og_type":"article","og_title":"Vivez la passion du flamenco \u00e0 Canet-en-Roussillon \u2013 Festival Jindama","og_description":"Plongez dans l'ambiance vibrante du Festival Jindama \u00e0 Canet-en-Roussillon. Spectacles de flamenco, expositions artistiques et saveurs espagnoles vous attendent pour une exp\u00e9rience inoubliable.","og_url":"https:\/\/www.locansol.fr\/ca\/festival-jindama-culture-iberique-canet\/","og_site_name":"Locansol, louer un h\u00e9bergement dans les Pyr\u00e9n\u00e9es Orientales","article_published_time":"2026-04-24T14:07:25+00:00","article_modified_time":"2026-04-24T14:07:30+00:00","og_image":[{"url":"https:\/\/www.locansol.fr\/wp-content\/uploads\/2026\/04\/festival-jindama-culture-iberique-canet.webp","type":"","width":"","height":""}],"author":"H\u00e9bergements Locansol","twitter_card":"summary_large_image","twitter_title":"Festival Jindama : l'Espagne \u00e0 Canet-en-Roussillon !","twitter_description":"D\u00e9couvrez le Festival Jindama \u00e0 Canet-en-Roussillon : flamenco, expositions, et saveurs espagnoles pour une immersion culturelle unique.","twitter_image":"https:\/\/www.locansol.fr\/wp-content\/uploads\/2026\/04\/festival-jindama-culture-iberique-canet.webp","twitter_misc":{"Escrit per":"H\u00e9bergements Locansol","Temps estimat de lectura":"3 minuts"},"schema":{"@context":"https:\/\/schema.org","@graph":[{"@type":"Article","@id":"https:\/\/www.locansol.fr\/festival-jindama-culture-iberique-canet\/#article","isPartOf":{"@id":"https:\/\/www.locansol.fr\/festival-jindama-culture-iberique-canet\/"},"author":{"name":"H\u00e9bergements Locansol","@id":"https:\/\/www.locansol.fr\/#\/schema\/person\/0b08d440f1ac44674c6d498107de351d"},"headline":"Canet-en-Roussillon : Festival Jindama les 24 et 25 avril 2026 \u2013 Plong\u00e9e dans la culture ib\u00e9rique","datePublished":"2026-04-24T14:07:25+00:00","dateModified":"2026-04-24T14:07:30+00:00","mainEntityOfPage":{"@id":"https:\/\/www.locansol.fr\/festival-jindama-culture-iberique-canet\/"},"wordCount":665,"publisher":{"@id":"https:\/\/www.locansol.fr\/#organization"},"image":{"@id":"https:\/\/www.locansol.fr\/festival-jindama-culture-iberique-canet\/#primaryimage"},"thumbnailUrl":"https:\/\/www.locansol.fr\/wp-content\/uploads\/2026\/04\/festival-jindama-culture-iberique-canet.webp","keywords":["\u00c9v\u00e8nement culturel","Pyr\u00e9n\u00e9es-Orientales"],"articleSection":["Festival"],"inLanguage":"ca"},{"@type":"WebPage","@id":"https:\/\/www.locansol.fr\/festival-jindama-culture-iberique-canet\/","url":"https:\/\/www.locansol.fr\/festival-jindama-culture-iberique-canet\/","name":"Festival Jindama Canet-en-Roussillon \u2013 Immersion culture ib\u00e9rique","isPartOf":{"@id":"https:\/\/www.locansol.fr\/#website"},"primaryImageOfPage":{"@id":"https:\/\/www.locansol.fr\/festival-jindama-culture-iberique-canet\/#primaryimage"},"image":{"@id":"https:\/\/www.locansol.fr\/festival-jindama-culture-iberique-canet\/#primaryimage"},"thumbnailUrl":"https:\/\/www.locansol.fr\/wp-content\/uploads\/2026\/04\/festival-jindama-culture-iberique-canet.webp","datePublished":"2026-04-24T14:07:25+00:00","dateModified":"2026-04-24T14:07:30+00:00","description":"Festival Jindama Canet-en-Roussillon : d\u00e9couvrez la culture ib\u00e9rique \u00e0 travers des spectacles de flamenco, des expositions et des saveurs espagnoles. Ne manquez pas cet \u00e9v\u00e9nement incontournable dans les Pyr\u00e9n\u00e9es-Orientales.","breadcrumb":{"@id":"https:\/\/www.locansol.fr\/festival-jindama-culture-iberique-canet\/#breadcrumb"},"inLanguage":"ca","potentialAction":[{"@type":"ReadAction","target":["https:\/\/www.locansol.fr\/festival-jindama-culture-iberique-canet\/"]}]},{"@type":"ImageObject","inLanguage":"ca","@id":"https:\/\/www.locansol.fr\/festival-jindama-culture-iberique-canet\/#primaryimage","url":"https:\/\/www.locansol.fr\/wp-content\/uploads\/2026\/04\/festival-jindama-culture-iberique-canet.webp","contentUrl":"https:\/\/www.locansol.fr\/wp-content\/uploads\/2026\/04\/festival-jindama-culture-iberique-canet.webp","width":1357,"height":1920,"caption":"Festival Jindama Canet-en-Roussillon \u2013 Immersion culture ib\u00e9rique"},{"@type":"BreadcrumbList","@id":"https:\/\/www.locansol.fr\/festival-jindama-culture-iberique-canet\/#breadcrumb","itemListElement":[{"@type":"ListItem","position":1,"name":"Accueil","item":"https:\/\/www.locansol.fr\/"},{"@type":"ListItem","position":2,"name":"Canet-en-Roussillon : Festival Jindama les 24 et 25 avril 2026 \u2013 Plong\u00e9e dans la culture ib\u00e9rique"}]},{"@type":"WebSite","@id":"https:\/\/www.locansol.fr\/#website","url":"https:\/\/www.locansol.fr\/","name":"Locansol, louer un h\u00e9bergement dans les Pyr\u00e9n\u00e9es-Orientales","description":"Location Mobil-home Mer M\u00e9diterran\u00e9e &amp; Chalet de Montagne dans les Pyr\u00e9n\u00e9es Orientales (Occitanie, 66). Weekend, s\u00e9jour &amp; vacances en famille et entre amis.","publisher":{"@id":"https:\/\/www.locansol.fr\/#organization"},"alternateName":"Louer un h\u00e9bergement dans les Pyr\u00e9n\u00e9es Orientales, chalet & mobil-home en Occitanie","potentialAction":[{"@type":"SearchAction","target":{"@type":"EntryPoint","urlTemplate":"https:\/\/www.locansol.fr\/?s={search_term_string}"},"query-input":{"@type":"PropertyValueSpecification","valueRequired":true,"valueName":"search_term_string"}}],"inLanguage":"ca"},{"@type":"Organization","@id":"https:\/\/www.locansol.fr\/#organization","name":"Location MobilHome & chalet dans les Pyr\u00e9n\u00e9es Orientales","alternateName":"Louer un h\u00e9bergement dans les Pyr\u00e9n\u00e9es Orientales en Occitanie","url":"https:\/\/www.locansol.fr\/","logo":{"@type":"ImageObject","inLanguage":"ca","@id":"https:\/\/www.locansol.fr\/#\/schema\/logo\/image\/","url":"https:\/\/www.locansol.fr\/wp-content\/uploads\/2024\/04\/AdobeStock_303324767-scaled.jpeg","contentUrl":"https:\/\/www.locansol.fr\/wp-content\/uploads\/2024\/04\/AdobeStock_303324767-scaled.jpeg","width":2560,"height":1707,"caption":"Location MobilHome & chalet dans les Pyr\u00e9n\u00e9es Orientales"},"image":{"@id":"https:\/\/www.locansol.fr\/#\/schema\/logo\/image\/"}},{"@type":"Person","@id":"https:\/\/www.locansol.fr\/#\/schema\/person\/0b08d440f1ac44674c6d498107de351d","name":"H\u00e9bergements Locansol","image":{"@type":"ImageObject","inLanguage":"ca","@id":"https:\/\/www.locansol.fr\/#\/schema\/person\/image\/","url":"https:\/\/secure.gravatar.com\/avatar\/444436b93284204f8116b6e0eb964cd3fcb811519c737232bde6dd5743c37ee5?s=96&d=mm&r=g","contentUrl":"https:\/\/secure.gravatar.com\/avatar\/444436b93284204f8116b6e0eb964cd3fcb811519c737232bde6dd5743c37ee5?s=96&d=mm&r=g","caption":"H\u00e9bergements Locansol"},"sameAs":["https:\/\/www.locansol.fr\/"],"url":"https:\/\/www.locansol.fr\/ca\/author\/locansol\/"}]}},"_links":{"self":[{"href":"https:\/\/www.locansol.fr\/ca\/wp-json\/wp\/v2\/posts\/6459","targetHints":{"allow":["GET"]}}],"collection":[{"href":"https:\/\/www.locansol.fr\/ca\/wp-json\/wp\/v2\/posts"}],"about":[{"href":"https:\/\/www.locansol.fr\/ca\/wp-json\/wp\/v2\/types\/post"}],"author":[{"embeddable":true,"href":"https:\/\/www.locansol.fr\/ca\/wp-json\/wp\/v2\/users\/5"}],"replies":[{"embeddable":true,"href":"https:\/\/www.locansol.fr\/ca\/wp-json\/wp\/v2\/comments?post=6459"}],"version-history":[{"count":1,"href":"https:\/\/www.locansol.fr\/ca\/wp-json\/wp\/v2\/posts\/6459\/revisions"}],"predecessor-version":[{"id":6460,"href":"https:\/\/www.locansol.fr\/ca\/wp-json\/wp\/v2\/posts\/6459\/revisions\/6460"}],"wp:featuredmedia":[{"embeddable":true,"href":"https:\/\/www.locansol.fr\/ca\/wp-json\/wp\/v2\/media\/6458"}],"wp:attachment":[{"href":"https:\/\/www.locansol.fr\/ca\/wp-json\/wp\/v2\/media?parent=6459"}],"wp:term":[{"taxonomy":"category","embeddable":true,"href":"https:\/\/www.locansol.fr\/ca\/wp-json\/wp\/v2\/categories?post=6459"},{"taxonomy":"post_tag","embeddable":true,"href":"https:\/\/www.locansol.fr\/ca\/wp-json\/wp\/v2\/tags?post=6459"}],"curies":[{"name":"wp","href":"https:\/\/api.w.org\/{rel}","templated":true}]}}