{"id":6470,"date":"2026-04-24T16:20:05","date_gmt":"2026-04-24T14:20:05","guid":{"rendered":"https:\/\/www.locansol.fr\/exposition-art-feminin-fourques\/"},"modified":"2026-04-24T16:20:10","modified_gmt":"2026-04-24T14:20:10","slug":"exposition-art-feminin-fourques","status":"publish","type":"post","link":"https:\/\/www.locansol.fr\/ca\/exposition-art-feminin-fourques\/","title":{"rendered":"Exposition \u00ab\u00a0Elles\u00a0\u00bb \u00e0 Fourques (24-30 avril) : L&rsquo;art au f\u00e9minin"},"content":{"rendered":"<p>Pendant une semaine, du 24 au 30 avril, la commune de Fourques met la lumi\u00e8re sur les femmes cr\u00e9atrices et leur r\u00f4le dans l\u2019histoire de l\u2019art avec une exposition unique intitul\u00e9e \u00ab Elles \u00bb. Organis\u00e9e dans le cadre de la promotion de l\u2019art et de la culture, cette rencontre s\u2019annonce comme un rendez-vous \u00e0 ne pas manquer pour les amateurs d\u2019art et de r\u00e9flexion culturelle.<\/p>\n<p>Le coup d\u2019envoi sera donn\u00e9 le lundi 24 avril \u00e0 18h dans l&rsquo;\u00c9glise de Fourques. Une conf\u00e9rence captivante anim\u00e9e par Alexandre Charrett-Dykes explorera le sujet des femmes peintres impressionnistes, ces figures souvent m\u00e9connues qui ont, pourtant, marqu\u00e9 l\u2019Histoire de l\u2019art avec brio. Ce moment privil\u00e9gi\u00e9 sera suivi du vernissage officiel de l\u2019exposition, d\u00e8s 19h30, dans le cadre chaleureux des Arts Buissonniers, situ\u00e9s au 12 avenue du Roussillon. Cette soir\u00e9e sera l\u2019occasion parfaite de d\u00e9couvrir les \u0153uvres et les artistes dans une ambiance conviviale.<\/p>\n<p>L\u2019exposition en elle-m\u00eame est une ode \u00e0 la cr\u00e9ativit\u00e9 f\u00e9minine. Vous pourrez y admirer les peinture de Mireille Laffitte, les sculptures de Floriane Ouliac, qui explorent avec sensibilit\u00e9 des th\u00e9matiques vari\u00e9es, et une bande sonore r\u00e9alis\u00e9e par Myriam Benayoun, questionnant la place des droits des femmes. L\u2019originalit\u00e9 de cette exposition r\u00e9side donc autant dans la diversit\u00e9 des m\u00e9diums artistiques propos\u00e9s que dans l\u2019engagement social des \u0153uvres.<\/p>\n<p>Vous recherchez une sortie culturelle qui a du sens et alimentera votre r\u00e9flexion ? Que vous soyez f\u00e9rus d&rsquo;art ou tout simplement curieux, cette exposition riche et inspirante saura certainement vous s\u00e9duire. Et en prime, l\u2019entr\u00e9e est enti\u00e8rement gratuite, une belle raison de se laisser tenter !<\/p>\n<p>\u00ab Elles \u00bb, au-del\u00e0 d\u2019une simple exposition, propose une semaine de d\u00e9couvertes artistiques profondes, sous un angle r\u00e9solument humain et attach\u00e9 aux valeurs d\u2019\u00e9galit\u00e9.<\/p>\n<p>\ud83d\udcc5 Pour ne pas manquer ces moments d\u2019\u00e9changes et d\u2019\u00e9motion, rendez-vous \u00e0 Fourques, du 24 au 30 avril. N\u2019oubliez pas, l\u2019entr\u00e9e est libre ! Pour toute question ou information suppl\u00e9mentaire, n\u2019h\u00e9sitez pas \u00e0 contacter les organisateurs au 07.68.51.76.87.<\/p>\n<h3>Informaci\u00f3 pr\u00e0ctica<\/h3>\n<p>\ud83d\udcc5 QUAND ? 24 au 30 avril<br \/>\ud83d\udccd O\u00d9 ? 12 avenue du Roussillon, Fourques<br \/>\ud83d\udcb6 COMBIEN ? Gratuit<\/p>","protected":false},"excerpt":{"rendered":"<p>L&rsquo;exposition \u00ab Elles \u00bb \u00e0 Fourques (24-30 avril) c\u00e9l\u00e8bre les femmes cr\u00e9atrices avec des \u0153uvres artistiques et une conf\u00e9rence passionnante.<\/p>","protected":false},"author":5,"featured_media":6469,"comment_status":"closed","ping_status":"open","sticky":false,"template":"","format":"standard","meta":{"_yoast_wpseo_focuskw":"Exposition art f\u00e9minin Fourques","_yoast_wpseo_title":"Exposition Elles Fourques \u2013 L'art au f\u00e9minin en avril","_yoast_wpseo_metadesc":"Exposition Elles Fourques met en lumi\u00e8re les femmes cr\u00e9atrices du 24 au 30 avril. D\u00e9couvrez des peintures, sculptures et une bande sonore engag\u00e9e dans les Pyr\u00e9n\u00e9es-Orientales. Entr\u00e9e gratuite.","_yoast_wpseo_canonical":"","_yoast_wpseo_opengraph-title":"D\u00e9couvrez l'art f\u00e9minin \u00e0 Fourques : une exposition inspirante et gratuite !","_yoast_wpseo_opengraph-description":"Plongez dans l'univers cr\u00e9atif des femmes artistes \u00e0 Fourques. Peintures, sculptures et sons pour une exp\u00e9rience culturelle unique et gratuite.","_yoast_wpseo_opengraph-image":"https:\/\/www.locansol.fr\/wp-content\/uploads\/2026\/04\/exposition-art-feminin-fourques.webp","_yoast_wpseo_opengraph-image-id":"","_yoast_wpseo_twitter-title":"Exposition Elles \u00e0 Fourques : c\u00e9l\u00e9brez l'art f\u00e9minin !","_yoast_wpseo_twitter-description":"D\u00e9couvrez l'exposition Elles \u00e0 Fourques du 24 au 30 avril. Une c\u00e9l\u00e9bration de l'art f\u00e9minin avec peintures, sculptures et sons. Entr\u00e9e gratuite !","_yoast_wpseo_twitter-image":"https:\/\/www.locansol.fr\/wp-content\/uploads\/2026\/04\/exposition-art-feminin-fourques.webp","_yoast_wpseo_twitter-image-id":"","yoast_primary_category":"D\u00e9bat \/ Conf\u00e9rence","footnotes":""},"categories":[47],"tags":[66,76],"class_list":["post-6470","post","type-post","status-publish","format-standard","has-post-thumbnail","hentry","category-foire","tag-evenement-culturel","tag-pyrenees-orientales"],"yoast_head":"<!-- This site is optimized with the Yoast SEO Premium plugin v23.3 (Yoast SEO v26.9) - https:\/\/yoast.com\/product\/yoast-seo-premium-wordpress\/ -->\n<title>Exposition Elles Fourques \u2013 L&#039;art au f\u00e9minin en avril<\/title>\n<meta name=\"description\" content=\"Exposition Elles Fourques met en lumi\u00e8re les femmes cr\u00e9atrices du 24 au 30 avril. D\u00e9couvrez des peintures, sculptures et une bande sonore engag\u00e9e dans les Pyr\u00e9n\u00e9es-Orientales. Entr\u00e9e gratuite.\" \/>\n<meta name=\"robots\" content=\"index, follow, max-snippet:-1, max-image-preview:large, max-video-preview:-1\" \/>\n<link rel=\"canonical\" href=\"https:\/\/www.locansol.fr\/ca\/exposition-art-feminin-fourques\/\" \/>\n<meta property=\"og:locale\" content=\"ca_ES\" \/>\n<meta property=\"og:type\" content=\"article\" \/>\n<meta property=\"og:title\" content=\"D\u00e9couvrez l&#039;art f\u00e9minin \u00e0 Fourques : une exposition inspirante et gratuite !\" \/>\n<meta property=\"og:description\" content=\"Plongez dans l&#039;univers cr\u00e9atif des femmes artistes \u00e0 Fourques. Peintures, sculptures et sons pour une exp\u00e9rience culturelle unique et gratuite.\" \/>\n<meta property=\"og:url\" content=\"https:\/\/www.locansol.fr\/ca\/exposition-art-feminin-fourques\/\" \/>\n<meta property=\"og:site_name\" content=\"Locansol, louer un h\u00e9bergement dans les Pyr\u00e9n\u00e9es Orientales\" \/>\n<meta property=\"article:published_time\" content=\"2026-04-24T14:20:05+00:00\" \/>\n<meta property=\"article:modified_time\" content=\"2026-04-24T14:20:10+00:00\" \/>\n<meta property=\"og:image\" content=\"https:\/\/www.locansol.fr\/wp-content\/uploads\/2026\/04\/exposition-art-feminin-fourques.webp\" \/>\n<meta name=\"author\" content=\"H\u00e9bergements Locansol\" \/>\n<meta name=\"twitter:card\" content=\"summary_large_image\" \/>\n<meta name=\"twitter:title\" content=\"Exposition Elles \u00e0 Fourques : c\u00e9l\u00e9brez l&#039;art f\u00e9minin !\" \/>\n<meta name=\"twitter:description\" content=\"D\u00e9couvrez l&#039;exposition Elles \u00e0 Fourques du 24 au 30 avril. Une c\u00e9l\u00e9bration de l&#039;art f\u00e9minin avec peintures, sculptures et sons. Entr\u00e9e gratuite !\" \/>\n<meta name=\"twitter:image\" content=\"https:\/\/www.locansol.fr\/wp-content\/uploads\/2026\/04\/exposition-art-feminin-fourques.webp\" \/>\n<meta name=\"twitter:label1\" content=\"Escrit per\" \/>\n\t<meta name=\"twitter:data1\" content=\"H\u00e9bergements Locansol\" \/>\n\t<meta name=\"twitter:label2\" content=\"Temps estimat de lectura\" \/>\n\t<meta name=\"twitter:data2\" content=\"2 minuts\" \/>\n<script type=\"application\/ld+json\" class=\"yoast-schema-graph\">{\"@context\":\"https:\/\/schema.org\",\"@graph\":[{\"@type\":\"Article\",\"@id\":\"https:\/\/www.locansol.fr\/exposition-art-feminin-fourques\/#article\",\"isPartOf\":{\"@id\":\"https:\/\/www.locansol.fr\/exposition-art-feminin-fourques\/\"},\"author\":{\"name\":\"H\u00e9bergements Locansol\",\"@id\":\"https:\/\/www.locansol.fr\/#\/schema\/person\/0b08d440f1ac44674c6d498107de351d\"},\"headline\":\"Exposition \u00ab\u00a0Elles\u00a0\u00bb \u00e0 Fourques (24-30 avril) : L&rsquo;art au f\u00e9minin\",\"datePublished\":\"2026-04-24T14:20:05+00:00\",\"dateModified\":\"2026-04-24T14:20:10+00:00\",\"mainEntityOfPage\":{\"@id\":\"https:\/\/www.locansol.fr\/exposition-art-feminin-fourques\/\"},\"wordCount\":382,\"publisher\":{\"@id\":\"https:\/\/www.locansol.fr\/#organization\"},\"image\":{\"@id\":\"https:\/\/www.locansol.fr\/exposition-art-feminin-fourques\/#primaryimage\"},\"thumbnailUrl\":\"https:\/\/www.locansol.fr\/wp-content\/uploads\/2026\/04\/exposition-art-feminin-fourques.webp\",\"keywords\":[\"\u00c9v\u00e8nement culturel\",\"Pyr\u00e9n\u00e9es-Orientales\"],\"articleSection\":[\"Foire\"],\"inLanguage\":\"ca\"},{\"@type\":\"WebPage\",\"@id\":\"https:\/\/www.locansol.fr\/exposition-art-feminin-fourques\/\",\"url\":\"https:\/\/www.locansol.fr\/exposition-art-feminin-fourques\/\",\"name\":\"Exposition Elles Fourques \u2013 L'art au f\u00e9minin en avril\",\"isPartOf\":{\"@id\":\"https:\/\/www.locansol.fr\/#website\"},\"primaryImageOfPage\":{\"@id\":\"https:\/\/www.locansol.fr\/exposition-art-feminin-fourques\/#primaryimage\"},\"image\":{\"@id\":\"https:\/\/www.locansol.fr\/exposition-art-feminin-fourques\/#primaryimage\"},\"thumbnailUrl\":\"https:\/\/www.locansol.fr\/wp-content\/uploads\/2026\/04\/exposition-art-feminin-fourques.webp\",\"datePublished\":\"2026-04-24T14:20:05+00:00\",\"dateModified\":\"2026-04-24T14:20:10+00:00\",\"description\":\"Exposition Elles Fourques met en lumi\u00e8re les femmes cr\u00e9atrices du 24 au 30 avril. D\u00e9couvrez des peintures, sculptures et une bande sonore engag\u00e9e dans les Pyr\u00e9n\u00e9es-Orientales. Entr\u00e9e gratuite.\",\"breadcrumb\":{\"@id\":\"https:\/\/www.locansol.fr\/exposition-art-feminin-fourques\/#breadcrumb\"},\"inLanguage\":\"ca\",\"potentialAction\":[{\"@type\":\"ReadAction\",\"target\":[\"https:\/\/www.locansol.fr\/exposition-art-feminin-fourques\/\"]}]},{\"@type\":\"ImageObject\",\"inLanguage\":\"ca\",\"@id\":\"https:\/\/www.locansol.fr\/exposition-art-feminin-fourques\/#primaryimage\",\"url\":\"https:\/\/www.locansol.fr\/wp-content\/uploads\/2026\/04\/exposition-art-feminin-fourques.webp\",\"contentUrl\":\"https:\/\/www.locansol.fr\/wp-content\/uploads\/2026\/04\/exposition-art-feminin-fourques.webp\",\"width\":1050,\"height\":1485,\"caption\":\"Exposition Elles Fourques \u2013 L'art au f\u00e9minin en avril\"},{\"@type\":\"BreadcrumbList\",\"@id\":\"https:\/\/www.locansol.fr\/exposition-art-feminin-fourques\/#breadcrumb\",\"itemListElement\":[{\"@type\":\"ListItem\",\"position\":1,\"name\":\"Accueil\",\"item\":\"https:\/\/www.locansol.fr\/\"},{\"@type\":\"ListItem\",\"position\":2,\"name\":\"Exposition \u00ab\u00a0Elles\u00a0\u00bb \u00e0 Fourques (24-30 avril) : L&rsquo;art au f\u00e9minin\"}]},{\"@type\":\"WebSite\",\"@id\":\"https:\/\/www.locansol.fr\/#website\",\"url\":\"https:\/\/www.locansol.fr\/\",\"name\":\"Locansol, louer un h\u00e9bergement dans les Pyr\u00e9n\u00e9es-Orientales\",\"description\":\"Location Mobil-home Mer M\u00e9diterran\u00e9e &amp; Chalet de Montagne dans les Pyr\u00e9n\u00e9es Orientales (Occitanie, 66). Weekend, s\u00e9jour &amp; vacances en famille et entre amis.\",\"publisher\":{\"@id\":\"https:\/\/www.locansol.fr\/#organization\"},\"alternateName\":\"Louer un h\u00e9bergement dans les Pyr\u00e9n\u00e9es Orientales, chalet & mobil-home en Occitanie\",\"potentialAction\":[{\"@type\":\"SearchAction\",\"target\":{\"@type\":\"EntryPoint\",\"urlTemplate\":\"https:\/\/www.locansol.fr\/?s={search_term_string}\"},\"query-input\":{\"@type\":\"PropertyValueSpecification\",\"valueRequired\":true,\"valueName\":\"search_term_string\"}}],\"inLanguage\":\"ca\"},{\"@type\":\"Organization\",\"@id\":\"https:\/\/www.locansol.fr\/#organization\",\"name\":\"Location MobilHome & chalet dans les Pyr\u00e9n\u00e9es Orientales\",\"alternateName\":\"Louer un h\u00e9bergement dans les Pyr\u00e9n\u00e9es Orientales en Occitanie\",\"url\":\"https:\/\/www.locansol.fr\/\",\"logo\":{\"@type\":\"ImageObject\",\"inLanguage\":\"ca\",\"@id\":\"https:\/\/www.locansol.fr\/#\/schema\/logo\/image\/\",\"url\":\"https:\/\/www.locansol.fr\/wp-content\/uploads\/2024\/04\/AdobeStock_303324767-scaled.jpeg\",\"contentUrl\":\"https:\/\/www.locansol.fr\/wp-content\/uploads\/2024\/04\/AdobeStock_303324767-scaled.jpeg\",\"width\":2560,\"height\":1707,\"caption\":\"Location MobilHome & chalet dans les Pyr\u00e9n\u00e9es Orientales\"},\"image\":{\"@id\":\"https:\/\/www.locansol.fr\/#\/schema\/logo\/image\/\"}},{\"@type\":\"Person\",\"@id\":\"https:\/\/www.locansol.fr\/#\/schema\/person\/0b08d440f1ac44674c6d498107de351d\",\"name\":\"H\u00e9bergements Locansol\",\"image\":{\"@type\":\"ImageObject\",\"inLanguage\":\"ca\",\"@id\":\"https:\/\/www.locansol.fr\/#\/schema\/person\/image\/\",\"url\":\"https:\/\/secure.gravatar.com\/avatar\/444436b93284204f8116b6e0eb964cd3fcb811519c737232bde6dd5743c37ee5?s=96&d=mm&r=g\",\"contentUrl\":\"https:\/\/secure.gravatar.com\/avatar\/444436b93284204f8116b6e0eb964cd3fcb811519c737232bde6dd5743c37ee5?s=96&d=mm&r=g\",\"caption\":\"H\u00e9bergements Locansol\"},\"sameAs\":[\"https:\/\/www.locansol.fr\/\"],\"url\":\"https:\/\/www.locansol.fr\/ca\/author\/locansol\/\"}]}<\/script>\n<!-- \/ Yoast SEO Premium plugin. -->","yoast_head_json":{"title":"Exposition Elles Fourques \u2013 L'art au f\u00e9minin en avril","description":"Exposition Elles Fourques met en lumi\u00e8re les femmes cr\u00e9atrices du 24 au 30 avril. D\u00e9couvrez des peintures, sculptures et une bande sonore engag\u00e9e dans les Pyr\u00e9n\u00e9es-Orientales. Entr\u00e9e gratuite.","robots":{"index":"index","follow":"follow","max-snippet":"max-snippet:-1","max-image-preview":"max-image-preview:large","max-video-preview":"max-video-preview:-1"},"canonical":"https:\/\/www.locansol.fr\/ca\/exposition-art-feminin-fourques\/","og_locale":"ca_ES","og_type":"article","og_title":"D\u00e9couvrez l'art f\u00e9minin \u00e0 Fourques : une exposition inspirante et gratuite !","og_description":"Plongez dans l'univers cr\u00e9atif des femmes artistes \u00e0 Fourques. Peintures, sculptures et sons pour une exp\u00e9rience culturelle unique et gratuite.","og_url":"https:\/\/www.locansol.fr\/ca\/exposition-art-feminin-fourques\/","og_site_name":"Locansol, louer un h\u00e9bergement dans les Pyr\u00e9n\u00e9es Orientales","article_published_time":"2026-04-24T14:20:05+00:00","article_modified_time":"2026-04-24T14:20:10+00:00","og_image":[{"url":"https:\/\/www.locansol.fr\/wp-content\/uploads\/2026\/04\/exposition-art-feminin-fourques.webp","type":"","width":"","height":""}],"author":"H\u00e9bergements Locansol","twitter_card":"summary_large_image","twitter_title":"Exposition Elles \u00e0 Fourques : c\u00e9l\u00e9brez l'art f\u00e9minin !","twitter_description":"D\u00e9couvrez l'exposition Elles \u00e0 Fourques du 24 au 30 avril. Une c\u00e9l\u00e9bration de l'art f\u00e9minin avec peintures, sculptures et sons. Entr\u00e9e gratuite !","twitter_image":"https:\/\/www.locansol.fr\/wp-content\/uploads\/2026\/04\/exposition-art-feminin-fourques.webp","twitter_misc":{"Escrit per":"H\u00e9bergements Locansol","Temps estimat de lectura":"2 minuts"},"schema":{"@context":"https:\/\/schema.org","@graph":[{"@type":"Article","@id":"https:\/\/www.locansol.fr\/exposition-art-feminin-fourques\/#article","isPartOf":{"@id":"https:\/\/www.locansol.fr\/exposition-art-feminin-fourques\/"},"author":{"name":"H\u00e9bergements Locansol","@id":"https:\/\/www.locansol.fr\/#\/schema\/person\/0b08d440f1ac44674c6d498107de351d"},"headline":"Exposition \u00ab\u00a0Elles\u00a0\u00bb \u00e0 Fourques (24-30 avril) : L&rsquo;art au f\u00e9minin","datePublished":"2026-04-24T14:20:05+00:00","dateModified":"2026-04-24T14:20:10+00:00","mainEntityOfPage":{"@id":"https:\/\/www.locansol.fr\/exposition-art-feminin-fourques\/"},"wordCount":382,"publisher":{"@id":"https:\/\/www.locansol.fr\/#organization"},"image":{"@id":"https:\/\/www.locansol.fr\/exposition-art-feminin-fourques\/#primaryimage"},"thumbnailUrl":"https:\/\/www.locansol.fr\/wp-content\/uploads\/2026\/04\/exposition-art-feminin-fourques.webp","keywords":["\u00c9v\u00e8nement culturel","Pyr\u00e9n\u00e9es-Orientales"],"articleSection":["Foire"],"inLanguage":"ca"},{"@type":"WebPage","@id":"https:\/\/www.locansol.fr\/exposition-art-feminin-fourques\/","url":"https:\/\/www.locansol.fr\/exposition-art-feminin-fourques\/","name":"Exposition Elles Fourques \u2013 L'art au f\u00e9minin en avril","isPartOf":{"@id":"https:\/\/www.locansol.fr\/#website"},"primaryImageOfPage":{"@id":"https:\/\/www.locansol.fr\/exposition-art-feminin-fourques\/#primaryimage"},"image":{"@id":"https:\/\/www.locansol.fr\/exposition-art-feminin-fourques\/#primaryimage"},"thumbnailUrl":"https:\/\/www.locansol.fr\/wp-content\/uploads\/2026\/04\/exposition-art-feminin-fourques.webp","datePublished":"2026-04-24T14:20:05+00:00","dateModified":"2026-04-24T14:20:10+00:00","description":"Exposition Elles Fourques met en lumi\u00e8re les femmes cr\u00e9atrices du 24 au 30 avril. D\u00e9couvrez des peintures, sculptures et une bande sonore engag\u00e9e dans les Pyr\u00e9n\u00e9es-Orientales. Entr\u00e9e gratuite.","breadcrumb":{"@id":"https:\/\/www.locansol.fr\/exposition-art-feminin-fourques\/#breadcrumb"},"inLanguage":"ca","potentialAction":[{"@type":"ReadAction","target":["https:\/\/www.locansol.fr\/exposition-art-feminin-fourques\/"]}]},{"@type":"ImageObject","inLanguage":"ca","@id":"https:\/\/www.locansol.fr\/exposition-art-feminin-fourques\/#primaryimage","url":"https:\/\/www.locansol.fr\/wp-content\/uploads\/2026\/04\/exposition-art-feminin-fourques.webp","contentUrl":"https:\/\/www.locansol.fr\/wp-content\/uploads\/2026\/04\/exposition-art-feminin-fourques.webp","width":1050,"height":1485,"caption":"Exposition Elles Fourques \u2013 L'art au f\u00e9minin en avril"},{"@type":"BreadcrumbList","@id":"https:\/\/www.locansol.fr\/exposition-art-feminin-fourques\/#breadcrumb","itemListElement":[{"@type":"ListItem","position":1,"name":"Accueil","item":"https:\/\/www.locansol.fr\/"},{"@type":"ListItem","position":2,"name":"Exposition \u00ab\u00a0Elles\u00a0\u00bb \u00e0 Fourques (24-30 avril) : L&rsquo;art au f\u00e9minin"}]},{"@type":"WebSite","@id":"https:\/\/www.locansol.fr\/#website","url":"https:\/\/www.locansol.fr\/","name":"Locansol, louer un h\u00e9bergement dans les Pyr\u00e9n\u00e9es-Orientales","description":"Location Mobil-home Mer M\u00e9diterran\u00e9e &amp; Chalet de Montagne dans les Pyr\u00e9n\u00e9es Orientales (Occitanie, 66). Weekend, s\u00e9jour &amp; vacances en famille et entre amis.","publisher":{"@id":"https:\/\/www.locansol.fr\/#organization"},"alternateName":"Louer un h\u00e9bergement dans les Pyr\u00e9n\u00e9es Orientales, chalet & mobil-home en Occitanie","potentialAction":[{"@type":"SearchAction","target":{"@type":"EntryPoint","urlTemplate":"https:\/\/www.locansol.fr\/?s={search_term_string}"},"query-input":{"@type":"PropertyValueSpecification","valueRequired":true,"valueName":"search_term_string"}}],"inLanguage":"ca"},{"@type":"Organization","@id":"https:\/\/www.locansol.fr\/#organization","name":"Location MobilHome & chalet dans les Pyr\u00e9n\u00e9es Orientales","alternateName":"Louer un h\u00e9bergement dans les Pyr\u00e9n\u00e9es Orientales en Occitanie","url":"https:\/\/www.locansol.fr\/","logo":{"@type":"ImageObject","inLanguage":"ca","@id":"https:\/\/www.locansol.fr\/#\/schema\/logo\/image\/","url":"https:\/\/www.locansol.fr\/wp-content\/uploads\/2024\/04\/AdobeStock_303324767-scaled.jpeg","contentUrl":"https:\/\/www.locansol.fr\/wp-content\/uploads\/2024\/04\/AdobeStock_303324767-scaled.jpeg","width":2560,"height":1707,"caption":"Location MobilHome & chalet dans les Pyr\u00e9n\u00e9es Orientales"},"image":{"@id":"https:\/\/www.locansol.fr\/#\/schema\/logo\/image\/"}},{"@type":"Person","@id":"https:\/\/www.locansol.fr\/#\/schema\/person\/0b08d440f1ac44674c6d498107de351d","name":"H\u00e9bergements Locansol","image":{"@type":"ImageObject","inLanguage":"ca","@id":"https:\/\/www.locansol.fr\/#\/schema\/person\/image\/","url":"https:\/\/secure.gravatar.com\/avatar\/444436b93284204f8116b6e0eb964cd3fcb811519c737232bde6dd5743c37ee5?s=96&d=mm&r=g","contentUrl":"https:\/\/secure.gravatar.com\/avatar\/444436b93284204f8116b6e0eb964cd3fcb811519c737232bde6dd5743c37ee5?s=96&d=mm&r=g","caption":"H\u00e9bergements Locansol"},"sameAs":["https:\/\/www.locansol.fr\/"],"url":"https:\/\/www.locansol.fr\/ca\/author\/locansol\/"}]}},"_links":{"self":[{"href":"https:\/\/www.locansol.fr\/ca\/wp-json\/wp\/v2\/posts\/6470","targetHints":{"allow":["GET"]}}],"collection":[{"href":"https:\/\/www.locansol.fr\/ca\/wp-json\/wp\/v2\/posts"}],"about":[{"href":"https:\/\/www.locansol.fr\/ca\/wp-json\/wp\/v2\/types\/post"}],"author":[{"embeddable":true,"href":"https:\/\/www.locansol.fr\/ca\/wp-json\/wp\/v2\/users\/5"}],"replies":[{"embeddable":true,"href":"https:\/\/www.locansol.fr\/ca\/wp-json\/wp\/v2\/comments?post=6470"}],"version-history":[{"count":1,"href":"https:\/\/www.locansol.fr\/ca\/wp-json\/wp\/v2\/posts\/6470\/revisions"}],"predecessor-version":[{"id":6471,"href":"https:\/\/www.locansol.fr\/ca\/wp-json\/wp\/v2\/posts\/6470\/revisions\/6471"}],"wp:featuredmedia":[{"embeddable":true,"href":"https:\/\/www.locansol.fr\/ca\/wp-json\/wp\/v2\/media\/6469"}],"wp:attachment":[{"href":"https:\/\/www.locansol.fr\/ca\/wp-json\/wp\/v2\/media?parent=6470"}],"wp:term":[{"taxonomy":"category","embeddable":true,"href":"https:\/\/www.locansol.fr\/ca\/wp-json\/wp\/v2\/categories?post=6470"},{"taxonomy":"post_tag","embeddable":true,"href":"https:\/\/www.locansol.fr\/ca\/wp-json\/wp\/v2\/tags?post=6470"}],"curies":[{"name":"wp","href":"https:\/\/api.w.org\/{rel}","templated":true}]}}