{"id":6604,"date":"2026-04-27T00:09:20","date_gmt":"2026-04-26T22:09:20","guid":{"rendered":"https:\/\/www.locansol.fr\/exposition-chef-d-oeuvre-monumental-perpignan-5\/"},"modified":"2026-04-27T00:09:24","modified_gmt":"2026-04-26T22:09:24","slug":"exposition-chef-d-oeuvre-monumental-perpignan-5","status":"publish","type":"post","link":"https:\/\/www.locansol.fr\/ca\/exposition-chef-d-oeuvre-monumental-perpignan-5\/","title":{"rendered":"Perpignan, printemps 2024 : L\u2019exposition monumentale \u00e0 ne pas manquer au mus\u00e9e Hyacinthe Rigaud"},"content":{"rendered":"<p>Ce printemps, la ville de Perpignan accueille un \u00e9v\u00e9nement culturel majeur autour d\u2019un tr\u00e9sor m\u00e9connu de son patrimoine. Du 24 mars au 31 mai 2024, le mus\u00e9e d\u2019art Hyacinthe Rigaud propose l\u2019exposition exceptionnelle \u00ab La Red\u00e9couverte d\u2019un Chef-d\u2019\u0152uvre Monumental \u00bb, d\u00e9di\u00e9e aux majestueux volets du grand orgue de la cath\u00e9drale Saint-Jean-Baptiste. Cette exposition unique permettra aux amoureux d\u2019art et d\u2019histoire de plonger dans l\u2019histoire fascinante de ces \u0153uvres monumentales, v\u00e9ritables joyaux du patrimoine r\u00e9gional.<\/p>\n<p>R\u00e9alis\u00e9s en 1504, les volets du grand orgue de la cath\u00e9drale se distinguent par leurs dimensions spectaculaires : chacun d\u2019entre eux mesure 12,6 m\u00e8tres de haut sur 4,3 m\u00e8tres de large, pour une surface de plus de 83 m\u00b2. Ce sont des \u0153uvres uniques dans le monde occidental, peints \u00e0 la d\u00e9trempe sur toile. Leur face principale pr\u00e9sente une riche polychromie, tandis que leur revers d\u00e9voile une magnifique grisaille soign\u00e9e. \u00c0 l\u2019origine, ces panneaux faisaient partie int\u00e9grante du buffet de l\u2019orgue et \u00e9taient d\u00e9ploy\u00e9s \u00e0 diff\u00e9rentes p\u00e9riodes du calendrier liturgique, \u00e9tablissant un dialogue harmonieux entre musique, image et architecture sacr\u00e9e.<\/p>\n<p>Malheureusement, au XIXe si\u00e8cle, ces volets ont \u00e9t\u00e9 d\u00e9plac\u00e9s et fix\u00e9s au-dessus de la porte dite \u00ab de Bethl\u00e9em \u00bb, dans une position devenue presque inaccessibles au regard du public. Cons\u00e9quence, ces chefs-d\u2019\u0153uvre avaient jusqu\u2019ici \u00e9t\u00e9 largement oubli\u00e9s. Gr\u00e2ce \u00e0 une ambitieuse initiative de restauration men\u00e9e par la Direction r\u00e9gionale des affaires culturelles (DRAC) d\u2019Occitanie depuis 2022, ces \u0153uvres monumentales retrouvent aujourd\u2019hui leur \u00e9clat d\u2019origine. L\u2019exposition proposera ainsi une plong\u00e9e au c\u0153ur de leur histoire, de leur cr\u00e9ation \u00e0 leur restauration, en mettant en lumi\u00e8re les techniques d\u00e9licates et minutieuses utilis\u00e9es par des restaurateurs chevronn\u00e9s pour pr\u00e9server leur beaut\u00e9 inestimable.<\/p>\n<p>Le cadre exceptionnel du mus\u00e9e Hyacinthe Rigaud, situ\u00e9 au c\u0153ur de Perpignan au 21 Rue Mailly, se pr\u00eate parfaitement \u00e0 cet \u00e9v\u00e9nement. Mais la cath\u00e9drale Saint-Jean-Baptiste, qui abritait \u00e0 l\u2019origine ces volets monumentaux, reste \u00e9galement au centre de cette histoire patrimoniale, enrichissant l\u2019ambiance sacr\u00e9e et immersive que les visiteurs vivront.<\/p>\n<p>Cette exposition est non seulement une occasion unique de contempler ces pi\u00e8ces magistrales, mais aussi une invitation \u00e0 r\u00e9fl\u00e9chir sur l\u2019importance de la pr\u00e9servation du patrimoine. D\u00e9couvrir leur pass\u00e9, comprendre leur usage et suivre leur lent travail de restauration, c\u2019est plonger dans l\u2019art et l\u2019histoire d\u2019une \u00e9poque r\u00e9volue mais toujours fascinante.<\/p>\n<p>Alors, que vous soyez passionn\u00e9 d\u2019art, curieux d\u2019histoire ou simplement \u00e0 la recherche d\u2019une exp\u00e9rience culturelle captivante, ne manquez pas cette rencontre avec un tr\u00e9sor unique au monde. Plongez dans l\u2019univers monumental des volets du grand orgue, et laissez la magie de ce lieu d\u2019exception stimuler votre imagination et \u00e9merveiller vos sens.<\/p>\n<p>\ud83d\udcc5 QUAND ? Du 24 mars au 31 mai 2024<br \/>\ud83d\udccd O\u00d9 ? Mus\u00e9e d\u2019art Hyacinthe Rigaud, 21 Rue Mailly, Perpignan<br \/>\ud83d\udcb6 COMBIEN ? 8,00 \u20ac<\/p>\n<h3>Informaci\u00f3 pr\u00e0ctica<\/h3>\n<p>\ud83d\udcc5 QUAND ? Du 24 mars au 31 mai 2024<br \/>\ud83d\udccd O\u00d9 ? Mus\u00e9e d\u2019art Hyacinthe Rigaud, 21 Rue Mailly, Perpignan<br \/>\ud83d\udcb6 COMBIEN ? 8,00 \u20ac<\/p>","protected":false},"excerpt":{"rendered":"<p>Plongez dans l&rsquo;univers unique des volets monumentaux du grand orgue de la cath\u00e9drale de Perpignan \u00e0 travers l\u2019exposition exceptionnelle au mus\u00e9e d&rsquo;art Hyacinthe Rigaud.<\/p>","protected":false},"author":5,"featured_media":6603,"comment_status":"closed","ping_status":"open","sticky":false,"template":"","format":"standard","meta":{"_yoast_wpseo_focuskw":"exposition chef-d\u2019\u0153uvre monumental Perpignan","_yoast_wpseo_title":"La Red\u00e9couverte d\u2019un Chef-d\u2019\u0152uvre Monumental Perpignan","_yoast_wpseo_metadesc":"La Red\u00e9couverte d\u2019un Chef-d\u2019\u0152uvre Monumental Perpignan. D\u00e9couvrez l'histoire fascinante des volets du grand orgue de la cath\u00e9drale Saint-Jean-Baptiste au mus\u00e9e Hyacinthe Rigaud. Une exposition unique dans les Pyr\u00e9n\u00e9es-Orientales.","_yoast_wpseo_canonical":"","_yoast_wpseo_opengraph-title":"D\u00e9couvrez un tr\u00e9sor cach\u00e9 : Perpignan expose ses chefs-d\u2019\u0153uvre monumentaux","_yoast_wpseo_opengraph-description":"Plongez dans l\u2019univers fascinant des volets du grand orgue de Perpignan. Une exposition immersive au mus\u00e9e Hyacinthe Rigaud vous attend pour une exp\u00e9rience culturelle inoubliable.","_yoast_wpseo_opengraph-image":"https:\/\/www.locansol.fr\/wp-content\/uploads\/2026\/04\/exposition-chef-d-oeuvre-monumental-perpignan-4.webp","_yoast_wpseo_opengraph-image-id":"","_yoast_wpseo_twitter-title":"D\u00e9couvrez un tr\u00e9sor cach\u00e9 \u00e0 Perpignan : l'exposition monumentale","_yoast_wpseo_twitter-description":"Plongez dans l'histoire fascinante des volets du grand orgue de la cath\u00e9drale Saint-Jean-Baptiste \u00e0 Perpignan. Une exposition unique \u00e0 ne pas manquer !","_yoast_wpseo_twitter-image":"https:\/\/www.locansol.fr\/wp-content\/uploads\/2026\/04\/exposition-chef-d-oeuvre-monumental-perpignan-4.webp","_yoast_wpseo_twitter-image-id":"","yoast_primary_category":"Exposition","footnotes":""},"categories":[35],"tags":[66,76],"class_list":["post-6604","post","type-post","status-publish","format-standard","has-post-thumbnail","hentry","category-carnaval","tag-evenement-culturel","tag-pyrenees-orientales"],"yoast_head":"<!-- This site is optimized with the Yoast SEO Premium plugin v23.3 (Yoast SEO v26.9) - https:\/\/yoast.com\/product\/yoast-seo-premium-wordpress\/ -->\n<title>La Red\u00e9couverte d\u2019un Chef-d\u2019\u0152uvre Monumental Perpignan<\/title>\n<meta name=\"description\" content=\"La Red\u00e9couverte d\u2019un Chef-d\u2019\u0152uvre Monumental Perpignan. D\u00e9couvrez l&#039;histoire fascinante des volets du grand orgue de la cath\u00e9drale Saint-Jean-Baptiste au mus\u00e9e Hyacinthe Rigaud. Une exposition unique dans les Pyr\u00e9n\u00e9es-Orientales.\" \/>\n<meta name=\"robots\" content=\"index, follow, max-snippet:-1, max-image-preview:large, max-video-preview:-1\" \/>\n<link rel=\"canonical\" href=\"https:\/\/www.locansol.fr\/ca\/exposition-chef-d-oeuvre-monumental-perpignan-5\/\" \/>\n<meta property=\"og:locale\" content=\"ca_ES\" \/>\n<meta property=\"og:type\" content=\"article\" \/>\n<meta property=\"og:title\" content=\"D\u00e9couvrez un tr\u00e9sor cach\u00e9 : Perpignan expose ses chefs-d\u2019\u0153uvre monumentaux\" \/>\n<meta property=\"og:description\" content=\"Plongez dans l\u2019univers fascinant des volets du grand orgue de Perpignan. Une exposition immersive au mus\u00e9e Hyacinthe Rigaud vous attend pour une exp\u00e9rience culturelle inoubliable.\" \/>\n<meta property=\"og:url\" content=\"https:\/\/www.locansol.fr\/ca\/exposition-chef-d-oeuvre-monumental-perpignan-5\/\" \/>\n<meta property=\"og:site_name\" content=\"Locansol, louer un h\u00e9bergement dans les Pyr\u00e9n\u00e9es Orientales\" \/>\n<meta property=\"article:published_time\" content=\"2026-04-26T22:09:20+00:00\" \/>\n<meta property=\"article:modified_time\" content=\"2026-04-26T22:09:24+00:00\" \/>\n<meta property=\"og:image\" content=\"https:\/\/www.locansol.fr\/wp-content\/uploads\/2026\/04\/exposition-chef-d-oeuvre-monumental-perpignan-4.webp\" \/>\n<meta name=\"author\" content=\"H\u00e9bergements Locansol\" \/>\n<meta name=\"twitter:card\" content=\"summary_large_image\" \/>\n<meta name=\"twitter:title\" content=\"D\u00e9couvrez un tr\u00e9sor cach\u00e9 \u00e0 Perpignan : l&#039;exposition monumentale\" \/>\n<meta name=\"twitter:description\" content=\"Plongez dans l&#039;histoire fascinante des volets du grand orgue de la cath\u00e9drale Saint-Jean-Baptiste \u00e0 Perpignan. Une exposition unique \u00e0 ne pas manquer !\" \/>\n<meta name=\"twitter:image\" content=\"https:\/\/www.locansol.fr\/wp-content\/uploads\/2026\/04\/exposition-chef-d-oeuvre-monumental-perpignan-4.webp\" \/>\n<meta name=\"twitter:label1\" content=\"Escrit per\" \/>\n\t<meta name=\"twitter:data1\" content=\"H\u00e9bergements Locansol\" \/>\n\t<meta name=\"twitter:label2\" content=\"Temps estimat de lectura\" \/>\n\t<meta name=\"twitter:data2\" content=\"3 minuts\" \/>\n<script type=\"application\/ld+json\" class=\"yoast-schema-graph\">{\"@context\":\"https:\/\/schema.org\",\"@graph\":[{\"@type\":\"Article\",\"@id\":\"https:\/\/www.locansol.fr\/exposition-chef-d-oeuvre-monumental-perpignan-5\/#article\",\"isPartOf\":{\"@id\":\"https:\/\/www.locansol.fr\/exposition-chef-d-oeuvre-monumental-perpignan-5\/\"},\"author\":{\"name\":\"H\u00e9bergements Locansol\",\"@id\":\"https:\/\/www.locansol.fr\/#\/schema\/person\/0b08d440f1ac44674c6d498107de351d\"},\"headline\":\"Perpignan, printemps 2024 : L\u2019exposition monumentale \u00e0 ne pas manquer au mus\u00e9e Hyacinthe Rigaud\",\"datePublished\":\"2026-04-26T22:09:20+00:00\",\"dateModified\":\"2026-04-26T22:09:24+00:00\",\"mainEntityOfPage\":{\"@id\":\"https:\/\/www.locansol.fr\/exposition-chef-d-oeuvre-monumental-perpignan-5\/\"},\"wordCount\":537,\"publisher\":{\"@id\":\"https:\/\/www.locansol.fr\/#organization\"},\"image\":{\"@id\":\"https:\/\/www.locansol.fr\/exposition-chef-d-oeuvre-monumental-perpignan-5\/#primaryimage\"},\"thumbnailUrl\":\"https:\/\/www.locansol.fr\/wp-content\/uploads\/2026\/04\/exposition-chef-d-oeuvre-monumental-perpignan-4.webp\",\"keywords\":[\"\u00c9v\u00e8nement culturel\",\"Pyr\u00e9n\u00e9es-Orientales\"],\"articleSection\":[\"Carnaval\"],\"inLanguage\":\"ca\"},{\"@type\":\"WebPage\",\"@id\":\"https:\/\/www.locansol.fr\/exposition-chef-d-oeuvre-monumental-perpignan-5\/\",\"url\":\"https:\/\/www.locansol.fr\/exposition-chef-d-oeuvre-monumental-perpignan-5\/\",\"name\":\"La Red\u00e9couverte d\u2019un Chef-d\u2019\u0152uvre Monumental Perpignan\",\"isPartOf\":{\"@id\":\"https:\/\/www.locansol.fr\/#website\"},\"primaryImageOfPage\":{\"@id\":\"https:\/\/www.locansol.fr\/exposition-chef-d-oeuvre-monumental-perpignan-5\/#primaryimage\"},\"image\":{\"@id\":\"https:\/\/www.locansol.fr\/exposition-chef-d-oeuvre-monumental-perpignan-5\/#primaryimage\"},\"thumbnailUrl\":\"https:\/\/www.locansol.fr\/wp-content\/uploads\/2026\/04\/exposition-chef-d-oeuvre-monumental-perpignan-4.webp\",\"datePublished\":\"2026-04-26T22:09:20+00:00\",\"dateModified\":\"2026-04-26T22:09:24+00:00\",\"description\":\"La Red\u00e9couverte d\u2019un Chef-d\u2019\u0152uvre Monumental Perpignan. D\u00e9couvrez l'histoire fascinante des volets du grand orgue de la cath\u00e9drale Saint-Jean-Baptiste au mus\u00e9e Hyacinthe Rigaud. Une exposition unique dans les Pyr\u00e9n\u00e9es-Orientales.\",\"breadcrumb\":{\"@id\":\"https:\/\/www.locansol.fr\/exposition-chef-d-oeuvre-monumental-perpignan-5\/#breadcrumb\"},\"inLanguage\":\"ca\",\"potentialAction\":[{\"@type\":\"ReadAction\",\"target\":[\"https:\/\/www.locansol.fr\/exposition-chef-d-oeuvre-monumental-perpignan-5\/\"]}]},{\"@type\":\"ImageObject\",\"inLanguage\":\"ca\",\"@id\":\"https:\/\/www.locansol.fr\/exposition-chef-d-oeuvre-monumental-perpignan-5\/#primaryimage\",\"url\":\"https:\/\/www.locansol.fr\/wp-content\/uploads\/2026\/04\/exposition-chef-d-oeuvre-monumental-perpignan-4.webp\",\"contentUrl\":\"https:\/\/www.locansol.fr\/wp-content\/uploads\/2026\/04\/exposition-chef-d-oeuvre-monumental-perpignan-4.webp\",\"width\":1024,\"height\":605,\"caption\":\"La Red\u00e9couverte d\u2019un Chef-d\u2019\u0152uvre Monumental Perpignan\"},{\"@type\":\"BreadcrumbList\",\"@id\":\"https:\/\/www.locansol.fr\/exposition-chef-d-oeuvre-monumental-perpignan-5\/#breadcrumb\",\"itemListElement\":[{\"@type\":\"ListItem\",\"position\":1,\"name\":\"Accueil\",\"item\":\"https:\/\/www.locansol.fr\/\"},{\"@type\":\"ListItem\",\"position\":2,\"name\":\"Perpignan, printemps 2024 : L\u2019exposition monumentale \u00e0 ne pas manquer au mus\u00e9e Hyacinthe Rigaud\"}]},{\"@type\":\"WebSite\",\"@id\":\"https:\/\/www.locansol.fr\/#website\",\"url\":\"https:\/\/www.locansol.fr\/\",\"name\":\"Locansol, louer un h\u00e9bergement dans les Pyr\u00e9n\u00e9es-Orientales\",\"description\":\"Location Mobil-home Mer M\u00e9diterran\u00e9e &amp; Chalet de Montagne dans les Pyr\u00e9n\u00e9es Orientales (Occitanie, 66). Weekend, s\u00e9jour &amp; vacances en famille et entre amis.\",\"publisher\":{\"@id\":\"https:\/\/www.locansol.fr\/#organization\"},\"alternateName\":\"Louer un h\u00e9bergement dans les Pyr\u00e9n\u00e9es Orientales, chalet & mobil-home en Occitanie\",\"potentialAction\":[{\"@type\":\"SearchAction\",\"target\":{\"@type\":\"EntryPoint\",\"urlTemplate\":\"https:\/\/www.locansol.fr\/?s={search_term_string}\"},\"query-input\":{\"@type\":\"PropertyValueSpecification\",\"valueRequired\":true,\"valueName\":\"search_term_string\"}}],\"inLanguage\":\"ca\"},{\"@type\":\"Organization\",\"@id\":\"https:\/\/www.locansol.fr\/#organization\",\"name\":\"Location MobilHome & chalet dans les Pyr\u00e9n\u00e9es Orientales\",\"alternateName\":\"Louer un h\u00e9bergement dans les Pyr\u00e9n\u00e9es Orientales en Occitanie\",\"url\":\"https:\/\/www.locansol.fr\/\",\"logo\":{\"@type\":\"ImageObject\",\"inLanguage\":\"ca\",\"@id\":\"https:\/\/www.locansol.fr\/#\/schema\/logo\/image\/\",\"url\":\"https:\/\/www.locansol.fr\/wp-content\/uploads\/2024\/04\/AdobeStock_303324767-scaled.jpeg\",\"contentUrl\":\"https:\/\/www.locansol.fr\/wp-content\/uploads\/2024\/04\/AdobeStock_303324767-scaled.jpeg\",\"width\":2560,\"height\":1707,\"caption\":\"Location MobilHome & chalet dans les Pyr\u00e9n\u00e9es Orientales\"},\"image\":{\"@id\":\"https:\/\/www.locansol.fr\/#\/schema\/logo\/image\/\"}},{\"@type\":\"Person\",\"@id\":\"https:\/\/www.locansol.fr\/#\/schema\/person\/0b08d440f1ac44674c6d498107de351d\",\"name\":\"H\u00e9bergements Locansol\",\"image\":{\"@type\":\"ImageObject\",\"inLanguage\":\"ca\",\"@id\":\"https:\/\/www.locansol.fr\/#\/schema\/person\/image\/\",\"url\":\"https:\/\/secure.gravatar.com\/avatar\/444436b93284204f8116b6e0eb964cd3fcb811519c737232bde6dd5743c37ee5?s=96&d=mm&r=g\",\"contentUrl\":\"https:\/\/secure.gravatar.com\/avatar\/444436b93284204f8116b6e0eb964cd3fcb811519c737232bde6dd5743c37ee5?s=96&d=mm&r=g\",\"caption\":\"H\u00e9bergements Locansol\"},\"sameAs\":[\"https:\/\/www.locansol.fr\/\"],\"url\":\"https:\/\/www.locansol.fr\/ca\/author\/locansol\/\"}]}<\/script>\n<!-- \/ Yoast SEO Premium plugin. -->","yoast_head_json":{"title":"La Red\u00e9couverte d\u2019un Chef-d\u2019\u0152uvre Monumental Perpignan","description":"La Red\u00e9couverte d\u2019un Chef-d\u2019\u0152uvre Monumental Perpignan. D\u00e9couvrez l'histoire fascinante des volets du grand orgue de la cath\u00e9drale Saint-Jean-Baptiste au mus\u00e9e Hyacinthe Rigaud. Une exposition unique dans les Pyr\u00e9n\u00e9es-Orientales.","robots":{"index":"index","follow":"follow","max-snippet":"max-snippet:-1","max-image-preview":"max-image-preview:large","max-video-preview":"max-video-preview:-1"},"canonical":"https:\/\/www.locansol.fr\/ca\/exposition-chef-d-oeuvre-monumental-perpignan-5\/","og_locale":"ca_ES","og_type":"article","og_title":"D\u00e9couvrez un tr\u00e9sor cach\u00e9 : Perpignan expose ses chefs-d\u2019\u0153uvre monumentaux","og_description":"Plongez dans l\u2019univers fascinant des volets du grand orgue de Perpignan. Une exposition immersive au mus\u00e9e Hyacinthe Rigaud vous attend pour une exp\u00e9rience culturelle inoubliable.","og_url":"https:\/\/www.locansol.fr\/ca\/exposition-chef-d-oeuvre-monumental-perpignan-5\/","og_site_name":"Locansol, louer un h\u00e9bergement dans les Pyr\u00e9n\u00e9es Orientales","article_published_time":"2026-04-26T22:09:20+00:00","article_modified_time":"2026-04-26T22:09:24+00:00","og_image":[{"url":"https:\/\/www.locansol.fr\/wp-content\/uploads\/2026\/04\/exposition-chef-d-oeuvre-monumental-perpignan-4.webp","type":"","width":"","height":""}],"author":"H\u00e9bergements Locansol","twitter_card":"summary_large_image","twitter_title":"D\u00e9couvrez un tr\u00e9sor cach\u00e9 \u00e0 Perpignan : l'exposition monumentale","twitter_description":"Plongez dans l'histoire fascinante des volets du grand orgue de la cath\u00e9drale Saint-Jean-Baptiste \u00e0 Perpignan. Une exposition unique \u00e0 ne pas manquer !","twitter_image":"https:\/\/www.locansol.fr\/wp-content\/uploads\/2026\/04\/exposition-chef-d-oeuvre-monumental-perpignan-4.webp","twitter_misc":{"Escrit per":"H\u00e9bergements Locansol","Temps estimat de lectura":"3 minuts"},"schema":{"@context":"https:\/\/schema.org","@graph":[{"@type":"Article","@id":"https:\/\/www.locansol.fr\/exposition-chef-d-oeuvre-monumental-perpignan-5\/#article","isPartOf":{"@id":"https:\/\/www.locansol.fr\/exposition-chef-d-oeuvre-monumental-perpignan-5\/"},"author":{"name":"H\u00e9bergements Locansol","@id":"https:\/\/www.locansol.fr\/#\/schema\/person\/0b08d440f1ac44674c6d498107de351d"},"headline":"Perpignan, printemps 2024 : L\u2019exposition monumentale \u00e0 ne pas manquer au mus\u00e9e Hyacinthe Rigaud","datePublished":"2026-04-26T22:09:20+00:00","dateModified":"2026-04-26T22:09:24+00:00","mainEntityOfPage":{"@id":"https:\/\/www.locansol.fr\/exposition-chef-d-oeuvre-monumental-perpignan-5\/"},"wordCount":537,"publisher":{"@id":"https:\/\/www.locansol.fr\/#organization"},"image":{"@id":"https:\/\/www.locansol.fr\/exposition-chef-d-oeuvre-monumental-perpignan-5\/#primaryimage"},"thumbnailUrl":"https:\/\/www.locansol.fr\/wp-content\/uploads\/2026\/04\/exposition-chef-d-oeuvre-monumental-perpignan-4.webp","keywords":["\u00c9v\u00e8nement culturel","Pyr\u00e9n\u00e9es-Orientales"],"articleSection":["Carnaval"],"inLanguage":"ca"},{"@type":"WebPage","@id":"https:\/\/www.locansol.fr\/exposition-chef-d-oeuvre-monumental-perpignan-5\/","url":"https:\/\/www.locansol.fr\/exposition-chef-d-oeuvre-monumental-perpignan-5\/","name":"La Red\u00e9couverte d\u2019un Chef-d\u2019\u0152uvre Monumental Perpignan","isPartOf":{"@id":"https:\/\/www.locansol.fr\/#website"},"primaryImageOfPage":{"@id":"https:\/\/www.locansol.fr\/exposition-chef-d-oeuvre-monumental-perpignan-5\/#primaryimage"},"image":{"@id":"https:\/\/www.locansol.fr\/exposition-chef-d-oeuvre-monumental-perpignan-5\/#primaryimage"},"thumbnailUrl":"https:\/\/www.locansol.fr\/wp-content\/uploads\/2026\/04\/exposition-chef-d-oeuvre-monumental-perpignan-4.webp","datePublished":"2026-04-26T22:09:20+00:00","dateModified":"2026-04-26T22:09:24+00:00","description":"La Red\u00e9couverte d\u2019un Chef-d\u2019\u0152uvre Monumental Perpignan. D\u00e9couvrez l'histoire fascinante des volets du grand orgue de la cath\u00e9drale Saint-Jean-Baptiste au mus\u00e9e Hyacinthe Rigaud. Une exposition unique dans les Pyr\u00e9n\u00e9es-Orientales.","breadcrumb":{"@id":"https:\/\/www.locansol.fr\/exposition-chef-d-oeuvre-monumental-perpignan-5\/#breadcrumb"},"inLanguage":"ca","potentialAction":[{"@type":"ReadAction","target":["https:\/\/www.locansol.fr\/exposition-chef-d-oeuvre-monumental-perpignan-5\/"]}]},{"@type":"ImageObject","inLanguage":"ca","@id":"https:\/\/www.locansol.fr\/exposition-chef-d-oeuvre-monumental-perpignan-5\/#primaryimage","url":"https:\/\/www.locansol.fr\/wp-content\/uploads\/2026\/04\/exposition-chef-d-oeuvre-monumental-perpignan-4.webp","contentUrl":"https:\/\/www.locansol.fr\/wp-content\/uploads\/2026\/04\/exposition-chef-d-oeuvre-monumental-perpignan-4.webp","width":1024,"height":605,"caption":"La Red\u00e9couverte d\u2019un Chef-d\u2019\u0152uvre Monumental Perpignan"},{"@type":"BreadcrumbList","@id":"https:\/\/www.locansol.fr\/exposition-chef-d-oeuvre-monumental-perpignan-5\/#breadcrumb","itemListElement":[{"@type":"ListItem","position":1,"name":"Accueil","item":"https:\/\/www.locansol.fr\/"},{"@type":"ListItem","position":2,"name":"Perpignan, printemps 2024 : L\u2019exposition monumentale \u00e0 ne pas manquer au mus\u00e9e Hyacinthe Rigaud"}]},{"@type":"WebSite","@id":"https:\/\/www.locansol.fr\/#website","url":"https:\/\/www.locansol.fr\/","name":"Locansol, louer un h\u00e9bergement dans les Pyr\u00e9n\u00e9es-Orientales","description":"Location Mobil-home Mer M\u00e9diterran\u00e9e &amp; Chalet de Montagne dans les Pyr\u00e9n\u00e9es Orientales (Occitanie, 66). Weekend, s\u00e9jour &amp; vacances en famille et entre amis.","publisher":{"@id":"https:\/\/www.locansol.fr\/#organization"},"alternateName":"Louer un h\u00e9bergement dans les Pyr\u00e9n\u00e9es Orientales, chalet & mobil-home en Occitanie","potentialAction":[{"@type":"SearchAction","target":{"@type":"EntryPoint","urlTemplate":"https:\/\/www.locansol.fr\/?s={search_term_string}"},"query-input":{"@type":"PropertyValueSpecification","valueRequired":true,"valueName":"search_term_string"}}],"inLanguage":"ca"},{"@type":"Organization","@id":"https:\/\/www.locansol.fr\/#organization","name":"Location MobilHome & chalet dans les Pyr\u00e9n\u00e9es Orientales","alternateName":"Louer un h\u00e9bergement dans les Pyr\u00e9n\u00e9es Orientales en Occitanie","url":"https:\/\/www.locansol.fr\/","logo":{"@type":"ImageObject","inLanguage":"ca","@id":"https:\/\/www.locansol.fr\/#\/schema\/logo\/image\/","url":"https:\/\/www.locansol.fr\/wp-content\/uploads\/2024\/04\/AdobeStock_303324767-scaled.jpeg","contentUrl":"https:\/\/www.locansol.fr\/wp-content\/uploads\/2024\/04\/AdobeStock_303324767-scaled.jpeg","width":2560,"height":1707,"caption":"Location MobilHome & chalet dans les Pyr\u00e9n\u00e9es Orientales"},"image":{"@id":"https:\/\/www.locansol.fr\/#\/schema\/logo\/image\/"}},{"@type":"Person","@id":"https:\/\/www.locansol.fr\/#\/schema\/person\/0b08d440f1ac44674c6d498107de351d","name":"H\u00e9bergements Locansol","image":{"@type":"ImageObject","inLanguage":"ca","@id":"https:\/\/www.locansol.fr\/#\/schema\/person\/image\/","url":"https:\/\/secure.gravatar.com\/avatar\/444436b93284204f8116b6e0eb964cd3fcb811519c737232bde6dd5743c37ee5?s=96&d=mm&r=g","contentUrl":"https:\/\/secure.gravatar.com\/avatar\/444436b93284204f8116b6e0eb964cd3fcb811519c737232bde6dd5743c37ee5?s=96&d=mm&r=g","caption":"H\u00e9bergements Locansol"},"sameAs":["https:\/\/www.locansol.fr\/"],"url":"https:\/\/www.locansol.fr\/ca\/author\/locansol\/"}]}},"_links":{"self":[{"href":"https:\/\/www.locansol.fr\/ca\/wp-json\/wp\/v2\/posts\/6604","targetHints":{"allow":["GET"]}}],"collection":[{"href":"https:\/\/www.locansol.fr\/ca\/wp-json\/wp\/v2\/posts"}],"about":[{"href":"https:\/\/www.locansol.fr\/ca\/wp-json\/wp\/v2\/types\/post"}],"author":[{"embeddable":true,"href":"https:\/\/www.locansol.fr\/ca\/wp-json\/wp\/v2\/users\/5"}],"replies":[{"embeddable":true,"href":"https:\/\/www.locansol.fr\/ca\/wp-json\/wp\/v2\/comments?post=6604"}],"version-history":[{"count":1,"href":"https:\/\/www.locansol.fr\/ca\/wp-json\/wp\/v2\/posts\/6604\/revisions"}],"predecessor-version":[{"id":6605,"href":"https:\/\/www.locansol.fr\/ca\/wp-json\/wp\/v2\/posts\/6604\/revisions\/6605"}],"wp:featuredmedia":[{"embeddable":true,"href":"https:\/\/www.locansol.fr\/ca\/wp-json\/wp\/v2\/media\/6603"}],"wp:attachment":[{"href":"https:\/\/www.locansol.fr\/ca\/wp-json\/wp\/v2\/media?parent=6604"}],"wp:term":[{"taxonomy":"category","embeddable":true,"href":"https:\/\/www.locansol.fr\/ca\/wp-json\/wp\/v2\/categories?post=6604"},{"taxonomy":"post_tag","embeddable":true,"href":"https:\/\/www.locansol.fr\/ca\/wp-json\/wp\/v2\/tags?post=6604"}],"curies":[{"name":"wp","href":"https:\/\/api.w.org\/{rel}","templated":true}]}}