{"id":6612,"date":"2026-04-27T02:08:54","date_gmt":"2026-04-27T00:08:54","guid":{"rendered":"https:\/\/www.locansol.fr\/volets-orgue-cathedrale-perpignan\/"},"modified":"2026-04-27T02:08:58","modified_gmt":"2026-04-27T00:08:58","slug":"volets-orgue-cathedrale-perpignan","status":"publish","type":"post","link":"https:\/\/www.locansol.fr\/ca\/volets-orgue-cathedrale-perpignan\/","title":{"rendered":"Perpignan 2026 : D\u00e9couvrez les volets du grand orgue de la cath\u00e9drale"},"content":{"rendered":"<p>Si vous \u00eates passionn\u00e9 d&rsquo;art, d&rsquo;histoire ou de patrimoine, voici un rendez-vous qui promet de vous \u00e9merveiller : l\u2019exposition \u00ab La red\u00e9couverte d\u2019un chef d\u2019\u0153uvre monumental : Les volets du grand orgue de la cath\u00e9drale de Perpignan \u00bb. Organis\u00e9e du 24 mars au 31 mai 2026 au 21 Rue Mailly \u00e0 Perpignan, cette exposition est une occasion rare et pr\u00e9cieuse de plonger dans l&rsquo;histoire d&rsquo;un tr\u00e9sor artistique m\u00e9connu, d\u00e9sormais restaur\u00e9 dans toute sa splendeur.<\/p>\n<p>Saviez-vous que la cath\u00e9drale Saint-Jean-Baptiste de Perpignan abrite des volets monumentaux qui comptent parmi les \u0153uvres picturales les plus impressionnantes d\u2019Europe ? Peints \u00e0 la d\u00e9trempe sur toile en 1504, ces chefs-d\u2019\u0153uvre, mesurant chacun plus de 83 m\u00b2, m\u00ealent une polychromie d&rsquo;une richesse incomparable sur la face principale \u00e0 une grisaille raffin\u00e9e \u00e0 l&rsquo;arri\u00e8re. Fix\u00e9s \u00e0 l&rsquo;origine sur le buffet de l&rsquo;orgue, les volets s&rsquo;ouvraient et se fermaient au rythme du calendrier liturgique, cr\u00e9ant une nouvelle dimension o\u00f9 musique, architecture et art sacr\u00e9 convergaient harmonieusement.<\/p>\n<p>Malheureusement, ces joyaux ont \u00e9t\u00e9 longtemps n\u00e9glig\u00e9s. D\u00e9mont\u00e9s au XIXe si\u00e8cle et repositionn\u00e9s au-dessus de la porte de Bethl\u00e9em dans la cath\u00e9drale, ils ont peu \u00e0 peu sombr\u00e9 dans l\u2019oubli, jusqu&rsquo;\u00e0 ce qu\u2019un grand projet de restauration ne vienne raviver leur \u00e9clat en 2022. Cette op\u00e9ration minutieusement orchestr\u00e9e par la Direction r\u00e9gionale des affaires culturelles d\u2019Occitanie a permis non seulement de pr\u00e9server, mais aussi d&rsquo;approfondir notre compr\u00e9hension historique et artistique de ces panneaux exceptionnels.<\/p>\n<p>L\u2019exposition, dirig\u00e9e par Pascale Picard, conservatrice du mus\u00e9e Hyacinthe Rigaud, vous invite \u00e0 red\u00e9couvrir ces \u0153uvres d&rsquo;une mani\u00e8re in\u00e9dite. En plus d&rsquo;admirer la splendeur visuelle des volets, vous serez plong\u00e9 dans leur contexte m\u00e9di\u00e9val et dans les coulisses d&rsquo;une restauration d&rsquo;une pr\u00e9cision scientifique remarquable. Les diff\u00e9rents \u00e9l\u00e9ments de l&rsquo;exposition permettent de mieux comprendre l&rsquo;importance culturelle et spirituelle de ces peintures dans l&rsquo;Europe de la Renaissance.<\/p>\n<p>Les amateurs d\u2019art seront ravis, mais cette exposition ne s\u2019adresse pas uniquement aux sp\u00e9cialistes ! C\u2019est une exp\u00e9rience enrichissante, tant pour les \u00e9rudits que pour les curieux. Avec une ambiance \u00e0 la fois spirituelle et \u00e9ducative, petits et grands pourront appr\u00e9cier la beaut\u00e9 intemporelle de cet h\u00e9ritage patrimonial unique. Avec un tarif d\u2019entr\u00e9e fix\u00e9 \u00e0 seulement 8 \u20ac, l\u2019\u00e9v\u00e9nement est accessible \u00e0 tous et offre une opportunit\u00e9 rare de contempler ces \u0153uvres dans un cadre intimiste et magnifique.<\/p>\n<p>Pour tous ceux en qu\u00eate d\u2019un moment d\u2019\u00e9merveillement et de d\u00e9couverte culturelle, ce rendez-vous est incontournable. Prenez le temps de vous arr\u00eater au 21 Rue Mailly, \u00e0 Perpignan, et laissez-vous transporter par la majest\u00e9 de ces peintures monumentales. Vous n\u2019\u00eates pas pr\u00eat d\u2019oublier cette plong\u00e9e exceptionnelle dans l&rsquo;histoire de l&rsquo;art europ\u00e9en.<\/p>\n<h3>Informaci\u00f3 pr\u00e0ctica<\/h3>\n<p>\ud83d\udcc5 QUAND ? Du 24 mars au 31 mai 2026<br \/>\ud83d\udccd O\u00d9 ? 21 Rue Mailly, Perpignan<br \/>\ud83d\udcb6 COMBIEN ? 8,00 \u20ac<\/p>","protected":false},"excerpt":{"rendered":"<p>Plongez dans l&rsquo;histoire d&rsquo;un tr\u00e9sor artistique monumental avec l&rsquo;exposition des volets du grand orgue de la cath\u00e9drale de Perpignan, du 24 mars au 31 mai 2026.<\/p>","protected":false},"author":5,"featured_media":6611,"comment_status":"closed","ping_status":"open","sticky":false,"template":"","format":"standard","meta":{"_yoast_wpseo_focuskw":"volets orgue cath\u00e9drale Perpignan","_yoast_wpseo_title":"Les volets du grand orgue de la cath\u00e9drale Perpignan \u2013 Exposition 2026","_yoast_wpseo_metadesc":"Les volets du grand orgue de la cath\u00e9drale Perpignan. D\u00e9couvrez une exposition unique en 2026. Explorez l'histoire et la restauration de ces chefs-d'\u0153uvre dans les Pyr\u00e9n\u00e9es-Orientales.","_yoast_wpseo_canonical":"","_yoast_wpseo_opengraph-title":"D\u00e9couvrez les tr\u00e9sors cach\u00e9s : Les volets du grand orgue de Perpignan en 2026","_yoast_wpseo_opengraph-description":"Plongez dans l'histoire et la beaut\u00e9 des volets du grand orgue de la cath\u00e9drale de Perpignan. D\u00e9couvrez des chefs-d'\u0153uvre restaur\u00e9s et vivez une exp\u00e9rience culturelle inoubliable en 2026.","_yoast_wpseo_opengraph-image":"https:\/\/www.locansol.fr\/wp-content\/uploads\/2026\/04\/volets-orgue-cathedrale-perpignan.webp","_yoast_wpseo_opengraph-image-id":"","_yoast_wpseo_twitter-title":"D\u00e9couvrez les volets du grand orgue de Perpignan en 2026 \u2013 Une exposition \u00e0 ne pas manquer","_yoast_wpseo_twitter-description":"Ne manquez pas l'exposition des volets du grand orgue de la cath\u00e9drale de Perpignan. Une plong\u00e9e unique dans l'art et l'histoire. Du 24 mars au 31 mai 2026.","_yoast_wpseo_twitter-image":"https:\/\/www.locansol.fr\/wp-content\/uploads\/2026\/04\/volets-orgue-cathedrale-perpignan.webp","_yoast_wpseo_twitter-image-id":"","yoast_primary_category":"Exposition","footnotes":""},"categories":[35],"tags":[66,76],"class_list":["post-6612","post","type-post","status-publish","format-standard","has-post-thumbnail","hentry","category-carnaval","tag-evenement-culturel","tag-pyrenees-orientales"],"yoast_head":"<!-- This site is optimized with the Yoast SEO Premium plugin v23.3 (Yoast SEO v26.9) - https:\/\/yoast.com\/product\/yoast-seo-premium-wordpress\/ -->\n<title>Les volets du grand orgue de la cath\u00e9drale Perpignan \u2013 Exposition 2026<\/title>\n<meta name=\"description\" content=\"Les volets du grand orgue de la cath\u00e9drale Perpignan. D\u00e9couvrez une exposition unique en 2026. Explorez l&#039;histoire et la restauration de ces chefs-d&#039;\u0153uvre dans les Pyr\u00e9n\u00e9es-Orientales.\" \/>\n<meta name=\"robots\" content=\"index, follow, max-snippet:-1, max-image-preview:large, max-video-preview:-1\" \/>\n<link rel=\"canonical\" href=\"https:\/\/www.locansol.fr\/ca\/volets-orgue-cathedrale-perpignan\/\" \/>\n<meta property=\"og:locale\" content=\"ca_ES\" \/>\n<meta property=\"og:type\" content=\"article\" \/>\n<meta property=\"og:title\" content=\"D\u00e9couvrez les tr\u00e9sors cach\u00e9s : Les volets du grand orgue de Perpignan en 2026\" \/>\n<meta property=\"og:description\" content=\"Plongez dans l&#039;histoire et la beaut\u00e9 des volets du grand orgue de la cath\u00e9drale de Perpignan. D\u00e9couvrez des chefs-d&#039;\u0153uvre restaur\u00e9s et vivez une exp\u00e9rience culturelle inoubliable en 2026.\" \/>\n<meta property=\"og:url\" content=\"https:\/\/www.locansol.fr\/ca\/volets-orgue-cathedrale-perpignan\/\" \/>\n<meta property=\"og:site_name\" content=\"Locansol, louer un h\u00e9bergement dans les Pyr\u00e9n\u00e9es Orientales\" \/>\n<meta property=\"article:published_time\" content=\"2026-04-27T00:08:54+00:00\" \/>\n<meta property=\"article:modified_time\" content=\"2026-04-27T00:08:58+00:00\" \/>\n<meta property=\"og:image\" content=\"https:\/\/www.locansol.fr\/wp-content\/uploads\/2026\/04\/volets-orgue-cathedrale-perpignan.webp\" \/>\n<meta name=\"author\" content=\"H\u00e9bergements Locansol\" \/>\n<meta name=\"twitter:card\" content=\"summary_large_image\" \/>\n<meta name=\"twitter:title\" content=\"D\u00e9couvrez les volets du grand orgue de Perpignan en 2026 \u2013 Une exposition \u00e0 ne pas manquer\" \/>\n<meta name=\"twitter:description\" content=\"Ne manquez pas l&#039;exposition des volets du grand orgue de la cath\u00e9drale de Perpignan. Une plong\u00e9e unique dans l&#039;art et l&#039;histoire. Du 24 mars au 31 mai 2026.\" \/>\n<meta name=\"twitter:image\" content=\"https:\/\/www.locansol.fr\/wp-content\/uploads\/2026\/04\/volets-orgue-cathedrale-perpignan.webp\" \/>\n<meta name=\"twitter:label1\" content=\"Escrit per\" \/>\n\t<meta name=\"twitter:data1\" content=\"H\u00e9bergements Locansol\" \/>\n\t<meta name=\"twitter:label2\" content=\"Temps estimat de lectura\" \/>\n\t<meta name=\"twitter:data2\" content=\"2 minuts\" \/>\n<script type=\"application\/ld+json\" class=\"yoast-schema-graph\">{\"@context\":\"https:\/\/schema.org\",\"@graph\":[{\"@type\":\"Article\",\"@id\":\"https:\/\/www.locansol.fr\/volets-orgue-cathedrale-perpignan\/#article\",\"isPartOf\":{\"@id\":\"https:\/\/www.locansol.fr\/volets-orgue-cathedrale-perpignan\/\"},\"author\":{\"name\":\"H\u00e9bergements Locansol\",\"@id\":\"https:\/\/www.locansol.fr\/#\/schema\/person\/0b08d440f1ac44674c6d498107de351d\"},\"headline\":\"Perpignan 2026 : D\u00e9couvrez les volets du grand orgue de la cath\u00e9drale\",\"datePublished\":\"2026-04-27T00:08:54+00:00\",\"dateModified\":\"2026-04-27T00:08:58+00:00\",\"mainEntityOfPage\":{\"@id\":\"https:\/\/www.locansol.fr\/volets-orgue-cathedrale-perpignan\/\"},\"wordCount\":510,\"publisher\":{\"@id\":\"https:\/\/www.locansol.fr\/#organization\"},\"image\":{\"@id\":\"https:\/\/www.locansol.fr\/volets-orgue-cathedrale-perpignan\/#primaryimage\"},\"thumbnailUrl\":\"https:\/\/www.locansol.fr\/wp-content\/uploads\/2026\/04\/volets-orgue-cathedrale-perpignan.webp\",\"keywords\":[\"\u00c9v\u00e8nement culturel\",\"Pyr\u00e9n\u00e9es-Orientales\"],\"articleSection\":[\"Carnaval\"],\"inLanguage\":\"ca\"},{\"@type\":\"WebPage\",\"@id\":\"https:\/\/www.locansol.fr\/volets-orgue-cathedrale-perpignan\/\",\"url\":\"https:\/\/www.locansol.fr\/volets-orgue-cathedrale-perpignan\/\",\"name\":\"Les volets du grand orgue de la cath\u00e9drale Perpignan \u2013 Exposition 2026\",\"isPartOf\":{\"@id\":\"https:\/\/www.locansol.fr\/#website\"},\"primaryImageOfPage\":{\"@id\":\"https:\/\/www.locansol.fr\/volets-orgue-cathedrale-perpignan\/#primaryimage\"},\"image\":{\"@id\":\"https:\/\/www.locansol.fr\/volets-orgue-cathedrale-perpignan\/#primaryimage\"},\"thumbnailUrl\":\"https:\/\/www.locansol.fr\/wp-content\/uploads\/2026\/04\/volets-orgue-cathedrale-perpignan.webp\",\"datePublished\":\"2026-04-27T00:08:54+00:00\",\"dateModified\":\"2026-04-27T00:08:58+00:00\",\"description\":\"Les volets du grand orgue de la cath\u00e9drale Perpignan. D\u00e9couvrez une exposition unique en 2026. Explorez l'histoire et la restauration de ces chefs-d'\u0153uvre dans les Pyr\u00e9n\u00e9es-Orientales.\",\"breadcrumb\":{\"@id\":\"https:\/\/www.locansol.fr\/volets-orgue-cathedrale-perpignan\/#breadcrumb\"},\"inLanguage\":\"ca\",\"potentialAction\":[{\"@type\":\"ReadAction\",\"target\":[\"https:\/\/www.locansol.fr\/volets-orgue-cathedrale-perpignan\/\"]}]},{\"@type\":\"ImageObject\",\"inLanguage\":\"ca\",\"@id\":\"https:\/\/www.locansol.fr\/volets-orgue-cathedrale-perpignan\/#primaryimage\",\"url\":\"https:\/\/www.locansol.fr\/wp-content\/uploads\/2026\/04\/volets-orgue-cathedrale-perpignan.webp\",\"contentUrl\":\"https:\/\/www.locansol.fr\/wp-content\/uploads\/2026\/04\/volets-orgue-cathedrale-perpignan.webp\",\"width\":1024,\"height\":605,\"caption\":\"Les volets du grand orgue de la cath\u00e9drale Perpignan \u2013 Exposition 2026\"},{\"@type\":\"BreadcrumbList\",\"@id\":\"https:\/\/www.locansol.fr\/volets-orgue-cathedrale-perpignan\/#breadcrumb\",\"itemListElement\":[{\"@type\":\"ListItem\",\"position\":1,\"name\":\"Accueil\",\"item\":\"https:\/\/www.locansol.fr\/\"},{\"@type\":\"ListItem\",\"position\":2,\"name\":\"Perpignan 2026 : D\u00e9couvrez les volets du grand orgue de la cath\u00e9drale\"}]},{\"@type\":\"WebSite\",\"@id\":\"https:\/\/www.locansol.fr\/#website\",\"url\":\"https:\/\/www.locansol.fr\/\",\"name\":\"Locansol, louer un h\u00e9bergement dans les Pyr\u00e9n\u00e9es-Orientales\",\"description\":\"Location Mobil-home Mer M\u00e9diterran\u00e9e &amp; Chalet de Montagne dans les Pyr\u00e9n\u00e9es Orientales (Occitanie, 66). Weekend, s\u00e9jour &amp; vacances en famille et entre amis.\",\"publisher\":{\"@id\":\"https:\/\/www.locansol.fr\/#organization\"},\"alternateName\":\"Louer un h\u00e9bergement dans les Pyr\u00e9n\u00e9es Orientales, chalet & mobil-home en Occitanie\",\"potentialAction\":[{\"@type\":\"SearchAction\",\"target\":{\"@type\":\"EntryPoint\",\"urlTemplate\":\"https:\/\/www.locansol.fr\/?s={search_term_string}\"},\"query-input\":{\"@type\":\"PropertyValueSpecification\",\"valueRequired\":true,\"valueName\":\"search_term_string\"}}],\"inLanguage\":\"ca\"},{\"@type\":\"Organization\",\"@id\":\"https:\/\/www.locansol.fr\/#organization\",\"name\":\"Location MobilHome & chalet dans les Pyr\u00e9n\u00e9es Orientales\",\"alternateName\":\"Louer un h\u00e9bergement dans les Pyr\u00e9n\u00e9es Orientales en Occitanie\",\"url\":\"https:\/\/www.locansol.fr\/\",\"logo\":{\"@type\":\"ImageObject\",\"inLanguage\":\"ca\",\"@id\":\"https:\/\/www.locansol.fr\/#\/schema\/logo\/image\/\",\"url\":\"https:\/\/www.locansol.fr\/wp-content\/uploads\/2024\/04\/AdobeStock_303324767-scaled.jpeg\",\"contentUrl\":\"https:\/\/www.locansol.fr\/wp-content\/uploads\/2024\/04\/AdobeStock_303324767-scaled.jpeg\",\"width\":2560,\"height\":1707,\"caption\":\"Location MobilHome & chalet dans les Pyr\u00e9n\u00e9es Orientales\"},\"image\":{\"@id\":\"https:\/\/www.locansol.fr\/#\/schema\/logo\/image\/\"}},{\"@type\":\"Person\",\"@id\":\"https:\/\/www.locansol.fr\/#\/schema\/person\/0b08d440f1ac44674c6d498107de351d\",\"name\":\"H\u00e9bergements Locansol\",\"image\":{\"@type\":\"ImageObject\",\"inLanguage\":\"ca\",\"@id\":\"https:\/\/www.locansol.fr\/#\/schema\/person\/image\/\",\"url\":\"https:\/\/secure.gravatar.com\/avatar\/444436b93284204f8116b6e0eb964cd3fcb811519c737232bde6dd5743c37ee5?s=96&d=mm&r=g\",\"contentUrl\":\"https:\/\/secure.gravatar.com\/avatar\/444436b93284204f8116b6e0eb964cd3fcb811519c737232bde6dd5743c37ee5?s=96&d=mm&r=g\",\"caption\":\"H\u00e9bergements Locansol\"},\"sameAs\":[\"https:\/\/www.locansol.fr\/\"],\"url\":\"https:\/\/www.locansol.fr\/ca\/author\/locansol\/\"}]}<\/script>\n<!-- \/ Yoast SEO Premium plugin. -->","yoast_head_json":{"title":"Les volets du grand orgue de la cath\u00e9drale Perpignan \u2013 Exposition 2026","description":"Les volets du grand orgue de la cath\u00e9drale Perpignan. D\u00e9couvrez une exposition unique en 2026. Explorez l'histoire et la restauration de ces chefs-d'\u0153uvre dans les Pyr\u00e9n\u00e9es-Orientales.","robots":{"index":"index","follow":"follow","max-snippet":"max-snippet:-1","max-image-preview":"max-image-preview:large","max-video-preview":"max-video-preview:-1"},"canonical":"https:\/\/www.locansol.fr\/ca\/volets-orgue-cathedrale-perpignan\/","og_locale":"ca_ES","og_type":"article","og_title":"D\u00e9couvrez les tr\u00e9sors cach\u00e9s : Les volets du grand orgue de Perpignan en 2026","og_description":"Plongez dans l'histoire et la beaut\u00e9 des volets du grand orgue de la cath\u00e9drale de Perpignan. D\u00e9couvrez des chefs-d'\u0153uvre restaur\u00e9s et vivez une exp\u00e9rience culturelle inoubliable en 2026.","og_url":"https:\/\/www.locansol.fr\/ca\/volets-orgue-cathedrale-perpignan\/","og_site_name":"Locansol, louer un h\u00e9bergement dans les Pyr\u00e9n\u00e9es Orientales","article_published_time":"2026-04-27T00:08:54+00:00","article_modified_time":"2026-04-27T00:08:58+00:00","og_image":[{"url":"https:\/\/www.locansol.fr\/wp-content\/uploads\/2026\/04\/volets-orgue-cathedrale-perpignan.webp","type":"","width":"","height":""}],"author":"H\u00e9bergements Locansol","twitter_card":"summary_large_image","twitter_title":"D\u00e9couvrez les volets du grand orgue de Perpignan en 2026 \u2013 Une exposition \u00e0 ne pas manquer","twitter_description":"Ne manquez pas l'exposition des volets du grand orgue de la cath\u00e9drale de Perpignan. Une plong\u00e9e unique dans l'art et l'histoire. Du 24 mars au 31 mai 2026.","twitter_image":"https:\/\/www.locansol.fr\/wp-content\/uploads\/2026\/04\/volets-orgue-cathedrale-perpignan.webp","twitter_misc":{"Escrit per":"H\u00e9bergements Locansol","Temps estimat de lectura":"2 minuts"},"schema":{"@context":"https:\/\/schema.org","@graph":[{"@type":"Article","@id":"https:\/\/www.locansol.fr\/volets-orgue-cathedrale-perpignan\/#article","isPartOf":{"@id":"https:\/\/www.locansol.fr\/volets-orgue-cathedrale-perpignan\/"},"author":{"name":"H\u00e9bergements Locansol","@id":"https:\/\/www.locansol.fr\/#\/schema\/person\/0b08d440f1ac44674c6d498107de351d"},"headline":"Perpignan 2026 : D\u00e9couvrez les volets du grand orgue de la cath\u00e9drale","datePublished":"2026-04-27T00:08:54+00:00","dateModified":"2026-04-27T00:08:58+00:00","mainEntityOfPage":{"@id":"https:\/\/www.locansol.fr\/volets-orgue-cathedrale-perpignan\/"},"wordCount":510,"publisher":{"@id":"https:\/\/www.locansol.fr\/#organization"},"image":{"@id":"https:\/\/www.locansol.fr\/volets-orgue-cathedrale-perpignan\/#primaryimage"},"thumbnailUrl":"https:\/\/www.locansol.fr\/wp-content\/uploads\/2026\/04\/volets-orgue-cathedrale-perpignan.webp","keywords":["\u00c9v\u00e8nement culturel","Pyr\u00e9n\u00e9es-Orientales"],"articleSection":["Carnaval"],"inLanguage":"ca"},{"@type":"WebPage","@id":"https:\/\/www.locansol.fr\/volets-orgue-cathedrale-perpignan\/","url":"https:\/\/www.locansol.fr\/volets-orgue-cathedrale-perpignan\/","name":"Les volets du grand orgue de la cath\u00e9drale Perpignan \u2013 Exposition 2026","isPartOf":{"@id":"https:\/\/www.locansol.fr\/#website"},"primaryImageOfPage":{"@id":"https:\/\/www.locansol.fr\/volets-orgue-cathedrale-perpignan\/#primaryimage"},"image":{"@id":"https:\/\/www.locansol.fr\/volets-orgue-cathedrale-perpignan\/#primaryimage"},"thumbnailUrl":"https:\/\/www.locansol.fr\/wp-content\/uploads\/2026\/04\/volets-orgue-cathedrale-perpignan.webp","datePublished":"2026-04-27T00:08:54+00:00","dateModified":"2026-04-27T00:08:58+00:00","description":"Les volets du grand orgue de la cath\u00e9drale Perpignan. D\u00e9couvrez une exposition unique en 2026. Explorez l'histoire et la restauration de ces chefs-d'\u0153uvre dans les Pyr\u00e9n\u00e9es-Orientales.","breadcrumb":{"@id":"https:\/\/www.locansol.fr\/volets-orgue-cathedrale-perpignan\/#breadcrumb"},"inLanguage":"ca","potentialAction":[{"@type":"ReadAction","target":["https:\/\/www.locansol.fr\/volets-orgue-cathedrale-perpignan\/"]}]},{"@type":"ImageObject","inLanguage":"ca","@id":"https:\/\/www.locansol.fr\/volets-orgue-cathedrale-perpignan\/#primaryimage","url":"https:\/\/www.locansol.fr\/wp-content\/uploads\/2026\/04\/volets-orgue-cathedrale-perpignan.webp","contentUrl":"https:\/\/www.locansol.fr\/wp-content\/uploads\/2026\/04\/volets-orgue-cathedrale-perpignan.webp","width":1024,"height":605,"caption":"Les volets du grand orgue de la cath\u00e9drale Perpignan \u2013 Exposition 2026"},{"@type":"BreadcrumbList","@id":"https:\/\/www.locansol.fr\/volets-orgue-cathedrale-perpignan\/#breadcrumb","itemListElement":[{"@type":"ListItem","position":1,"name":"Accueil","item":"https:\/\/www.locansol.fr\/"},{"@type":"ListItem","position":2,"name":"Perpignan 2026 : D\u00e9couvrez les volets du grand orgue de la cath\u00e9drale"}]},{"@type":"WebSite","@id":"https:\/\/www.locansol.fr\/#website","url":"https:\/\/www.locansol.fr\/","name":"Locansol, louer un h\u00e9bergement dans les Pyr\u00e9n\u00e9es-Orientales","description":"Location Mobil-home Mer M\u00e9diterran\u00e9e &amp; Chalet de Montagne dans les Pyr\u00e9n\u00e9es Orientales (Occitanie, 66). Weekend, s\u00e9jour &amp; vacances en famille et entre amis.","publisher":{"@id":"https:\/\/www.locansol.fr\/#organization"},"alternateName":"Louer un h\u00e9bergement dans les Pyr\u00e9n\u00e9es Orientales, chalet & mobil-home en Occitanie","potentialAction":[{"@type":"SearchAction","target":{"@type":"EntryPoint","urlTemplate":"https:\/\/www.locansol.fr\/?s={search_term_string}"},"query-input":{"@type":"PropertyValueSpecification","valueRequired":true,"valueName":"search_term_string"}}],"inLanguage":"ca"},{"@type":"Organization","@id":"https:\/\/www.locansol.fr\/#organization","name":"Location MobilHome & chalet dans les Pyr\u00e9n\u00e9es Orientales","alternateName":"Louer un h\u00e9bergement dans les Pyr\u00e9n\u00e9es Orientales en Occitanie","url":"https:\/\/www.locansol.fr\/","logo":{"@type":"ImageObject","inLanguage":"ca","@id":"https:\/\/www.locansol.fr\/#\/schema\/logo\/image\/","url":"https:\/\/www.locansol.fr\/wp-content\/uploads\/2024\/04\/AdobeStock_303324767-scaled.jpeg","contentUrl":"https:\/\/www.locansol.fr\/wp-content\/uploads\/2024\/04\/AdobeStock_303324767-scaled.jpeg","width":2560,"height":1707,"caption":"Location MobilHome & chalet dans les Pyr\u00e9n\u00e9es Orientales"},"image":{"@id":"https:\/\/www.locansol.fr\/#\/schema\/logo\/image\/"}},{"@type":"Person","@id":"https:\/\/www.locansol.fr\/#\/schema\/person\/0b08d440f1ac44674c6d498107de351d","name":"H\u00e9bergements Locansol","image":{"@type":"ImageObject","inLanguage":"ca","@id":"https:\/\/www.locansol.fr\/#\/schema\/person\/image\/","url":"https:\/\/secure.gravatar.com\/avatar\/444436b93284204f8116b6e0eb964cd3fcb811519c737232bde6dd5743c37ee5?s=96&d=mm&r=g","contentUrl":"https:\/\/secure.gravatar.com\/avatar\/444436b93284204f8116b6e0eb964cd3fcb811519c737232bde6dd5743c37ee5?s=96&d=mm&r=g","caption":"H\u00e9bergements Locansol"},"sameAs":["https:\/\/www.locansol.fr\/"],"url":"https:\/\/www.locansol.fr\/ca\/author\/locansol\/"}]}},"_links":{"self":[{"href":"https:\/\/www.locansol.fr\/ca\/wp-json\/wp\/v2\/posts\/6612","targetHints":{"allow":["GET"]}}],"collection":[{"href":"https:\/\/www.locansol.fr\/ca\/wp-json\/wp\/v2\/posts"}],"about":[{"href":"https:\/\/www.locansol.fr\/ca\/wp-json\/wp\/v2\/types\/post"}],"author":[{"embeddable":true,"href":"https:\/\/www.locansol.fr\/ca\/wp-json\/wp\/v2\/users\/5"}],"replies":[{"embeddable":true,"href":"https:\/\/www.locansol.fr\/ca\/wp-json\/wp\/v2\/comments?post=6612"}],"version-history":[{"count":1,"href":"https:\/\/www.locansol.fr\/ca\/wp-json\/wp\/v2\/posts\/6612\/revisions"}],"predecessor-version":[{"id":6613,"href":"https:\/\/www.locansol.fr\/ca\/wp-json\/wp\/v2\/posts\/6612\/revisions\/6613"}],"wp:featuredmedia":[{"embeddable":true,"href":"https:\/\/www.locansol.fr\/ca\/wp-json\/wp\/v2\/media\/6611"}],"wp:attachment":[{"href":"https:\/\/www.locansol.fr\/ca\/wp-json\/wp\/v2\/media?parent=6612"}],"wp:term":[{"taxonomy":"category","embeddable":true,"href":"https:\/\/www.locansol.fr\/ca\/wp-json\/wp\/v2\/categories?post=6612"},{"taxonomy":"post_tag","embeddable":true,"href":"https:\/\/www.locansol.fr\/ca\/wp-json\/wp\/v2\/tags?post=6612"}],"curies":[{"name":"wp","href":"https:\/\/api.w.org\/{rel}","templated":true}]}}