{"id":6617,"date":"2026-04-27T06:10:26","date_gmt":"2026-04-27T04:10:26","guid":{"rendered":"https:\/\/www.locansol.fr\/exposition-volets-peints-orgue\/"},"modified":"2026-04-27T06:10:30","modified_gmt":"2026-04-27T04:10:30","slug":"exposition-volets-peints-orgue","status":"publish","type":"post","link":"https:\/\/www.locansol.fr\/ca\/exposition-volets-peints-orgue\/","title":{"rendered":"Perpignan &#8211; 24 mars au 31 mai 2023 &#8211; Exposition unique au c\u0153ur de la Cath\u00e9drale Saint-Jean-Baptiste"},"content":{"rendered":"<p>Nich\u00e9e au c\u0153ur du centre historique de Perpignan, la cath\u00e9drale Saint-Jean-Baptiste offre, cette ann\u00e9e, une exp\u00e9rience culturelle exceptionnelle. Du 24 mars au 31 mai 2023, l&rsquo;exposition intitul\u00e9e \u00ab La Red\u00e9couverte d\u2019un Chef d\u2019\u0152uvre Monumental \u00bb y met en lumi\u00e8re deux v\u00e9ritables joyaux du patrimoine: les volets peints du grand orgue de la cath\u00e9drale.<\/p>\n<p>Ces volets, cr\u00e9\u00e9s en 1504, sont impressionnants par leurs dimensions : chaque panneau mesure 12,6 m\u00e8tres de haut sur 4,3 m\u00e8tres de large, soit plus de 83 m\u00b2 chacun ! Ce sont les plus anciens et les plus grands ensembles picturaux de ce type en Europe encore pr\u00e9serv\u00e9s. Leur histoire est tout aussi fascinante que leur majest\u00e9 visuelle. Initialement install\u00e9s sur le buffet de l\u2019orgue, ils suivaient le rythme du calendrier liturgique en s\u2019ouvrant et se refermant, cr\u00e9ant une harmonie parfaite entre musique, architecture et art. Peints \u00e0 la d\u00e9trempe sur toile, ces volets pr\u00e9sentent une face richement polychrome tandis que leur revers est orn\u00e9 de grisailles finement ex\u00e9cut\u00e9es, renfor\u00e7ant leur dimension spirituelle et artistique.<\/p>\n<p>Cependant, au XIXe si\u00e8cle, ces \u0153uvres d\u2019exception ont \u00e9t\u00e9 d\u00e9plac\u00e9es et fix\u00e9es au-dessus de la porte dite \u00ab de Bethl\u00e9em \u00bb dans la cath\u00e9drale. Une position inconfortable qui a progressivement occult\u00e9 leur lecture et \u00e9clips\u00e9 leur importance patrimoniale. Ce n\u2019est qu\u2019en 2022 qu\u2019un vaste chantier de restauration, supervis\u00e9 par les services de l\u2019\u00c9tat, a permis de leur redonner vie. Ce travail minutieux a r\u00e9v\u00e9l\u00e9 des d\u00e9tails fascinants de construction et de conservation, tout en retra\u00e7ant leur histoire mouvement\u00e9e.<\/p>\n<p>Dans l\u2019exposition, les visiteurs ont l\u2019opportunit\u00e9 unique de s&rsquo;approcher de ces \u0153uvres avant leur remise en place sur le buffet de l\u2019orgue. Vous pourrez admirer la lumi\u00e8re saisissante de leur polychromie et la finesse des grisailles, d\u00e9couvrir les sc\u00e8nes magnifiquement peintes repr\u00e9sentant le Bapt\u00eame du Christ et le Festin d\u2019H\u00e9rode, et plonger dans l&rsquo;univers spirituel et artistique de la Renaissance.<\/p>\n<p>Plus qu\u2019une simple exposition, cette exp\u00e9rience vous invite \u00e0 un v\u00e9ritable voyage dans le temps. Elle d\u00e9voile un tr\u00e9sor longtemps oubli\u00e9 et met en valeur le riche patrimoine de Perpignan. En parall\u00e8le, le cadre exceptionnel de la cath\u00e9drale Saint-Jean-Baptiste, un lieu charg\u00e9 d\u2019histoire et de s\u00e9r\u00e9nit\u00e9, ne manquera pas d\u2019ajouter \u00e0 la magie de votre visite.<\/p>\n<p>Rendez-vous donc au 21 rue Mailly, au c\u0153ur de la ville, pour d\u00e9couvrir ce chef-d\u2019\u0153uvre monumental. Le prix d\u2019entr\u00e9e est de 8 euros pour un billet plein tarif, une petite contribution pour une exp\u00e9rience unique et enrichissante.<\/p>\n<p>Ne laissez pas cette opportunit\u00e9 passer ! Que vous soyez amateur d\u2019art, passionn\u00e9 de patrimoine ou simplement curieux, l\u2019exposition \u00ab La Red\u00e9couverte d\u2019un Chef d\u2019\u0152uvre Monumental \u00bb saura vous \u00e9merveiller et vous transporter dans une autre \u00e9poque.<\/p>\n<h3>Informaci\u00f3 pr\u00e0ctica<\/h3>\n<p>\ud83d\udcc5 QUAND ? Du 24 mars au 31 mai 2023<br \/>\ud83d\udccd O\u00d9 ? Cath\u00e9drale Saint-Jean-Baptiste, 21 Rue Mailly, Perpignan<br \/>\ud83d\udcb6 COMBIEN ? 8 \u20ac (plein tarif)<\/p>","protected":false},"excerpt":{"rendered":"<p>D\u00e9couvrez l&rsquo;exposition exceptionnelle des volets du grand orgue de la cath\u00e9drale Saint-Jean-Baptiste de Perpignan, v\u00e9ritables chefs-d&rsquo;\u0153uvre monumentaux restaur\u00e9s, du 24 mars au 31 mai 2023.<\/p>","protected":false},"author":5,"featured_media":6616,"comment_status":"closed","ping_status":"open","sticky":false,"template":"","format":"standard","meta":{"_yoast_wpseo_focuskw":"Exposition volets peints orgue","_yoast_wpseo_title":"La Red\u00e9couverte d\u2019un Chef d\u2019\u0152uvre Monumental \u00e0 Perpignan","_yoast_wpseo_metadesc":"La Red\u00e9couverte d\u2019un Chef d\u2019\u0152uvre Monumental \u00e0 Perpignan. D\u00e9couvrez les volets peints du grand orgue de la cath\u00e9drale Saint-Jean-Baptiste, joyaux du patrimoine des Pyr\u00e9n\u00e9es-Orientales. Une exp\u00e9rience culturelle unique.","_yoast_wpseo_canonical":"","_yoast_wpseo_opengraph-title":"D\u00e9couvrez un tr\u00e9sor cach\u00e9 : l\u2019exposition \u00e0 Perpignan","_yoast_wpseo_opengraph-description":"Plongez dans l\u2019univers spirituel et artistique de la Renaissance. D\u00e9couvrez les volets peints du grand orgue de la cath\u00e9drale Saint-Jean-Baptiste \u00e0 Perpignan.","_yoast_wpseo_opengraph-image":"https:\/\/www.locansol.fr\/wp-content\/uploads\/2026\/04\/exposition-volets-peints-orgue.webp","_yoast_wpseo_opengraph-image-id":"","_yoast_wpseo_twitter-title":"D\u00e9couvrez un chef-d\u2019\u0153uvre monumental \u00e0 Perpignan","_yoast_wpseo_twitter-description":"Ne manquez pas l\u2019exposition unique des volets peints du grand orgue \u00e0 la cath\u00e9drale Saint-Jean-Baptiste. Une plong\u00e9e dans l\u2019art et l\u2019histoire.","_yoast_wpseo_twitter-image":"https:\/\/www.locansol.fr\/wp-content\/uploads\/2026\/04\/exposition-volets-peints-orgue.webp","_yoast_wpseo_twitter-image-id":"","yoast_primary_category":"Exposition","footnotes":""},"categories":[35],"tags":[66,76],"class_list":["post-6617","post","type-post","status-publish","format-standard","has-post-thumbnail","hentry","category-carnaval","tag-evenement-culturel","tag-pyrenees-orientales"],"yoast_head":"<!-- This site is optimized with the Yoast SEO Premium plugin v23.3 (Yoast SEO v26.9) - https:\/\/yoast.com\/product\/yoast-seo-premium-wordpress\/ -->\n<title>La Red\u00e9couverte d\u2019un Chef d\u2019\u0152uvre Monumental \u00e0 Perpignan<\/title>\n<meta name=\"description\" content=\"La Red\u00e9couverte d\u2019un Chef d\u2019\u0152uvre Monumental \u00e0 Perpignan. D\u00e9couvrez les volets peints du grand orgue de la cath\u00e9drale Saint-Jean-Baptiste, joyaux du patrimoine des Pyr\u00e9n\u00e9es-Orientales. Une exp\u00e9rience culturelle unique.\" \/>\n<meta name=\"robots\" content=\"index, follow, max-snippet:-1, max-image-preview:large, max-video-preview:-1\" \/>\n<link rel=\"canonical\" href=\"https:\/\/www.locansol.fr\/ca\/exposition-volets-peints-orgue\/\" \/>\n<meta property=\"og:locale\" content=\"ca_ES\" \/>\n<meta property=\"og:type\" content=\"article\" \/>\n<meta property=\"og:title\" content=\"D\u00e9couvrez un tr\u00e9sor cach\u00e9 : l\u2019exposition \u00e0 Perpignan\" \/>\n<meta property=\"og:description\" content=\"Plongez dans l\u2019univers spirituel et artistique de la Renaissance. D\u00e9couvrez les volets peints du grand orgue de la cath\u00e9drale Saint-Jean-Baptiste \u00e0 Perpignan.\" \/>\n<meta property=\"og:url\" content=\"https:\/\/www.locansol.fr\/ca\/exposition-volets-peints-orgue\/\" \/>\n<meta property=\"og:site_name\" content=\"Locansol, louer un h\u00e9bergement dans les Pyr\u00e9n\u00e9es Orientales\" \/>\n<meta property=\"article:published_time\" content=\"2026-04-27T04:10:26+00:00\" \/>\n<meta property=\"article:modified_time\" content=\"2026-04-27T04:10:30+00:00\" \/>\n<meta property=\"og:image\" content=\"https:\/\/www.locansol.fr\/wp-content\/uploads\/2026\/04\/exposition-volets-peints-orgue.webp\" \/>\n<meta name=\"author\" content=\"H\u00e9bergements Locansol\" \/>\n<meta name=\"twitter:card\" content=\"summary_large_image\" \/>\n<meta name=\"twitter:title\" content=\"D\u00e9couvrez un chef-d\u2019\u0153uvre monumental \u00e0 Perpignan\" \/>\n<meta name=\"twitter:description\" content=\"Ne manquez pas l\u2019exposition unique des volets peints du grand orgue \u00e0 la cath\u00e9drale Saint-Jean-Baptiste. Une plong\u00e9e dans l\u2019art et l\u2019histoire.\" \/>\n<meta name=\"twitter:image\" content=\"https:\/\/www.locansol.fr\/wp-content\/uploads\/2026\/04\/exposition-volets-peints-orgue.webp\" \/>\n<meta name=\"twitter:label1\" content=\"Escrit per\" \/>\n\t<meta name=\"twitter:data1\" content=\"H\u00e9bergements Locansol\" \/>\n\t<meta name=\"twitter:label2\" content=\"Temps estimat de lectura\" \/>\n\t<meta name=\"twitter:data2\" content=\"3 minuts\" \/>\n<script type=\"application\/ld+json\" class=\"yoast-schema-graph\">{\"@context\":\"https:\/\/schema.org\",\"@graph\":[{\"@type\":\"Article\",\"@id\":\"https:\/\/www.locansol.fr\/exposition-volets-peints-orgue\/#article\",\"isPartOf\":{\"@id\":\"https:\/\/www.locansol.fr\/exposition-volets-peints-orgue\/\"},\"author\":{\"name\":\"H\u00e9bergements Locansol\",\"@id\":\"https:\/\/www.locansol.fr\/#\/schema\/person\/0b08d440f1ac44674c6d498107de351d\"},\"headline\":\"Perpignan &#8211; 24 mars au 31 mai 2023 &#8211; Exposition unique au c\u0153ur de la Cath\u00e9drale Saint-Jean-Baptiste\",\"datePublished\":\"2026-04-27T04:10:26+00:00\",\"dateModified\":\"2026-04-27T04:10:30+00:00\",\"mainEntityOfPage\":{\"@id\":\"https:\/\/www.locansol.fr\/exposition-volets-peints-orgue\/\"},\"wordCount\":524,\"publisher\":{\"@id\":\"https:\/\/www.locansol.fr\/#organization\"},\"image\":{\"@id\":\"https:\/\/www.locansol.fr\/exposition-volets-peints-orgue\/#primaryimage\"},\"thumbnailUrl\":\"https:\/\/www.locansol.fr\/wp-content\/uploads\/2026\/04\/exposition-volets-peints-orgue.webp\",\"keywords\":[\"\u00c9v\u00e8nement culturel\",\"Pyr\u00e9n\u00e9es-Orientales\"],\"articleSection\":[\"Carnaval\"],\"inLanguage\":\"ca\"},{\"@type\":\"WebPage\",\"@id\":\"https:\/\/www.locansol.fr\/exposition-volets-peints-orgue\/\",\"url\":\"https:\/\/www.locansol.fr\/exposition-volets-peints-orgue\/\",\"name\":\"La Red\u00e9couverte d\u2019un Chef d\u2019\u0152uvre Monumental \u00e0 Perpignan\",\"isPartOf\":{\"@id\":\"https:\/\/www.locansol.fr\/#website\"},\"primaryImageOfPage\":{\"@id\":\"https:\/\/www.locansol.fr\/exposition-volets-peints-orgue\/#primaryimage\"},\"image\":{\"@id\":\"https:\/\/www.locansol.fr\/exposition-volets-peints-orgue\/#primaryimage\"},\"thumbnailUrl\":\"https:\/\/www.locansol.fr\/wp-content\/uploads\/2026\/04\/exposition-volets-peints-orgue.webp\",\"datePublished\":\"2026-04-27T04:10:26+00:00\",\"dateModified\":\"2026-04-27T04:10:30+00:00\",\"description\":\"La Red\u00e9couverte d\u2019un Chef d\u2019\u0152uvre Monumental \u00e0 Perpignan. D\u00e9couvrez les volets peints du grand orgue de la cath\u00e9drale Saint-Jean-Baptiste, joyaux du patrimoine des Pyr\u00e9n\u00e9es-Orientales. Une exp\u00e9rience culturelle unique.\",\"breadcrumb\":{\"@id\":\"https:\/\/www.locansol.fr\/exposition-volets-peints-orgue\/#breadcrumb\"},\"inLanguage\":\"ca\",\"potentialAction\":[{\"@type\":\"ReadAction\",\"target\":[\"https:\/\/www.locansol.fr\/exposition-volets-peints-orgue\/\"]}]},{\"@type\":\"ImageObject\",\"inLanguage\":\"ca\",\"@id\":\"https:\/\/www.locansol.fr\/exposition-volets-peints-orgue\/#primaryimage\",\"url\":\"https:\/\/www.locansol.fr\/wp-content\/uploads\/2026\/04\/exposition-volets-peints-orgue.webp\",\"contentUrl\":\"https:\/\/www.locansol.fr\/wp-content\/uploads\/2026\/04\/exposition-volets-peints-orgue.webp\",\"width\":1024,\"height\":605,\"caption\":\"La Red\u00e9couverte d\u2019un Chef d\u2019\u0152uvre Monumental \u00e0 Perpignan\"},{\"@type\":\"BreadcrumbList\",\"@id\":\"https:\/\/www.locansol.fr\/exposition-volets-peints-orgue\/#breadcrumb\",\"itemListElement\":[{\"@type\":\"ListItem\",\"position\":1,\"name\":\"Accueil\",\"item\":\"https:\/\/www.locansol.fr\/\"},{\"@type\":\"ListItem\",\"position\":2,\"name\":\"Perpignan &#8211; 24 mars au 31 mai 2023 &#8211; Exposition unique au c\u0153ur de la Cath\u00e9drale Saint-Jean-Baptiste\"}]},{\"@type\":\"WebSite\",\"@id\":\"https:\/\/www.locansol.fr\/#website\",\"url\":\"https:\/\/www.locansol.fr\/\",\"name\":\"Locansol, louer un h\u00e9bergement dans les Pyr\u00e9n\u00e9es-Orientales\",\"description\":\"Location Mobil-home Mer M\u00e9diterran\u00e9e &amp; Chalet de Montagne dans les Pyr\u00e9n\u00e9es Orientales (Occitanie, 66). Weekend, s\u00e9jour &amp; vacances en famille et entre amis.\",\"publisher\":{\"@id\":\"https:\/\/www.locansol.fr\/#organization\"},\"alternateName\":\"Louer un h\u00e9bergement dans les Pyr\u00e9n\u00e9es Orientales, chalet & mobil-home en Occitanie\",\"potentialAction\":[{\"@type\":\"SearchAction\",\"target\":{\"@type\":\"EntryPoint\",\"urlTemplate\":\"https:\/\/www.locansol.fr\/?s={search_term_string}\"},\"query-input\":{\"@type\":\"PropertyValueSpecification\",\"valueRequired\":true,\"valueName\":\"search_term_string\"}}],\"inLanguage\":\"ca\"},{\"@type\":\"Organization\",\"@id\":\"https:\/\/www.locansol.fr\/#organization\",\"name\":\"Location MobilHome & chalet dans les Pyr\u00e9n\u00e9es Orientales\",\"alternateName\":\"Louer un h\u00e9bergement dans les Pyr\u00e9n\u00e9es Orientales en Occitanie\",\"url\":\"https:\/\/www.locansol.fr\/\",\"logo\":{\"@type\":\"ImageObject\",\"inLanguage\":\"ca\",\"@id\":\"https:\/\/www.locansol.fr\/#\/schema\/logo\/image\/\",\"url\":\"https:\/\/www.locansol.fr\/wp-content\/uploads\/2024\/04\/AdobeStock_303324767-scaled.jpeg\",\"contentUrl\":\"https:\/\/www.locansol.fr\/wp-content\/uploads\/2024\/04\/AdobeStock_303324767-scaled.jpeg\",\"width\":2560,\"height\":1707,\"caption\":\"Location MobilHome & chalet dans les Pyr\u00e9n\u00e9es Orientales\"},\"image\":{\"@id\":\"https:\/\/www.locansol.fr\/#\/schema\/logo\/image\/\"}},{\"@type\":\"Person\",\"@id\":\"https:\/\/www.locansol.fr\/#\/schema\/person\/0b08d440f1ac44674c6d498107de351d\",\"name\":\"H\u00e9bergements Locansol\",\"image\":{\"@type\":\"ImageObject\",\"inLanguage\":\"ca\",\"@id\":\"https:\/\/www.locansol.fr\/#\/schema\/person\/image\/\",\"url\":\"https:\/\/secure.gravatar.com\/avatar\/444436b93284204f8116b6e0eb964cd3fcb811519c737232bde6dd5743c37ee5?s=96&d=mm&r=g\",\"contentUrl\":\"https:\/\/secure.gravatar.com\/avatar\/444436b93284204f8116b6e0eb964cd3fcb811519c737232bde6dd5743c37ee5?s=96&d=mm&r=g\",\"caption\":\"H\u00e9bergements Locansol\"},\"sameAs\":[\"https:\/\/www.locansol.fr\/\"],\"url\":\"https:\/\/www.locansol.fr\/ca\/author\/locansol\/\"}]}<\/script>\n<!-- \/ Yoast SEO Premium plugin. -->","yoast_head_json":{"title":"La Red\u00e9couverte d\u2019un Chef d\u2019\u0152uvre Monumental \u00e0 Perpignan","description":"La Red\u00e9couverte d\u2019un Chef d\u2019\u0152uvre Monumental \u00e0 Perpignan. D\u00e9couvrez les volets peints du grand orgue de la cath\u00e9drale Saint-Jean-Baptiste, joyaux du patrimoine des Pyr\u00e9n\u00e9es-Orientales. Une exp\u00e9rience culturelle unique.","robots":{"index":"index","follow":"follow","max-snippet":"max-snippet:-1","max-image-preview":"max-image-preview:large","max-video-preview":"max-video-preview:-1"},"canonical":"https:\/\/www.locansol.fr\/ca\/exposition-volets-peints-orgue\/","og_locale":"ca_ES","og_type":"article","og_title":"D\u00e9couvrez un tr\u00e9sor cach\u00e9 : l\u2019exposition \u00e0 Perpignan","og_description":"Plongez dans l\u2019univers spirituel et artistique de la Renaissance. D\u00e9couvrez les volets peints du grand orgue de la cath\u00e9drale Saint-Jean-Baptiste \u00e0 Perpignan.","og_url":"https:\/\/www.locansol.fr\/ca\/exposition-volets-peints-orgue\/","og_site_name":"Locansol, louer un h\u00e9bergement dans les Pyr\u00e9n\u00e9es Orientales","article_published_time":"2026-04-27T04:10:26+00:00","article_modified_time":"2026-04-27T04:10:30+00:00","og_image":[{"url":"https:\/\/www.locansol.fr\/wp-content\/uploads\/2026\/04\/exposition-volets-peints-orgue.webp","type":"","width":"","height":""}],"author":"H\u00e9bergements Locansol","twitter_card":"summary_large_image","twitter_title":"D\u00e9couvrez un chef-d\u2019\u0153uvre monumental \u00e0 Perpignan","twitter_description":"Ne manquez pas l\u2019exposition unique des volets peints du grand orgue \u00e0 la cath\u00e9drale Saint-Jean-Baptiste. Une plong\u00e9e dans l\u2019art et l\u2019histoire.","twitter_image":"https:\/\/www.locansol.fr\/wp-content\/uploads\/2026\/04\/exposition-volets-peints-orgue.webp","twitter_misc":{"Escrit per":"H\u00e9bergements Locansol","Temps estimat de lectura":"3 minuts"},"schema":{"@context":"https:\/\/schema.org","@graph":[{"@type":"Article","@id":"https:\/\/www.locansol.fr\/exposition-volets-peints-orgue\/#article","isPartOf":{"@id":"https:\/\/www.locansol.fr\/exposition-volets-peints-orgue\/"},"author":{"name":"H\u00e9bergements Locansol","@id":"https:\/\/www.locansol.fr\/#\/schema\/person\/0b08d440f1ac44674c6d498107de351d"},"headline":"Perpignan &#8211; 24 mars au 31 mai 2023 &#8211; Exposition unique au c\u0153ur de la Cath\u00e9drale Saint-Jean-Baptiste","datePublished":"2026-04-27T04:10:26+00:00","dateModified":"2026-04-27T04:10:30+00:00","mainEntityOfPage":{"@id":"https:\/\/www.locansol.fr\/exposition-volets-peints-orgue\/"},"wordCount":524,"publisher":{"@id":"https:\/\/www.locansol.fr\/#organization"},"image":{"@id":"https:\/\/www.locansol.fr\/exposition-volets-peints-orgue\/#primaryimage"},"thumbnailUrl":"https:\/\/www.locansol.fr\/wp-content\/uploads\/2026\/04\/exposition-volets-peints-orgue.webp","keywords":["\u00c9v\u00e8nement culturel","Pyr\u00e9n\u00e9es-Orientales"],"articleSection":["Carnaval"],"inLanguage":"ca"},{"@type":"WebPage","@id":"https:\/\/www.locansol.fr\/exposition-volets-peints-orgue\/","url":"https:\/\/www.locansol.fr\/exposition-volets-peints-orgue\/","name":"La Red\u00e9couverte d\u2019un Chef d\u2019\u0152uvre Monumental \u00e0 Perpignan","isPartOf":{"@id":"https:\/\/www.locansol.fr\/#website"},"primaryImageOfPage":{"@id":"https:\/\/www.locansol.fr\/exposition-volets-peints-orgue\/#primaryimage"},"image":{"@id":"https:\/\/www.locansol.fr\/exposition-volets-peints-orgue\/#primaryimage"},"thumbnailUrl":"https:\/\/www.locansol.fr\/wp-content\/uploads\/2026\/04\/exposition-volets-peints-orgue.webp","datePublished":"2026-04-27T04:10:26+00:00","dateModified":"2026-04-27T04:10:30+00:00","description":"La Red\u00e9couverte d\u2019un Chef d\u2019\u0152uvre Monumental \u00e0 Perpignan. D\u00e9couvrez les volets peints du grand orgue de la cath\u00e9drale Saint-Jean-Baptiste, joyaux du patrimoine des Pyr\u00e9n\u00e9es-Orientales. Une exp\u00e9rience culturelle unique.","breadcrumb":{"@id":"https:\/\/www.locansol.fr\/exposition-volets-peints-orgue\/#breadcrumb"},"inLanguage":"ca","potentialAction":[{"@type":"ReadAction","target":["https:\/\/www.locansol.fr\/exposition-volets-peints-orgue\/"]}]},{"@type":"ImageObject","inLanguage":"ca","@id":"https:\/\/www.locansol.fr\/exposition-volets-peints-orgue\/#primaryimage","url":"https:\/\/www.locansol.fr\/wp-content\/uploads\/2026\/04\/exposition-volets-peints-orgue.webp","contentUrl":"https:\/\/www.locansol.fr\/wp-content\/uploads\/2026\/04\/exposition-volets-peints-orgue.webp","width":1024,"height":605,"caption":"La Red\u00e9couverte d\u2019un Chef d\u2019\u0152uvre Monumental \u00e0 Perpignan"},{"@type":"BreadcrumbList","@id":"https:\/\/www.locansol.fr\/exposition-volets-peints-orgue\/#breadcrumb","itemListElement":[{"@type":"ListItem","position":1,"name":"Accueil","item":"https:\/\/www.locansol.fr\/"},{"@type":"ListItem","position":2,"name":"Perpignan &#8211; 24 mars au 31 mai 2023 &#8211; Exposition unique au c\u0153ur de la Cath\u00e9drale Saint-Jean-Baptiste"}]},{"@type":"WebSite","@id":"https:\/\/www.locansol.fr\/#website","url":"https:\/\/www.locansol.fr\/","name":"Locansol, louer un h\u00e9bergement dans les Pyr\u00e9n\u00e9es-Orientales","description":"Location Mobil-home Mer M\u00e9diterran\u00e9e &amp; Chalet de Montagne dans les Pyr\u00e9n\u00e9es Orientales (Occitanie, 66). Weekend, s\u00e9jour &amp; vacances en famille et entre amis.","publisher":{"@id":"https:\/\/www.locansol.fr\/#organization"},"alternateName":"Louer un h\u00e9bergement dans les Pyr\u00e9n\u00e9es Orientales, chalet & mobil-home en Occitanie","potentialAction":[{"@type":"SearchAction","target":{"@type":"EntryPoint","urlTemplate":"https:\/\/www.locansol.fr\/?s={search_term_string}"},"query-input":{"@type":"PropertyValueSpecification","valueRequired":true,"valueName":"search_term_string"}}],"inLanguage":"ca"},{"@type":"Organization","@id":"https:\/\/www.locansol.fr\/#organization","name":"Location MobilHome & chalet dans les Pyr\u00e9n\u00e9es Orientales","alternateName":"Louer un h\u00e9bergement dans les Pyr\u00e9n\u00e9es Orientales en Occitanie","url":"https:\/\/www.locansol.fr\/","logo":{"@type":"ImageObject","inLanguage":"ca","@id":"https:\/\/www.locansol.fr\/#\/schema\/logo\/image\/","url":"https:\/\/www.locansol.fr\/wp-content\/uploads\/2024\/04\/AdobeStock_303324767-scaled.jpeg","contentUrl":"https:\/\/www.locansol.fr\/wp-content\/uploads\/2024\/04\/AdobeStock_303324767-scaled.jpeg","width":2560,"height":1707,"caption":"Location MobilHome & chalet dans les Pyr\u00e9n\u00e9es Orientales"},"image":{"@id":"https:\/\/www.locansol.fr\/#\/schema\/logo\/image\/"}},{"@type":"Person","@id":"https:\/\/www.locansol.fr\/#\/schema\/person\/0b08d440f1ac44674c6d498107de351d","name":"H\u00e9bergements Locansol","image":{"@type":"ImageObject","inLanguage":"ca","@id":"https:\/\/www.locansol.fr\/#\/schema\/person\/image\/","url":"https:\/\/secure.gravatar.com\/avatar\/444436b93284204f8116b6e0eb964cd3fcb811519c737232bde6dd5743c37ee5?s=96&d=mm&r=g","contentUrl":"https:\/\/secure.gravatar.com\/avatar\/444436b93284204f8116b6e0eb964cd3fcb811519c737232bde6dd5743c37ee5?s=96&d=mm&r=g","caption":"H\u00e9bergements Locansol"},"sameAs":["https:\/\/www.locansol.fr\/"],"url":"https:\/\/www.locansol.fr\/ca\/author\/locansol\/"}]}},"_links":{"self":[{"href":"https:\/\/www.locansol.fr\/ca\/wp-json\/wp\/v2\/posts\/6617","targetHints":{"allow":["GET"]}}],"collection":[{"href":"https:\/\/www.locansol.fr\/ca\/wp-json\/wp\/v2\/posts"}],"about":[{"href":"https:\/\/www.locansol.fr\/ca\/wp-json\/wp\/v2\/types\/post"}],"author":[{"embeddable":true,"href":"https:\/\/www.locansol.fr\/ca\/wp-json\/wp\/v2\/users\/5"}],"replies":[{"embeddable":true,"href":"https:\/\/www.locansol.fr\/ca\/wp-json\/wp\/v2\/comments?post=6617"}],"version-history":[{"count":1,"href":"https:\/\/www.locansol.fr\/ca\/wp-json\/wp\/v2\/posts\/6617\/revisions"}],"predecessor-version":[{"id":6618,"href":"https:\/\/www.locansol.fr\/ca\/wp-json\/wp\/v2\/posts\/6617\/revisions\/6618"}],"wp:featuredmedia":[{"embeddable":true,"href":"https:\/\/www.locansol.fr\/ca\/wp-json\/wp\/v2\/media\/6616"}],"wp:attachment":[{"href":"https:\/\/www.locansol.fr\/ca\/wp-json\/wp\/v2\/media?parent=6617"}],"wp:term":[{"taxonomy":"category","embeddable":true,"href":"https:\/\/www.locansol.fr\/ca\/wp-json\/wp\/v2\/categories?post=6617"},{"taxonomy":"post_tag","embeddable":true,"href":"https:\/\/www.locansol.fr\/ca\/wp-json\/wp\/v2\/tags?post=6617"}],"curies":[{"name":"wp","href":"https:\/\/api.w.org\/{rel}","templated":true}]}}