{"id":6686,"date":"2026-04-28T20:29:47","date_gmt":"2026-04-28T18:29:47","guid":{"rendered":"https:\/\/www.locansol.fr\/exposition-vente-rene-sicre-thuir\/"},"modified":"2026-04-28T20:29:52","modified_gmt":"2026-04-28T18:29:52","slug":"exposition-vente-rene-sicre-thuir","status":"publish","type":"post","link":"https:\/\/www.locansol.fr\/ca\/exposition-vente-rene-sicre-thuir\/","title":{"rendered":"Thuir &#8211; 27 avril au 3 mai 2026 &#8211; Exposition-vente Ren\u00e9 Sicre : \u00c0 la rencontre d\u2019un artiste local"},"content":{"rendered":"<p>Si vous \u00eates passionn\u00e9 d\u2019art ou simplement curieux de d\u00e9couvrir de nouveaux horizons cr\u00e9atifs, rendez-vous \u00e0 Thuir du 27 avril au 3 mai 2026. Pendant une semaine, la salle Lambert Violet transformera ses murs en v\u00e9ritable galerie d\u2019art pour une exposition-vente d\u00e9di\u00e9e \u00e0 Ren\u00e9 Sicre, une figure artistique locale inoubliable. Cet \u00e9v\u00e9nement, qui d\u00e9marre en beaut\u00e9 par un vernissage le 27 avril \u00e0 18h, est une occasion unique de plonger dans l\u2019univers \u00e0 la fois discret et riche de cet artiste thuirinois.<\/p>\n<p>### Ren\u00e9 Sicre : une ic\u00f4ne artistique locale<br \/>Ren\u00e9 Sicre, d\u00e9c\u00e9d\u00e9 en septembre 2023 \u00e0 l\u2019\u00e2ge de 97 ans, \u00e9tait bien plus qu\u2019un artiste. C\u2019\u00e9tait une \u00e2me discr\u00e8te mais lumineuse, profond\u00e9ment enracin\u00e9e dans la vie culturelle de Thuir. De nombreuses personnes gardent de lui le souvenir d\u2019un homme charmant et accessible, dont le talent r\u00e9sonnait bien au-del\u00e0 des fronti\u00e8res de sa commune. L\u2019exposition pr\u00e9sentera une s\u00e9lection d\u2019\u0153uvres choisies avec soin, refl\u00e9tant un style unique marqu\u00e9 par une sensibilit\u00e9 et une ma\u00eetrise artistiques exceptionnelles. Que vous soyez adepte confirm\u00e9 ou novice en mati\u00e8re d\u2019art, vous trouverez dans ses cr\u00e9ations une source d\u2019\u00e9merveillement.<\/p>\n<p>### Une exposition pour tous les curieux et passionn\u00e9s<br \/>Le vernissage, pr\u00e9vu le 27 avril \u00e0 18h, marquera le coup d\u2019envoi de cette exposition-vente. Ce moment privil\u00e9gi\u00e9 permettra aux visiteurs de mieux comprendre l\u2019h\u00e9ritage artistique laiss\u00e9 par Ren\u00e9 Sicre et peut-\u00eatre d\u2019\u00e9changer avec des proches ou des experts qui retraceront son parcours. Accessible gratuitement, cet \u00e9v\u00e9nement invite tous les amateurs d\u2019art et les curieux \u00e0 s\u2019immerger dans une ambiance chaleureuse et conviviale, id\u00e9ale pour appr\u00e9cier toute la richesse des \u0153uvres expos\u00e9es.<\/p>\n<p>Au-del\u00e0 de la simple contemplation, cette exposition vous offre \u00e9galement l\u2019opportunit\u00e9 d\u2019acqu\u00e9rir les \u0153uvres de Ren\u00e9 Sicre. Une fa\u00e7on \u00e0 la fois d\u2019enrichir votre collection d\u2019art et de soutenir la m\u00e9moire d\u2019un artiste ayant marqu\u00e9 la sc\u00e8ne artistique locale. Les cr\u00e9ations de Sicre, toutes empreintes d\u2019une sensibilit\u00e9 rare, promettent d\u2019apporter une touche d\u2019unicit\u00e9 \u00e0 votre int\u00e9rieur.<\/p>\n<p>### Informations pratiques<br \/>La salle Lambert Violet, situ\u00e9e en plein c\u0153ur de Thuir, offre un cadre intimiste et agr\u00e9able, parfaitement adapt\u00e9 \u00e0 la contemplative exploration d\u2019une \u0153uvre artistique. Avec son entr\u00e9e gratuite, l\u2019exposition est pens\u00e9e pour \u00eatre accessible \u00e0 tous, que vous soyez un simple curieux, un amateur d\u2019art confirm\u00e9s ou un collectionneur aguerri.<\/p>\n<p>### Pourquoi ne pas vous laisser tenter ?<br \/>L\u2019exposition-vente d\u00e9di\u00e9e \u00e0 Ren\u00e9 Sicre est bien plus qu\u2019un simple \u00e9v\u00e9nement artistique : c\u2019est un v\u00e9ritable hommage \u00e0 un artiste talentueux et \u00e0 son univers. Profitez de cette belle opportunit\u00e9 pour rendre hommage \u00e0 l\u2019h\u00e9ritage de Ren\u00e9 Sicre, explorer ses chefs-d\u2019\u0153uvre et, qui sait, repartir avec une pi\u00e8ce unique \u00e0 ch\u00e9rir. \u00c0 tr\u00e8s bient\u00f4t \u00e0 Thuir !<\/p>\n<h3>Informaci\u00f3 pr\u00e0ctica<\/h3>\n<p>\ud83d\udcc5 QUAND ? Du 27 avril au 3 mai 2026<br \/>\ud83d\udccd O\u00d9 ? Salle Lambert Violet, Thuir<br \/>\ud83d\udcb6 COMBIEN ? Entr\u00e9e gratuite<\/p>","protected":false},"excerpt":{"rendered":"<p>D\u00e9couvrez l&rsquo;exposition-vente gratuite de Ren\u00e9 Sicre \u00e0 Thuir du 27 avril au 3 mai 2026. Une occasion unique d&rsquo;explorer et d&rsquo;acqu\u00e9rir ses \u0153uvres dans une ambiance conviviale.<\/p>","protected":false},"author":5,"featured_media":6685,"comment_status":"closed","ping_status":"open","sticky":false,"template":"","format":"standard","meta":{"_yoast_wpseo_focuskw":"Exposition-vente Ren\u00e9 Sicre Thuir","_yoast_wpseo_title":"Exposition-vente Ren\u00e9 Sicre Thuir - D\u00e9couvrez ses \u0153uvres","_yoast_wpseo_metadesc":"Exposition-vente Ren\u00e9 Sicre Thuir. D\u00e9couvrez les \u0153uvres d'un artiste local du 27 avril au 3 mai 2026 \u00e0 la salle Lambert Violet. Entr\u00e9e gratuite. Pyr\u00e9n\u00e9es-Orientales.","_yoast_wpseo_canonical":"","_yoast_wpseo_opengraph-title":"D\u00e9couvrez l'univers unique de Ren\u00e9 Sicre \u00e0 Thuir - Exposition-vente","_yoast_wpseo_opengraph-description":"Plongez dans l'univers artistique de Ren\u00e9 Sicre \u00e0 Thuir. Une exposition-vente unique du 27 avril au 3 mai 2026. Entr\u00e9e gratuite.","_yoast_wpseo_opengraph-image":"https:\/\/www.locansol.fr\/wp-content\/uploads\/2026\/04\/exposition-vente-rene-sicre-thuir.webp","_yoast_wpseo_opengraph-image-id":"","_yoast_wpseo_twitter-title":"Exposition-vente Ren\u00e9 Sicre \u00e0 Thuir - Ne manquez pas cet \u00e9v\u00e9nement unique!","_yoast_wpseo_twitter-description":"D\u00e9couvrez les \u0153uvres de Ren\u00e9 Sicre \u00e0 Thuir du 27 avril au 3 mai 2026. Entr\u00e9e gratuite. Une occasion unique de soutenir l'art local.","_yoast_wpseo_twitter-image":"https:\/\/www.locansol.fr\/wp-content\/uploads\/2026\/04\/exposition-vente-rene-sicre-thuir.webp","_yoast_wpseo_twitter-image-id":"","yoast_primary_category":"Exposition","footnotes":""},"categories":[35],"tags":[68,76],"class_list":["post-6686","post","type-post","status-publish","format-standard","has-post-thumbnail","hentry","category-carnaval","tag-manifestation-commerciale","tag-pyrenees-orientales"],"yoast_head":"<!-- This site is optimized with the Yoast SEO Premium plugin v23.3 (Yoast SEO v26.9) - https:\/\/yoast.com\/product\/yoast-seo-premium-wordpress\/ -->\n<title>Exposition-vente Ren\u00e9 Sicre Thuir - D\u00e9couvrez ses \u0153uvres<\/title>\n<meta name=\"description\" content=\"Exposition-vente Ren\u00e9 Sicre Thuir. D\u00e9couvrez les \u0153uvres d&#039;un artiste local du 27 avril au 3 mai 2026 \u00e0 la salle Lambert Violet. Entr\u00e9e gratuite. Pyr\u00e9n\u00e9es-Orientales.\" \/>\n<meta name=\"robots\" content=\"index, follow, max-snippet:-1, max-image-preview:large, max-video-preview:-1\" \/>\n<link rel=\"canonical\" href=\"https:\/\/www.locansol.fr\/ca\/exposition-vente-rene-sicre-thuir\/\" \/>\n<meta property=\"og:locale\" content=\"ca_ES\" \/>\n<meta property=\"og:type\" content=\"article\" \/>\n<meta property=\"og:title\" content=\"D\u00e9couvrez l&#039;univers unique de Ren\u00e9 Sicre \u00e0 Thuir - Exposition-vente\" \/>\n<meta property=\"og:description\" content=\"Plongez dans l&#039;univers artistique de Ren\u00e9 Sicre \u00e0 Thuir. Une exposition-vente unique du 27 avril au 3 mai 2026. Entr\u00e9e gratuite.\" \/>\n<meta property=\"og:url\" content=\"https:\/\/www.locansol.fr\/ca\/exposition-vente-rene-sicre-thuir\/\" \/>\n<meta property=\"og:site_name\" content=\"Locansol, louer un h\u00e9bergement dans les Pyr\u00e9n\u00e9es Orientales\" \/>\n<meta property=\"article:published_time\" content=\"2026-04-28T18:29:47+00:00\" \/>\n<meta property=\"article:modified_time\" content=\"2026-04-28T18:29:52+00:00\" \/>\n<meta property=\"og:image\" content=\"https:\/\/www.locansol.fr\/wp-content\/uploads\/2026\/04\/exposition-vente-rene-sicre-thuir.webp\" \/>\n<meta name=\"author\" content=\"H\u00e9bergements Locansol\" \/>\n<meta name=\"twitter:card\" content=\"summary_large_image\" \/>\n<meta name=\"twitter:title\" content=\"Exposition-vente Ren\u00e9 Sicre \u00e0 Thuir - Ne manquez pas cet \u00e9v\u00e9nement unique!\" \/>\n<meta name=\"twitter:description\" content=\"D\u00e9couvrez les \u0153uvres de Ren\u00e9 Sicre \u00e0 Thuir du 27 avril au 3 mai 2026. Entr\u00e9e gratuite. Une occasion unique de soutenir l&#039;art local.\" \/>\n<meta name=\"twitter:image\" content=\"https:\/\/www.locansol.fr\/wp-content\/uploads\/2026\/04\/exposition-vente-rene-sicre-thuir.webp\" \/>\n<meta name=\"twitter:label1\" content=\"Escrit per\" \/>\n\t<meta name=\"twitter:data1\" content=\"H\u00e9bergements Locansol\" \/>\n\t<meta name=\"twitter:label2\" content=\"Temps estimat de lectura\" \/>\n\t<meta name=\"twitter:data2\" content=\"3 minuts\" \/>\n<script type=\"application\/ld+json\" class=\"yoast-schema-graph\">{\"@context\":\"https:\/\/schema.org\",\"@graph\":[{\"@type\":\"Article\",\"@id\":\"https:\/\/www.locansol.fr\/exposition-vente-rene-sicre-thuir\/#article\",\"isPartOf\":{\"@id\":\"https:\/\/www.locansol.fr\/exposition-vente-rene-sicre-thuir\/\"},\"author\":{\"name\":\"H\u00e9bergements Locansol\",\"@id\":\"https:\/\/www.locansol.fr\/#\/schema\/person\/0b08d440f1ac44674c6d498107de351d\"},\"headline\":\"Thuir &#8211; 27 avril au 3 mai 2026 &#8211; Exposition-vente Ren\u00e9 Sicre : \u00c0 la rencontre d\u2019un artiste local\",\"datePublished\":\"2026-04-28T18:29:47+00:00\",\"dateModified\":\"2026-04-28T18:29:52+00:00\",\"mainEntityOfPage\":{\"@id\":\"https:\/\/www.locansol.fr\/exposition-vente-rene-sicre-thuir\/\"},\"wordCount\":517,\"publisher\":{\"@id\":\"https:\/\/www.locansol.fr\/#organization\"},\"image\":{\"@id\":\"https:\/\/www.locansol.fr\/exposition-vente-rene-sicre-thuir\/#primaryimage\"},\"thumbnailUrl\":\"https:\/\/www.locansol.fr\/wp-content\/uploads\/2026\/04\/exposition-vente-rene-sicre-thuir.webp\",\"keywords\":[\"Manifestation commerciale\",\"Pyr\u00e9n\u00e9es-Orientales\"],\"articleSection\":[\"Carnaval\"],\"inLanguage\":\"ca\"},{\"@type\":\"WebPage\",\"@id\":\"https:\/\/www.locansol.fr\/exposition-vente-rene-sicre-thuir\/\",\"url\":\"https:\/\/www.locansol.fr\/exposition-vente-rene-sicre-thuir\/\",\"name\":\"Exposition-vente Ren\u00e9 Sicre Thuir - D\u00e9couvrez ses \u0153uvres\",\"isPartOf\":{\"@id\":\"https:\/\/www.locansol.fr\/#website\"},\"primaryImageOfPage\":{\"@id\":\"https:\/\/www.locansol.fr\/exposition-vente-rene-sicre-thuir\/#primaryimage\"},\"image\":{\"@id\":\"https:\/\/www.locansol.fr\/exposition-vente-rene-sicre-thuir\/#primaryimage\"},\"thumbnailUrl\":\"https:\/\/www.locansol.fr\/wp-content\/uploads\/2026\/04\/exposition-vente-rene-sicre-thuir.webp\",\"datePublished\":\"2026-04-28T18:29:47+00:00\",\"dateModified\":\"2026-04-28T18:29:52+00:00\",\"description\":\"Exposition-vente Ren\u00e9 Sicre Thuir. D\u00e9couvrez les \u0153uvres d'un artiste local du 27 avril au 3 mai 2026 \u00e0 la salle Lambert Violet. Entr\u00e9e gratuite. Pyr\u00e9n\u00e9es-Orientales.\",\"breadcrumb\":{\"@id\":\"https:\/\/www.locansol.fr\/exposition-vente-rene-sicre-thuir\/#breadcrumb\"},\"inLanguage\":\"ca\",\"potentialAction\":[{\"@type\":\"ReadAction\",\"target\":[\"https:\/\/www.locansol.fr\/exposition-vente-rene-sicre-thuir\/\"]}]},{\"@type\":\"ImageObject\",\"inLanguage\":\"ca\",\"@id\":\"https:\/\/www.locansol.fr\/exposition-vente-rene-sicre-thuir\/#primaryimage\",\"url\":\"https:\/\/www.locansol.fr\/wp-content\/uploads\/2026\/04\/exposition-vente-rene-sicre-thuir.webp\",\"contentUrl\":\"https:\/\/www.locansol.fr\/wp-content\/uploads\/2026\/04\/exposition-vente-rene-sicre-thuir.webp\",\"width\":348,\"height\":490,\"caption\":\"Exposition-vente Ren\u00e9 Sicre Thuir - D\u00e9couvrez ses \u0153uvres\"},{\"@type\":\"BreadcrumbList\",\"@id\":\"https:\/\/www.locansol.fr\/exposition-vente-rene-sicre-thuir\/#breadcrumb\",\"itemListElement\":[{\"@type\":\"ListItem\",\"position\":1,\"name\":\"Accueil\",\"item\":\"https:\/\/www.locansol.fr\/\"},{\"@type\":\"ListItem\",\"position\":2,\"name\":\"Thuir &#8211; 27 avril au 3 mai 2026 &#8211; Exposition-vente Ren\u00e9 Sicre : \u00c0 la rencontre d\u2019un artiste local\"}]},{\"@type\":\"WebSite\",\"@id\":\"https:\/\/www.locansol.fr\/#website\",\"url\":\"https:\/\/www.locansol.fr\/\",\"name\":\"Locansol, louer un h\u00e9bergement dans les Pyr\u00e9n\u00e9es-Orientales\",\"description\":\"Location Mobil-home Mer M\u00e9diterran\u00e9e &amp; Chalet de Montagne dans les Pyr\u00e9n\u00e9es Orientales (Occitanie, 66). Weekend, s\u00e9jour &amp; vacances en famille et entre amis.\",\"publisher\":{\"@id\":\"https:\/\/www.locansol.fr\/#organization\"},\"alternateName\":\"Louer un h\u00e9bergement dans les Pyr\u00e9n\u00e9es Orientales, chalet & mobil-home en Occitanie\",\"potentialAction\":[{\"@type\":\"SearchAction\",\"target\":{\"@type\":\"EntryPoint\",\"urlTemplate\":\"https:\/\/www.locansol.fr\/?s={search_term_string}\"},\"query-input\":{\"@type\":\"PropertyValueSpecification\",\"valueRequired\":true,\"valueName\":\"search_term_string\"}}],\"inLanguage\":\"ca\"},{\"@type\":\"Organization\",\"@id\":\"https:\/\/www.locansol.fr\/#organization\",\"name\":\"Location MobilHome & chalet dans les Pyr\u00e9n\u00e9es Orientales\",\"alternateName\":\"Louer un h\u00e9bergement dans les Pyr\u00e9n\u00e9es Orientales en Occitanie\",\"url\":\"https:\/\/www.locansol.fr\/\",\"logo\":{\"@type\":\"ImageObject\",\"inLanguage\":\"ca\",\"@id\":\"https:\/\/www.locansol.fr\/#\/schema\/logo\/image\/\",\"url\":\"https:\/\/www.locansol.fr\/wp-content\/uploads\/2024\/04\/AdobeStock_303324767-scaled.jpeg\",\"contentUrl\":\"https:\/\/www.locansol.fr\/wp-content\/uploads\/2024\/04\/AdobeStock_303324767-scaled.jpeg\",\"width\":2560,\"height\":1707,\"caption\":\"Location MobilHome & chalet dans les Pyr\u00e9n\u00e9es Orientales\"},\"image\":{\"@id\":\"https:\/\/www.locansol.fr\/#\/schema\/logo\/image\/\"}},{\"@type\":\"Person\",\"@id\":\"https:\/\/www.locansol.fr\/#\/schema\/person\/0b08d440f1ac44674c6d498107de351d\",\"name\":\"H\u00e9bergements Locansol\",\"image\":{\"@type\":\"ImageObject\",\"inLanguage\":\"ca\",\"@id\":\"https:\/\/www.locansol.fr\/#\/schema\/person\/image\/\",\"url\":\"https:\/\/secure.gravatar.com\/avatar\/444436b93284204f8116b6e0eb964cd3fcb811519c737232bde6dd5743c37ee5?s=96&d=mm&r=g\",\"contentUrl\":\"https:\/\/secure.gravatar.com\/avatar\/444436b93284204f8116b6e0eb964cd3fcb811519c737232bde6dd5743c37ee5?s=96&d=mm&r=g\",\"caption\":\"H\u00e9bergements Locansol\"},\"sameAs\":[\"https:\/\/www.locansol.fr\/\"],\"url\":\"https:\/\/www.locansol.fr\/ca\/author\/locansol\/\"}]}<\/script>\n<!-- \/ Yoast SEO Premium plugin. -->","yoast_head_json":{"title":"Exposition-vente Ren\u00e9 Sicre Thuir - D\u00e9couvrez ses \u0153uvres","description":"Exposition-vente Ren\u00e9 Sicre Thuir. D\u00e9couvrez les \u0153uvres d'un artiste local du 27 avril au 3 mai 2026 \u00e0 la salle Lambert Violet. Entr\u00e9e gratuite. Pyr\u00e9n\u00e9es-Orientales.","robots":{"index":"index","follow":"follow","max-snippet":"max-snippet:-1","max-image-preview":"max-image-preview:large","max-video-preview":"max-video-preview:-1"},"canonical":"https:\/\/www.locansol.fr\/ca\/exposition-vente-rene-sicre-thuir\/","og_locale":"ca_ES","og_type":"article","og_title":"D\u00e9couvrez l'univers unique de Ren\u00e9 Sicre \u00e0 Thuir - Exposition-vente","og_description":"Plongez dans l'univers artistique de Ren\u00e9 Sicre \u00e0 Thuir. Une exposition-vente unique du 27 avril au 3 mai 2026. Entr\u00e9e gratuite.","og_url":"https:\/\/www.locansol.fr\/ca\/exposition-vente-rene-sicre-thuir\/","og_site_name":"Locansol, louer un h\u00e9bergement dans les Pyr\u00e9n\u00e9es Orientales","article_published_time":"2026-04-28T18:29:47+00:00","article_modified_time":"2026-04-28T18:29:52+00:00","og_image":[{"url":"https:\/\/www.locansol.fr\/wp-content\/uploads\/2026\/04\/exposition-vente-rene-sicre-thuir.webp","type":"","width":"","height":""}],"author":"H\u00e9bergements Locansol","twitter_card":"summary_large_image","twitter_title":"Exposition-vente Ren\u00e9 Sicre \u00e0 Thuir - Ne manquez pas cet \u00e9v\u00e9nement unique!","twitter_description":"D\u00e9couvrez les \u0153uvres de Ren\u00e9 Sicre \u00e0 Thuir du 27 avril au 3 mai 2026. Entr\u00e9e gratuite. Une occasion unique de soutenir l'art local.","twitter_image":"https:\/\/www.locansol.fr\/wp-content\/uploads\/2026\/04\/exposition-vente-rene-sicre-thuir.webp","twitter_misc":{"Escrit per":"H\u00e9bergements Locansol","Temps estimat de lectura":"3 minuts"},"schema":{"@context":"https:\/\/schema.org","@graph":[{"@type":"Article","@id":"https:\/\/www.locansol.fr\/exposition-vente-rene-sicre-thuir\/#article","isPartOf":{"@id":"https:\/\/www.locansol.fr\/exposition-vente-rene-sicre-thuir\/"},"author":{"name":"H\u00e9bergements Locansol","@id":"https:\/\/www.locansol.fr\/#\/schema\/person\/0b08d440f1ac44674c6d498107de351d"},"headline":"Thuir &#8211; 27 avril au 3 mai 2026 &#8211; Exposition-vente Ren\u00e9 Sicre : \u00c0 la rencontre d\u2019un artiste local","datePublished":"2026-04-28T18:29:47+00:00","dateModified":"2026-04-28T18:29:52+00:00","mainEntityOfPage":{"@id":"https:\/\/www.locansol.fr\/exposition-vente-rene-sicre-thuir\/"},"wordCount":517,"publisher":{"@id":"https:\/\/www.locansol.fr\/#organization"},"image":{"@id":"https:\/\/www.locansol.fr\/exposition-vente-rene-sicre-thuir\/#primaryimage"},"thumbnailUrl":"https:\/\/www.locansol.fr\/wp-content\/uploads\/2026\/04\/exposition-vente-rene-sicre-thuir.webp","keywords":["Manifestation commerciale","Pyr\u00e9n\u00e9es-Orientales"],"articleSection":["Carnaval"],"inLanguage":"ca"},{"@type":"WebPage","@id":"https:\/\/www.locansol.fr\/exposition-vente-rene-sicre-thuir\/","url":"https:\/\/www.locansol.fr\/exposition-vente-rene-sicre-thuir\/","name":"Exposition-vente Ren\u00e9 Sicre Thuir - D\u00e9couvrez ses \u0153uvres","isPartOf":{"@id":"https:\/\/www.locansol.fr\/#website"},"primaryImageOfPage":{"@id":"https:\/\/www.locansol.fr\/exposition-vente-rene-sicre-thuir\/#primaryimage"},"image":{"@id":"https:\/\/www.locansol.fr\/exposition-vente-rene-sicre-thuir\/#primaryimage"},"thumbnailUrl":"https:\/\/www.locansol.fr\/wp-content\/uploads\/2026\/04\/exposition-vente-rene-sicre-thuir.webp","datePublished":"2026-04-28T18:29:47+00:00","dateModified":"2026-04-28T18:29:52+00:00","description":"Exposition-vente Ren\u00e9 Sicre Thuir. D\u00e9couvrez les \u0153uvres d'un artiste local du 27 avril au 3 mai 2026 \u00e0 la salle Lambert Violet. Entr\u00e9e gratuite. Pyr\u00e9n\u00e9es-Orientales.","breadcrumb":{"@id":"https:\/\/www.locansol.fr\/exposition-vente-rene-sicre-thuir\/#breadcrumb"},"inLanguage":"ca","potentialAction":[{"@type":"ReadAction","target":["https:\/\/www.locansol.fr\/exposition-vente-rene-sicre-thuir\/"]}]},{"@type":"ImageObject","inLanguage":"ca","@id":"https:\/\/www.locansol.fr\/exposition-vente-rene-sicre-thuir\/#primaryimage","url":"https:\/\/www.locansol.fr\/wp-content\/uploads\/2026\/04\/exposition-vente-rene-sicre-thuir.webp","contentUrl":"https:\/\/www.locansol.fr\/wp-content\/uploads\/2026\/04\/exposition-vente-rene-sicre-thuir.webp","width":348,"height":490,"caption":"Exposition-vente Ren\u00e9 Sicre Thuir - D\u00e9couvrez ses \u0153uvres"},{"@type":"BreadcrumbList","@id":"https:\/\/www.locansol.fr\/exposition-vente-rene-sicre-thuir\/#breadcrumb","itemListElement":[{"@type":"ListItem","position":1,"name":"Accueil","item":"https:\/\/www.locansol.fr\/"},{"@type":"ListItem","position":2,"name":"Thuir &#8211; 27 avril au 3 mai 2026 &#8211; Exposition-vente Ren\u00e9 Sicre : \u00c0 la rencontre d\u2019un artiste local"}]},{"@type":"WebSite","@id":"https:\/\/www.locansol.fr\/#website","url":"https:\/\/www.locansol.fr\/","name":"Locansol, louer un h\u00e9bergement dans les Pyr\u00e9n\u00e9es-Orientales","description":"Location Mobil-home Mer M\u00e9diterran\u00e9e &amp; Chalet de Montagne dans les Pyr\u00e9n\u00e9es Orientales (Occitanie, 66). Weekend, s\u00e9jour &amp; vacances en famille et entre amis.","publisher":{"@id":"https:\/\/www.locansol.fr\/#organization"},"alternateName":"Louer un h\u00e9bergement dans les Pyr\u00e9n\u00e9es Orientales, chalet & mobil-home en Occitanie","potentialAction":[{"@type":"SearchAction","target":{"@type":"EntryPoint","urlTemplate":"https:\/\/www.locansol.fr\/?s={search_term_string}"},"query-input":{"@type":"PropertyValueSpecification","valueRequired":true,"valueName":"search_term_string"}}],"inLanguage":"ca"},{"@type":"Organization","@id":"https:\/\/www.locansol.fr\/#organization","name":"Location MobilHome & chalet dans les Pyr\u00e9n\u00e9es Orientales","alternateName":"Louer un h\u00e9bergement dans les Pyr\u00e9n\u00e9es Orientales en Occitanie","url":"https:\/\/www.locansol.fr\/","logo":{"@type":"ImageObject","inLanguage":"ca","@id":"https:\/\/www.locansol.fr\/#\/schema\/logo\/image\/","url":"https:\/\/www.locansol.fr\/wp-content\/uploads\/2024\/04\/AdobeStock_303324767-scaled.jpeg","contentUrl":"https:\/\/www.locansol.fr\/wp-content\/uploads\/2024\/04\/AdobeStock_303324767-scaled.jpeg","width":2560,"height":1707,"caption":"Location MobilHome & chalet dans les Pyr\u00e9n\u00e9es Orientales"},"image":{"@id":"https:\/\/www.locansol.fr\/#\/schema\/logo\/image\/"}},{"@type":"Person","@id":"https:\/\/www.locansol.fr\/#\/schema\/person\/0b08d440f1ac44674c6d498107de351d","name":"H\u00e9bergements Locansol","image":{"@type":"ImageObject","inLanguage":"ca","@id":"https:\/\/www.locansol.fr\/#\/schema\/person\/image\/","url":"https:\/\/secure.gravatar.com\/avatar\/444436b93284204f8116b6e0eb964cd3fcb811519c737232bde6dd5743c37ee5?s=96&d=mm&r=g","contentUrl":"https:\/\/secure.gravatar.com\/avatar\/444436b93284204f8116b6e0eb964cd3fcb811519c737232bde6dd5743c37ee5?s=96&d=mm&r=g","caption":"H\u00e9bergements Locansol"},"sameAs":["https:\/\/www.locansol.fr\/"],"url":"https:\/\/www.locansol.fr\/ca\/author\/locansol\/"}]}},"_links":{"self":[{"href":"https:\/\/www.locansol.fr\/ca\/wp-json\/wp\/v2\/posts\/6686","targetHints":{"allow":["GET"]}}],"collection":[{"href":"https:\/\/www.locansol.fr\/ca\/wp-json\/wp\/v2\/posts"}],"about":[{"href":"https:\/\/www.locansol.fr\/ca\/wp-json\/wp\/v2\/types\/post"}],"author":[{"embeddable":true,"href":"https:\/\/www.locansol.fr\/ca\/wp-json\/wp\/v2\/users\/5"}],"replies":[{"embeddable":true,"href":"https:\/\/www.locansol.fr\/ca\/wp-json\/wp\/v2\/comments?post=6686"}],"version-history":[{"count":1,"href":"https:\/\/www.locansol.fr\/ca\/wp-json\/wp\/v2\/posts\/6686\/revisions"}],"predecessor-version":[{"id":6687,"href":"https:\/\/www.locansol.fr\/ca\/wp-json\/wp\/v2\/posts\/6686\/revisions\/6687"}],"wp:featuredmedia":[{"embeddable":true,"href":"https:\/\/www.locansol.fr\/ca\/wp-json\/wp\/v2\/media\/6685"}],"wp:attachment":[{"href":"https:\/\/www.locansol.fr\/ca\/wp-json\/wp\/v2\/media?parent=6686"}],"wp:term":[{"taxonomy":"category","embeddable":true,"href":"https:\/\/www.locansol.fr\/ca\/wp-json\/wp\/v2\/categories?post=6686"},{"taxonomy":"post_tag","embeddable":true,"href":"https:\/\/www.locansol.fr\/ca\/wp-json\/wp\/v2\/tags?post=6686"}],"curies":[{"name":"wp","href":"https:\/\/api.w.org\/{rel}","templated":true}]}}