{"id":6771,"date":"2026-04-30T16:21:19","date_gmt":"2026-04-30T14:21:19","guid":{"rendered":"https:\/\/www.locansol.fr\/exposition-mitty-thuir-art\/"},"modified":"2026-04-30T16:21:23","modified_gmt":"2026-04-30T14:21:23","slug":"exposition-mitty-thuir-art","status":"publish","type":"post","link":"https:\/\/www.locansol.fr\/ca\/exposition-mitty-thuir-art\/","title":{"rendered":"Exposition Mitty \u00e0 Thuir \u2013 Avril-Mai 2023 : Plong\u00e9e dans les Horizons Abstraits"},"content":{"rendered":"<p>Du 28 avril au 16 mai, la ville de Thuir vous invite \u00e0 un voyage captivant dans l&rsquo;univers artistique de Mitty \u00e0 travers son exposition \u00ab Horizons Abstraits \u00bb. Install\u00e9e au c\u0153ur de la m\u00e9diath\u00e8que de Thuir, situ\u00e9e dans l&rsquo;Impasse Violet, cette exposition offre une opportunit\u00e9 unique de d\u00e9couvrir l&rsquo;art abstrait dans toute sa richesse. Et le meilleur dans tout cela ? Une entr\u00e9e enti\u00e8rement gratuite pour un \u00e9v\u00e9nement accessible \u00e0 tous.<\/p>\n<p>L&rsquo;artiste Mitty, originaire de Saint-Malo, puise dans ses racines bretonnes et ses ann\u00e9es pass\u00e9es en outre-mer pour cr\u00e9er des \u0153uvres aussi envo\u00fbtantes qu&rsquo;originales. Abandonnant la peinture figurative, elle s&rsquo;est tourn\u00e9e vers l&rsquo;abstraction, un univers o\u00f9 elle explore la mati\u00e8re avec finesse et intensit\u00e9. Ses cr\u00e9ations, compos\u00e9es de r\u00e9sine pigment\u00e9e et d&rsquo;encres, m\u00e9langent textures et couleurs de mani\u00e8re \u00e0 \u00e9voquer tour \u00e0 tour les vastes paysages marins, les profondeurs myst\u00e9rieuses et des horizons infiniment po\u00e9tiques.<\/p>\n<p>Le cadre paisible de la m\u00e9diath\u00e8que de Thuir constitue un \u00e9crin parfait pour contempler ces \u0153uvres. L&rsquo;atmosph\u00e8re invite \u00e0 une pause hors du temps, o\u00f9 les visiteurs peuvent se perdre dans les m\u00e9andres color\u00e9s de l&rsquo;imagination de l&rsquo;artiste. Que vous soyez un amateur \u00e9clair\u00e9 ou simplement curieux, cette exposition est une chance rare d&rsquo;entrer en contact avec une forme d&rsquo;art qui invite \u00e0 la r\u00e9flexion et \u00e0 l&rsquo;\u00e9motion.<\/p>\n<p>L&rsquo;exposition est accessible aux petits comme aux grands, et son format gratuit favorise l&rsquo;inclusion et le partage de ce moment de d\u00e9couverte culturelle. C&rsquo;est aussi une occasion id\u00e9ale pour une sortie en solo, en famille ou entre amis, dans la charmante ville de Thuir. N\u2019h\u00e9sitez pas \u00e0 fl\u00e2ner dans le centre de cette commune accueillante apr\u00e8s votre visite \u00e0 la m\u00e9diath\u00e8que.<\/p>\n<p>Ne manquez pas cette belle aventure artistique et laissez la magie des \u00ab Horizons Abstraits \u00bb de Mitty vous transporter dans un ailleurs. Rendez-vous du 28 avril au 16 mai, \u00e0 la m\u00e9diath\u00e8que de Thuir. L&rsquo;entr\u00e9e est libre : profitez-en pour faire le plein de culture en toute simplicit\u00e9.<\/p>\n<h3>Informaci\u00f3 pr\u00e0ctica<\/h3>\n<p>\ud83d\udcc5 QUAND ? 28 avril > 16 mai<br \/>\ud83d\udccd O\u00d9 ? Impasse Violet, Thuir<br \/>\ud83d\udcb6 COMBIEN ? Entr\u00e9e gratuite<\/p>","protected":false},"excerpt":{"rendered":"<p>D\u00e9couvrez l&rsquo;exposition \u00ab Horizons Abstraits \u00bb de Mitty \u00e0 Thuir, du 28 avril au 16 mai : un voyage sensoriel gratuit dans l&rsquo;art abstrait.<\/p>","protected":false},"author":5,"featured_media":6770,"comment_status":"closed","ping_status":"open","sticky":false,"template":"","format":"standard","meta":{"_yoast_wpseo_focuskw":"Exposition Mitty Thuir art","_yoast_wpseo_title":"Exposition Mitty Thuir : D\u00e9couvrez l'art abstrait en 2023","_yoast_wpseo_metadesc":"Exposition Mitty Thuir : Plongez dans l'art abstrait du 28 avril au 16 mai \u00e0 la m\u00e9diath\u00e8que. Entr\u00e9e gratuite. D\u00e9couverte culturelle dans les Pyr\u00e9n\u00e9es-Orientales.","_yoast_wpseo_canonical":"","_yoast_wpseo_opengraph-title":"Laissez-vous transporter : Exposition Mitty \u00e0 Thuir \u2014 Horizons Abstraits","_yoast_wpseo_opengraph-description":"Plongez dans un univers de couleurs et de textures avec Mitty \u00e0 Thuir. Une exposition gratuite qui \u00e9voque les paysages marins et les horizons infinis.","_yoast_wpseo_opengraph-image":"https:\/\/www.locansol.fr\/wp-content\/uploads\/2026\/04\/exposition-mitty-thuir-art.webp","_yoast_wpseo_opengraph-image-id":"","_yoast_wpseo_twitter-title":"D\u00e9couvrez l'exposition Mitty \u00e0 Thuir : art abstrait et \u00e9motions","_yoast_wpseo_twitter-description":"Plongez dans l'univers abstrait de Mitty \u00e0 Thuir. Entr\u00e9e gratuite du 28 avril au 16 mai. Une exp\u00e9rience culturelle \u00e0 ne pas manquer !","_yoast_wpseo_twitter-image":"https:\/\/www.locansol.fr\/wp-content\/uploads\/2026\/04\/exposition-mitty-thuir-art.webp","_yoast_wpseo_twitter-image-id":"","yoast_primary_category":"Exposition","footnotes":""},"categories":[35],"tags":[66,67,76],"class_list":["post-6771","post","type-post","status-publish","format-standard","has-post-thumbnail","hentry","category-carnaval","tag-evenement-culturel","tag-loisirs","tag-pyrenees-orientales"],"yoast_head":"<!-- This site is optimized with the Yoast SEO Premium plugin v23.3 (Yoast SEO v26.9) - https:\/\/yoast.com\/product\/yoast-seo-premium-wordpress\/ -->\n<title>Exposition Mitty Thuir : D\u00e9couvrez l&#039;art abstrait en 2023<\/title>\n<meta name=\"description\" content=\"Exposition Mitty Thuir : Plongez dans l&#039;art abstrait du 28 avril au 16 mai \u00e0 la m\u00e9diath\u00e8que. Entr\u00e9e gratuite. D\u00e9couverte culturelle dans les Pyr\u00e9n\u00e9es-Orientales.\" \/>\n<meta name=\"robots\" content=\"index, follow, max-snippet:-1, max-image-preview:large, max-video-preview:-1\" \/>\n<link rel=\"canonical\" href=\"https:\/\/www.locansol.fr\/ca\/exposition-mitty-thuir-art\/\" \/>\n<meta property=\"og:locale\" content=\"ca_ES\" \/>\n<meta property=\"og:type\" content=\"article\" \/>\n<meta property=\"og:title\" content=\"Laissez-vous transporter : Exposition Mitty \u00e0 Thuir \u2014 Horizons Abstraits\" \/>\n<meta property=\"og:description\" content=\"Plongez dans un univers de couleurs et de textures avec Mitty \u00e0 Thuir. Une exposition gratuite qui \u00e9voque les paysages marins et les horizons infinis.\" \/>\n<meta property=\"og:url\" content=\"https:\/\/www.locansol.fr\/ca\/exposition-mitty-thuir-art\/\" \/>\n<meta property=\"og:site_name\" content=\"Locansol, louer un h\u00e9bergement dans les Pyr\u00e9n\u00e9es Orientales\" \/>\n<meta property=\"article:published_time\" content=\"2026-04-30T14:21:19+00:00\" \/>\n<meta property=\"article:modified_time\" content=\"2026-04-30T14:21:23+00:00\" \/>\n<meta property=\"og:image\" content=\"https:\/\/www.locansol.fr\/wp-content\/uploads\/2026\/04\/exposition-mitty-thuir-art.webp\" \/>\n<meta name=\"author\" content=\"H\u00e9bergements Locansol\" \/>\n<meta name=\"twitter:card\" content=\"summary_large_image\" \/>\n<meta name=\"twitter:title\" content=\"D\u00e9couvrez l&#039;exposition Mitty \u00e0 Thuir : art abstrait et \u00e9motions\" \/>\n<meta name=\"twitter:description\" content=\"Plongez dans l&#039;univers abstrait de Mitty \u00e0 Thuir. Entr\u00e9e gratuite du 28 avril au 16 mai. Une exp\u00e9rience culturelle \u00e0 ne pas manquer !\" \/>\n<meta name=\"twitter:image\" content=\"https:\/\/www.locansol.fr\/wp-content\/uploads\/2026\/04\/exposition-mitty-thuir-art.webp\" \/>\n<meta name=\"twitter:label1\" content=\"Escrit per\" \/>\n\t<meta name=\"twitter:data1\" content=\"H\u00e9bergements Locansol\" \/>\n\t<meta name=\"twitter:label2\" content=\"Temps estimat de lectura\" \/>\n\t<meta name=\"twitter:data2\" content=\"2 minuts\" \/>\n<script type=\"application\/ld+json\" class=\"yoast-schema-graph\">{\"@context\":\"https:\/\/schema.org\",\"@graph\":[{\"@type\":\"Article\",\"@id\":\"https:\/\/www.locansol.fr\/exposition-mitty-thuir-art\/#article\",\"isPartOf\":{\"@id\":\"https:\/\/www.locansol.fr\/exposition-mitty-thuir-art\/\"},\"author\":{\"name\":\"H\u00e9bergements Locansol\",\"@id\":\"https:\/\/www.locansol.fr\/#\/schema\/person\/0b08d440f1ac44674c6d498107de351d\"},\"headline\":\"Exposition Mitty \u00e0 Thuir \u2013 Avril-Mai 2023 : Plong\u00e9e dans les Horizons Abstraits\",\"datePublished\":\"2026-04-30T14:21:19+00:00\",\"dateModified\":\"2026-04-30T14:21:23+00:00\",\"mainEntityOfPage\":{\"@id\":\"https:\/\/www.locansol.fr\/exposition-mitty-thuir-art\/\"},\"wordCount\":384,\"publisher\":{\"@id\":\"https:\/\/www.locansol.fr\/#organization\"},\"image\":{\"@id\":\"https:\/\/www.locansol.fr\/exposition-mitty-thuir-art\/#primaryimage\"},\"thumbnailUrl\":\"https:\/\/www.locansol.fr\/wp-content\/uploads\/2026\/04\/exposition-mitty-thuir-art.webp\",\"keywords\":[\"\u00c9v\u00e8nement culturel\",\"Loisirs\",\"Pyr\u00e9n\u00e9es-Orientales\"],\"articleSection\":[\"Carnaval\"],\"inLanguage\":\"ca\"},{\"@type\":\"WebPage\",\"@id\":\"https:\/\/www.locansol.fr\/exposition-mitty-thuir-art\/\",\"url\":\"https:\/\/www.locansol.fr\/exposition-mitty-thuir-art\/\",\"name\":\"Exposition Mitty Thuir : D\u00e9couvrez l'art abstrait en 2023\",\"isPartOf\":{\"@id\":\"https:\/\/www.locansol.fr\/#website\"},\"primaryImageOfPage\":{\"@id\":\"https:\/\/www.locansol.fr\/exposition-mitty-thuir-art\/#primaryimage\"},\"image\":{\"@id\":\"https:\/\/www.locansol.fr\/exposition-mitty-thuir-art\/#primaryimage\"},\"thumbnailUrl\":\"https:\/\/www.locansol.fr\/wp-content\/uploads\/2026\/04\/exposition-mitty-thuir-art.webp\",\"datePublished\":\"2026-04-30T14:21:19+00:00\",\"dateModified\":\"2026-04-30T14:21:23+00:00\",\"description\":\"Exposition Mitty Thuir : Plongez dans l'art abstrait du 28 avril au 16 mai \u00e0 la m\u00e9diath\u00e8que. Entr\u00e9e gratuite. D\u00e9couverte culturelle dans les Pyr\u00e9n\u00e9es-Orientales.\",\"breadcrumb\":{\"@id\":\"https:\/\/www.locansol.fr\/exposition-mitty-thuir-art\/#breadcrumb\"},\"inLanguage\":\"ca\",\"potentialAction\":[{\"@type\":\"ReadAction\",\"target\":[\"https:\/\/www.locansol.fr\/exposition-mitty-thuir-art\/\"]}]},{\"@type\":\"ImageObject\",\"inLanguage\":\"ca\",\"@id\":\"https:\/\/www.locansol.fr\/exposition-mitty-thuir-art\/#primaryimage\",\"url\":\"https:\/\/www.locansol.fr\/wp-content\/uploads\/2026\/04\/exposition-mitty-thuir-art.webp\",\"contentUrl\":\"https:\/\/www.locansol.fr\/wp-content\/uploads\/2026\/04\/exposition-mitty-thuir-art.webp\",\"width\":1357,\"height\":1920,\"caption\":\"Exposition Mitty Thuir : D\u00e9couvrez l'art abstrait en 2023\"},{\"@type\":\"BreadcrumbList\",\"@id\":\"https:\/\/www.locansol.fr\/exposition-mitty-thuir-art\/#breadcrumb\",\"itemListElement\":[{\"@type\":\"ListItem\",\"position\":1,\"name\":\"Accueil\",\"item\":\"https:\/\/www.locansol.fr\/\"},{\"@type\":\"ListItem\",\"position\":2,\"name\":\"Exposition Mitty \u00e0 Thuir \u2013 Avril-Mai 2023 : Plong\u00e9e dans les Horizons Abstraits\"}]},{\"@type\":\"WebSite\",\"@id\":\"https:\/\/www.locansol.fr\/#website\",\"url\":\"https:\/\/www.locansol.fr\/\",\"name\":\"Locansol, louer un h\u00e9bergement dans les Pyr\u00e9n\u00e9es-Orientales\",\"description\":\"Location Mobil-home Mer M\u00e9diterran\u00e9e &amp; Chalet de Montagne dans les Pyr\u00e9n\u00e9es Orientales (Occitanie, 66). Weekend, s\u00e9jour &amp; vacances en famille et entre amis.\",\"publisher\":{\"@id\":\"https:\/\/www.locansol.fr\/#organization\"},\"alternateName\":\"Louer un h\u00e9bergement dans les Pyr\u00e9n\u00e9es Orientales, chalet & mobil-home en Occitanie\",\"potentialAction\":[{\"@type\":\"SearchAction\",\"target\":{\"@type\":\"EntryPoint\",\"urlTemplate\":\"https:\/\/www.locansol.fr\/?s={search_term_string}\"},\"query-input\":{\"@type\":\"PropertyValueSpecification\",\"valueRequired\":true,\"valueName\":\"search_term_string\"}}],\"inLanguage\":\"ca\"},{\"@type\":\"Organization\",\"@id\":\"https:\/\/www.locansol.fr\/#organization\",\"name\":\"Location MobilHome & chalet dans les Pyr\u00e9n\u00e9es Orientales\",\"alternateName\":\"Louer un h\u00e9bergement dans les Pyr\u00e9n\u00e9es Orientales en Occitanie\",\"url\":\"https:\/\/www.locansol.fr\/\",\"logo\":{\"@type\":\"ImageObject\",\"inLanguage\":\"ca\",\"@id\":\"https:\/\/www.locansol.fr\/#\/schema\/logo\/image\/\",\"url\":\"https:\/\/www.locansol.fr\/wp-content\/uploads\/2024\/04\/AdobeStock_303324767-scaled.jpeg\",\"contentUrl\":\"https:\/\/www.locansol.fr\/wp-content\/uploads\/2024\/04\/AdobeStock_303324767-scaled.jpeg\",\"width\":2560,\"height\":1707,\"caption\":\"Location MobilHome & chalet dans les Pyr\u00e9n\u00e9es Orientales\"},\"image\":{\"@id\":\"https:\/\/www.locansol.fr\/#\/schema\/logo\/image\/\"}},{\"@type\":\"Person\",\"@id\":\"https:\/\/www.locansol.fr\/#\/schema\/person\/0b08d440f1ac44674c6d498107de351d\",\"name\":\"H\u00e9bergements Locansol\",\"image\":{\"@type\":\"ImageObject\",\"inLanguage\":\"ca\",\"@id\":\"https:\/\/www.locansol.fr\/#\/schema\/person\/image\/\",\"url\":\"https:\/\/secure.gravatar.com\/avatar\/444436b93284204f8116b6e0eb964cd3fcb811519c737232bde6dd5743c37ee5?s=96&d=mm&r=g\",\"contentUrl\":\"https:\/\/secure.gravatar.com\/avatar\/444436b93284204f8116b6e0eb964cd3fcb811519c737232bde6dd5743c37ee5?s=96&d=mm&r=g\",\"caption\":\"H\u00e9bergements Locansol\"},\"sameAs\":[\"https:\/\/www.locansol.fr\/\"],\"url\":\"https:\/\/www.locansol.fr\/ca\/author\/locansol\/\"}]}<\/script>\n<!-- \/ Yoast SEO Premium plugin. -->","yoast_head_json":{"title":"Exposition Mitty Thuir : D\u00e9couvrez l'art abstrait en 2023","description":"Exposition Mitty Thuir : Plongez dans l'art abstrait du 28 avril au 16 mai \u00e0 la m\u00e9diath\u00e8que. Entr\u00e9e gratuite. D\u00e9couverte culturelle dans les Pyr\u00e9n\u00e9es-Orientales.","robots":{"index":"index","follow":"follow","max-snippet":"max-snippet:-1","max-image-preview":"max-image-preview:large","max-video-preview":"max-video-preview:-1"},"canonical":"https:\/\/www.locansol.fr\/ca\/exposition-mitty-thuir-art\/","og_locale":"ca_ES","og_type":"article","og_title":"Laissez-vous transporter : Exposition Mitty \u00e0 Thuir \u2014 Horizons Abstraits","og_description":"Plongez dans un univers de couleurs et de textures avec Mitty \u00e0 Thuir. Une exposition gratuite qui \u00e9voque les paysages marins et les horizons infinis.","og_url":"https:\/\/www.locansol.fr\/ca\/exposition-mitty-thuir-art\/","og_site_name":"Locansol, louer un h\u00e9bergement dans les Pyr\u00e9n\u00e9es Orientales","article_published_time":"2026-04-30T14:21:19+00:00","article_modified_time":"2026-04-30T14:21:23+00:00","og_image":[{"url":"https:\/\/www.locansol.fr\/wp-content\/uploads\/2026\/04\/exposition-mitty-thuir-art.webp","type":"","width":"","height":""}],"author":"H\u00e9bergements Locansol","twitter_card":"summary_large_image","twitter_title":"D\u00e9couvrez l'exposition Mitty \u00e0 Thuir : art abstrait et \u00e9motions","twitter_description":"Plongez dans l'univers abstrait de Mitty \u00e0 Thuir. Entr\u00e9e gratuite du 28 avril au 16 mai. Une exp\u00e9rience culturelle \u00e0 ne pas manquer !","twitter_image":"https:\/\/www.locansol.fr\/wp-content\/uploads\/2026\/04\/exposition-mitty-thuir-art.webp","twitter_misc":{"Escrit per":"H\u00e9bergements Locansol","Temps estimat de lectura":"2 minuts"},"schema":{"@context":"https:\/\/schema.org","@graph":[{"@type":"Article","@id":"https:\/\/www.locansol.fr\/exposition-mitty-thuir-art\/#article","isPartOf":{"@id":"https:\/\/www.locansol.fr\/exposition-mitty-thuir-art\/"},"author":{"name":"H\u00e9bergements Locansol","@id":"https:\/\/www.locansol.fr\/#\/schema\/person\/0b08d440f1ac44674c6d498107de351d"},"headline":"Exposition Mitty \u00e0 Thuir \u2013 Avril-Mai 2023 : Plong\u00e9e dans les Horizons Abstraits","datePublished":"2026-04-30T14:21:19+00:00","dateModified":"2026-04-30T14:21:23+00:00","mainEntityOfPage":{"@id":"https:\/\/www.locansol.fr\/exposition-mitty-thuir-art\/"},"wordCount":384,"publisher":{"@id":"https:\/\/www.locansol.fr\/#organization"},"image":{"@id":"https:\/\/www.locansol.fr\/exposition-mitty-thuir-art\/#primaryimage"},"thumbnailUrl":"https:\/\/www.locansol.fr\/wp-content\/uploads\/2026\/04\/exposition-mitty-thuir-art.webp","keywords":["\u00c9v\u00e8nement culturel","Loisirs","Pyr\u00e9n\u00e9es-Orientales"],"articleSection":["Carnaval"],"inLanguage":"ca"},{"@type":"WebPage","@id":"https:\/\/www.locansol.fr\/exposition-mitty-thuir-art\/","url":"https:\/\/www.locansol.fr\/exposition-mitty-thuir-art\/","name":"Exposition Mitty Thuir : D\u00e9couvrez l'art abstrait en 2023","isPartOf":{"@id":"https:\/\/www.locansol.fr\/#website"},"primaryImageOfPage":{"@id":"https:\/\/www.locansol.fr\/exposition-mitty-thuir-art\/#primaryimage"},"image":{"@id":"https:\/\/www.locansol.fr\/exposition-mitty-thuir-art\/#primaryimage"},"thumbnailUrl":"https:\/\/www.locansol.fr\/wp-content\/uploads\/2026\/04\/exposition-mitty-thuir-art.webp","datePublished":"2026-04-30T14:21:19+00:00","dateModified":"2026-04-30T14:21:23+00:00","description":"Exposition Mitty Thuir : Plongez dans l'art abstrait du 28 avril au 16 mai \u00e0 la m\u00e9diath\u00e8que. Entr\u00e9e gratuite. D\u00e9couverte culturelle dans les Pyr\u00e9n\u00e9es-Orientales.","breadcrumb":{"@id":"https:\/\/www.locansol.fr\/exposition-mitty-thuir-art\/#breadcrumb"},"inLanguage":"ca","potentialAction":[{"@type":"ReadAction","target":["https:\/\/www.locansol.fr\/exposition-mitty-thuir-art\/"]}]},{"@type":"ImageObject","inLanguage":"ca","@id":"https:\/\/www.locansol.fr\/exposition-mitty-thuir-art\/#primaryimage","url":"https:\/\/www.locansol.fr\/wp-content\/uploads\/2026\/04\/exposition-mitty-thuir-art.webp","contentUrl":"https:\/\/www.locansol.fr\/wp-content\/uploads\/2026\/04\/exposition-mitty-thuir-art.webp","width":1357,"height":1920,"caption":"Exposition Mitty Thuir : D\u00e9couvrez l'art abstrait en 2023"},{"@type":"BreadcrumbList","@id":"https:\/\/www.locansol.fr\/exposition-mitty-thuir-art\/#breadcrumb","itemListElement":[{"@type":"ListItem","position":1,"name":"Accueil","item":"https:\/\/www.locansol.fr\/"},{"@type":"ListItem","position":2,"name":"Exposition Mitty \u00e0 Thuir \u2013 Avril-Mai 2023 : Plong\u00e9e dans les Horizons Abstraits"}]},{"@type":"WebSite","@id":"https:\/\/www.locansol.fr\/#website","url":"https:\/\/www.locansol.fr\/","name":"Locansol, louer un h\u00e9bergement dans les Pyr\u00e9n\u00e9es-Orientales","description":"Location Mobil-home Mer M\u00e9diterran\u00e9e &amp; Chalet de Montagne dans les Pyr\u00e9n\u00e9es Orientales (Occitanie, 66). Weekend, s\u00e9jour &amp; vacances en famille et entre amis.","publisher":{"@id":"https:\/\/www.locansol.fr\/#organization"},"alternateName":"Louer un h\u00e9bergement dans les Pyr\u00e9n\u00e9es Orientales, chalet & mobil-home en Occitanie","potentialAction":[{"@type":"SearchAction","target":{"@type":"EntryPoint","urlTemplate":"https:\/\/www.locansol.fr\/?s={search_term_string}"},"query-input":{"@type":"PropertyValueSpecification","valueRequired":true,"valueName":"search_term_string"}}],"inLanguage":"ca"},{"@type":"Organization","@id":"https:\/\/www.locansol.fr\/#organization","name":"Location MobilHome & chalet dans les Pyr\u00e9n\u00e9es Orientales","alternateName":"Louer un h\u00e9bergement dans les Pyr\u00e9n\u00e9es Orientales en Occitanie","url":"https:\/\/www.locansol.fr\/","logo":{"@type":"ImageObject","inLanguage":"ca","@id":"https:\/\/www.locansol.fr\/#\/schema\/logo\/image\/","url":"https:\/\/www.locansol.fr\/wp-content\/uploads\/2024\/04\/AdobeStock_303324767-scaled.jpeg","contentUrl":"https:\/\/www.locansol.fr\/wp-content\/uploads\/2024\/04\/AdobeStock_303324767-scaled.jpeg","width":2560,"height":1707,"caption":"Location MobilHome & chalet dans les Pyr\u00e9n\u00e9es Orientales"},"image":{"@id":"https:\/\/www.locansol.fr\/#\/schema\/logo\/image\/"}},{"@type":"Person","@id":"https:\/\/www.locansol.fr\/#\/schema\/person\/0b08d440f1ac44674c6d498107de351d","name":"H\u00e9bergements Locansol","image":{"@type":"ImageObject","inLanguage":"ca","@id":"https:\/\/www.locansol.fr\/#\/schema\/person\/image\/","url":"https:\/\/secure.gravatar.com\/avatar\/444436b93284204f8116b6e0eb964cd3fcb811519c737232bde6dd5743c37ee5?s=96&d=mm&r=g","contentUrl":"https:\/\/secure.gravatar.com\/avatar\/444436b93284204f8116b6e0eb964cd3fcb811519c737232bde6dd5743c37ee5?s=96&d=mm&r=g","caption":"H\u00e9bergements Locansol"},"sameAs":["https:\/\/www.locansol.fr\/"],"url":"https:\/\/www.locansol.fr\/ca\/author\/locansol\/"}]}},"_links":{"self":[{"href":"https:\/\/www.locansol.fr\/ca\/wp-json\/wp\/v2\/posts\/6771","targetHints":{"allow":["GET"]}}],"collection":[{"href":"https:\/\/www.locansol.fr\/ca\/wp-json\/wp\/v2\/posts"}],"about":[{"href":"https:\/\/www.locansol.fr\/ca\/wp-json\/wp\/v2\/types\/post"}],"author":[{"embeddable":true,"href":"https:\/\/www.locansol.fr\/ca\/wp-json\/wp\/v2\/users\/5"}],"replies":[{"embeddable":true,"href":"https:\/\/www.locansol.fr\/ca\/wp-json\/wp\/v2\/comments?post=6771"}],"version-history":[{"count":1,"href":"https:\/\/www.locansol.fr\/ca\/wp-json\/wp\/v2\/posts\/6771\/revisions"}],"predecessor-version":[{"id":6772,"href":"https:\/\/www.locansol.fr\/ca\/wp-json\/wp\/v2\/posts\/6771\/revisions\/6772"}],"wp:featuredmedia":[{"embeddable":true,"href":"https:\/\/www.locansol.fr\/ca\/wp-json\/wp\/v2\/media\/6770"}],"wp:attachment":[{"href":"https:\/\/www.locansol.fr\/ca\/wp-json\/wp\/v2\/media?parent=6771"}],"wp:term":[{"taxonomy":"category","embeddable":true,"href":"https:\/\/www.locansol.fr\/ca\/wp-json\/wp\/v2\/categories?post=6771"},{"taxonomy":"post_tag","embeddable":true,"href":"https:\/\/www.locansol.fr\/ca\/wp-json\/wp\/v2\/tags?post=6771"}],"curies":[{"name":"wp","href":"https:\/\/api.w.org\/{rel}","templated":true}]}}