{"id":4459,"global_id":"www.locansol.fr\/en?id=4459","global_id_lineage":["www.locansol.fr\/en?id=4459"],"author":"5","status":"publish","date":"2026-03-03 00:27:08","date_utc":"2026-03-02 23:27:08","modified":"2026-03-03 00:27:10","modified_utc":"2026-03-02 23:27:10","url":"https:\/\/www.locansol.fr\/en\/evenement\/concert-chorale\/","rest_url":"https:\/\/www.locansol.fr\/en\/wp-json\/tribe\/events\/v1\/events\/4459","title":"CONCERT CHORALE","description":"<p>Le dimanche 1er mars 2026 \u00e0 16h00, la Salle de la Crypte d&rsquo;Arles-sur-Tech accueillera un concert exceptionnel de la chorale \u00ab Dabajazz \u00bb. Ce concert, intitul\u00e9 \u00ab Voyage \u00e0 travers des standards revisit\u00e9s \u00bb, promet une exp\u00e9rience musicale unique en voix et piano.  La chorale \u00ab Dabajazz \u00bb est reconnue pour son interpr\u00e9tation innovante des standards du jazz, offrant une relecture moderne et rafra\u00eechissante de ces classiques intemporels. Le public pourra appr\u00e9cier la richesse des voix harmonis\u00e9es accompagn\u00e9es par le piano, cr\u00e9ant une atmosph\u00e8re \u00e0 la fois intime et envo\u00fbtante. Le programme comprendra une s\u00e9lection de morceaux embl\u00e9matiques du r\u00e9pertoire jazz, revisit\u00e9s avec une touche contemporaine qui caract\u00e9rise le style de \u00ab Dabajazz \u00bb.  L&rsquo;\u00e9v\u00e9nement se d\u00e9roulera dans la Salle de la Crypte, un lieu charg\u00e9 d&rsquo;histoire et de caract\u00e8re, id\u00e9al pour ce type de performance. L&rsquo;acoustique exceptionnelle de la salle mettra en valeur chaque nuance des voix et du piano, offrant une exp\u00e9rience auditive immersive.  Ce concert est une occasion id\u00e9ale pour les amateurs de jazz et de musique chorale de d\u00e9couvrir ou red\u00e9couvrir des \u0153uvres intemporelles sous un nouveau jour. L&rsquo;entr\u00e9e est gratuite, ce qui rend cet \u00e9v\u00e9nement accessible \u00e0 tous. Que vous soyez passionn\u00e9 de musique ou simplement curieux de d\u00e9couvrir une performance de qualit\u00e9, ce concert est une excellente opportunit\u00e9 de passer un moment agr\u00e9able et enrichissant.  Ne manquez pas cette chance unique de vous laisser transporter par la magie des voix et du piano dans un cadre historique enchanteur. Rendez-vous le 1er mars 2026 \u00e0 16h00 \u00e0 la Salle de la Crypte d&rsquo;Arles-sur-Tech pour un voyage musical inoubliable avec la chorale \u00ab Dabajazz \u00bb.<\/p>\n<p><\/p>\n<h3>R\u00e9servez votre h\u00e9bergement dans les Pyr\u00e9n\u00e9es-Orientales :<\/h3>\n<p><b><a href='https:\/\/www.locansol.fr\/location-mobilhome-mediterranee\/'>Mobil-home Locansol \u00e0 Argel\u00e8s-sur-Mer<\/a><\/b><br \/>Trajet le plus court : 39 km<br \/>Trajet le plus rapide : 46 min<\/p>\n<p><b><a href='https:\/\/www.locansol.fr\/location-chalet-cerdagne\/'>Chalet Locansol \u00e0 Estavar<\/a><\/b><br \/>Trajet le plus court : 132 km<br \/>Trajet le plus rapide : 2 h 7 min<\/p>","excerpt":"","slug":"concert-chorale","image":{"url":"https:\/\/www.locansol.fr\/wp-content\/uploads\/2026\/03\/concert-jazz-arlessurtech-dabajazz.webp","id":4455,"extension":"webp","width":289,"height":700,"filesize":23764,"sizes":{"medium":{"width":124,"height":300,"mime-type":"image\/webp","filesize":9092,"url":"https:\/\/www.locansol.fr\/wp-content\/uploads\/2026\/03\/concert-jazz-arlessurtech-dabajazz-124x300.webp"},"thumbnail":{"width":150,"height":150,"mime-type":"image\/webp","filesize":5556,"url":"https:\/\/www.locansol.fr\/wp-content\/uploads\/2026\/03\/concert-jazz-arlessurtech-dabajazz-150x150.webp"},"trp-custom-language-flag":{"width":5,"height":12,"mime-type":"image\/webp","filesize":128,"url":"https:\/\/www.locansol.fr\/wp-content\/uploads\/2026\/03\/concert-jazz-arlessurtech-dabajazz-5x12.webp"}}},"all_day":true,"start_date":"2026-03-01 00:00:00","start_date_details":{"year":"2026","month":"03","day":"01","hour":"00","minutes":"00","seconds":"00"},"end_date":"2026-03-01 23:59:59","end_date_details":{"year":"2026","month":"03","day":"01","hour":"23","minutes":"59","seconds":"59"},"utc_start_date":"2026-02-28 23:00:00","utc_start_date_details":{"year":"2026","month":"02","day":"28","hour":"23","minutes":"00","seconds":"00"},"utc_end_date":"2026-03-01 22:59:59","utc_end_date_details":{"year":"2026","month":"03","day":"01","hour":"22","minutes":"59","seconds":"59"},"timezone":"Europe\/Paris","timezone_abbr":"CET","cost":"","cost_details":{"currency_symbol":"","currency_code":"","currency_position":"","values":[]},"website":"https:\/\/www.locansol.fr\/en\/evenement\/concert-chorale\/","show_map":true,"show_map_link":false,"hide_from_listings":false,"sticky":false,"featured":false,"categories":[{"name":"Concert","slug":"concert","term_group":0,"term_taxonomy_id":107,"taxonomy":"tribe_events_cat","description":"","parent":0,"count":83,"filter":"raw","id":107,"urls":{"self":"https:\/\/www.locansol.fr\/en\/wp-json\/tribe\/events\/v1\/categories\/107","collection":"https:\/\/www.locansol.fr\/en\/wp-json\/tribe\/events\/v1\/categories"}},{"name":"\u00c9v\u00e8nement Culturel","slug":"evenement-culturel","term_group":0,"term_taxonomy_id":138,"taxonomy":"tribe_events_cat","description":"","parent":0,"count":499,"filter":"raw","id":138,"urls":{"self":"https:\/\/www.locansol.fr\/en\/wp-json\/tribe\/events\/v1\/categories\/138","collection":"https:\/\/www.locansol.fr\/en\/wp-json\/tribe\/events\/v1\/categories"}},{"name":"Pyr\u00e9n\u00e9es-Orientales","slug":"pyrenees-orientales","term_group":0,"term_taxonomy_id":169,"taxonomy":"tribe_events_cat","description":"","parent":0,"count":607,"filter":"raw","id":169,"urls":{"self":"https:\/\/www.locansol.fr\/en\/wp-json\/tribe\/events\/v1\/categories\/169","collection":"https:\/\/www.locansol.fr\/en\/wp-json\/tribe\/events\/v1\/categories"}}],"tags":[{"name":"\u00c9v\u00e8nement culturel","slug":"evenement-culturel","term_group":0,"term_taxonomy_id":66,"taxonomy":"post_tag","description":"","parent":0,"count":1053,"filter":"raw","id":66,"urls":{"self":"https:\/\/www.locansol.fr\/en\/wp-json\/tribe\/events\/v1\/tags\/66","collection":"https:\/\/www.locansol.fr\/en\/wp-json\/tribe\/events\/v1\/tags"}},{"name":"Pyr\u00e9n\u00e9es-Orientales","slug":"pyrenees-orientales","term_group":0,"term_taxonomy_id":76,"taxonomy":"post_tag","description":"","parent":0,"count":1430,"filter":"raw","id":76,"urls":{"self":"https:\/\/www.locansol.fr\/en\/wp-json\/tribe\/events\/v1\/tags\/76","collection":"https:\/\/www.locansol.fr\/en\/wp-json\/tribe\/events\/v1\/tags"}}],"venue":{"id":4458,"author":"5","status":"publish","date":"2026-03-03 00:27:05","date_utc":"2026-03-02 23:27:05","modified":"2026-03-03 00:27:05","modified_utc":"2026-03-02 23:27:05","url":"https:\/\/www.locansol.fr\/en\/venue\/voie-communale-valls-jean-baptiste-barja-arles-sur-tech\/","venue":"Voie Communale Valls Jean Baptiste Barja, Arles-sur-Tech","slug":"voie-communale-valls-jean-baptiste-barja-arles-sur-tech","address":"Voie Communale Valls Jean Baptiste Barja","city":"Arles-sur-Tech","country":"France","zip":"66150","json_ld":{"@type":"Place","name":"Voie Communale Valls Jean Baptiste Barja, Arles-sur-Tech","description":"","url":"https:\/\/www.locansol.fr\/en\/venue\/voie-communale-valls-jean-baptiste-barja-arles-sur-tech\/","address":{"@type":"PostalAddress","streetAddress":"Voie Communale Valls Jean Baptiste Barja","addressLocality":"Arles-sur-Tech","postalCode":"66150","addressCountry":"France"},"telephone":"","sameAs":""},"show_map":true,"show_map_link":true,"global_id":"www.locansol.fr\/en?id=4458","global_id_lineage":["www.locansol.fr\/en?id=4458"]},"organizer":[],"custom_fields":[],"json_ld":{"@context":"http:\/\/schema.org","@type":"Event","name":"CONCERT CHORALE","description":"&lt;p&gt;Le dimanche 1er mars 2026 \u00e0 16h00, la Salle de la Crypte d\\'Arles-sur-Tech accueillera un concert exceptionnel de la chorale \u00ab Dabajazz \u00bb. Ce concert, intitul\u00e9 \u00ab Voyage \u00e0 travers [&hellip;]&lt;\/p&gt;\\n","image":"https:\/\/www.locansol.fr\/wp-content\/uploads\/2026\/03\/concert-jazz-arlessurtech-dabajazz.webp","url":"https:\/\/www.locansol.fr\/en\/evenement\/concert-chorale\/","eventAttendanceMode":"https:\/\/schema.org\/OfflineEventAttendanceMode","eventStatus":"https:\/\/schema.org\/EventScheduled","startDate":"2026-03-01T00:00:00+01:00","endDate":"2026-03-01T23:59:59+01:00","location":{"@type":"Place","name":"Voie Communale Valls Jean Baptiste Barja, Arles-sur-Tech","description":"","url":"https:\/\/www.locansol.fr\/en\/venue\/voie-communale-valls-jean-baptiste-barja-arles-sur-tech\/","address":{"@type":"PostalAddress","streetAddress":"Voie Communale Valls Jean Baptiste Barja","addressLocality":"Arles-sur-Tech","postalCode":"66150","addressCountry":"France"},"telephone":"","sameAs":""},"performer":"Organization"},"is_virtual":false,"virtual_url":null,"virtual_video_source":""}