{"id":4720,"global_id":"www.locansol.fr\/en?id=4720","global_id_lineage":["www.locansol.fr\/en?id=4720"],"author":"5","status":"publish","date":"2026-03-12 00:10:56","date_utc":"2026-03-11 23:10:56","modified":"2026-03-12 00:10:59","modified_utc":"2026-03-11 23:10:59","url":"https:\/\/www.locansol.fr\/en\/evenement\/exposition-deux-arts\/","rest_url":"https:\/\/www.locansol.fr\/en\/wp-json\/tribe\/events\/v1\/events\/4720","title":"EXPOSITION DEUX ARTS","description":"<p>L&rsquo;exposition \u00ab Deux Arts \u00bb \u00e0 Saint-Nazaire est un \u00e9v\u00e9nement culturel qui se d\u00e9roulera du 11 mars au 4 avril 2026. Situ\u00e9e sur la Place de la R\u00e9publique, cette exposition gratuite propose une plong\u00e9e fascinante dans le monde de la cr\u00e9ation cin\u00e9matographique et sonore. D\u00e9couverte des \u00c9tapes de Cr\u00e9ation L&rsquo;exposition \u00ab Deux Arts \u00bb se distingue par son approche p\u00e9dagogique et immersive. Les visiteurs auront l&rsquo;opportunit\u00e9 de d\u00e9couvrir les diff\u00e9rentes \u00e9tapes de la cr\u00e9ation d&rsquo;un film et de sa bande sonore. Des premi\u00e8res id\u00e9es aux sc\u00e9narios, en passant par le tournage, le montage, et la post-production, chaque phase du processus cr\u00e9atif sera explor\u00e9e en d\u00e9tail. Des installations interactives et des pr\u00e9sentations multim\u00e9dias permettront aux visiteurs de comprendre les d\u00e9fis et les techniques utilis\u00e9es par les professionnels du cin\u00e9ma et de la musique. Un Voyage au C\u0153ur de la Cr\u00e9ation L&rsquo;exposition mettra en lumi\u00e8re les collaborations entre r\u00e9alisateurs, sc\u00e9naristes, compositeurs, et ing\u00e9nieurs du son. Des \u0153uvres en cours de r\u00e9alisation seront pr\u00e9sent\u00e9es, offrant un aper\u00e7u unique des coulisses de la production audiovisuelle. Des ateliers et des rencontres avec des professionnels du secteur seront \u00e9galement organis\u00e9s, permettant aux visiteurs de poser des questions et d&rsquo;\u00e9changer directement avec les cr\u00e9ateurs. Pourquoi Visiter l&rsquo;Exposition ? L&rsquo;exposition \u00ab Deux Arts \u00bb est une occasion rare de comprendre les rouages de la cr\u00e9ation cin\u00e9matographique et musicale. Que vous soyez passionn\u00e9 de cin\u00e9ma, amateur de musique, ou simplement curieux des processus cr\u00e9atifs, cette exposition vous offrira une exp\u00e9rience enrichissante et instructive. L&rsquo;entr\u00e9e gratuite rend cet \u00e9v\u00e9nement accessible \u00e0 tous, faisant de cette exposition un incontournable pour les amateurs de culture et d&rsquo;art. En r\u00e9sum\u00e9, l&rsquo;exposition \u00ab Deux Arts \u00bb \u00e0 Saint-Nazaire est une invitation \u00e0 explorer les secrets de la cr\u00e9ation audiovisuelle, dans un cadre interactif et \u00e9ducatif. Ne manquez pas cette opportunit\u00e9 de d\u00e9couvrir les coulisses du cin\u00e9ma et de la musique, du 11 mars au 4 avril 2026, sur la Place de la R\u00e9publique \u00e0 Saint-Nazaire<\/p>\n<p><\/p>\n<h3>R\u00e9servez votre h\u00e9bergement dans les Pyr\u00e9n\u00e9es-Orientales :<\/h3>\n<p><b><a href='https:\/\/www.locansol.fr\/location-mobilhome-mediterranee\/'>Mobil-home Locansol \u00e0 Argel\u00e8s-sur-Mer<\/a><\/b><br \/>Trajet le plus court : 901 km<br \/>Trajet le plus rapide : 9 h 25 min<\/p>\n<p><b><a href='https:\/\/www.locansol.fr\/location-chalet-cerdagne\/'>Chalet Locansol \u00e0 Estavar<\/a><\/b><br \/>Trajet le plus court : 867 km<br \/>Trajet le plus rapide : 10 h 5 min<\/p>","excerpt":"","slug":"exposition-deux-arts","image":{"url":"https:\/\/www.locansol.fr\/wp-content\/uploads\/2026\/03\/exposition-deux-arts-saint-nazaire.webp","id":4717,"extension":"webp","width":616,"height":876,"filesize":53384,"sizes":{"medium":{"width":211,"height":300,"mime-type":"image\/webp","filesize":16542,"url":"https:\/\/www.locansol.fr\/wp-content\/uploads\/2026\/03\/exposition-deux-arts-saint-nazaire-211x300.webp"},"thumbnail":{"width":150,"height":150,"mime-type":"image\/webp","filesize":6920,"url":"https:\/\/www.locansol.fr\/wp-content\/uploads\/2026\/03\/exposition-deux-arts-saint-nazaire-150x150.webp"},"trp-custom-language-flag":{"width":8,"height":12,"mime-type":"image\/webp","filesize":156,"url":"https:\/\/www.locansol.fr\/wp-content\/uploads\/2026\/03\/exposition-deux-arts-saint-nazaire-8x12.webp"}}},"all_day":true,"start_date":"2026-03-11 00:00:00","start_date_details":{"year":"2026","month":"03","day":"11","hour":"00","minutes":"00","seconds":"00"},"end_date":"2026-03-11 23:59:59","end_date_details":{"year":"2026","month":"03","day":"11","hour":"23","minutes":"59","seconds":"59"},"utc_start_date":"2026-03-10 23:00:00","utc_start_date_details":{"year":"2026","month":"03","day":"10","hour":"23","minutes":"00","seconds":"00"},"utc_end_date":"2026-03-11 22:59:59","utc_end_date_details":{"year":"2026","month":"03","day":"11","hour":"22","minutes":"59","seconds":"59"},"timezone":"Europe\/Paris","timezone_abbr":"CET","cost":"","cost_details":{"currency_symbol":"","currency_code":"","currency_position":"","values":[]},"website":"https:\/\/www.locansol.fr\/en\/evenement\/exposition-deux-arts\/","show_map":true,"show_map_link":false,"hide_from_listings":false,"sticky":false,"featured":false,"categories":[{"name":"\u00c9v\u00e8nement Culturel","slug":"evenement-culturel","term_group":0,"term_taxonomy_id":138,"taxonomy":"tribe_events_cat","description":"","parent":0,"count":501,"filter":"raw","id":138,"urls":{"self":"https:\/\/www.locansol.fr\/en\/wp-json\/tribe\/events\/v1\/categories\/138","collection":"https:\/\/www.locansol.fr\/en\/wp-json\/tribe\/events\/v1\/categories"}},{"name":"Exposition","slug":"exposition","term_group":0,"term_taxonomy_id":90,"taxonomy":"tribe_events_cat","description":"","parent":0,"count":175,"filter":"raw","id":90,"urls":{"self":"https:\/\/www.locansol.fr\/en\/wp-json\/tribe\/events\/v1\/categories\/90","collection":"https:\/\/www.locansol.fr\/en\/wp-json\/tribe\/events\/v1\/categories"}},{"name":"Pyr\u00e9n\u00e9es-Orientales","slug":"pyrenees-orientales","term_group":0,"term_taxonomy_id":169,"taxonomy":"tribe_events_cat","description":"","parent":0,"count":609,"filter":"raw","id":169,"urls":{"self":"https:\/\/www.locansol.fr\/en\/wp-json\/tribe\/events\/v1\/categories\/169","collection":"https:\/\/www.locansol.fr\/en\/wp-json\/tribe\/events\/v1\/categories"}}],"tags":[{"name":"\u00c9v\u00e8nement culturel","slug":"evenement-culturel","term_group":0,"term_taxonomy_id":66,"taxonomy":"post_tag","description":"","parent":0,"count":1058,"filter":"raw","id":66,"urls":{"self":"https:\/\/www.locansol.fr\/en\/wp-json\/tribe\/events\/v1\/tags\/66","collection":"https:\/\/www.locansol.fr\/en\/wp-json\/tribe\/events\/v1\/tags"}},{"name":"Pyr\u00e9n\u00e9es-Orientales","slug":"pyrenees-orientales","term_group":0,"term_taxonomy_id":76,"taxonomy":"post_tag","description":"","parent":0,"count":1435,"filter":"raw","id":76,"urls":{"self":"https:\/\/www.locansol.fr\/en\/wp-json\/tribe\/events\/v1\/tags\/76","collection":"https:\/\/www.locansol.fr\/en\/wp-json\/tribe\/events\/v1\/tags"}}],"venue":{"id":2783,"author":"5","status":"publish","date":"2026-02-13 01:54:04","date_utc":"2026-02-13 00:54:04","modified":"2026-02-13 01:54:04","modified_utc":"2026-02-13 00:54:04","url":"https:\/\/www.locansol.fr\/en\/venue\/place-de-la-republique-saint-nazaire\/","venue":"Place&rsquo; de la R\u00e9publique, Saint-Nazaire","slug":"place-de-la-republique-saint-nazaire","address":"Place' de la R\u00e9publique","city":"Pyr\u00e9n\u00e9es-Orientales","country":"France","json_ld":{"@type":"Place","name":"Place&rsquo; de la R\u00e9publique, Saint-Nazaire","description":"","url":"https:\/\/www.locansol.fr\/en\/venue\/place-de-la-republique-saint-nazaire\/","address":{"@type":"PostalAddress","streetAddress":"Place&#039; de la R\u00e9publique","addressLocality":"Pyr\u00e9n\u00e9es-Orientales","addressCountry":"France"},"telephone":"","sameAs":""},"show_map":true,"show_map_link":true,"global_id":"www.locansol.fr\/en?id=2783","global_id_lineage":["www.locansol.fr\/en?id=2783"]},"organizer":[],"custom_fields":[],"json_ld":{"@context":"http:\/\/schema.org","@type":"Event","name":"EXPOSITION DEUX ARTS","description":"&lt;p&gt;L\\'exposition \u00ab Deux Arts \u00bb \u00e0 Saint-Nazaire est un \u00e9v\u00e9nement culturel qui se d\u00e9roulera du 11 mars au 4 avril 2026. Situ\u00e9e sur la Place de la R\u00e9publique, cette exposition [&hellip;]&lt;\/p&gt;\\n","image":"https:\/\/www.locansol.fr\/wp-content\/uploads\/2026\/03\/exposition-deux-arts-saint-nazaire.webp","url":"https:\/\/www.locansol.fr\/en\/evenement\/exposition-deux-arts\/","eventAttendanceMode":"https:\/\/schema.org\/OfflineEventAttendanceMode","eventStatus":"https:\/\/schema.org\/EventScheduled","startDate":"2026-03-11T00:00:00+01:00","endDate":"2026-03-11T23:59:59+01:00","location":{"@type":"Place","name":"Place&rsquo; de la R\u00e9publique, Saint-Nazaire","description":"","url":"https:\/\/www.locansol.fr\/en\/venue\/place-de-la-republique-saint-nazaire\/","address":{"@type":"PostalAddress","streetAddress":"Place&#039; de la R\u00e9publique","addressLocality":"Pyr\u00e9n\u00e9es-Orientales","addressCountry":"France"},"telephone":"","sameAs":""},"performer":"Organization"},"is_virtual":false,"virtual_url":null,"virtual_video_source":""}