{"id":6456,"global_id":"www.locansol.fr\/en?id=6456","global_id_lineage":["www.locansol.fr\/en?id=6456"],"author":"5","status":"publish","date":"2026-04-24 16:03:44","date_utc":"2026-04-24 14:03:44","modified":"2026-04-24 16:03:47","modified_utc":"2026-04-24 14:03:47","url":"https:\/\/www.locansol.fr\/en\/evenement\/conference-et-dedicace\/","rest_url":"https:\/\/www.locansol.fr\/en\/wp-json\/tribe\/events\/v1\/events\/6456","title":"CONFERENCE ET DEDICACE","description":"<p>Le vendredi 24 avril, de 18h00 \u00e0 21h00, la Librairie Lire \u00e0 l&rsquo;Os d&rsquo;Arles-sur-Tech accueillera une conf\u00e9rence et une s\u00e9ance de d\u00e9dicace avec Jean Boiss\u00e9e, autour de son livre \u00ab Les \u00e9difices religieux des Pyr\u00e9n\u00e9es-Orientales \u00bb.  L&rsquo;\u00e9v\u00e9nement, organis\u00e9 par la Librairie Lire \u00e0 l&rsquo;Os, se tiendra \u00e0 la Voie Communale Valls Jean Baptiste Barja \u00e0 Arles-sur-Tech. Jean Boiss\u00e9e, passionn\u00e9 de randonn\u00e9es et de recherches historiques, pr\u00e9sentera son ouvrage qui couvre une p\u00e9riode allant du IV\u00e8me au XIX\u00e8me si\u00e8cle.  L&rsquo;auteur a men\u00e9 une enqu\u00eate de terrain rigoureuse, recensant plus de 1 052 \u00e9difices religieux, incluant des chapelles oubli\u00e9es, des \u00e9glises rurales, des monast\u00e8res, des sanctuaires et des cath\u00e9drales.  Cette conf\u00e9rence est une occasion unique de d\u00e9couvrir le riche patrimoine religieux des Pyr\u00e9n\u00e9es-Orientales et d&rsquo;\u00e9changer avec l&rsquo;auteur. L&rsquo;entr\u00e9e est gratuite, offrant ainsi \u00e0 tous la possibilit\u00e9 de participer \u00e0 cet \u00e9v\u00e9nement culturel enrichissant.  Ne manquez pas cette opportunit\u00e9 de plonger dans l&rsquo;histoire locale et de rencontrer Jean Boiss\u00e9e lors de cette soir\u00e9e sp\u00e9ciale \u00e0 Arles-sur-Tech.<\/p>\n<p><\/p>\n<h3>R\u00e9servez votre h\u00e9bergement dans les Pyr\u00e9n\u00e9es-Orientales :<\/h3>\n<p><b><a href='https:\/\/www.locansol.fr\/location-mobilhome-mediterranee\/'>Mobil-home Locansol \u00e0 Argel\u00e8s-sur-Mer<\/a><\/b><br \/>Trajet le plus court : 39 km<br \/>Trajet le plus rapide : 46 min<\/p>\n<p><b><a href='https:\/\/www.locansol.fr\/location-chalet-cerdagne\/'>Chalet Locansol \u00e0 Estavar<\/a><\/b><br \/>Trajet le plus court : 132 km<br \/>Trajet le plus rapide : 2 h 7 min<\/p>","excerpt":"","slug":"conference-et-dedicace","image":{"url":"https:\/\/www.locansol.fr\/wp-content\/uploads\/2026\/04\/conference-dedicace-arlessurtech-histoire.webp","id":6453,"extension":"webp","width":1920,"height":1280,"filesize":82906,"sizes":{"medium":{"width":300,"height":200,"mime-type":"image\/webp","filesize":8354,"url":"https:\/\/www.locansol.fr\/wp-content\/uploads\/2026\/04\/conference-dedicace-arlessurtech-histoire-300x200.webp"},"large":{"width":1024,"height":683,"mime-type":"image\/webp","filesize":45506,"url":"https:\/\/www.locansol.fr\/wp-content\/uploads\/2026\/04\/conference-dedicace-arlessurtech-histoire-1024x683.webp"},"thumbnail":{"width":150,"height":150,"mime-type":"image\/webp","filesize":3842,"url":"https:\/\/www.locansol.fr\/wp-content\/uploads\/2026\/04\/conference-dedicace-arlessurtech-histoire-150x150.webp"},"medium_large":{"width":768,"height":512,"mime-type":"image\/webp","filesize":30884,"url":"https:\/\/www.locansol.fr\/wp-content\/uploads\/2026\/04\/conference-dedicace-arlessurtech-histoire-768x512.webp"},"1536x1536":{"width":1536,"height":1024,"mime-type":"image\/webp","filesize":75108,"url":"https:\/\/www.locansol.fr\/wp-content\/uploads\/2026\/04\/conference-dedicace-arlessurtech-histoire-1536x1024.webp"},"trp-custom-language-flag":{"width":18,"height":12,"mime-type":"image\/webp","filesize":206,"url":"https:\/\/www.locansol.fr\/wp-content\/uploads\/2026\/04\/conference-dedicace-arlessurtech-histoire-18x12.webp"}}},"all_day":true,"start_date":"2026-04-24 00:00:00","start_date_details":{"year":"2026","month":"04","day":"24","hour":"00","minutes":"00","seconds":"00"},"end_date":"2026-04-24 23:59:59","end_date_details":{"year":"2026","month":"04","day":"24","hour":"23","minutes":"59","seconds":"59"},"utc_start_date":"2026-04-23 22:00:00","utc_start_date_details":{"year":"2026","month":"04","day":"23","hour":"22","minutes":"00","seconds":"00"},"utc_end_date":"2026-04-24 21:59:59","utc_end_date_details":{"year":"2026","month":"04","day":"24","hour":"21","minutes":"59","seconds":"59"},"timezone":"Europe\/Paris","timezone_abbr":"CEST","cost":"","cost_details":{"currency_symbol":"","currency_code":"","currency_position":"","values":[]},"website":"https:\/\/www.locansol.fr\/en\/evenement\/conference-et-dedicace\/","show_map":true,"show_map_link":false,"hide_from_listings":false,"sticky":false,"featured":false,"categories":[{"name":"D\u00e9bat \/ Conf\u00e9rence","slug":"debat-conference","term_group":0,"term_taxonomy_id":87,"taxonomy":"tribe_events_cat","description":"","parent":0,"count":110,"filter":"raw","id":87,"urls":{"self":"https:\/\/www.locansol.fr\/en\/wp-json\/tribe\/events\/v1\/categories\/87","collection":"https:\/\/www.locansol.fr\/en\/wp-json\/tribe\/events\/v1\/categories"}},{"name":"\u00c9v\u00e8nement Culturel","slug":"evenement-culturel","term_group":0,"term_taxonomy_id":138,"taxonomy":"tribe_events_cat","description":"","parent":0,"count":497,"filter":"raw","id":138,"urls":{"self":"https:\/\/www.locansol.fr\/en\/wp-json\/tribe\/events\/v1\/categories\/138","collection":"https:\/\/www.locansol.fr\/en\/wp-json\/tribe\/events\/v1\/categories"}},{"name":"Pyr\u00e9n\u00e9es-Orientales","slug":"pyrenees-orientales","term_group":0,"term_taxonomy_id":169,"taxonomy":"tribe_events_cat","description":"","parent":0,"count":605,"filter":"raw","id":169,"urls":{"self":"https:\/\/www.locansol.fr\/en\/wp-json\/tribe\/events\/v1\/categories\/169","collection":"https:\/\/www.locansol.fr\/en\/wp-json\/tribe\/events\/v1\/categories"}}],"tags":[{"name":"\u00c9v\u00e8nement culturel","slug":"evenement-culturel","term_group":0,"term_taxonomy_id":66,"taxonomy":"post_tag","description":"","parent":0,"count":1049,"filter":"raw","id":66,"urls":{"self":"https:\/\/www.locansol.fr\/en\/wp-json\/tribe\/events\/v1\/tags\/66","collection":"https:\/\/www.locansol.fr\/en\/wp-json\/tribe\/events\/v1\/tags"}},{"name":"Pyr\u00e9n\u00e9es-Orientales","slug":"pyrenees-orientales","term_group":0,"term_taxonomy_id":76,"taxonomy":"post_tag","description":"","parent":0,"count":1426,"filter":"raw","id":76,"urls":{"self":"https:\/\/www.locansol.fr\/en\/wp-json\/tribe\/events\/v1\/tags\/76","collection":"https:\/\/www.locansol.fr\/en\/wp-json\/tribe\/events\/v1\/tags"}}],"venue":{"id":4458,"author":"5","status":"publish","date":"2026-03-03 00:27:05","date_utc":"2026-03-02 23:27:05","modified":"2026-03-03 00:27:05","modified_utc":"2026-03-02 23:27:05","url":"https:\/\/www.locansol.fr\/en\/venue\/voie-communale-valls-jean-baptiste-barja-arles-sur-tech\/","venue":"Voie Communale Valls Jean Baptiste Barja, Arles-sur-Tech","slug":"voie-communale-valls-jean-baptiste-barja-arles-sur-tech","address":"Voie Communale Valls Jean Baptiste Barja","city":"Arles-sur-Tech","country":"France","zip":"66150","json_ld":{"@type":"Place","name":"Voie Communale Valls Jean Baptiste Barja, Arles-sur-Tech","description":"","url":"https:\/\/www.locansol.fr\/en\/venue\/voie-communale-valls-jean-baptiste-barja-arles-sur-tech\/","address":{"@type":"PostalAddress","streetAddress":"Voie Communale Valls Jean Baptiste Barja","addressLocality":"Arles-sur-Tech","postalCode":"66150","addressCountry":"France"},"telephone":"","sameAs":""},"show_map":true,"show_map_link":true,"global_id":"www.locansol.fr\/en?id=4458","global_id_lineage":["www.locansol.fr\/en?id=4458"]},"organizer":[],"custom_fields":[],"json_ld":{"@context":"http:\/\/schema.org","@type":"Event","name":"CONFERENCE ET DEDICACE","description":"&lt;p&gt;Le vendredi 24 avril, de 18h00 \u00e0 21h00, la Librairie Lire \u00e0 l\\'Os d\\'Arles-sur-Tech accueillera une conf\u00e9rence et une s\u00e9ance de d\u00e9dicace avec Jean Boiss\u00e9e, autour de son livre \u00ab [&hellip;]&lt;\/p&gt;\\n","image":"https:\/\/www.locansol.fr\/wp-content\/uploads\/2026\/04\/conference-dedicace-arlessurtech-histoire.webp","url":"https:\/\/www.locansol.fr\/en\/evenement\/conference-et-dedicace\/","eventAttendanceMode":"https:\/\/schema.org\/OfflineEventAttendanceMode","eventStatus":"https:\/\/schema.org\/EventScheduled","startDate":"2026-04-24T00:00:00+02:00","endDate":"2026-04-24T23:59:59+02:00","location":{"@type":"Place","name":"Voie Communale Valls Jean Baptiste Barja, Arles-sur-Tech","description":"","url":"https:\/\/www.locansol.fr\/en\/venue\/voie-communale-valls-jean-baptiste-barja-arles-sur-tech\/","address":{"@type":"PostalAddress","streetAddress":"Voie Communale Valls Jean Baptiste Barja","addressLocality":"Arles-sur-Tech","postalCode":"66150","addressCountry":"France"},"telephone":"","sameAs":""},"performer":"Organization"},"is_virtual":false,"virtual_url":null,"virtual_video_source":""}