{"id":6592,"global_id":"www.locansol.fr\/en?id=6592","global_id_lineage":["www.locansol.fr\/en?id=6592"],"author":"5","status":"publish","date":"2026-04-26 14:12:47","date_utc":"2026-04-26 12:12:47","modified":"2026-04-26 14:12:50","modified_utc":"2026-04-26 12:12:50","url":"https:\/\/www.locansol.fr\/en\/evenement\/la-redecouverte-dun-chef-doeuvre-monumental-les-volets-du-grand-orgue-de-la-cathedrale-de-perpignan-39\/","rest_url":"https:\/\/www.locansol.fr\/en\/wp-json\/tribe\/events\/v1\/events\/6592","title":"\u00ab LA RED\u00c9COUVERTE D\u2019UN CHEF D\u2019\u0152UVRE MONUMENTAL \u00bb : LES VOLETS DU GRAND ORGUE DE LA CATH\u00c9DRALE DE PERPIGNAN","description":"<p>### Introduction<\/p>\n<p>L&rsquo;exposition \u00ab La red\u00e9couverte d&rsquo;un chef-d&rsquo;\u0153uvre monumental \u00bb se tiendra \u00e0 Perpignan du 24 mars au 31 mai 2026. Elle mettra en lumi\u00e8re les majestueux volets du grand orgue de la cath\u00e9drale Saint-Jean-Baptiste, r\u00e9cemment restaur\u00e9s gr\u00e2ce \u00e0 un vaste chantier initi\u00e9 en 2022 sous l&rsquo;\u00e9gide de la Direction r\u00e9gionale des affaires culturelles d&rsquo;Occitanie.<\/p>\n<p>### D\u00e9veloppement<\/p>\n<p>Les volets du grand orgue de la cath\u00e9drale Saint-Jean-Baptiste de Perpignan, peints en 1504, sont parmi les ensembles picturaux les plus spectaculaires de ce type en Europe. Ces \u0153uvres monumentales, mesurant 12,6 m\u00e8tres de haut sur 4,3 m\u00e8tres de large, soit plus de 83 m\u00b2 chacune, sont exceptionnelles par leur qualit\u00e9 artistique, leur fonction liturgique originelle, leur anciennet\u00e9 et leurs dimensions. Initialement fix\u00e9s sur le buffet de l&rsquo;orgue, les volets \u00e9taient d\u00e9ploy\u00e9s selon le rythme du calendrier liturgique, cr\u00e9ant un dialogue entre musique, architecture et image sacr\u00e9e. Peints \u00e0 la d\u00e9trempe sur toile, les panneaux pr\u00e9sentent une riche polychromie sur leur face principale et une grisaille soign\u00e9e sur leur revers, renfor\u00e7ant leur valeur spirituelle et artistique.<\/p>\n<p>Au XIXe si\u00e8cle, les volets ont \u00e9t\u00e9 d\u00e9mont\u00e9s et fix\u00e9s aux murs de la cath\u00e9drale, au-dessus de la porte dite \u00ab de Bethl\u00e9em \u00bb, o\u00f9 leur lecture est devenue difficile et leur importance progressivement oubli\u00e9e.<\/p>\n<p>Le projet de restauration, d\u00e9but\u00e9 en 2022, a permis de mieux comprendre la mise en \u0153uvre et l&rsquo;histoire mat\u00e9rielle de ces peintures g\u00e9antes. L&rsquo;op\u00e9ration, \u00e0 la fois technique, patrimoniale et scientifique, a redonn\u00e9 aux volets leur visibilit\u00e9 et leur valeur d&rsquo;origine. L&rsquo;exposition au mus\u00e9e Hyacinthe Rigaud, situ\u00e9 au 21 Rue Mailly, Perpignan, offrira au public l&rsquo;opportunit\u00e9 de red\u00e9couvrir ces \u0153uvres majeures du patrimoine occidental.<\/p>\n<p>### Pourquoi y aller ?<\/p>\n<p>Cette exposition est une occasion unique de red\u00e9couvrir un tr\u00e9sor artistique exceptionnel, longtemps m\u00e9connu. Les visiteurs pourront admirer la restauration m\u00e9ticuleuse des volets, appr\u00e9cier leur qualit\u00e9 artistique et comprendre leur r\u00f4le central dans la liturgie de la cath\u00e9drale. L&rsquo;exposition promet une exp\u00e9rience immersive dans l&rsquo;histoire et l&rsquo;art, offrant une perspective nouvelle sur le patrimoine culturel de Perpignan.<\/p>\n<p>### Informations pratiques<\/p>\n<p>&#8211; **Dates :** Du 24 mars au 31 mai 2026<br \/>&#8211; **Lieu :** Mus\u00e9e Hyacinthe Rigaud, 21 Rue Mailly, Perpignan<br \/>&#8211; **Tarif :** Plein tarif : 8,00 \u20ac<\/p>\n<p>Ne manquez pas cette opportunit\u00e9 de d\u00e9couvrir un chef-d&rsquo;\u0153uvre monumental restaur\u00e9, t\u00e9moin de l&rsquo;histoire et de l&rsquo;art de la cath\u00e9drale Saint-Jean-Baptiste de Perpignan.<\/p>\n<p>### Conclusion<\/p>\n<p>L&rsquo;exposition \u00ab La red\u00e9couverte d&rsquo;un chef-d&rsquo;\u0153uvre monumental \u00bb est un \u00e9v\u00e9nement culturel majeur \u00e0 Perpignan, offrant une plong\u00e9e fascinante dans l&rsquo;histoire artistique et liturgique de la cath\u00e9drale Saint-Jean-Baptiste. Les visiteurs pourront admirer la beaut\u00e9 et la grandeur des volets du grand orgue, restaur\u00e9s avec soin, et comprendre leur importance dans le patrimoine culturel de la r\u00e9gion.<\/p>\n<p>### R\u00e9f\u00e9rences<\/p>\n<p>&#8211; [Locansol](https:\/\/www.locansol.fr\/evenement\/la-redecouverte-dun-chef-doeuvre-monumental-les-volets-du-grand-orgue-de-la-cathedrale-de-perpignan-8\/)<br \/>&#8211; [Perpignan M\u00e9diterran\u00e9e Tourisme](https:\/\/www.perpignanmediterranee-tourisme.com\/agenda\/la-redecouverte-dun-chef-doeuvre-monumental-les-volets-du-grand-orgue-de-la-cathedrale-de-perpignan\/)<br \/>&#8211; [Culture.gouv.fr](https:\/\/www.culture.gouv.fr\/regions\/drac-occitanie\/actualites\/actualite-a-la-une\/les-volets-du-grand-orgue-de-la-cathedrale-saint-jean-baptiste-de-perpignan-exposes-au-musee-hyacinthe-rigaud)<\/p>\n<p>### Style et typographie<\/p>\n<p>&#8211; Utilisation de phrases simples et directes.<br \/>&#8211; Ton neutre et positif, sans superlatifs syst\u00e9matiques.<br \/>&#8211; Vocabulaire concret et mesur\u00e9.<br \/>&#8211; Encodage en UTF-8 pour tous les caract\u00e8res sp\u00e9ciaux (\u00e9, \u00e8, \u00e0, etc.).<\/p>\n<p><\/p>\n<h3>R\u00e9servez votre h\u00e9bergement dans les Pyr\u00e9n\u00e9es-Orientales :<\/h3>\n<p><b><a href='https:\/\/www.locansol.fr\/location-mobilhome-mediterranee\/'>Mobil-home Locansol \u00e0 Argel\u00e8s-sur-Mer<\/a><\/b><br \/>Trajet le plus court : 26 km<br \/>Trajet le plus rapide : 31 min<\/p>\n<p><b><a href='https:\/\/www.locansol.fr\/location-chalet-cerdagne\/'>Chalet Locansol \u00e0 Estavar<\/a><\/b><br \/>Trajet le plus court : 104 km<br \/>Trajet le plus rapide : 1 h 40 min<\/p>","excerpt":"","slug":"la-redecouverte-dun-chef-doeuvre-monumental-les-volets-du-grand-orgue-de-la-cathedrale-de-perpignan-39","image":{"url":"https:\/\/www.locansol.fr\/wp-content\/uploads\/2026\/04\/exposition-volets-orgue-perpignan-12.webp","id":6589,"extension":"webp","width":1024,"height":605,"filesize":45248,"sizes":{"medium":{"width":300,"height":177,"mime-type":"image\/webp","filesize":10958,"url":"https:\/\/www.locansol.fr\/wp-content\/uploads\/2026\/04\/exposition-volets-orgue-perpignan-12-300x177.webp"},"thumbnail":{"width":150,"height":150,"mime-type":"image\/webp","filesize":4736,"url":"https:\/\/www.locansol.fr\/wp-content\/uploads\/2026\/04\/exposition-volets-orgue-perpignan-12-150x150.webp"},"medium_large":{"width":768,"height":454,"mime-type":"image\/webp","filesize":37162,"url":"https:\/\/www.locansol.fr\/wp-content\/uploads\/2026\/04\/exposition-volets-orgue-perpignan-12-768x454.webp"},"trp-custom-language-flag":{"width":18,"height":12,"mime-type":"image\/webp","filesize":178,"url":"https:\/\/www.locansol.fr\/wp-content\/uploads\/2026\/04\/exposition-volets-orgue-perpignan-12-18x12.webp"}}},"all_day":true,"start_date":"2026-03-24 00:00:00","start_date_details":{"year":"2026","month":"03","day":"24","hour":"00","minutes":"00","seconds":"00"},"end_date":"2026-05-31 23:59:59","end_date_details":{"year":"2026","month":"05","day":"31","hour":"23","minutes":"59","seconds":"59"},"utc_start_date":"2026-03-23 23:00:00","utc_start_date_details":{"year":"2026","month":"03","day":"23","hour":"23","minutes":"00","seconds":"00"},"utc_end_date":"2026-05-31 21:59:59","utc_end_date_details":{"year":"2026","month":"05","day":"31","hour":"21","minutes":"59","seconds":"59"},"timezone":"Europe\/Paris","timezone_abbr":"CET","cost":"8\u20ac","cost_details":{"currency_symbol":"","currency_code":"","currency_position":"","values":["8"]},"website":"https:\/\/www.locansol.fr\/en\/evenement\/la-redecouverte-dun-chef-doeuvre-monumental-les-volets-du-grand-orgue-de-la-cathedrale-de-perpignan-39\/","show_map":true,"show_map_link":false,"hide_from_listings":false,"sticky":false,"featured":false,"categories":[{"name":"\u00c9v\u00e8nement Culturel","slug":"evenement-culturel","term_group":0,"term_taxonomy_id":138,"taxonomy":"tribe_events_cat","description":"","parent":0,"count":469,"filter":"raw","id":138,"urls":{"self":"https:\/\/www.locansol.fr\/en\/wp-json\/tribe\/events\/v1\/categories\/138","collection":"https:\/\/www.locansol.fr\/en\/wp-json\/tribe\/events\/v1\/categories"}},{"name":"Exposition","slug":"exposition","term_group":0,"term_taxonomy_id":90,"taxonomy":"tribe_events_cat","description":"","parent":0,"count":150,"filter":"raw","id":90,"urls":{"self":"https:\/\/www.locansol.fr\/en\/wp-json\/tribe\/events\/v1\/categories\/90","collection":"https:\/\/www.locansol.fr\/en\/wp-json\/tribe\/events\/v1\/categories"}},{"name":"Peinture","slug":"peinture","term_group":0,"term_taxonomy_id":160,"taxonomy":"tribe_events_cat","description":"","parent":0,"count":93,"filter":"raw","id":160,"urls":{"self":"https:\/\/www.locansol.fr\/en\/wp-json\/tribe\/events\/v1\/categories\/160","collection":"https:\/\/www.locansol.fr\/en\/wp-json\/tribe\/events\/v1\/categories"}},{"name":"Pyr\u00e9n\u00e9es-Orientales","slug":"pyrenees-orientales","term_group":0,"term_taxonomy_id":169,"taxonomy":"tribe_events_cat","description":"","parent":0,"count":572,"filter":"raw","id":169,"urls":{"self":"https:\/\/www.locansol.fr\/en\/wp-json\/tribe\/events\/v1\/categories\/169","collection":"https:\/\/www.locansol.fr\/en\/wp-json\/tribe\/events\/v1\/categories"}}],"tags":[{"name":"\u00c9v\u00e8nement culturel","slug":"evenement-culturel","term_group":0,"term_taxonomy_id":66,"taxonomy":"post_tag","description":"","parent":0,"count":990,"filter":"raw","id":66,"urls":{"self":"https:\/\/www.locansol.fr\/en\/wp-json\/tribe\/events\/v1\/tags\/66","collection":"https:\/\/www.locansol.fr\/en\/wp-json\/tribe\/events\/v1\/tags"}},{"name":"Pyr\u00e9n\u00e9es-Orientales","slug":"pyrenees-orientales","term_group":0,"term_taxonomy_id":76,"taxonomy":"post_tag","description":"","parent":0,"count":1356,"filter":"raw","id":76,"urls":{"self":"https:\/\/www.locansol.fr\/en\/wp-json\/tribe\/events\/v1\/tags\/76","collection":"https:\/\/www.locansol.fr\/en\/wp-json\/tribe\/events\/v1\/tags"}}],"venue":{"id":3026,"author":"5","status":"publish","date":"2026-02-14 13:49:45","date_utc":"2026-02-14 12:49:45","modified":"2026-02-14 13:49:45","modified_utc":"2026-02-14 12:49:45","url":"https:\/\/www.locansol.fr\/en\/venue\/21-rue-mailly-perpignan\/","venue":"21 Rue Mailly, Perpignan","slug":"21-rue-mailly-perpignan","address":"21 Rue Mailly","country":"France","zip":"66410","json_ld":{"@type":"Place","name":"21 Rue Mailly, Perpignan","description":"","url":"https:\/\/www.locansol.fr\/en\/venue\/21-rue-mailly-perpignan\/","address":{"@type":"PostalAddress","streetAddress":"21 Rue Mailly","postalCode":"66410","addressCountry":"France"},"telephone":"","sameAs":""},"show_map":true,"show_map_link":true,"global_id":"www.locansol.fr\/en?id=3026","global_id_lineage":["www.locansol.fr\/en?id=3026"]},"organizer":[],"custom_fields":[],"json_ld":{"@context":"http:\/\/schema.org","@type":"Event","name":"\u00ab LA RED\u00c9COUVERTE D\u2019UN CHEF D\u2019\u0152UVRE MONUMENTAL \u00bb : LES VOLETS DU GRAND ORGUE DE LA CATH\u00c9DRALE DE PERPIGNAN","description":"&lt;p&gt;### IntroductionL\\'exposition \u00ab La red\u00e9couverte d\\'un chef-d\\'\u0153uvre monumental \u00bb se tiendra \u00e0 Perpignan du 24 mars au 31 mai 2026. Elle mettra en lumi\u00e8re les majestueux volets du grand orgue [&hellip;]&lt;\/p&gt;\\n","image":"https:\/\/www.locansol.fr\/wp-content\/uploads\/2026\/04\/exposition-volets-orgue-perpignan-12.webp","url":"https:\/\/www.locansol.fr\/en\/evenement\/la-redecouverte-dun-chef-doeuvre-monumental-les-volets-du-grand-orgue-de-la-cathedrale-de-perpignan-39\/","eventAttendanceMode":"https:\/\/schema.org\/OfflineEventAttendanceMode","eventStatus":"https:\/\/schema.org\/EventScheduled","startDate":"2026-03-24T00:00:00+01:00","endDate":"2026-05-31T23:59:59+02:00","location":{"@type":"Place","name":"21 Rue Mailly, Perpignan","description":"","url":"https:\/\/www.locansol.fr\/en\/venue\/21-rue-mailly-perpignan\/","address":{"@type":"PostalAddress","streetAddress":"21 Rue Mailly","postalCode":"66410","addressCountry":"France"},"telephone":"","sameAs":""},"offers":{"@type":"Offer","price":"8","priceCurrency":"EUR","url":"https:\/\/www.locansol.fr\/en\/evenement\/la-redecouverte-dun-chef-doeuvre-monumental-les-volets-du-grand-orgue-de-la-cathedrale-de-perpignan-39\/","category":"primary","availability":"inStock","validFrom":"1970-01-01T00:00:00+00:00"},"performer":"Organization"},"is_virtual":false,"virtual_url":null,"virtual_video_source":""}