{"id":6633,"global_id":"www.locansol.fr\/en?id=6633","global_id_lineage":["www.locansol.fr\/en?id=6633"],"author":"5","status":"publish","date":"2026-04-27 20:09:07","date_utc":"2026-04-27 18:09:07","modified":"2026-04-27 20:09:11","modified_utc":"2026-04-27 18:09:11","url":"https:\/\/www.locansol.fr\/en\/evenement\/la-redecouverte-dun-chef-doeuvre-monumental-les-volets-du-grand-orgue-de-la-cathedrale-de-perpignan-45\/","rest_url":"https:\/\/www.locansol.fr\/en\/wp-json\/tribe\/events\/v1\/events\/6633","title":"\u00ab LA RED\u00c9COUVERTE D\u2019UN CHEF D\u2019\u0152UVRE MONUMENTAL \u00bb : LES VOLETS DU GRAND ORGUE DE LA CATH\u00c9DRALE DE PERPIGNAN","description":"<p>L&rsquo;\u00e9v\u00e9nement \u00ab La red\u00e9couverte d&rsquo;un chef-d&rsquo;\u0153uvre monumental \u00bb : Les volets du grand orgue de la cath\u00e9drale de Perpignan se d\u00e9roule \u00e0 Perpignan du 24 mars au 31 mai. Cette exposition met en lumi\u00e8re un vaste chantier de restauration entrepris depuis 2022 par les services de l\u2019\u00c9tat (Direction r\u00e9gionale des affaires culturelles d\u2019Occitanie). L&rsquo;objectif est de restituer leur visibilit\u00e9 et leur valeur \u00e0 des \u0153uvres peintes en 1504, mesurant 12,6 m\u00e8tres de haut sur 4,3 m\u00e8tres de large, soit plus de 83 m\u00b2 chacune. Ces peintures, initialement fix\u00e9es sur le buffet de l\u2019orgue, se d\u00e9ployaient selon le rythme du calendrier liturgique, orchestrant un dialogue entre musique, architecture et image sacr\u00e9e. Au XIXe si\u00e8cle, les volets ont \u00e9t\u00e9 d\u00e9plac\u00e9s et fix\u00e9s aux murs de la cath\u00e9drale, rendant leur lecture difficile et leur importance oubli\u00e9e.  L&rsquo;exposition pr\u00e9sente ces volets restaur\u00e9s, offrant une opportunit\u00e9 unique de red\u00e9couvrir un ensemble pictural monumental du patrimoine des Pyr\u00e9n\u00e9es-Orientales, longtemps rest\u00e9 inaccessible au regard du public. Les visiteurs pourront admirer la riche polychromie de la face principale et la grisaille soign\u00e9e du revers, t\u00e9moignant de la valeur spirituelle et artistique de ces \u0153uvres. L&rsquo;\u00e9v\u00e9nement inclut \u00e9galement des explications sur la mise en \u0153uvre et l\u2019histoire mat\u00e9rielle de ces peintures g\u00e9antes, gr\u00e2ce \u00e0 une op\u00e9ration technique, patrimoniale et scientifique.  Cette exposition est une occasion rare de d\u00e9couvrir un tr\u00e9sor artistique et historique. Les volets du grand orgue de la cath\u00e9drale Saint-Jean-Baptiste de Perpignan sont parmi les ensembles picturaux les plus spectaculaires de ce type en Europe. Leur qualit\u00e9 artistique, leur fonction liturgique originelle, leur anciennet\u00e9 et leurs dimensions monumentales en font des \u0153uvres exceptionnelles. L&rsquo;exposition permet de comprendre l&rsquo;importance de ces chefs-d&rsquo;\u0153uvre dans l&rsquo;histoire de l&rsquo;art et de la musique sacr\u00e9e. Les visiteurs pourront appr\u00e9cier la beaut\u00e9 et la complexit\u00e9 de ces \u0153uvres, tout en d\u00e9couvrant leur r\u00f4le central dans les c\u00e9l\u00e9brations liturgiques pass\u00e9es.  Assister \u00e0 cette exposition est une exp\u00e9rience immersive unique. Les visiteurs pourront admirer de pr\u00e8s les d\u00e9tails des peintures, comprendre leur contexte historique et artistique, et ressentir l&rsquo;atmosph\u00e8re spirituelle qu&rsquo;elles d\u00e9gagent. C&rsquo;est une opportunit\u00e9 exceptionnelle de se plonger dans l&rsquo;histoire et le patrimoine de Perpignan, tout en appr\u00e9ciant la beaut\u00e9 et la richesse de ces \u0153uvres monumentales.<\/p>\n<p><\/p>\n<h3>R\u00e9servez votre h\u00e9bergement dans les Pyr\u00e9n\u00e9es-Orientales :<\/h3>\n<p><b><a href='https:\/\/www.locansol.fr\/location-mobilhome-mediterranee\/'>Mobil-home Locansol \u00e0 Argel\u00e8s-sur-Mer<\/a><\/b><br \/>Trajet le plus court : 26 km<br \/>Trajet le plus rapide : 31 min<\/p>\n<p><b><a href='https:\/\/www.locansol.fr\/location-chalet-cerdagne\/'>Chalet Locansol \u00e0 Estavar<\/a><\/b><br \/>Trajet le plus court : 104 km<br \/>Trajet le plus rapide : 1 h 40 min<\/p>","excerpt":"","slug":"la-redecouverte-dun-chef-doeuvre-monumental-les-volets-du-grand-orgue-de-la-cathedrale-de-perpignan-45","image":{"url":"https:\/\/www.locansol.fr\/wp-content\/uploads\/2026\/04\/volets-orgue-restaures-perpignan-1.webp","id":6630,"extension":"webp","width":1024,"height":605,"filesize":45248,"sizes":{"medium":{"width":300,"height":177,"mime-type":"image\/webp","filesize":10958,"url":"https:\/\/www.locansol.fr\/wp-content\/uploads\/2026\/04\/volets-orgue-restaures-perpignan-1-300x177.webp"},"thumbnail":{"width":150,"height":150,"mime-type":"image\/webp","filesize":4736,"url":"https:\/\/www.locansol.fr\/wp-content\/uploads\/2026\/04\/volets-orgue-restaures-perpignan-1-150x150.webp"},"medium_large":{"width":768,"height":454,"mime-type":"image\/webp","filesize":37162,"url":"https:\/\/www.locansol.fr\/wp-content\/uploads\/2026\/04\/volets-orgue-restaures-perpignan-1-768x454.webp"},"trp-custom-language-flag":{"width":18,"height":12,"mime-type":"image\/webp","filesize":178,"url":"https:\/\/www.locansol.fr\/wp-content\/uploads\/2026\/04\/volets-orgue-restaures-perpignan-1-18x12.webp"}}},"all_day":true,"start_date":"2023-03-24 00:00:00","start_date_details":{"year":"2023","month":"03","day":"24","hour":"00","minutes":"00","seconds":"00"},"end_date":"2023-05-31 23:59:59","end_date_details":{"year":"2023","month":"05","day":"31","hour":"23","minutes":"59","seconds":"59"},"utc_start_date":"2023-03-23 23:00:00","utc_start_date_details":{"year":"2023","month":"03","day":"23","hour":"23","minutes":"00","seconds":"00"},"utc_end_date":"2023-05-31 21:59:59","utc_end_date_details":{"year":"2023","month":"05","day":"31","hour":"21","minutes":"59","seconds":"59"},"timezone":"Europe\/Paris","timezone_abbr":"CET","cost":"8\u20ac","cost_details":{"currency_symbol":"","currency_code":"","currency_position":"","values":["8"]},"website":"https:\/\/www.locansol.fr\/en\/evenement\/la-redecouverte-dun-chef-doeuvre-monumental-les-volets-du-grand-orgue-de-la-cathedrale-de-perpignan-45\/","show_map":true,"show_map_link":false,"hide_from_listings":false,"sticky":false,"featured":false,"categories":[{"name":"\u00c9v\u00e8nement Culturel","slug":"evenement-culturel","term_group":0,"term_taxonomy_id":138,"taxonomy":"tribe_events_cat","description":"","parent":0,"count":508,"filter":"raw","id":138,"urls":{"self":"https:\/\/www.locansol.fr\/en\/wp-json\/tribe\/events\/v1\/categories\/138","collection":"https:\/\/www.locansol.fr\/en\/wp-json\/tribe\/events\/v1\/categories"}},{"name":"Exposition","slug":"exposition","term_group":0,"term_taxonomy_id":90,"taxonomy":"tribe_events_cat","description":"","parent":0,"count":180,"filter":"raw","id":90,"urls":{"self":"https:\/\/www.locansol.fr\/en\/wp-json\/tribe\/events\/v1\/categories\/90","collection":"https:\/\/www.locansol.fr\/en\/wp-json\/tribe\/events\/v1\/categories"}},{"name":"Peinture","slug":"peinture","term_group":0,"term_taxonomy_id":160,"taxonomy":"tribe_events_cat","description":"","parent":0,"count":117,"filter":"raw","id":160,"urls":{"self":"https:\/\/www.locansol.fr\/en\/wp-json\/tribe\/events\/v1\/categories\/160","collection":"https:\/\/www.locansol.fr\/en\/wp-json\/tribe\/events\/v1\/categories"}},{"name":"Pyr\u00e9n\u00e9es-Orientales","slug":"pyrenees-orientales","term_group":0,"term_taxonomy_id":169,"taxonomy":"tribe_events_cat","description":"","parent":0,"count":618,"filter":"raw","id":169,"urls":{"self":"https:\/\/www.locansol.fr\/en\/wp-json\/tribe\/events\/v1\/categories\/169","collection":"https:\/\/www.locansol.fr\/en\/wp-json\/tribe\/events\/v1\/categories"}}],"tags":[{"name":"\u00c9v\u00e8nement culturel","slug":"evenement-culturel","term_group":0,"term_taxonomy_id":66,"taxonomy":"post_tag","description":"","parent":0,"count":1072,"filter":"raw","id":66,"urls":{"self":"https:\/\/www.locansol.fr\/en\/wp-json\/tribe\/events\/v1\/tags\/66","collection":"https:\/\/www.locansol.fr\/en\/wp-json\/tribe\/events\/v1\/tags"}},{"name":"Pyr\u00e9n\u00e9es-Orientales","slug":"pyrenees-orientales","term_group":0,"term_taxonomy_id":76,"taxonomy":"post_tag","description":"","parent":0,"count":1453,"filter":"raw","id":76,"urls":{"self":"https:\/\/www.locansol.fr\/en\/wp-json\/tribe\/events\/v1\/tags\/76","collection":"https:\/\/www.locansol.fr\/en\/wp-json\/tribe\/events\/v1\/tags"}}],"venue":{"id":3026,"author":"5","status":"publish","date":"2026-02-14 13:49:45","date_utc":"2026-02-14 12:49:45","modified":"2026-02-14 13:49:45","modified_utc":"2026-02-14 12:49:45","url":"https:\/\/www.locansol.fr\/en\/venue\/21-rue-mailly-perpignan\/","venue":"21 Rue Mailly, Perpignan","slug":"21-rue-mailly-perpignan","address":"21 Rue Mailly","country":"France","zip":"66410","json_ld":{"@type":"Place","name":"21 Rue Mailly, Perpignan","description":"","url":"https:\/\/www.locansol.fr\/en\/venue\/21-rue-mailly-perpignan\/","address":{"@type":"PostalAddress","streetAddress":"21 Rue Mailly","postalCode":"66410","addressCountry":"France"},"telephone":"","sameAs":""},"show_map":true,"show_map_link":true,"global_id":"www.locansol.fr\/en?id=3026","global_id_lineage":["www.locansol.fr\/en?id=3026"]},"organizer":[],"custom_fields":[],"json_ld":{"@context":"http:\/\/schema.org","@type":"Event","name":"\u00ab LA RED\u00c9COUVERTE D\u2019UN CHEF D\u2019\u0152UVRE MONUMENTAL \u00bb : LES VOLETS DU GRAND ORGUE DE LA CATH\u00c9DRALE DE PERPIGNAN","description":"&lt;p&gt;L\\'\u00e9v\u00e9nement \u00ab La red\u00e9couverte d\\'un chef-d\\'\u0153uvre monumental \u00bb : Les volets du grand orgue de la cath\u00e9drale de Perpignan se d\u00e9roule \u00e0 Perpignan du 24 mars au 31 mai. Cette [&hellip;]&lt;\/p&gt;\\n","image":"https:\/\/www.locansol.fr\/wp-content\/uploads\/2026\/04\/volets-orgue-restaures-perpignan-1.webp","url":"https:\/\/www.locansol.fr\/en\/evenement\/la-redecouverte-dun-chef-doeuvre-monumental-les-volets-du-grand-orgue-de-la-cathedrale-de-perpignan-45\/","eventAttendanceMode":"https:\/\/schema.org\/OfflineEventAttendanceMode","eventStatus":"https:\/\/schema.org\/EventScheduled","startDate":"2023-03-24T00:00:00+01:00","endDate":"2023-05-31T23:59:59+02:00","location":{"@type":"Place","name":"21 Rue Mailly, Perpignan","description":"","url":"https:\/\/www.locansol.fr\/en\/venue\/21-rue-mailly-perpignan\/","address":{"@type":"PostalAddress","streetAddress":"21 Rue Mailly","postalCode":"66410","addressCountry":"France"},"telephone":"","sameAs":""},"offers":{"@type":"Offer","price":"8","priceCurrency":"EUR","url":"https:\/\/www.locansol.fr\/en\/evenement\/la-redecouverte-dun-chef-doeuvre-monumental-les-volets-du-grand-orgue-de-la-cathedrale-de-perpignan-45\/","category":"primary","availability":"inStock","validFrom":"1970-01-01T00:00:00+00:00"},"performer":"Organization"},"is_virtual":false,"virtual_url":null,"virtual_video_source":""}