{"id":6653,"global_id":"www.locansol.fr\/en?id=6653","global_id_lineage":["www.locansol.fr\/en?id=6653"],"author":"5","status":"publish","date":"2026-04-28 08:08:22","date_utc":"2026-04-28 06:08:22","modified":"2026-04-28 08:08:24","modified_utc":"2026-04-28 06:08:24","url":"https:\/\/www.locansol.fr\/en\/evenement\/visite-guidee-des-thermes-3\/","rest_url":"https:\/\/www.locansol.fr\/en\/wp-json\/tribe\/events\/v1\/events\/6653","title":"VISITE GUID\u00c9E DES THERMES","description":"<p>La visite guid\u00e9e des Thermes d&rsquo;Am\u00e9lie-les-Bains-Palalda offre une plong\u00e9e fascinante dans l&rsquo;histoire et les bienfaits des eaux thermales. Situ\u00e9e \u00e0 Am\u00e9lie-les-Bains-Palalda, cette visite se d\u00e9roulera le mardi 28 avril \u00e0 14h15. Les visiteurs d\u00e9couvriront l&rsquo;histoire de la Cha\u00eene Thermale du Soleil, la construction des thermes du Mondony, et les vertus de l&rsquo;eau thermale. La visite inclut une pr\u00e9sentation des soins, l&rsquo;exploration de la partie historique des thermes romains, et une pause devant la cascade d&rsquo;Hannibal. Les participants auront \u00e9galement l&rsquo;opportunit\u00e9 exclusive de visiter certaines zones techniques des thermes. Le programme de la visite est riche et vari\u00e9. Il commence par une pr\u00e9sentation de la saga familiale de la Cha\u00eene Thermale du Soleil et de l&rsquo;histoire de la construction des thermes du Mondony. Les visiteurs apprendront les vertus de l&rsquo;eau thermale et assisteront \u00e0 une pr\u00e9sentation des soins propos\u00e9s. La visite se poursuit avec l&rsquo;exploration de la partie historique des thermes romains, notamment la salle du XVIIIe si\u00e8cle et la vo\u00fbte du IIe si\u00e8cle, class\u00e9e aux monuments historiques. Un moment de d\u00e9tente est pr\u00e9vu devant la cascade d&rsquo;Hannibal, avant de conclure par une visite exclusive des zones techniques des thermes. Cette visite guid\u00e9e est une occasion unique de d\u00e9couvrir le patrimoine historique et thermal d&rsquo;Am\u00e9lie-les-Bains-Palalda. Que vous soyez passionn\u00e9 d&rsquo;histoire ou curieux des bienfaits des eaux thermales, cette visite offre une exp\u00e9rience enrichissante et sensorielle. L&rsquo;ambiance paisible et le cadre historique des thermes romains ajoutent une dimension particuli\u00e8re \u00e0 cette d\u00e9couverte. La visite est gratuite, mais les places sont limit\u00e9es, il est donc conseill\u00e9 de r\u00e9server aux thermes ou par t\u00e9l\u00e9phone au 04 68 87 94 55. Ne manquez pas cette opportunit\u00e9 de (re)d\u00e9couvrir les tr\u00e9sors cach\u00e9s des thermes d&rsquo;Am\u00e9lie-les-Bains-Palalda.<\/p>\n<p><\/p>\n<h3>R\u00e9servez votre h\u00e9bergement dans les Pyr\u00e9n\u00e9es-Orientales :<\/h3>\n<p><b><a href='https:\/\/www.locansol.fr\/location-mobilhome-mediterranee\/'>Mobil-home Locansol \u00e0 Argel\u00e8s-sur-Mer<\/a><\/b><br \/>Trajet le plus court : 41 km<br \/>Trajet le plus rapide : 49 min<\/p>\n<p><b><a href='https:\/\/www.locansol.fr\/location-chalet-cerdagne\/'>Chalet Locansol \u00e0 Estavar<\/a><\/b><br \/>Trajet le plus court : 134 km<br \/>Trajet le plus rapide : 2 h 10 min<\/p>","excerpt":"","slug":"visite-guidee-des-thermes-3","image":{"url":"https:\/\/www.locansol.fr\/wp-content\/uploads\/2026\/04\/thermes-amele-les-bains-visite.webp","id":6650,"extension":"webp","width":1440,"height":1920,"filesize":462298,"sizes":{"medium":{"width":225,"height":300,"mime-type":"image\/webp","filesize":24648,"url":"https:\/\/www.locansol.fr\/wp-content\/uploads\/2026\/04\/thermes-amele-les-bains-visite-225x300.webp"},"large":{"width":768,"height":1024,"mime-type":"image\/webp","filesize":217186,"url":"https:\/\/www.locansol.fr\/wp-content\/uploads\/2026\/04\/thermes-amele-les-bains-visite-768x1024.webp"},"thumbnail":{"width":150,"height":150,"mime-type":"image\/webp","filesize":9258,"url":"https:\/\/www.locansol.fr\/wp-content\/uploads\/2026\/04\/thermes-amele-les-bains-visite-150x150.webp"},"medium_large":{"width":768,"height":1024,"mime-type":"image\/webp","filesize":217186,"url":"https:\/\/www.locansol.fr\/wp-content\/uploads\/2026\/04\/thermes-amele-les-bains-visite-768x1024.webp"},"1536x1536":{"width":1152,"height":1536,"mime-type":"image\/webp","filesize":403326,"url":"https:\/\/www.locansol.fr\/wp-content\/uploads\/2026\/04\/thermes-amele-les-bains-visite-1152x1536.webp"},"trp-custom-language-flag":{"width":9,"height":12,"mime-type":"image\/webp","filesize":150,"url":"https:\/\/www.locansol.fr\/wp-content\/uploads\/2026\/04\/thermes-amele-les-bains-visite-9x12.webp"}}},"all_day":true,"start_date":"2026-04-28 00:00:00","start_date_details":{"year":"2026","month":"04","day":"28","hour":"00","minutes":"00","seconds":"00"},"end_date":"2026-04-28 23:59:59","end_date_details":{"year":"2026","month":"04","day":"28","hour":"23","minutes":"59","seconds":"59"},"utc_start_date":"2026-04-27 22:00:00","utc_start_date_details":{"year":"2026","month":"04","day":"27","hour":"22","minutes":"00","seconds":"00"},"utc_end_date":"2026-04-28 21:59:59","utc_end_date_details":{"year":"2026","month":"04","day":"28","hour":"21","minutes":"59","seconds":"59"},"timezone":"Europe\/Paris","timezone_abbr":"CEST","cost":"","cost_details":{"currency_symbol":"","currency_code":"","currency_position":"","values":[]},"website":"https:\/\/www.locansol.fr\/en\/evenement\/visite-guidee-des-thermes-3\/","show_map":true,"show_map_link":false,"hide_from_listings":false,"sticky":false,"featured":false,"categories":[{"name":"\u00c9v\u00e8nement Culturel","slug":"evenement-culturel","term_group":0,"term_taxonomy_id":138,"taxonomy":"tribe_events_cat","description":"","parent":0,"count":672,"filter":"raw","id":138,"urls":{"self":"https:\/\/www.locansol.fr\/en\/wp-json\/tribe\/events\/v1\/categories\/138","collection":"https:\/\/www.locansol.fr\/en\/wp-json\/tribe\/events\/v1\/categories"}},{"name":"Pyr\u00e9n\u00e9es-Orientales","slug":"pyrenees-orientales","term_group":0,"term_taxonomy_id":169,"taxonomy":"tribe_events_cat","description":"","parent":0,"count":797,"filter":"raw","id":169,"urls":{"self":"https:\/\/www.locansol.fr\/en\/wp-json\/tribe\/events\/v1\/categories\/169","collection":"https:\/\/www.locansol.fr\/en\/wp-json\/tribe\/events\/v1\/categories"}},{"name":"Visite guid\u00e9e","slug":"visite-guidee","term_group":0,"term_taxonomy_id":105,"taxonomy":"tribe_events_cat","description":"","parent":0,"count":182,"filter":"raw","id":105,"urls":{"self":"https:\/\/www.locansol.fr\/en\/wp-json\/tribe\/events\/v1\/categories\/105","collection":"https:\/\/www.locansol.fr\/en\/wp-json\/tribe\/events\/v1\/categories"}}],"tags":[{"name":"\u00c9v\u00e8nement culturel","slug":"evenement-culturel","term_group":0,"term_taxonomy_id":66,"taxonomy":"post_tag","description":"","parent":0,"count":1420,"filter":"raw","id":66,"urls":{"self":"https:\/\/www.locansol.fr\/en\/wp-json\/tribe\/events\/v1\/tags\/66","collection":"https:\/\/www.locansol.fr\/en\/wp-json\/tribe\/events\/v1\/tags"}},{"name":"Pyr\u00e9n\u00e9es-Orientales","slug":"pyrenees-orientales","term_group":0,"term_taxonomy_id":76,"taxonomy":"post_tag","description":"","parent":0,"count":1840,"filter":"raw","id":76,"urls":{"self":"https:\/\/www.locansol.fr\/en\/wp-json\/tribe\/events\/v1\/tags\/76","collection":"https:\/\/www.locansol.fr\/en\/wp-json\/tribe\/events\/v1\/tags"}}],"venue":{"id":3527,"author":"5","status":"publish","date":"2026-02-17 08:09:34","date_utc":"2026-02-17 07:09:34","modified":"2026-02-17 08:09:34","modified_utc":"2026-02-17 07:09:34","url":"https:\/\/www.locansol.fr\/en\/venue\/5-rue-des-thermes-amelie-les-bains-palalda\/","venue":"5 rue des Thermes, Am\u00e9lie-les-Bains-Palalda","slug":"5-rue-des-thermes-amelie-les-bains-palalda","address":"5 rue des Thermes","city":"Am\u00e9lie-les-Bains-Palalda","country":"France","zip":"66110","json_ld":{"@type":"Place","name":"5 rue des Thermes, Am\u00e9lie-les-Bains-Palalda","description":"","url":"https:\/\/www.locansol.fr\/en\/venue\/5-rue-des-thermes-amelie-les-bains-palalda\/","address":{"@type":"PostalAddress","streetAddress":"5 rue des Thermes","addressLocality":"Am\u00e9lie-les-Bains-Palalda","postalCode":"66110","addressCountry":"France"},"telephone":"","sameAs":""},"show_map":true,"show_map_link":true,"global_id":"www.locansol.fr\/en?id=3527","global_id_lineage":["www.locansol.fr\/en?id=3527"]},"organizer":[],"custom_fields":[],"json_ld":{"@context":"http:\/\/schema.org","@type":"Event","name":"VISITE GUID\u00c9E DES THERMES","description":"&lt;p&gt;La visite guid\u00e9e des Thermes d\\'Am\u00e9lie-les-Bains-Palalda offre une plong\u00e9e fascinante dans l\\'histoire et les bienfaits des eaux thermales. Situ\u00e9e \u00e0 Am\u00e9lie-les-Bains-Palalda, cette visite se d\u00e9roulera le mardi 28 avril \u00e0 [&hellip;]&lt;\/p&gt;\\n","image":"https:\/\/www.locansol.fr\/wp-content\/uploads\/2026\/04\/thermes-amele-les-bains-visite.webp","url":"https:\/\/www.locansol.fr\/en\/evenement\/visite-guidee-des-thermes-3\/","eventAttendanceMode":"https:\/\/schema.org\/OfflineEventAttendanceMode","eventStatus":"https:\/\/schema.org\/EventScheduled","startDate":"2026-04-28T00:00:00+02:00","endDate":"2026-04-28T23:59:59+02:00","location":{"@type":"Place","name":"5 rue des Thermes, Am\u00e9lie-les-Bains-Palalda","description":"","url":"https:\/\/www.locansol.fr\/en\/venue\/5-rue-des-thermes-amelie-les-bains-palalda\/","address":{"@type":"PostalAddress","streetAddress":"5 rue des Thermes","addressLocality":"Am\u00e9lie-les-Bains-Palalda","postalCode":"66110","addressCountry":"France"},"telephone":"","sameAs":""},"performer":"Organization"},"is_virtual":false,"virtual_url":null,"virtual_video_source":""}