{"id":2627,"date":"2026-02-12T18:45:41","date_gmt":"2026-02-12T17:45:41","guid":{"rendered":"https:\/\/www.locansol.fr\/?p=2627"},"modified":"2026-02-12T18:45:44","modified_gmt":"2026-02-12T17:45:44","slug":"concert-jazz-perpignan-emotion","status":"publish","type":"post","link":"https:\/\/www.locansol.fr\/en\/concert-jazz-perpignan-emotion\/","title":{"rendered":"Francesco Bearzatti et Federico Casagrande en concert \u00e0 Perpignan \u2013 Voyage musical et oenologique (10 f\u00e9vrier 2024)"},"content":{"rendered":"<p>Et si vous d\u00e9butiez votre soir\u00e9e du mardi 10 f\u00e9vrier sous le signe de l&rsquo;\u00e9vasion musicale ? Direction Perpignan, o\u00f9 la Salle de la Chambre de commerce et d&rsquo;industrie se transforme en \u00e9crin de douceur pour accueillir deux artistes d&rsquo;exception : Francesco Bearzatti et Federico Casagrande. Ce rendez-vous unique s&rsquo;inscrit dans le cadre incontournable de la saison Jazz\u00e8bre, un festival qui sublime la musique et le terroir.<\/p>\n<h2>Une complicit\u00e9 musicale qui vous fera voyager<\/h2>\n<p>Francesco Bearzatti, saxophoniste virtuose, embarque les spectateurs dans un univers o\u00f9 le son devient une v\u00e9ritable exploration sensorielle. \u00c0 ses c\u00f4t\u00e9s, le guitariste Federico Casagrande \u2013 ma\u00eetre des cordes \u2013 tisse des m\u00e9lodies empreintes de finesse et de po\u00e9sie. Ensemble, ils promettent une soir\u00e9e o\u00f9 chaque note, chaque harmonie nous am\u00e8ne \u00e0 la crois\u00e9e des chemins entre jazz contemporain et improvisation pure.<br \/>\nV\u00e9ritables magiciens du son, ces deux artistes transforment l\u2019espace musical en une aventure vibrante et authentique !<\/p>\n<h2>Un \u00e9v\u00e9nement qui ravit aussi les amateurs de bons crus<\/h2>\n<p>La saison Jazz\u00e8bre, c\u2019est aussi l\u2019occasion de c\u00e9l\u00e9brer l\u2019art de vivre catalan. Et quoi de mieux qu\u2019un sublime voyage musical accompagn\u00e9 des saveurs du terroir ? Apr\u00e8s avoir savour\u00e9 le duo sur sc\u00e8ne, laissez-vous tenter par une exp\u00e9rience autour de l\u2019\u0153nologie. Localement teint\u00e9e, elle vient parfaire une soir\u00e9e qui s\u2019annonce m\u00e9morable.<\/p>\n<h3>Pourquoi ne pas vous \u00e9vader le temps d\u2019une soir\u00e9e ?<\/h3>\n<p>Rendez-vous le 10 f\u00e9vrier \u00e0 18h30 pour vivre un moment intimiste et intense, dans l\u2019un des lieux embl\u00e9matiques de Perpignan. Que vous soyez m\u00e9lomane averti ou simplement curieux, la promesse est claire : \u00e9motions garanties ! Pensez \u00e0 r\u00e9server vos places d\u00e8s maintenant pour vous offrir cette parenth\u00e8se hors du temps.<\/p>\n<h3>Practical information<\/h3>\n<p>\ud83d\udcc5 QUAND ? Mardi 10 f\u00e9vrier \u00e0 18:30<br \/>\n\ud83d\udccd O\u00d9 ? Chambre de commerce et d&rsquo;industrie, Perpignan<br \/>\n\ud83d\udcb6 COMBIEN ? Plein tarif : 13,00 \u20ac<\/p>","protected":false},"excerpt":{"rendered":"<p>Plongez dans un voyage musical avec Francesco Bearzatti et Federico Casagrande \u00e0 Perpignan. Jazz contemporain, improvisation et d\u00e9gustation locale dans un cadre intimiste.<\/p>","protected":false},"author":5,"featured_media":2626,"comment_status":"closed","ping_status":"open","sticky":false,"template":"","format":"standard","meta":{"_yoast_wpseo_focuskw":"concert jazz Perpignan \u00e9motion","_yoast_wpseo_title":"Francesco Bearzatti et Federico Casagrande \u00e0 Perpignan : concert jazz","_yoast_wpseo_metadesc":"D\u00e9couvrez Francesco Bearzatti et Federico Casagrande en concert unique \u00e0 Perpignan. Jazz contemporain et improvisation dans un cadre enchanteur. Pyr\u00e9n\u00e9es-Orientales.","_yoast_wpseo_canonical":"","_yoast_wpseo_opengraph-title":"\u00c9motions jazz et saveurs locales : Francesco Bearzatti et Federico Casagrande \u00e0 Perpignan","_yoast_wpseo_opengraph-description":"Vivez une soir\u00e9e envo\u00fbtante avec Francesco Bearzatti et Federico Casagrande \u00e0 Perpignan. Un concert de jazz contemporain et improvisation, accompagn\u00e9 de d\u00e9gustations locales.","_yoast_wpseo_opengraph-image":"https:\/\/www.locansol.fr\/wp-content\/uploads\/2026\/02\/concert-jazz-perpignan-emotion.webp","_yoast_wpseo_opengraph-image-id":"2626","_yoast_wpseo_twitter-title":"Concert de jazz unique \u00e0 Perpignan : Francesco Bearzatti et Federico Casagrande","_yoast_wpseo_twitter-description":"Laissez-vous emporter par un voyage musical avec Francesco Bearzatti et Federico Casagrande \u00e0 Perpignan. Jazz contemporain, improvisation et saveurs locales.","_yoast_wpseo_twitter-image":"https:\/\/www.locansol.fr\/wp-content\/uploads\/2026\/02\/concert-jazz-perpignan-emotion.webp","_yoast_wpseo_twitter-image-id":"2626","yoast_primary_category":"Concert","footnotes":""},"categories":[29,45],"tags":[66,67,69,76],"class_list":["post-2627","post","type-post","status-publish","format-standard","has-post-thumbnail","hentry","category-agenda-pyrenees-orientales","category-festival","tag-evenement-culturel","tag-loisirs","tag-musique","tag-pyrenees-orientales"],"yoast_head":"<!-- This site is optimized with the Yoast SEO Premium plugin v23.3 (Yoast SEO v26.9) - https:\/\/yoast.com\/product\/yoast-seo-premium-wordpress\/ -->\n<title>Francesco Bearzatti et Federico Casagrande \u00e0 Perpignan : concert jazz<\/title>\n<meta name=\"description\" content=\"D\u00e9couvrez Francesco Bearzatti et Federico Casagrande en concert unique \u00e0 Perpignan. Jazz contemporain et improvisation dans un cadre enchanteur. Pyr\u00e9n\u00e9es-Orientales.\" \/>\n<meta name=\"robots\" content=\"index, follow, max-snippet:-1, max-image-preview:large, max-video-preview:-1\" \/>\n<link rel=\"canonical\" href=\"https:\/\/www.locansol.fr\/en\/concert-jazz-perpignan-emotion\/\" \/>\n<meta property=\"og:locale\" content=\"en_GB\" \/>\n<meta property=\"og:type\" content=\"article\" \/>\n<meta property=\"og:title\" content=\"\u00c9motions jazz et saveurs locales : Francesco Bearzatti et Federico Casagrande \u00e0 Perpignan\" \/>\n<meta property=\"og:description\" content=\"Vivez une soir\u00e9e envo\u00fbtante avec Francesco Bearzatti et Federico Casagrande \u00e0 Perpignan. Un concert de jazz contemporain et improvisation, accompagn\u00e9 de d\u00e9gustations locales.\" \/>\n<meta property=\"og:url\" content=\"https:\/\/www.locansol.fr\/en\/concert-jazz-perpignan-emotion\/\" \/>\n<meta property=\"og:site_name\" content=\"Locansol, louer un h\u00e9bergement dans les Pyr\u00e9n\u00e9es Orientales\" \/>\n<meta property=\"article:published_time\" content=\"2026-02-12T17:45:41+00:00\" \/>\n<meta property=\"article:modified_time\" content=\"2026-02-12T17:45:44+00:00\" \/>\n<meta property=\"og:image\" content=\"https:\/\/www.locansol.fr\/wp-content\/uploads\/2026\/02\/concert-jazz-perpignan-emotion.webp\" \/>\n\t<meta property=\"og:image:width\" content=\"1920\" \/>\n\t<meta property=\"og:image:height\" content=\"1280\" \/>\n\t<meta property=\"og:image:type\" content=\"image\/webp\" \/>\n<meta name=\"author\" content=\"H\u00e9bergements Locansol\" \/>\n<meta name=\"twitter:card\" content=\"summary_large_image\" \/>\n<meta name=\"twitter:title\" content=\"Concert de jazz unique \u00e0 Perpignan : Francesco Bearzatti et Federico Casagrande\" \/>\n<meta name=\"twitter:description\" content=\"Laissez-vous emporter par un voyage musical avec Francesco Bearzatti et Federico Casagrande \u00e0 Perpignan. Jazz contemporain, improvisation et saveurs locales.\" \/>\n<meta name=\"twitter:image\" content=\"https:\/\/www.locansol.fr\/wp-content\/uploads\/2026\/02\/concert-jazz-perpignan-emotion.webp\" \/>\n<meta name=\"twitter:label1\" content=\"Written by\" \/>\n\t<meta name=\"twitter:data1\" content=\"H\u00e9bergements Locansol\" \/>\n\t<meta name=\"twitter:label2\" content=\"Estimated reading time\" \/>\n\t<meta name=\"twitter:data2\" content=\"2 minutes\" \/>\n<script type=\"application\/ld+json\" class=\"yoast-schema-graph\">{\"@context\":\"https:\/\/schema.org\",\"@graph\":[{\"@type\":\"Article\",\"@id\":\"https:\/\/www.locansol.fr\/concert-jazz-perpignan-emotion\/#article\",\"isPartOf\":{\"@id\":\"https:\/\/www.locansol.fr\/concert-jazz-perpignan-emotion\/\"},\"author\":{\"name\":\"H\u00e9bergements Locansol\",\"@id\":\"https:\/\/www.locansol.fr\/#\/schema\/person\/0b08d440f1ac44674c6d498107de351d\"},\"headline\":\"Francesco Bearzatti et Federico Casagrande en concert \u00e0 Perpignan \u2013 Voyage musical et oenologique (10 f\u00e9vrier 2024)\",\"datePublished\":\"2026-02-12T17:45:41+00:00\",\"dateModified\":\"2026-02-12T17:45:44+00:00\",\"mainEntityOfPage\":{\"@id\":\"https:\/\/www.locansol.fr\/concert-jazz-perpignan-emotion\/\"},\"wordCount\":335,\"publisher\":{\"@id\":\"https:\/\/www.locansol.fr\/#organization\"},\"image\":{\"@id\":\"https:\/\/www.locansol.fr\/concert-jazz-perpignan-emotion\/#primaryimage\"},\"thumbnailUrl\":\"https:\/\/www.locansol.fr\/wp-content\/uploads\/2026\/02\/concert-jazz-perpignan-emotion.webp\",\"keywords\":[\"\u00c9v\u00e8nement culturel\",\"Loisirs\",\"Musique\",\"Pyr\u00e9n\u00e9es-Orientales\"],\"articleSection\":[\"Agenda\",\"Festival\"],\"inLanguage\":\"en-GB\"},{\"@type\":\"WebPage\",\"@id\":\"https:\/\/www.locansol.fr\/concert-jazz-perpignan-emotion\/\",\"url\":\"https:\/\/www.locansol.fr\/concert-jazz-perpignan-emotion\/\",\"name\":\"Francesco Bearzatti et Federico Casagrande \u00e0 Perpignan : concert jazz\",\"isPartOf\":{\"@id\":\"https:\/\/www.locansol.fr\/#website\"},\"primaryImageOfPage\":{\"@id\":\"https:\/\/www.locansol.fr\/concert-jazz-perpignan-emotion\/#primaryimage\"},\"image\":{\"@id\":\"https:\/\/www.locansol.fr\/concert-jazz-perpignan-emotion\/#primaryimage\"},\"thumbnailUrl\":\"https:\/\/www.locansol.fr\/wp-content\/uploads\/2026\/02\/concert-jazz-perpignan-emotion.webp\",\"datePublished\":\"2026-02-12T17:45:41+00:00\",\"dateModified\":\"2026-02-12T17:45:44+00:00\",\"description\":\"D\u00e9couvrez Francesco Bearzatti et Federico Casagrande en concert unique \u00e0 Perpignan. Jazz contemporain et improvisation dans un cadre enchanteur. Pyr\u00e9n\u00e9es-Orientales.\",\"breadcrumb\":{\"@id\":\"https:\/\/www.locansol.fr\/concert-jazz-perpignan-emotion\/#breadcrumb\"},\"inLanguage\":\"en-GB\",\"potentialAction\":[{\"@type\":\"ReadAction\",\"target\":[\"https:\/\/www.locansol.fr\/concert-jazz-perpignan-emotion\/\"]}]},{\"@type\":\"ImageObject\",\"inLanguage\":\"en-GB\",\"@id\":\"https:\/\/www.locansol.fr\/concert-jazz-perpignan-emotion\/#primaryimage\",\"url\":\"https:\/\/www.locansol.fr\/wp-content\/uploads\/2026\/02\/concert-jazz-perpignan-emotion.webp\",\"contentUrl\":\"https:\/\/www.locansol.fr\/wp-content\/uploads\/2026\/02\/concert-jazz-perpignan-emotion.webp\",\"width\":1920,\"height\":1280,\"caption\":\"Francesco Bearzatti et Federico Casagrande vous invitent \u00e0 un concert exceptionnel le 10 f\u00e9vrier \u00e0 Perpignan, o\u00f9 jazz et d\u00e9gustations s'unissent dans une ambiance inoubliable.\"},{\"@type\":\"BreadcrumbList\",\"@id\":\"https:\/\/www.locansol.fr\/concert-jazz-perpignan-emotion\/#breadcrumb\",\"itemListElement\":[{\"@type\":\"ListItem\",\"position\":1,\"name\":\"Accueil\",\"item\":\"https:\/\/www.locansol.fr\/\"},{\"@type\":\"ListItem\",\"position\":2,\"name\":\"Francesco Bearzatti et Federico Casagrande en concert \u00e0 Perpignan \u2013 Voyage musical et oenologique (10 f\u00e9vrier 2024)\"}]},{\"@type\":\"WebSite\",\"@id\":\"https:\/\/www.locansol.fr\/#website\",\"url\":\"https:\/\/www.locansol.fr\/\",\"name\":\"Locansol, louer un h\u00e9bergement dans les Pyr\u00e9n\u00e9es-Orientales\",\"description\":\"Location Mobil-home Mer M\u00e9diterran\u00e9e &amp; Chalet de Montagne dans les Pyr\u00e9n\u00e9es Orientales (Occitanie, 66). Weekend, s\u00e9jour &amp; vacances en famille et entre amis.\",\"publisher\":{\"@id\":\"https:\/\/www.locansol.fr\/#organization\"},\"alternateName\":\"Louer un h\u00e9bergement dans les Pyr\u00e9n\u00e9es Orientales, chalet & mobil-home en Occitanie\",\"potentialAction\":[{\"@type\":\"SearchAction\",\"target\":{\"@type\":\"EntryPoint\",\"urlTemplate\":\"https:\/\/www.locansol.fr\/?s={search_term_string}\"},\"query-input\":{\"@type\":\"PropertyValueSpecification\",\"valueRequired\":true,\"valueName\":\"search_term_string\"}}],\"inLanguage\":\"en-GB\"},{\"@type\":\"Organization\",\"@id\":\"https:\/\/www.locansol.fr\/#organization\",\"name\":\"Location MobilHome & chalet dans les Pyr\u00e9n\u00e9es Orientales\",\"alternateName\":\"Louer un h\u00e9bergement dans les Pyr\u00e9n\u00e9es Orientales en Occitanie\",\"url\":\"https:\/\/www.locansol.fr\/\",\"logo\":{\"@type\":\"ImageObject\",\"inLanguage\":\"en-GB\",\"@id\":\"https:\/\/www.locansol.fr\/#\/schema\/logo\/image\/\",\"url\":\"https:\/\/www.locansol.fr\/wp-content\/uploads\/2024\/04\/AdobeStock_303324767-scaled.jpeg\",\"contentUrl\":\"https:\/\/www.locansol.fr\/wp-content\/uploads\/2024\/04\/AdobeStock_303324767-scaled.jpeg\",\"width\":2560,\"height\":1707,\"caption\":\"Location MobilHome & chalet dans les Pyr\u00e9n\u00e9es Orientales\"},\"image\":{\"@id\":\"https:\/\/www.locansol.fr\/#\/schema\/logo\/image\/\"}},{\"@type\":\"Person\",\"@id\":\"https:\/\/www.locansol.fr\/#\/schema\/person\/0b08d440f1ac44674c6d498107de351d\",\"name\":\"H\u00e9bergements Locansol\",\"image\":{\"@type\":\"ImageObject\",\"inLanguage\":\"en-GB\",\"@id\":\"https:\/\/www.locansol.fr\/#\/schema\/person\/image\/\",\"url\":\"https:\/\/secure.gravatar.com\/avatar\/444436b93284204f8116b6e0eb964cd3fcb811519c737232bde6dd5743c37ee5?s=96&d=mm&r=g\",\"contentUrl\":\"https:\/\/secure.gravatar.com\/avatar\/444436b93284204f8116b6e0eb964cd3fcb811519c737232bde6dd5743c37ee5?s=96&d=mm&r=g\",\"caption\":\"H\u00e9bergements Locansol\"},\"sameAs\":[\"https:\/\/www.locansol.fr\/\"],\"url\":\"https:\/\/www.locansol.fr\/en\/author\/locansol\/\"}]}<\/script>\n<!-- \/ Yoast SEO Premium plugin. -->","yoast_head_json":{"title":"Francesco Bearzatti et Federico Casagrande \u00e0 Perpignan : concert jazz","description":"D\u00e9couvrez Francesco Bearzatti et Federico Casagrande en concert unique \u00e0 Perpignan. Jazz contemporain et improvisation dans un cadre enchanteur. Pyr\u00e9n\u00e9es-Orientales.","robots":{"index":"index","follow":"follow","max-snippet":"max-snippet:-1","max-image-preview":"max-image-preview:large","max-video-preview":"max-video-preview:-1"},"canonical":"https:\/\/www.locansol.fr\/en\/concert-jazz-perpignan-emotion\/","og_locale":"en_GB","og_type":"article","og_title":"\u00c9motions jazz et saveurs locales : Francesco Bearzatti et Federico Casagrande \u00e0 Perpignan","og_description":"Vivez une soir\u00e9e envo\u00fbtante avec Francesco Bearzatti et Federico Casagrande \u00e0 Perpignan. Un concert de jazz contemporain et improvisation, accompagn\u00e9 de d\u00e9gustations locales.","og_url":"https:\/\/www.locansol.fr\/en\/concert-jazz-perpignan-emotion\/","og_site_name":"Locansol, louer un h\u00e9bergement dans les Pyr\u00e9n\u00e9es Orientales","article_published_time":"2026-02-12T17:45:41+00:00","article_modified_time":"2026-02-12T17:45:44+00:00","og_image":[{"width":1920,"height":1280,"url":"https:\/\/www.locansol.fr\/wp-content\/uploads\/2026\/02\/concert-jazz-perpignan-emotion.webp","type":"image\/webp"}],"author":"H\u00e9bergements Locansol","twitter_card":"summary_large_image","twitter_title":"Concert de jazz unique \u00e0 Perpignan : Francesco Bearzatti et Federico Casagrande","twitter_description":"Laissez-vous emporter par un voyage musical avec Francesco Bearzatti et Federico Casagrande \u00e0 Perpignan. Jazz contemporain, improvisation et saveurs locales.","twitter_image":"https:\/\/www.locansol.fr\/wp-content\/uploads\/2026\/02\/concert-jazz-perpignan-emotion.webp","twitter_misc":{"Written by":"H\u00e9bergements Locansol","Estimated reading time":"2 minutes"},"schema":{"@context":"https:\/\/schema.org","@graph":[{"@type":"Article","@id":"https:\/\/www.locansol.fr\/concert-jazz-perpignan-emotion\/#article","isPartOf":{"@id":"https:\/\/www.locansol.fr\/concert-jazz-perpignan-emotion\/"},"author":{"name":"H\u00e9bergements Locansol","@id":"https:\/\/www.locansol.fr\/#\/schema\/person\/0b08d440f1ac44674c6d498107de351d"},"headline":"Francesco Bearzatti et Federico Casagrande en concert \u00e0 Perpignan \u2013 Voyage musical et oenologique (10 f\u00e9vrier 2024)","datePublished":"2026-02-12T17:45:41+00:00","dateModified":"2026-02-12T17:45:44+00:00","mainEntityOfPage":{"@id":"https:\/\/www.locansol.fr\/concert-jazz-perpignan-emotion\/"},"wordCount":335,"publisher":{"@id":"https:\/\/www.locansol.fr\/#organization"},"image":{"@id":"https:\/\/www.locansol.fr\/concert-jazz-perpignan-emotion\/#primaryimage"},"thumbnailUrl":"https:\/\/www.locansol.fr\/wp-content\/uploads\/2026\/02\/concert-jazz-perpignan-emotion.webp","keywords":["\u00c9v\u00e8nement culturel","Loisirs","Musique","Pyr\u00e9n\u00e9es-Orientales"],"articleSection":["Agenda","Festival"],"inLanguage":"en-GB"},{"@type":"WebPage","@id":"https:\/\/www.locansol.fr\/concert-jazz-perpignan-emotion\/","url":"https:\/\/www.locansol.fr\/concert-jazz-perpignan-emotion\/","name":"Francesco Bearzatti et Federico Casagrande \u00e0 Perpignan : concert jazz","isPartOf":{"@id":"https:\/\/www.locansol.fr\/#website"},"primaryImageOfPage":{"@id":"https:\/\/www.locansol.fr\/concert-jazz-perpignan-emotion\/#primaryimage"},"image":{"@id":"https:\/\/www.locansol.fr\/concert-jazz-perpignan-emotion\/#primaryimage"},"thumbnailUrl":"https:\/\/www.locansol.fr\/wp-content\/uploads\/2026\/02\/concert-jazz-perpignan-emotion.webp","datePublished":"2026-02-12T17:45:41+00:00","dateModified":"2026-02-12T17:45:44+00:00","description":"D\u00e9couvrez Francesco Bearzatti et Federico Casagrande en concert unique \u00e0 Perpignan. Jazz contemporain et improvisation dans un cadre enchanteur. Pyr\u00e9n\u00e9es-Orientales.","breadcrumb":{"@id":"https:\/\/www.locansol.fr\/concert-jazz-perpignan-emotion\/#breadcrumb"},"inLanguage":"en-GB","potentialAction":[{"@type":"ReadAction","target":["https:\/\/www.locansol.fr\/concert-jazz-perpignan-emotion\/"]}]},{"@type":"ImageObject","inLanguage":"en-GB","@id":"https:\/\/www.locansol.fr\/concert-jazz-perpignan-emotion\/#primaryimage","url":"https:\/\/www.locansol.fr\/wp-content\/uploads\/2026\/02\/concert-jazz-perpignan-emotion.webp","contentUrl":"https:\/\/www.locansol.fr\/wp-content\/uploads\/2026\/02\/concert-jazz-perpignan-emotion.webp","width":1920,"height":1280,"caption":"Francesco Bearzatti et Federico Casagrande vous invitent \u00e0 un concert exceptionnel le 10 f\u00e9vrier \u00e0 Perpignan, o\u00f9 jazz et d\u00e9gustations s'unissent dans une ambiance inoubliable."},{"@type":"BreadcrumbList","@id":"https:\/\/www.locansol.fr\/concert-jazz-perpignan-emotion\/#breadcrumb","itemListElement":[{"@type":"ListItem","position":1,"name":"Accueil","item":"https:\/\/www.locansol.fr\/"},{"@type":"ListItem","position":2,"name":"Francesco Bearzatti et Federico Casagrande en concert \u00e0 Perpignan \u2013 Voyage musical et oenologique (10 f\u00e9vrier 2024)"}]},{"@type":"WebSite","@id":"https:\/\/www.locansol.fr\/#website","url":"https:\/\/www.locansol.fr\/","name":"Locansol, louer un h\u00e9bergement dans les Pyr\u00e9n\u00e9es-Orientales","description":"Location Mobil-home Mer M\u00e9diterran\u00e9e &amp; Chalet de Montagne dans les Pyr\u00e9n\u00e9es Orientales (Occitanie, 66). Weekend, s\u00e9jour &amp; vacances en famille et entre amis.","publisher":{"@id":"https:\/\/www.locansol.fr\/#organization"},"alternateName":"Louer un h\u00e9bergement dans les Pyr\u00e9n\u00e9es Orientales, chalet & mobil-home en Occitanie","potentialAction":[{"@type":"SearchAction","target":{"@type":"EntryPoint","urlTemplate":"https:\/\/www.locansol.fr\/?s={search_term_string}"},"query-input":{"@type":"PropertyValueSpecification","valueRequired":true,"valueName":"search_term_string"}}],"inLanguage":"en-GB"},{"@type":"Organization","@id":"https:\/\/www.locansol.fr\/#organization","name":"Location MobilHome & chalet dans les Pyr\u00e9n\u00e9es Orientales","alternateName":"Louer un h\u00e9bergement dans les Pyr\u00e9n\u00e9es Orientales en Occitanie","url":"https:\/\/www.locansol.fr\/","logo":{"@type":"ImageObject","inLanguage":"en-GB","@id":"https:\/\/www.locansol.fr\/#\/schema\/logo\/image\/","url":"https:\/\/www.locansol.fr\/wp-content\/uploads\/2024\/04\/AdobeStock_303324767-scaled.jpeg","contentUrl":"https:\/\/www.locansol.fr\/wp-content\/uploads\/2024\/04\/AdobeStock_303324767-scaled.jpeg","width":2560,"height":1707,"caption":"Location MobilHome & chalet dans les Pyr\u00e9n\u00e9es Orientales"},"image":{"@id":"https:\/\/www.locansol.fr\/#\/schema\/logo\/image\/"}},{"@type":"Person","@id":"https:\/\/www.locansol.fr\/#\/schema\/person\/0b08d440f1ac44674c6d498107de351d","name":"H\u00e9bergements Locansol","image":{"@type":"ImageObject","inLanguage":"en-GB","@id":"https:\/\/www.locansol.fr\/#\/schema\/person\/image\/","url":"https:\/\/secure.gravatar.com\/avatar\/444436b93284204f8116b6e0eb964cd3fcb811519c737232bde6dd5743c37ee5?s=96&d=mm&r=g","contentUrl":"https:\/\/secure.gravatar.com\/avatar\/444436b93284204f8116b6e0eb964cd3fcb811519c737232bde6dd5743c37ee5?s=96&d=mm&r=g","caption":"H\u00e9bergements Locansol"},"sameAs":["https:\/\/www.locansol.fr\/"],"url":"https:\/\/www.locansol.fr\/en\/author\/locansol\/"}]}},"_links":{"self":[{"href":"https:\/\/www.locansol.fr\/en\/wp-json\/wp\/v2\/posts\/2627","targetHints":{"allow":["GET"]}}],"collection":[{"href":"https:\/\/www.locansol.fr\/en\/wp-json\/wp\/v2\/posts"}],"about":[{"href":"https:\/\/www.locansol.fr\/en\/wp-json\/wp\/v2\/types\/post"}],"author":[{"embeddable":true,"href":"https:\/\/www.locansol.fr\/en\/wp-json\/wp\/v2\/users\/5"}],"replies":[{"embeddable":true,"href":"https:\/\/www.locansol.fr\/en\/wp-json\/wp\/v2\/comments?post=2627"}],"version-history":[{"count":2,"href":"https:\/\/www.locansol.fr\/en\/wp-json\/wp\/v2\/posts\/2627\/revisions"}],"predecessor-version":[{"id":2637,"href":"https:\/\/www.locansol.fr\/en\/wp-json\/wp\/v2\/posts\/2627\/revisions\/2637"}],"wp:featuredmedia":[{"embeddable":true,"href":"https:\/\/www.locansol.fr\/en\/wp-json\/wp\/v2\/media\/2626"}],"wp:attachment":[{"href":"https:\/\/www.locansol.fr\/en\/wp-json\/wp\/v2\/media?parent=2627"}],"wp:term":[{"taxonomy":"category","embeddable":true,"href":"https:\/\/www.locansol.fr\/en\/wp-json\/wp\/v2\/categories?post=2627"},{"taxonomy":"post_tag","embeddable":true,"href":"https:\/\/www.locansol.fr\/en\/wp-json\/wp\/v2\/tags?post=2627"}],"curies":[{"name":"wp","href":"https:\/\/api.w.org\/{rel}","templated":true}]}}