{"id":2640,"date":"2026-02-12T19:29:24","date_gmt":"2026-02-12T18:29:24","guid":{"rendered":"https:\/\/www.locansol.fr\/?p=2640"},"modified":"2026-02-12T19:29:27","modified_gmt":"2026-02-12T18:29:27","slug":"concert-gratuit-ille-tet-musique","status":"publish","type":"post","link":"https:\/\/www.locansol.fr\/en\/concert-gratuit-ille-tet-musique\/","title":{"rendered":"Concert gratuit \u00e0 Ille-sur-T\u00eat : Une soir\u00e9e envo\u00fbtante avec LA FABRICA &#038; JEDNA FUTUR NADA"},"content":{"rendered":"<p>\u00c0 Ille-sur-T\u00eat, ce jeudi 12 f\u00e9vrier \u00e0 partir de 19h, la musique s\u2019appr\u00eate \u00e0 r\u00e9sonner au c\u0153ur d\u2019une soir\u00e9e qui promet d\u2019\u00eatre inoubliable. Le rendez-vous est donn\u00e9 au 25 rue de la Neige pour une immersion musicale captivante. Et la cerise sur le g\u00e2teau ? C\u2019est totalement <strong>gratuit<\/strong> !<\/p>\n<p>Organis\u00e9 dans le cadre chaleureux et intimiste de l\u2019un des lieux embl\u00e9matiques d\u2019Ille-sur-T\u00eat, ce concert offre une rencontre unique avec deux artistes aux univers fascinants : <em>LA FABRICA<\/em> et <em>JEDNA FUTUR NADA<\/em>. Ces noms r\u00e9sonnent comme une promesse de d\u00e9couvertes sonores, d&rsquo;ambiances \u00e9clectiques et de moments suspendus dans le temps.<\/p>\n<p>Montez le volume de vos \u00e9motions avec LA FABRICA, qui m\u00eale des sonorit\u00e9s universelles \u00e0 une interpr\u00e9tation contemporaine. Leur musique fluidifie les fronti\u00e8res musicales, et chaque morceau est une exp\u00e9rience qui, comme un bon vin du Roussillon, s\u2019appr\u00e9cie pleinement et laisse un go\u00fbt d\u2019\u00e9vasion. Et que dire de <em>JEDNA FUTUR NADA<\/em>, si ce n\u2019est que son projet est un v\u00e9ritable hymne \u00e0 l\u2019avant-garde cr\u00e9ative ? Chaque performance de cet artiste a l\u2019effet d\u2019un \u00e9lectrochoc, o\u00f9 sons futuristes et \u00e9motion pure se rencontrent dans une danse hypnotique.<\/p>\n<p>Il n\u2019y a rien de tel qu\u2019un moment musical pour se reconnecter, oublier le stress de la semaine et savourer l\u2019instant pr\u00e9sent. Et ici, \u00e0 Ille-sur-T\u00eat, ce n&rsquo;est pas seulement une soir\u00e9e que l\u2019on vous propose, mais un v\u00e9ritable voyage pour vos sens. Prenez date d\u00e8s maintenant et pr\u00e9parez-vous \u00e0 \u00eatre transport\u00e9.<\/p>\n<p>C\u2019est l\u2019occasion id\u00e9ale de rallier des amis, de sortir en amoureux ou simplement de vous offrir une parenth\u00e8se en solo pour (re)d\u00e9couvrir la magie de la musique. Avec une telle qualit\u00e9 musicale et une entr\u00e9e gratuite, il serait dommage de rater un \u00e9v\u00e9nement aussi unique !<\/p>\n<h3>Practical information<\/h3>\n<p>\ud83d\udcc5 QUAND ? Jeudi 12 f\u00e9vrier \u00e0 19:00<br \/>\n\ud83d\udccd O\u00d9 ? 25 Rue de la Neige, Ille-sur-T\u00eat<br \/>\n\ud83d\udcb6 COMBIEN ? Entr\u00e9e gratuite<\/p>","protected":false},"excerpt":{"rendered":"<p>Plongez dans une soir\u00e9e musicale gratuite \u00e0 Ille-sur-T\u00eat avec les artistes LA FABRICA &#038; JEDNA FUTUR NADA. Un moment inoubliable \u00e0 ne pas manquer le 12 f\u00e9vrier.<\/p>","protected":false},"author":5,"featured_media":2639,"comment_status":"closed","ping_status":"open","sticky":false,"template":"","format":"standard","meta":{"_yoast_wpseo_focuskw":"concert gratuit Ille-sur-T\u00eat musique","_yoast_wpseo_title":"Concert gratuit \u00e0 Ille-sur-T\u00eat : soir\u00e9e avec LA FABRICA & JEDNA FUTUR NADA","_yoast_wpseo_metadesc":"Concert gratuit \u00e0 Ille-sur-T\u00eat avec LA FABRICA & JEDNA FUTUR NADA. Une soir\u00e9e musicale envo\u00fbtante \u00e0 d\u00e9couvrir le 12 f\u00e9vrier dans les Pyr\u00e9n\u00e9es-Orientales.","_yoast_wpseo_canonical":"","_yoast_wpseo_opengraph-title":"Une soir\u00e9e musicale inoubliable : LA FABRICA & JEDNA FUTUR NADA \u00e0 Ille-sur-T\u00eat","_yoast_wpseo_opengraph-description":"D\u00e9couvrez un concert gratuit captivant avec LA FABRICA & JEDNA FUTUR NADA \u00e0 Ille-sur-T\u00eat. Une immersion sonore unique dans les Pyr\u00e9n\u00e9es-Orientales.","_yoast_wpseo_opengraph-image":"https:\/\/www.locansol.fr\/wp-content\/uploads\/2026\/02\/concert-gratuit-ille-tet-musique.webp","_yoast_wpseo_opengraph-image-id":"2639","_yoast_wpseo_twitter-title":"Concert gratuit \u00e0 Ille-sur-T\u00eat : LA FABRICA & JEDNA FUTUR NADA","_yoast_wpseo_twitter-description":"Vivez une soir\u00e9e musicale m\u00e9morable \u00e0 Ille-sur-T\u00eat avec LA FABRICA & JEDNA FUTUR NADA. Entr\u00e9e gratuite pour une exp\u00e9rience sonore unique.","_yoast_wpseo_twitter-image":"https:\/\/www.locansol.fr\/wp-content\/uploads\/2026\/02\/concert-gratuit-ille-tet-musique.webp","_yoast_wpseo_twitter-image-id":"2639","yoast_primary_category":"Concert","footnotes":""},"categories":[29,45],"tags":[69,76],"class_list":["post-2640","post","type-post","status-publish","format-standard","has-post-thumbnail","hentry","category-agenda-pyrenees-orientales","category-festival","tag-musique","tag-pyrenees-orientales"],"yoast_head":"<!-- This site is optimized with the Yoast SEO Premium plugin v23.3 (Yoast SEO v26.9) - https:\/\/yoast.com\/product\/yoast-seo-premium-wordpress\/ -->\n<title>Concert gratuit \u00e0 Ille-sur-T\u00eat : soir\u00e9e avec LA FABRICA &amp; JEDNA FUTUR NADA<\/title>\n<meta name=\"description\" content=\"Concert gratuit \u00e0 Ille-sur-T\u00eat avec LA FABRICA &amp; JEDNA FUTUR NADA. Une soir\u00e9e musicale envo\u00fbtante \u00e0 d\u00e9couvrir le 12 f\u00e9vrier dans les Pyr\u00e9n\u00e9es-Orientales.\" \/>\n<meta name=\"robots\" content=\"index, follow, max-snippet:-1, max-image-preview:large, max-video-preview:-1\" \/>\n<link rel=\"canonical\" href=\"https:\/\/www.locansol.fr\/en\/concert-gratuit-ille-tet-musique\/\" \/>\n<meta property=\"og:locale\" content=\"en_GB\" \/>\n<meta property=\"og:type\" content=\"article\" \/>\n<meta property=\"og:title\" content=\"Une soir\u00e9e musicale inoubliable : LA FABRICA &amp; JEDNA FUTUR NADA \u00e0 Ille-sur-T\u00eat\" \/>\n<meta property=\"og:description\" content=\"D\u00e9couvrez un concert gratuit captivant avec LA FABRICA &amp; JEDNA FUTUR NADA \u00e0 Ille-sur-T\u00eat. Une immersion sonore unique dans les Pyr\u00e9n\u00e9es-Orientales.\" \/>\n<meta property=\"og:url\" content=\"https:\/\/www.locansol.fr\/en\/concert-gratuit-ille-tet-musique\/\" \/>\n<meta property=\"og:site_name\" content=\"Locansol, louer un h\u00e9bergement dans les Pyr\u00e9n\u00e9es Orientales\" \/>\n<meta property=\"article:published_time\" content=\"2026-02-12T18:29:24+00:00\" \/>\n<meta property=\"article:modified_time\" content=\"2026-02-12T18:29:27+00:00\" \/>\n<meta property=\"og:image\" content=\"https:\/\/www.locansol.fr\/wp-content\/uploads\/2026\/02\/concert-gratuit-ille-tet-musique.webp\" \/>\n\t<meta property=\"og:image:width\" content=\"1232\" \/>\n\t<meta property=\"og:image:height\" content=\"776\" \/>\n\t<meta property=\"og:image:type\" content=\"image\/webp\" \/>\n<meta name=\"author\" content=\"H\u00e9bergements Locansol\" \/>\n<meta name=\"twitter:card\" content=\"summary_large_image\" \/>\n<meta name=\"twitter:title\" content=\"Concert gratuit \u00e0 Ille-sur-T\u00eat : LA FABRICA &amp; JEDNA FUTUR NADA\" \/>\n<meta name=\"twitter:description\" content=\"Vivez une soir\u00e9e musicale m\u00e9morable \u00e0 Ille-sur-T\u00eat avec LA FABRICA &amp; JEDNA FUTUR NADA. Entr\u00e9e gratuite pour une exp\u00e9rience sonore unique.\" \/>\n<meta name=\"twitter:image\" content=\"https:\/\/www.locansol.fr\/wp-content\/uploads\/2026\/02\/concert-gratuit-ille-tet-musique.webp\" \/>\n<meta name=\"twitter:label1\" content=\"Written by\" \/>\n\t<meta name=\"twitter:data1\" content=\"H\u00e9bergements Locansol\" \/>\n\t<meta name=\"twitter:label2\" content=\"Estimated reading time\" \/>\n\t<meta name=\"twitter:data2\" content=\"2 minutes\" \/>\n<script type=\"application\/ld+json\" class=\"yoast-schema-graph\">{\"@context\":\"https:\/\/schema.org\",\"@graph\":[{\"@type\":\"Article\",\"@id\":\"https:\/\/www.locansol.fr\/concert-gratuit-ille-tet-musique\/#article\",\"isPartOf\":{\"@id\":\"https:\/\/www.locansol.fr\/concert-gratuit-ille-tet-musique\/\"},\"author\":{\"name\":\"H\u00e9bergements Locansol\",\"@id\":\"https:\/\/www.locansol.fr\/#\/schema\/person\/0b08d440f1ac44674c6d498107de351d\"},\"headline\":\"Concert gratuit \u00e0 Ille-sur-T\u00eat : Une soir\u00e9e envo\u00fbtante avec LA FABRICA &#038; JEDNA FUTUR NADA\",\"datePublished\":\"2026-02-12T18:29:24+00:00\",\"dateModified\":\"2026-02-12T18:29:27+00:00\",\"mainEntityOfPage\":{\"@id\":\"https:\/\/www.locansol.fr\/concert-gratuit-ille-tet-musique\/\"},\"wordCount\":353,\"publisher\":{\"@id\":\"https:\/\/www.locansol.fr\/#organization\"},\"image\":{\"@id\":\"https:\/\/www.locansol.fr\/concert-gratuit-ille-tet-musique\/#primaryimage\"},\"thumbnailUrl\":\"https:\/\/www.locansol.fr\/wp-content\/uploads\/2026\/02\/concert-gratuit-ille-tet-musique.webp\",\"keywords\":[\"Musique\",\"Pyr\u00e9n\u00e9es-Orientales\"],\"articleSection\":[\"Agenda\",\"Festival\"],\"inLanguage\":\"en-GB\"},{\"@type\":\"WebPage\",\"@id\":\"https:\/\/www.locansol.fr\/concert-gratuit-ille-tet-musique\/\",\"url\":\"https:\/\/www.locansol.fr\/concert-gratuit-ille-tet-musique\/\",\"name\":\"Concert gratuit \u00e0 Ille-sur-T\u00eat : soir\u00e9e avec LA FABRICA & JEDNA FUTUR NADA\",\"isPartOf\":{\"@id\":\"https:\/\/www.locansol.fr\/#website\"},\"primaryImageOfPage\":{\"@id\":\"https:\/\/www.locansol.fr\/concert-gratuit-ille-tet-musique\/#primaryimage\"},\"image\":{\"@id\":\"https:\/\/www.locansol.fr\/concert-gratuit-ille-tet-musique\/#primaryimage\"},\"thumbnailUrl\":\"https:\/\/www.locansol.fr\/wp-content\/uploads\/2026\/02\/concert-gratuit-ille-tet-musique.webp\",\"datePublished\":\"2026-02-12T18:29:24+00:00\",\"dateModified\":\"2026-02-12T18:29:27+00:00\",\"description\":\"Concert gratuit \u00e0 Ille-sur-T\u00eat avec LA FABRICA & JEDNA FUTUR NADA. Une soir\u00e9e musicale envo\u00fbtante \u00e0 d\u00e9couvrir le 12 f\u00e9vrier dans les Pyr\u00e9n\u00e9es-Orientales.\",\"breadcrumb\":{\"@id\":\"https:\/\/www.locansol.fr\/concert-gratuit-ille-tet-musique\/#breadcrumb\"},\"inLanguage\":\"en-GB\",\"potentialAction\":[{\"@type\":\"ReadAction\",\"target\":[\"https:\/\/www.locansol.fr\/concert-gratuit-ille-tet-musique\/\"]}]},{\"@type\":\"ImageObject\",\"inLanguage\":\"en-GB\",\"@id\":\"https:\/\/www.locansol.fr\/concert-gratuit-ille-tet-musique\/#primaryimage\",\"url\":\"https:\/\/www.locansol.fr\/wp-content\/uploads\/2026\/02\/concert-gratuit-ille-tet-musique.webp\",\"contentUrl\":\"https:\/\/www.locansol.fr\/wp-content\/uploads\/2026\/02\/concert-gratuit-ille-tet-musique.webp\",\"width\":1232,\"height\":776,\"caption\":\"Ne manquez pas le concert gratuit de LA FABRICA & JEDNA FUTUR NADA \u00e0 Ille-sur-T\u00eat le jeudi 12 f\u00e9vrier \u00e0 19h. Une soir\u00e9e musicale envo\u00fbtante vous attend !\"},{\"@type\":\"BreadcrumbList\",\"@id\":\"https:\/\/www.locansol.fr\/concert-gratuit-ille-tet-musique\/#breadcrumb\",\"itemListElement\":[{\"@type\":\"ListItem\",\"position\":1,\"name\":\"Accueil\",\"item\":\"https:\/\/www.locansol.fr\/\"},{\"@type\":\"ListItem\",\"position\":2,\"name\":\"Concert gratuit \u00e0 Ille-sur-T\u00eat : Une soir\u00e9e envo\u00fbtante avec LA FABRICA &#038; JEDNA FUTUR NADA\"}]},{\"@type\":\"WebSite\",\"@id\":\"https:\/\/www.locansol.fr\/#website\",\"url\":\"https:\/\/www.locansol.fr\/\",\"name\":\"Locansol, louer un h\u00e9bergement dans les Pyr\u00e9n\u00e9es-Orientales\",\"description\":\"Location Mobil-home Mer M\u00e9diterran\u00e9e &amp; Chalet de Montagne dans les Pyr\u00e9n\u00e9es Orientales (Occitanie, 66). Weekend, s\u00e9jour &amp; vacances en famille et entre amis.\",\"publisher\":{\"@id\":\"https:\/\/www.locansol.fr\/#organization\"},\"alternateName\":\"Louer un h\u00e9bergement dans les Pyr\u00e9n\u00e9es Orientales, chalet & mobil-home en Occitanie\",\"potentialAction\":[{\"@type\":\"SearchAction\",\"target\":{\"@type\":\"EntryPoint\",\"urlTemplate\":\"https:\/\/www.locansol.fr\/?s={search_term_string}\"},\"query-input\":{\"@type\":\"PropertyValueSpecification\",\"valueRequired\":true,\"valueName\":\"search_term_string\"}}],\"inLanguage\":\"en-GB\"},{\"@type\":\"Organization\",\"@id\":\"https:\/\/www.locansol.fr\/#organization\",\"name\":\"Location MobilHome & chalet dans les Pyr\u00e9n\u00e9es Orientales\",\"alternateName\":\"Louer un h\u00e9bergement dans les Pyr\u00e9n\u00e9es Orientales en Occitanie\",\"url\":\"https:\/\/www.locansol.fr\/\",\"logo\":{\"@type\":\"ImageObject\",\"inLanguage\":\"en-GB\",\"@id\":\"https:\/\/www.locansol.fr\/#\/schema\/logo\/image\/\",\"url\":\"https:\/\/www.locansol.fr\/wp-content\/uploads\/2024\/04\/AdobeStock_303324767-scaled.jpeg\",\"contentUrl\":\"https:\/\/www.locansol.fr\/wp-content\/uploads\/2024\/04\/AdobeStock_303324767-scaled.jpeg\",\"width\":2560,\"height\":1707,\"caption\":\"Location MobilHome & chalet dans les Pyr\u00e9n\u00e9es Orientales\"},\"image\":{\"@id\":\"https:\/\/www.locansol.fr\/#\/schema\/logo\/image\/\"}},{\"@type\":\"Person\",\"@id\":\"https:\/\/www.locansol.fr\/#\/schema\/person\/0b08d440f1ac44674c6d498107de351d\",\"name\":\"H\u00e9bergements Locansol\",\"image\":{\"@type\":\"ImageObject\",\"inLanguage\":\"en-GB\",\"@id\":\"https:\/\/www.locansol.fr\/#\/schema\/person\/image\/\",\"url\":\"https:\/\/secure.gravatar.com\/avatar\/444436b93284204f8116b6e0eb964cd3fcb811519c737232bde6dd5743c37ee5?s=96&d=mm&r=g\",\"contentUrl\":\"https:\/\/secure.gravatar.com\/avatar\/444436b93284204f8116b6e0eb964cd3fcb811519c737232bde6dd5743c37ee5?s=96&d=mm&r=g\",\"caption\":\"H\u00e9bergements Locansol\"},\"sameAs\":[\"https:\/\/www.locansol.fr\/\"],\"url\":\"https:\/\/www.locansol.fr\/en\/author\/locansol\/\"}]}<\/script>\n<!-- \/ Yoast SEO Premium plugin. -->","yoast_head_json":{"title":"Concert gratuit \u00e0 Ille-sur-T\u00eat : soir\u00e9e avec LA FABRICA & JEDNA FUTUR NADA","description":"Concert gratuit \u00e0 Ille-sur-T\u00eat avec LA FABRICA & JEDNA FUTUR NADA. Une soir\u00e9e musicale envo\u00fbtante \u00e0 d\u00e9couvrir le 12 f\u00e9vrier dans les Pyr\u00e9n\u00e9es-Orientales.","robots":{"index":"index","follow":"follow","max-snippet":"max-snippet:-1","max-image-preview":"max-image-preview:large","max-video-preview":"max-video-preview:-1"},"canonical":"https:\/\/www.locansol.fr\/en\/concert-gratuit-ille-tet-musique\/","og_locale":"en_GB","og_type":"article","og_title":"Une soir\u00e9e musicale inoubliable : LA FABRICA & JEDNA FUTUR NADA \u00e0 Ille-sur-T\u00eat","og_description":"D\u00e9couvrez un concert gratuit captivant avec LA FABRICA & JEDNA FUTUR NADA \u00e0 Ille-sur-T\u00eat. Une immersion sonore unique dans les Pyr\u00e9n\u00e9es-Orientales.","og_url":"https:\/\/www.locansol.fr\/en\/concert-gratuit-ille-tet-musique\/","og_site_name":"Locansol, louer un h\u00e9bergement dans les Pyr\u00e9n\u00e9es Orientales","article_published_time":"2026-02-12T18:29:24+00:00","article_modified_time":"2026-02-12T18:29:27+00:00","og_image":[{"width":1232,"height":776,"url":"https:\/\/www.locansol.fr\/wp-content\/uploads\/2026\/02\/concert-gratuit-ille-tet-musique.webp","type":"image\/webp"}],"author":"H\u00e9bergements Locansol","twitter_card":"summary_large_image","twitter_title":"Concert gratuit \u00e0 Ille-sur-T\u00eat : LA FABRICA & JEDNA FUTUR NADA","twitter_description":"Vivez une soir\u00e9e musicale m\u00e9morable \u00e0 Ille-sur-T\u00eat avec LA FABRICA & JEDNA FUTUR NADA. Entr\u00e9e gratuite pour une exp\u00e9rience sonore unique.","twitter_image":"https:\/\/www.locansol.fr\/wp-content\/uploads\/2026\/02\/concert-gratuit-ille-tet-musique.webp","twitter_misc":{"Written by":"H\u00e9bergements Locansol","Estimated reading time":"2 minutes"},"schema":{"@context":"https:\/\/schema.org","@graph":[{"@type":"Article","@id":"https:\/\/www.locansol.fr\/concert-gratuit-ille-tet-musique\/#article","isPartOf":{"@id":"https:\/\/www.locansol.fr\/concert-gratuit-ille-tet-musique\/"},"author":{"name":"H\u00e9bergements Locansol","@id":"https:\/\/www.locansol.fr\/#\/schema\/person\/0b08d440f1ac44674c6d498107de351d"},"headline":"Concert gratuit \u00e0 Ille-sur-T\u00eat : Une soir\u00e9e envo\u00fbtante avec LA FABRICA &#038; JEDNA FUTUR NADA","datePublished":"2026-02-12T18:29:24+00:00","dateModified":"2026-02-12T18:29:27+00:00","mainEntityOfPage":{"@id":"https:\/\/www.locansol.fr\/concert-gratuit-ille-tet-musique\/"},"wordCount":353,"publisher":{"@id":"https:\/\/www.locansol.fr\/#organization"},"image":{"@id":"https:\/\/www.locansol.fr\/concert-gratuit-ille-tet-musique\/#primaryimage"},"thumbnailUrl":"https:\/\/www.locansol.fr\/wp-content\/uploads\/2026\/02\/concert-gratuit-ille-tet-musique.webp","keywords":["Musique","Pyr\u00e9n\u00e9es-Orientales"],"articleSection":["Agenda","Festival"],"inLanguage":"en-GB"},{"@type":"WebPage","@id":"https:\/\/www.locansol.fr\/concert-gratuit-ille-tet-musique\/","url":"https:\/\/www.locansol.fr\/concert-gratuit-ille-tet-musique\/","name":"Concert gratuit \u00e0 Ille-sur-T\u00eat : soir\u00e9e avec LA FABRICA & JEDNA FUTUR NADA","isPartOf":{"@id":"https:\/\/www.locansol.fr\/#website"},"primaryImageOfPage":{"@id":"https:\/\/www.locansol.fr\/concert-gratuit-ille-tet-musique\/#primaryimage"},"image":{"@id":"https:\/\/www.locansol.fr\/concert-gratuit-ille-tet-musique\/#primaryimage"},"thumbnailUrl":"https:\/\/www.locansol.fr\/wp-content\/uploads\/2026\/02\/concert-gratuit-ille-tet-musique.webp","datePublished":"2026-02-12T18:29:24+00:00","dateModified":"2026-02-12T18:29:27+00:00","description":"Concert gratuit \u00e0 Ille-sur-T\u00eat avec LA FABRICA & JEDNA FUTUR NADA. Une soir\u00e9e musicale envo\u00fbtante \u00e0 d\u00e9couvrir le 12 f\u00e9vrier dans les Pyr\u00e9n\u00e9es-Orientales.","breadcrumb":{"@id":"https:\/\/www.locansol.fr\/concert-gratuit-ille-tet-musique\/#breadcrumb"},"inLanguage":"en-GB","potentialAction":[{"@type":"ReadAction","target":["https:\/\/www.locansol.fr\/concert-gratuit-ille-tet-musique\/"]}]},{"@type":"ImageObject","inLanguage":"en-GB","@id":"https:\/\/www.locansol.fr\/concert-gratuit-ille-tet-musique\/#primaryimage","url":"https:\/\/www.locansol.fr\/wp-content\/uploads\/2026\/02\/concert-gratuit-ille-tet-musique.webp","contentUrl":"https:\/\/www.locansol.fr\/wp-content\/uploads\/2026\/02\/concert-gratuit-ille-tet-musique.webp","width":1232,"height":776,"caption":"Ne manquez pas le concert gratuit de LA FABRICA & JEDNA FUTUR NADA \u00e0 Ille-sur-T\u00eat le jeudi 12 f\u00e9vrier \u00e0 19h. Une soir\u00e9e musicale envo\u00fbtante vous attend !"},{"@type":"BreadcrumbList","@id":"https:\/\/www.locansol.fr\/concert-gratuit-ille-tet-musique\/#breadcrumb","itemListElement":[{"@type":"ListItem","position":1,"name":"Accueil","item":"https:\/\/www.locansol.fr\/"},{"@type":"ListItem","position":2,"name":"Concert gratuit \u00e0 Ille-sur-T\u00eat : Une soir\u00e9e envo\u00fbtante avec LA FABRICA &#038; JEDNA FUTUR NADA"}]},{"@type":"WebSite","@id":"https:\/\/www.locansol.fr\/#website","url":"https:\/\/www.locansol.fr\/","name":"Locansol, louer un h\u00e9bergement dans les Pyr\u00e9n\u00e9es-Orientales","description":"Location Mobil-home Mer M\u00e9diterran\u00e9e &amp; Chalet de Montagne dans les Pyr\u00e9n\u00e9es Orientales (Occitanie, 66). Weekend, s\u00e9jour &amp; vacances en famille et entre amis.","publisher":{"@id":"https:\/\/www.locansol.fr\/#organization"},"alternateName":"Louer un h\u00e9bergement dans les Pyr\u00e9n\u00e9es Orientales, chalet & mobil-home en Occitanie","potentialAction":[{"@type":"SearchAction","target":{"@type":"EntryPoint","urlTemplate":"https:\/\/www.locansol.fr\/?s={search_term_string}"},"query-input":{"@type":"PropertyValueSpecification","valueRequired":true,"valueName":"search_term_string"}}],"inLanguage":"en-GB"},{"@type":"Organization","@id":"https:\/\/www.locansol.fr\/#organization","name":"Location MobilHome & chalet dans les Pyr\u00e9n\u00e9es Orientales","alternateName":"Louer un h\u00e9bergement dans les Pyr\u00e9n\u00e9es Orientales en Occitanie","url":"https:\/\/www.locansol.fr\/","logo":{"@type":"ImageObject","inLanguage":"en-GB","@id":"https:\/\/www.locansol.fr\/#\/schema\/logo\/image\/","url":"https:\/\/www.locansol.fr\/wp-content\/uploads\/2024\/04\/AdobeStock_303324767-scaled.jpeg","contentUrl":"https:\/\/www.locansol.fr\/wp-content\/uploads\/2024\/04\/AdobeStock_303324767-scaled.jpeg","width":2560,"height":1707,"caption":"Location MobilHome & chalet dans les Pyr\u00e9n\u00e9es Orientales"},"image":{"@id":"https:\/\/www.locansol.fr\/#\/schema\/logo\/image\/"}},{"@type":"Person","@id":"https:\/\/www.locansol.fr\/#\/schema\/person\/0b08d440f1ac44674c6d498107de351d","name":"H\u00e9bergements Locansol","image":{"@type":"ImageObject","inLanguage":"en-GB","@id":"https:\/\/www.locansol.fr\/#\/schema\/person\/image\/","url":"https:\/\/secure.gravatar.com\/avatar\/444436b93284204f8116b6e0eb964cd3fcb811519c737232bde6dd5743c37ee5?s=96&d=mm&r=g","contentUrl":"https:\/\/secure.gravatar.com\/avatar\/444436b93284204f8116b6e0eb964cd3fcb811519c737232bde6dd5743c37ee5?s=96&d=mm&r=g","caption":"H\u00e9bergements Locansol"},"sameAs":["https:\/\/www.locansol.fr\/"],"url":"https:\/\/www.locansol.fr\/en\/author\/locansol\/"}]}},"_links":{"self":[{"href":"https:\/\/www.locansol.fr\/en\/wp-json\/wp\/v2\/posts\/2640","targetHints":{"allow":["GET"]}}],"collection":[{"href":"https:\/\/www.locansol.fr\/en\/wp-json\/wp\/v2\/posts"}],"about":[{"href":"https:\/\/www.locansol.fr\/en\/wp-json\/wp\/v2\/types\/post"}],"author":[{"embeddable":true,"href":"https:\/\/www.locansol.fr\/en\/wp-json\/wp\/v2\/users\/5"}],"replies":[{"embeddable":true,"href":"https:\/\/www.locansol.fr\/en\/wp-json\/wp\/v2\/comments?post=2640"}],"version-history":[{"count":2,"href":"https:\/\/www.locansol.fr\/en\/wp-json\/wp\/v2\/posts\/2640\/revisions"}],"predecessor-version":[{"id":2643,"href":"https:\/\/www.locansol.fr\/en\/wp-json\/wp\/v2\/posts\/2640\/revisions\/2643"}],"wp:featuredmedia":[{"embeddable":true,"href":"https:\/\/www.locansol.fr\/en\/wp-json\/wp\/v2\/media\/2639"}],"wp:attachment":[{"href":"https:\/\/www.locansol.fr\/en\/wp-json\/wp\/v2\/media?parent=2640"}],"wp:term":[{"taxonomy":"category","embeddable":true,"href":"https:\/\/www.locansol.fr\/en\/wp-json\/wp\/v2\/categories?post=2640"},{"taxonomy":"post_tag","embeddable":true,"href":"https:\/\/www.locansol.fr\/en\/wp-json\/wp\/v2\/tags?post=2640"}],"curies":[{"name":"wp","href":"https:\/\/api.w.org\/{rel}","templated":true}]}}