{"id":2889,"date":"2026-02-13T03:13:48","date_gmt":"2026-02-13T02:13:48","guid":{"rendered":"https:\/\/www.locansol.fr\/concert-alto-piano-perpignan\/"},"modified":"2026-02-13T03:13:52","modified_gmt":"2026-02-13T02:13:52","slug":"concert-alto-piano-perpignan","status":"publish","type":"post","link":"https:\/\/www.locansol.fr\/en\/concert-alto-piano-perpignan\/","title":{"rendered":"Perpignan, 13 f\u00e9vrier : Concert duo piano et alto &#8211; une pause musicale exceptionnelle"},"content":{"rendered":"<p>Perpignan s\u2019appr\u00eate \u00e0 accueillir un moment musical unique le vendredi 13 f\u00e9vrier, de 12h30 \u00e0 13h15. Dans le cadre de sa programmation culturelle m\u00e9ridienne, L\u2019Archipel, situ\u00e9 sur l\u2019avenue G\u00e9n\u00e9ral Leclerc, propose un concert intitul\u00e9 \u00ab R\u00eaveries altistiques \u00bb. Port\u00e9 par le Duo Arkalto, compos\u00e9 de Clarisse Varilh au piano et Antoine Dautry \u00e0 l\u2019alto, cet \u00e9v\u00e9nement promet une immersion musicale hors du commun, \u00e0 la rencontre de l\u2019harmonie subtile entre deux instruments remarquables.<\/p>\n<p>L\u2019alto, souvent moins connu que le violon, se distingue par son timbre riche et envo\u00fbtant. Le programme du concert est enti\u00e8rement d\u00e9di\u00e9 aux compositions des XIXe et XXe si\u00e8cles, mettant en lumi\u00e8re l\u2019expressivit\u00e9 et la d\u00e9licatesse de cet instrument. Les \u0153uvres interpr\u00e9t\u00e9es incluent celles de grands noms de la musique classique tels que Faur\u00e9, Debussy et Ravel. Les spectateurs auront ainsi l\u2019occasion d\u2019appr\u00e9cier des m\u00e9lodies c\u00e9l\u00e8bres revisit\u00e9es, dans un dialogue intime avec le piano.<\/p>\n<p>Ce concert m\u00e9ridien se pr\u00e9sente comme une v\u00e9ritable \u00e9vasion artistique. La salle de L\u2019Archipel, surnomm\u00e9e \u00ab Le Grenat \u00bb pour ses couleurs \u00e9voquant le patrimoine catalan, ajoute une touche authentique et chaleureuse \u00e0 l\u2019\u00e9v\u00e9nement. L\u2019architecture con\u00e7ue par Jean Nouvel et Brigitte M\u00e9tra ne manquera pas d\u2019impressionner les visiteurs autant par son esth\u00e9tique que par l\u2019acoustique qu\u2019elle offre pour un moment musical d\u2019exception.<\/p>\n<p>Pour parfaire ce rendez-vous, L\u2019Archipel invite les spectateurs \u00e0 profiter de l\u2019option \u00ab concert-sandwich \u00bb. Une pause d\u00e9jeuner pratique et conviviale est pr\u00e9vue gr\u00e2ce au comptoir du bar de l\u2019Archipel, o\u00f9 des sandwiches et boissons sont disponibles en suppl\u00e9ment. Cela permet de concilier plaisir des sens et confort, tout en restant dans l\u2019atmosph\u00e8re artistique du lieu.<\/p>\n<p>Le tarif unique de 10&nbsp;\u20ac rend cet \u00e9v\u00e9nement culturel accessible \u00e0 un large public. Ce concert est une occasion parfaite pour s\u2019immerger dans la beaut\u00e9 musicale \u00e0 la fois touchante et raffin\u00e9e, tout en profitant d\u2019un cadre architectural exceptionnel propre \u00e0 Perpignan.<\/p>\n<p>Rendez-vous \u00e0 L\u2019Archipel pour vivre cette exp\u00e9rience culturelle unique, une pause musicale id\u00e9ale au c\u0153ur de votre journ\u00e9e. Laissez-vous s\u00e9duire par les m\u00e9lodies du Duo Arkalto et l\u2019ambiance accueillante de cet espace partag\u00e9.<\/p>\n<h3>Practical information<\/h3>\n<p>\ud83d\udcc5 QUAND ? Vendredi 13 f\u00e9vrier de 12:30 \u00e0 13:15<br \/>\ud83d\udccd O\u00d9 ? L\u2019Archipel, Avenue G\u00e9n\u00e9ral Leclerc, Perpignan<br \/>\ud83d\udcb6 COMBIEN ? Tarif unique : 10 \u20ac<\/p>","protected":false},"excerpt":{"rendered":"<p>Vivez un concert unique le 13 f\u00e9vrier \u00e0 Perpignan : piano et alto en harmonie dans un cadre remarquable.<\/p>","protected":false},"author":5,"featured_media":2888,"comment_status":"closed","ping_status":"open","sticky":false,"template":"","format":"standard","meta":{"_yoast_wpseo_focuskw":"Concert alto piano Perpignan","_yoast_wpseo_title":"Concert alto piano Perpignan exceptionnel","_yoast_wpseo_metadesc":"Concert alto piano Perpignan. R\u00eaveries altistiques par Duo Arkalto \u00e0 L'Archipel le 13 f\u00e9vrier. Profitez d'une pause musicale unique pour 10\u20ac.","_yoast_wpseo_canonical":"","_yoast_wpseo_opengraph-title":"Immersion musicale : Concert alto piano \u00e0 Perpignan \u2014 R\u00eaveries altistiques","_yoast_wpseo_opengraph-description":"Laissez-vous s\u00e9duire par les m\u00e9lodies envo\u00fbtantes du Duo Arkalto dans le cadre exceptionnel de L'Archipel \u00e0 Perpignan pour une pause musicale raffin\u00e9e.","_yoast_wpseo_opengraph-image":"https:\/\/www.locansol.fr\/wp-content\/uploads\/2026\/02\/concert-alto-piano-perpignan.webp","_yoast_wpseo_opengraph-image-id":"2888","_yoast_wpseo_twitter-title":"Concert exceptionnel piano alto Perpignan le 13 f\u00e9vrier","_yoast_wpseo_twitter-description":"Profitez d'une pause musicale unique avec le Duo Arkalto. R\u00eaveries altistiques \u00e0 L'Archipel pour 10\u20ac\u2013une immersion sonore inoubliable.","_yoast_wpseo_twitter-image":"https:\/\/www.locansol.fr\/wp-content\/uploads\/2026\/02\/concert-alto-piano-perpignan.webp","_yoast_wpseo_twitter-image-id":"2888","yoast_primary_category":"Concert","footnotes":""},"categories":[29,45],"tags":[66,67,69,76],"class_list":["post-2889","post","type-post","status-publish","format-standard","has-post-thumbnail","hentry","category-agenda-pyrenees-orientales","category-festival","tag-evenement-culturel","tag-loisirs","tag-musique","tag-pyrenees-orientales"],"yoast_head":"<!-- This site is optimized with the Yoast SEO Premium plugin v23.3 (Yoast SEO v26.9) - https:\/\/yoast.com\/product\/yoast-seo-premium-wordpress\/ -->\n<title>Concert alto piano Perpignan exceptionnel<\/title>\n<meta name=\"description\" content=\"Concert alto piano Perpignan. R\u00eaveries altistiques par Duo Arkalto \u00e0 L&#039;Archipel le 13 f\u00e9vrier. Profitez d&#039;une pause musicale unique pour 10\u20ac.\" \/>\n<meta name=\"robots\" content=\"index, follow, max-snippet:-1, max-image-preview:large, max-video-preview:-1\" \/>\n<link rel=\"canonical\" href=\"https:\/\/www.locansol.fr\/en\/concert-alto-piano-perpignan\/\" \/>\n<meta property=\"og:locale\" content=\"en_GB\" \/>\n<meta property=\"og:type\" content=\"article\" \/>\n<meta property=\"og:title\" content=\"Immersion musicale : Concert alto piano \u00e0 Perpignan \u2014 R\u00eaveries altistiques\" \/>\n<meta property=\"og:description\" content=\"Laissez-vous s\u00e9duire par les m\u00e9lodies envo\u00fbtantes du Duo Arkalto dans le cadre exceptionnel de L&#039;Archipel \u00e0 Perpignan pour une pause musicale raffin\u00e9e.\" \/>\n<meta property=\"og:url\" content=\"https:\/\/www.locansol.fr\/en\/concert-alto-piano-perpignan\/\" \/>\n<meta property=\"og:site_name\" content=\"Locansol, louer un h\u00e9bergement dans les Pyr\u00e9n\u00e9es Orientales\" \/>\n<meta property=\"article:published_time\" content=\"2026-02-13T02:13:48+00:00\" \/>\n<meta property=\"article:modified_time\" content=\"2026-02-13T02:13:52+00:00\" \/>\n<meta property=\"og:image\" content=\"https:\/\/www.locansol.fr\/wp-content\/uploads\/2026\/02\/concert-alto-piano-perpignan.webp\" \/>\n\t<meta property=\"og:image:width\" content=\"1024\" \/>\n\t<meta property=\"og:image:height\" content=\"768\" \/>\n\t<meta property=\"og:image:type\" content=\"image\/webp\" \/>\n<meta name=\"author\" content=\"H\u00e9bergements Locansol\" \/>\n<meta name=\"twitter:card\" content=\"summary_large_image\" \/>\n<meta name=\"twitter:title\" content=\"Concert exceptionnel piano alto Perpignan le 13 f\u00e9vrier\" \/>\n<meta name=\"twitter:description\" content=\"Profitez d&#039;une pause musicale unique avec le Duo Arkalto. R\u00eaveries altistiques \u00e0 L&#039;Archipel pour 10\u20ac\u2013une immersion sonore inoubliable.\" \/>\n<meta name=\"twitter:image\" content=\"https:\/\/www.locansol.fr\/wp-content\/uploads\/2026\/02\/concert-alto-piano-perpignan.webp\" \/>\n<meta name=\"twitter:label1\" content=\"Written by\" \/>\n\t<meta name=\"twitter:data1\" content=\"H\u00e9bergements Locansol\" \/>\n\t<meta name=\"twitter:label2\" content=\"Estimated reading time\" \/>\n\t<meta name=\"twitter:data2\" content=\"2 minutes\" \/>\n<script type=\"application\/ld+json\" class=\"yoast-schema-graph\">{\"@context\":\"https:\/\/schema.org\",\"@graph\":[{\"@type\":\"Article\",\"@id\":\"https:\/\/www.locansol.fr\/concert-alto-piano-perpignan\/#article\",\"isPartOf\":{\"@id\":\"https:\/\/www.locansol.fr\/concert-alto-piano-perpignan\/\"},\"author\":{\"name\":\"H\u00e9bergements Locansol\",\"@id\":\"https:\/\/www.locansol.fr\/#\/schema\/person\/0b08d440f1ac44674c6d498107de351d\"},\"headline\":\"Perpignan, 13 f\u00e9vrier : Concert duo piano et alto &#8211; une pause musicale exceptionnelle\",\"datePublished\":\"2026-02-13T02:13:48+00:00\",\"dateModified\":\"2026-02-13T02:13:52+00:00\",\"mainEntityOfPage\":{\"@id\":\"https:\/\/www.locansol.fr\/concert-alto-piano-perpignan\/\"},\"wordCount\":420,\"publisher\":{\"@id\":\"https:\/\/www.locansol.fr\/#organization\"},\"image\":{\"@id\":\"https:\/\/www.locansol.fr\/concert-alto-piano-perpignan\/#primaryimage\"},\"thumbnailUrl\":\"https:\/\/www.locansol.fr\/wp-content\/uploads\/2026\/02\/concert-alto-piano-perpignan.webp\",\"keywords\":[\"\u00c9v\u00e8nement culturel\",\"Loisirs\",\"Musique\",\"Pyr\u00e9n\u00e9es-Orientales\"],\"articleSection\":[\"Agenda\",\"Festival\"],\"inLanguage\":\"en-GB\"},{\"@type\":\"WebPage\",\"@id\":\"https:\/\/www.locansol.fr\/concert-alto-piano-perpignan\/\",\"url\":\"https:\/\/www.locansol.fr\/concert-alto-piano-perpignan\/\",\"name\":\"Concert alto piano Perpignan exceptionnel\",\"isPartOf\":{\"@id\":\"https:\/\/www.locansol.fr\/#website\"},\"primaryImageOfPage\":{\"@id\":\"https:\/\/www.locansol.fr\/concert-alto-piano-perpignan\/#primaryimage\"},\"image\":{\"@id\":\"https:\/\/www.locansol.fr\/concert-alto-piano-perpignan\/#primaryimage\"},\"thumbnailUrl\":\"https:\/\/www.locansol.fr\/wp-content\/uploads\/2026\/02\/concert-alto-piano-perpignan.webp\",\"datePublished\":\"2026-02-13T02:13:48+00:00\",\"dateModified\":\"2026-02-13T02:13:52+00:00\",\"description\":\"Concert alto piano Perpignan. R\u00eaveries altistiques par Duo Arkalto \u00e0 L'Archipel le 13 f\u00e9vrier. Profitez d'une pause musicale unique pour 10\u20ac.\",\"breadcrumb\":{\"@id\":\"https:\/\/www.locansol.fr\/concert-alto-piano-perpignan\/#breadcrumb\"},\"inLanguage\":\"en-GB\",\"potentialAction\":[{\"@type\":\"ReadAction\",\"target\":[\"https:\/\/www.locansol.fr\/concert-alto-piano-perpignan\/\"]}]},{\"@type\":\"ImageObject\",\"inLanguage\":\"en-GB\",\"@id\":\"https:\/\/www.locansol.fr\/concert-alto-piano-perpignan\/#primaryimage\",\"url\":\"https:\/\/www.locansol.fr\/wp-content\/uploads\/2026\/02\/concert-alto-piano-perpignan.webp\",\"contentUrl\":\"https:\/\/www.locansol.fr\/wp-content\/uploads\/2026\/02\/concert-alto-piano-perpignan.webp\",\"width\":1024,\"height\":768,\"caption\":\"Le vendredi 13 f\u00e9vrier \u00e0 12h30, L'Archipel, situ\u00e9 \u00e0 Perpignan au 85, avenue G\u00e9n\u00e9ral Leclerc, accueille le Duo Arkalto pour un concert-sandwich dans le cadre de sa programmation culturelle m\u00e9ridienne. Ce concert, intitul\u00e9 \u00ab R\u00eaveries altistiques \u00bb, met en sc\u00e8ne un dialogue musical profond entre le piano et l\u2019alto, instrument \u00e0 cordes frott\u00e9es souvent m\u00e9connu mais d\u2019une richesse sonore exceptionnelle. Le programme, enti\u00e8rement consacr\u00e9 aux XIXe et XXe si\u00e8cles, explore les multiples facettes de l\u2019alto \u00e0 travers des \u0153uvres de compositeurs comme Faur\u00e9, Debussy ou Ravel, r\u00e9v\u00e9lant son expressivit\u00e9 et sa capacit\u00e9 \u00e0 dialoguer avec le piano. Le duo, form\u00e9 de Clarisse Varilh au piano et d\u2019Antoine Dautry \u00e0 l\u2019alto, est reconnu pour sa sensibilit\u00e9 et son approche artistique singuli\u00e8re. L\u2019architecture du lieu, con\u00e7ue par Jean Nouvel et Brigitte M\u00e9tra et surnomm\u00e9e \u00ab Le Grenat \u00bb en raison de ses couleurs catalanes, offre un cadre atypique et chaleureux pour ce moment de partage musical. Le concert se d\u00e9roule pendant la pause d\u00e9jeuner, permettant aux spectateurs de d\u00e9jeuner sur place au comptoir du bar de l\u2019Archipel, o\u00f9 des sandwichs et boissons sont disponibles en suppl\u00e9ment. En tarif unique, l\u2019entr\u00e9e est fix\u00e9e \u00e0 10 \u20ac. Cette rencontre entre musique classique, ambiance conviviale et architecture remarquable propose une exp\u00e9rience culturelle accessible et immersive, id\u00e9ale pour une pause m\u00e9ridienne riche en \u00e9motion et en beaut\u00e9 sonore.\"},{\"@type\":\"BreadcrumbList\",\"@id\":\"https:\/\/www.locansol.fr\/concert-alto-piano-perpignan\/#breadcrumb\",\"itemListElement\":[{\"@type\":\"ListItem\",\"position\":1,\"name\":\"Accueil\",\"item\":\"https:\/\/www.locansol.fr\/\"},{\"@type\":\"ListItem\",\"position\":2,\"name\":\"Perpignan, 13 f\u00e9vrier : Concert duo piano et alto &#8211; une pause musicale exceptionnelle\"}]},{\"@type\":\"WebSite\",\"@id\":\"https:\/\/www.locansol.fr\/#website\",\"url\":\"https:\/\/www.locansol.fr\/\",\"name\":\"Locansol, louer un h\u00e9bergement dans les Pyr\u00e9n\u00e9es-Orientales\",\"description\":\"Location Mobil-home Mer M\u00e9diterran\u00e9e &amp; Chalet de Montagne dans les Pyr\u00e9n\u00e9es Orientales (Occitanie, 66). Weekend, s\u00e9jour &amp; vacances en famille et entre amis.\",\"publisher\":{\"@id\":\"https:\/\/www.locansol.fr\/#organization\"},\"alternateName\":\"Louer un h\u00e9bergement dans les Pyr\u00e9n\u00e9es Orientales, chalet & mobil-home en Occitanie\",\"potentialAction\":[{\"@type\":\"SearchAction\",\"target\":{\"@type\":\"EntryPoint\",\"urlTemplate\":\"https:\/\/www.locansol.fr\/?s={search_term_string}\"},\"query-input\":{\"@type\":\"PropertyValueSpecification\",\"valueRequired\":true,\"valueName\":\"search_term_string\"}}],\"inLanguage\":\"en-GB\"},{\"@type\":\"Organization\",\"@id\":\"https:\/\/www.locansol.fr\/#organization\",\"name\":\"Location MobilHome & chalet dans les Pyr\u00e9n\u00e9es Orientales\",\"alternateName\":\"Louer un h\u00e9bergement dans les Pyr\u00e9n\u00e9es Orientales en Occitanie\",\"url\":\"https:\/\/www.locansol.fr\/\",\"logo\":{\"@type\":\"ImageObject\",\"inLanguage\":\"en-GB\",\"@id\":\"https:\/\/www.locansol.fr\/#\/schema\/logo\/image\/\",\"url\":\"https:\/\/www.locansol.fr\/wp-content\/uploads\/2024\/04\/AdobeStock_303324767-scaled.jpeg\",\"contentUrl\":\"https:\/\/www.locansol.fr\/wp-content\/uploads\/2024\/04\/AdobeStock_303324767-scaled.jpeg\",\"width\":2560,\"height\":1707,\"caption\":\"Location MobilHome & chalet dans les Pyr\u00e9n\u00e9es Orientales\"},\"image\":{\"@id\":\"https:\/\/www.locansol.fr\/#\/schema\/logo\/image\/\"}},{\"@type\":\"Person\",\"@id\":\"https:\/\/www.locansol.fr\/#\/schema\/person\/0b08d440f1ac44674c6d498107de351d\",\"name\":\"H\u00e9bergements Locansol\",\"image\":{\"@type\":\"ImageObject\",\"inLanguage\":\"en-GB\",\"@id\":\"https:\/\/www.locansol.fr\/#\/schema\/person\/image\/\",\"url\":\"https:\/\/secure.gravatar.com\/avatar\/444436b93284204f8116b6e0eb964cd3fcb811519c737232bde6dd5743c37ee5?s=96&d=mm&r=g\",\"contentUrl\":\"https:\/\/secure.gravatar.com\/avatar\/444436b93284204f8116b6e0eb964cd3fcb811519c737232bde6dd5743c37ee5?s=96&d=mm&r=g\",\"caption\":\"H\u00e9bergements Locansol\"},\"sameAs\":[\"https:\/\/www.locansol.fr\/\"],\"url\":\"https:\/\/www.locansol.fr\/en\/author\/locansol\/\"}]}<\/script>\n<!-- \/ Yoast SEO Premium plugin. -->","yoast_head_json":{"title":"Concert alto piano Perpignan exceptionnel","description":"Concert alto piano Perpignan. R\u00eaveries altistiques par Duo Arkalto \u00e0 L'Archipel le 13 f\u00e9vrier. Profitez d'une pause musicale unique pour 10\u20ac.","robots":{"index":"index","follow":"follow","max-snippet":"max-snippet:-1","max-image-preview":"max-image-preview:large","max-video-preview":"max-video-preview:-1"},"canonical":"https:\/\/www.locansol.fr\/en\/concert-alto-piano-perpignan\/","og_locale":"en_GB","og_type":"article","og_title":"Immersion musicale : Concert alto piano \u00e0 Perpignan \u2014 R\u00eaveries altistiques","og_description":"Laissez-vous s\u00e9duire par les m\u00e9lodies envo\u00fbtantes du Duo Arkalto dans le cadre exceptionnel de L'Archipel \u00e0 Perpignan pour une pause musicale raffin\u00e9e.","og_url":"https:\/\/www.locansol.fr\/en\/concert-alto-piano-perpignan\/","og_site_name":"Locansol, louer un h\u00e9bergement dans les Pyr\u00e9n\u00e9es Orientales","article_published_time":"2026-02-13T02:13:48+00:00","article_modified_time":"2026-02-13T02:13:52+00:00","og_image":[{"width":1024,"height":768,"url":"https:\/\/www.locansol.fr\/wp-content\/uploads\/2026\/02\/concert-alto-piano-perpignan.webp","type":"image\/webp"}],"author":"H\u00e9bergements Locansol","twitter_card":"summary_large_image","twitter_title":"Concert exceptionnel piano alto Perpignan le 13 f\u00e9vrier","twitter_description":"Profitez d'une pause musicale unique avec le Duo Arkalto. R\u00eaveries altistiques \u00e0 L'Archipel pour 10\u20ac\u2013une immersion sonore inoubliable.","twitter_image":"https:\/\/www.locansol.fr\/wp-content\/uploads\/2026\/02\/concert-alto-piano-perpignan.webp","twitter_misc":{"Written by":"H\u00e9bergements Locansol","Estimated reading time":"2 minutes"},"schema":{"@context":"https:\/\/schema.org","@graph":[{"@type":"Article","@id":"https:\/\/www.locansol.fr\/concert-alto-piano-perpignan\/#article","isPartOf":{"@id":"https:\/\/www.locansol.fr\/concert-alto-piano-perpignan\/"},"author":{"name":"H\u00e9bergements Locansol","@id":"https:\/\/www.locansol.fr\/#\/schema\/person\/0b08d440f1ac44674c6d498107de351d"},"headline":"Perpignan, 13 f\u00e9vrier : Concert duo piano et alto &#8211; une pause musicale exceptionnelle","datePublished":"2026-02-13T02:13:48+00:00","dateModified":"2026-02-13T02:13:52+00:00","mainEntityOfPage":{"@id":"https:\/\/www.locansol.fr\/concert-alto-piano-perpignan\/"},"wordCount":420,"publisher":{"@id":"https:\/\/www.locansol.fr\/#organization"},"image":{"@id":"https:\/\/www.locansol.fr\/concert-alto-piano-perpignan\/#primaryimage"},"thumbnailUrl":"https:\/\/www.locansol.fr\/wp-content\/uploads\/2026\/02\/concert-alto-piano-perpignan.webp","keywords":["\u00c9v\u00e8nement culturel","Loisirs","Musique","Pyr\u00e9n\u00e9es-Orientales"],"articleSection":["Agenda","Festival"],"inLanguage":"en-GB"},{"@type":"WebPage","@id":"https:\/\/www.locansol.fr\/concert-alto-piano-perpignan\/","url":"https:\/\/www.locansol.fr\/concert-alto-piano-perpignan\/","name":"Concert alto piano Perpignan exceptionnel","isPartOf":{"@id":"https:\/\/www.locansol.fr\/#website"},"primaryImageOfPage":{"@id":"https:\/\/www.locansol.fr\/concert-alto-piano-perpignan\/#primaryimage"},"image":{"@id":"https:\/\/www.locansol.fr\/concert-alto-piano-perpignan\/#primaryimage"},"thumbnailUrl":"https:\/\/www.locansol.fr\/wp-content\/uploads\/2026\/02\/concert-alto-piano-perpignan.webp","datePublished":"2026-02-13T02:13:48+00:00","dateModified":"2026-02-13T02:13:52+00:00","description":"Concert alto piano Perpignan. R\u00eaveries altistiques par Duo Arkalto \u00e0 L'Archipel le 13 f\u00e9vrier. Profitez d'une pause musicale unique pour 10\u20ac.","breadcrumb":{"@id":"https:\/\/www.locansol.fr\/concert-alto-piano-perpignan\/#breadcrumb"},"inLanguage":"en-GB","potentialAction":[{"@type":"ReadAction","target":["https:\/\/www.locansol.fr\/concert-alto-piano-perpignan\/"]}]},{"@type":"ImageObject","inLanguage":"en-GB","@id":"https:\/\/www.locansol.fr\/concert-alto-piano-perpignan\/#primaryimage","url":"https:\/\/www.locansol.fr\/wp-content\/uploads\/2026\/02\/concert-alto-piano-perpignan.webp","contentUrl":"https:\/\/www.locansol.fr\/wp-content\/uploads\/2026\/02\/concert-alto-piano-perpignan.webp","width":1024,"height":768,"caption":"Le vendredi 13 f\u00e9vrier \u00e0 12h30, L'Archipel, situ\u00e9 \u00e0 Perpignan au 85, avenue G\u00e9n\u00e9ral Leclerc, accueille le Duo Arkalto pour un concert-sandwich dans le cadre de sa programmation culturelle m\u00e9ridienne. Ce concert, intitul\u00e9 \u00ab R\u00eaveries altistiques \u00bb, met en sc\u00e8ne un dialogue musical profond entre le piano et l\u2019alto, instrument \u00e0 cordes frott\u00e9es souvent m\u00e9connu mais d\u2019une richesse sonore exceptionnelle. Le programme, enti\u00e8rement consacr\u00e9 aux XIXe et XXe si\u00e8cles, explore les multiples facettes de l\u2019alto \u00e0 travers des \u0153uvres de compositeurs comme Faur\u00e9, Debussy ou Ravel, r\u00e9v\u00e9lant son expressivit\u00e9 et sa capacit\u00e9 \u00e0 dialoguer avec le piano. Le duo, form\u00e9 de Clarisse Varilh au piano et d\u2019Antoine Dautry \u00e0 l\u2019alto, est reconnu pour sa sensibilit\u00e9 et son approche artistique singuli\u00e8re. L\u2019architecture du lieu, con\u00e7ue par Jean Nouvel et Brigitte M\u00e9tra et surnomm\u00e9e \u00ab Le Grenat \u00bb en raison de ses couleurs catalanes, offre un cadre atypique et chaleureux pour ce moment de partage musical. Le concert se d\u00e9roule pendant la pause d\u00e9jeuner, permettant aux spectateurs de d\u00e9jeuner sur place au comptoir du bar de l\u2019Archipel, o\u00f9 des sandwichs et boissons sont disponibles en suppl\u00e9ment. En tarif unique, l\u2019entr\u00e9e est fix\u00e9e \u00e0 10 \u20ac. Cette rencontre entre musique classique, ambiance conviviale et architecture remarquable propose une exp\u00e9rience culturelle accessible et immersive, id\u00e9ale pour une pause m\u00e9ridienne riche en \u00e9motion et en beaut\u00e9 sonore."},{"@type":"BreadcrumbList","@id":"https:\/\/www.locansol.fr\/concert-alto-piano-perpignan\/#breadcrumb","itemListElement":[{"@type":"ListItem","position":1,"name":"Accueil","item":"https:\/\/www.locansol.fr\/"},{"@type":"ListItem","position":2,"name":"Perpignan, 13 f\u00e9vrier : Concert duo piano et alto &#8211; une pause musicale exceptionnelle"}]},{"@type":"WebSite","@id":"https:\/\/www.locansol.fr\/#website","url":"https:\/\/www.locansol.fr\/","name":"Locansol, louer un h\u00e9bergement dans les Pyr\u00e9n\u00e9es-Orientales","description":"Location Mobil-home Mer M\u00e9diterran\u00e9e &amp; Chalet de Montagne dans les Pyr\u00e9n\u00e9es Orientales (Occitanie, 66). Weekend, s\u00e9jour &amp; vacances en famille et entre amis.","publisher":{"@id":"https:\/\/www.locansol.fr\/#organization"},"alternateName":"Louer un h\u00e9bergement dans les Pyr\u00e9n\u00e9es Orientales, chalet & mobil-home en Occitanie","potentialAction":[{"@type":"SearchAction","target":{"@type":"EntryPoint","urlTemplate":"https:\/\/www.locansol.fr\/?s={search_term_string}"},"query-input":{"@type":"PropertyValueSpecification","valueRequired":true,"valueName":"search_term_string"}}],"inLanguage":"en-GB"},{"@type":"Organization","@id":"https:\/\/www.locansol.fr\/#organization","name":"Location MobilHome & chalet dans les Pyr\u00e9n\u00e9es Orientales","alternateName":"Louer un h\u00e9bergement dans les Pyr\u00e9n\u00e9es Orientales en Occitanie","url":"https:\/\/www.locansol.fr\/","logo":{"@type":"ImageObject","inLanguage":"en-GB","@id":"https:\/\/www.locansol.fr\/#\/schema\/logo\/image\/","url":"https:\/\/www.locansol.fr\/wp-content\/uploads\/2024\/04\/AdobeStock_303324767-scaled.jpeg","contentUrl":"https:\/\/www.locansol.fr\/wp-content\/uploads\/2024\/04\/AdobeStock_303324767-scaled.jpeg","width":2560,"height":1707,"caption":"Location MobilHome & chalet dans les Pyr\u00e9n\u00e9es Orientales"},"image":{"@id":"https:\/\/www.locansol.fr\/#\/schema\/logo\/image\/"}},{"@type":"Person","@id":"https:\/\/www.locansol.fr\/#\/schema\/person\/0b08d440f1ac44674c6d498107de351d","name":"H\u00e9bergements Locansol","image":{"@type":"ImageObject","inLanguage":"en-GB","@id":"https:\/\/www.locansol.fr\/#\/schema\/person\/image\/","url":"https:\/\/secure.gravatar.com\/avatar\/444436b93284204f8116b6e0eb964cd3fcb811519c737232bde6dd5743c37ee5?s=96&d=mm&r=g","contentUrl":"https:\/\/secure.gravatar.com\/avatar\/444436b93284204f8116b6e0eb964cd3fcb811519c737232bde6dd5743c37ee5?s=96&d=mm&r=g","caption":"H\u00e9bergements Locansol"},"sameAs":["https:\/\/www.locansol.fr\/"],"url":"https:\/\/www.locansol.fr\/en\/author\/locansol\/"}]}},"_links":{"self":[{"href":"https:\/\/www.locansol.fr\/en\/wp-json\/wp\/v2\/posts\/2889","targetHints":{"allow":["GET"]}}],"collection":[{"href":"https:\/\/www.locansol.fr\/en\/wp-json\/wp\/v2\/posts"}],"about":[{"href":"https:\/\/www.locansol.fr\/en\/wp-json\/wp\/v2\/types\/post"}],"author":[{"embeddable":true,"href":"https:\/\/www.locansol.fr\/en\/wp-json\/wp\/v2\/users\/5"}],"replies":[{"embeddable":true,"href":"https:\/\/www.locansol.fr\/en\/wp-json\/wp\/v2\/comments?post=2889"}],"version-history":[{"count":1,"href":"https:\/\/www.locansol.fr\/en\/wp-json\/wp\/v2\/posts\/2889\/revisions"}],"predecessor-version":[{"id":2890,"href":"https:\/\/www.locansol.fr\/en\/wp-json\/wp\/v2\/posts\/2889\/revisions\/2890"}],"wp:featuredmedia":[{"embeddable":true,"href":"https:\/\/www.locansol.fr\/en\/wp-json\/wp\/v2\/media\/2888"}],"wp:attachment":[{"href":"https:\/\/www.locansol.fr\/en\/wp-json\/wp\/v2\/media?parent=2889"}],"wp:term":[{"taxonomy":"category","embeddable":true,"href":"https:\/\/www.locansol.fr\/en\/wp-json\/wp\/v2\/categories?post=2889"},{"taxonomy":"post_tag","embeddable":true,"href":"https:\/\/www.locansol.fr\/en\/wp-json\/wp\/v2\/tags?post=2889"}],"curies":[{"name":"wp","href":"https:\/\/api.w.org\/{rel}","templated":true}]}}